{"id":4688,"date":"2023-12-12T13:10:26","date_gmt":"2023-12-12T12:10:26","guid":{"rendered":"https:\/\/www.mediaplateforme.com\/fr\/?p=4688"},"modified":"2023-12-12T13:10:26","modified_gmt":"2023-12-12T12:10:26","slug":"alsa-movembre-bleu","status":"publish","type":"post","link":"https:\/\/www.mediaplateforme.com\/fr\/alsa-movembre-bleu\/","title":{"rendered":"Pr\u00e9venir, mieux que gu\u00e9rir \u00bb : ALSA lance sa campagne Movembre Bleu"},"content":{"rendered":"<p>ALSA Maroc a lanc\u00e9 le mois dernier sa campagne Movembre Bleu, une initiative d\u00e9di\u00e9e \u00e0 la sensibilisation au cancer de la prostate dans l\u2019ensemble des villes o\u00f9 elle op\u00e8re. Cette campagne a fait suite \u00e0 la r\u00e9ussite de la campagne Octobre Rose qui s&rsquo;est d\u00e9roul\u00e9e tout au long du mois d\u2019Octobre, renfor\u00e7ant ainsi l&rsquo;engagement continu d&rsquo;ALSA envers la sant\u00e9 de ses collaborateurs et collaboratrices.<\/p>\n<p>&nbsp;<\/p>\n<h4><strong>Movembre Bleu : un engagement pour la sant\u00e9 masculine<\/strong><\/h4>\n<p>&nbsp;<\/p>\n<p>Apr\u00e8s un mois d\u00e9di\u00e9 \u00e0 la sensibilisation au cancer du sein en octobre, ALSA Maroc s\u2019est joint \u00e0 la campagne Movembre Bleu, une initiative destin\u00e9e \u00e0 \u00e9clairer les enjeux du cancer de la prostate. Ainsi, Alsa a mis en place des actions concr\u00e8tes telles que le d\u00e9pistage gratuit du cancer de la prostate aux collaborateurs \u00e2g\u00e9es de 50 ans et plus et l\u2019organisation de s\u00e9ances de sensibilisation au cancer de la prostate, y compris les m\u00e9thodes de pr\u00e9vention et les signes \u00e0 surveiller, anim\u00e9es par les m\u00e9decins de travail et destin\u00e9es \u00e0 tous les collaborateurs au sein de Alsa.<\/p>\n<p>&nbsp;<\/p>\n<p>La campagne \u00ab\u00a0Movembre Bleu\u00a0\u00bb vise \u00e0 briser le silence et \u00e0 encourager les collaborateurs de Alsa \u00e0 prendre soin d&rsquo;eux-m\u00eames en faisant preuve de vigilance, en dialoguant ouvertement et en cherchant un soutien m\u00e9dical en cas de besoin.<\/p>\n<p>&nbsp;<\/p>\n<h4><strong>Octobre Rose : une campagne d\u00e9di\u00e9e \u00e0 la sant\u00e9 f\u00e9minine <\/strong><\/h4>\n<p>&nbsp;<\/p>\n<p>Durant le mois d\u2019Octobre, Alsa Maroc s\u2019est mobilis\u00e9 pour\u00a0\u00ab\u00a0Octobre Rose\u00a0\u00bb, une initiative d\u00e9di\u00e9e \u00e0 la sensibilisation au cancer du sein.\u00a0 L\u2019op\u00e9rateur a ainsi mis en place un dispositif sp\u00e9cial afin de mettre en lumi\u00e8re l&rsquo;importance cruciale du d\u00e9pistage pr\u00e9coce du cancer du sein.<\/p>\n<p>&nbsp;<\/p>\n<p>En collaboration \u00e9troite avec des professionnels de la sant\u00e9, ALSA Maroc <a href=\"https:\/\/www.mediaplateforme.com\/fr\/alsa-maroc-certifiee-best-place-to-work-au-maroc-pour-lannee-2022\/\">a organis\u00e9 des campagnes<\/a> de d\u00e9pistage offrant des services m\u00e9dicaux gratuits, des mammographies et \u00e9chographies, \u00e0 ses collaboratrices \u00e2g\u00e9es de 40 ans et plus, ainsi que des journ\u00e9es de sensibilisation avec la participation de m\u00e9decins du travail dans chaque ville o\u00f9 l\u2019entreprise op\u00e8re pour sensibiliser les femmes aux soins pr\u00e9ventifs. L\u2019entreprise a \u00e9galement recueilli et partag\u00e9 les t\u00e9moignages de ses collaboratrices, qui serviront d\u2019inspiration, dans le cadre de l\u2019initiative \u00ab\u00a0votre voix compte\u00a0!\u00a0\u00bb.<\/p>\n<p><strong>\u00a0<\/strong><\/p>\n<h4><strong>La sant\u00e9, un pilier strat\u00e9gique de Alsa Maroc<\/strong><\/h4>\n<p>&nbsp;<\/p>\n<p>ALSA Maroc consid\u00e8re la sant\u00e9 comme un capital inestimable. En tant qu&rsquo;entreprise engag\u00e9e envers la responsabilit\u00e9 sociale, elle positionne la sant\u00e9 de ses employ\u00e9.e.s au c\u0153ur de ses pr\u00e9occupations. Cet engagement se manifeste par des initiatives pr\u00e9ventives pour soutenir la sant\u00e9 physique et mentale de ses collaborateur.trice.s, telles que des campagnes de d\u00e9pistage du diab\u00e8te, des mesures de la tension art\u00e9rielle, des examens de la vue, et bien d&rsquo;autres.<\/p>\n<p>&nbsp;<\/p>\n<p>\u00ab\u00a0Chez ALSA Maroc, nous aspirons \u00e0 cr\u00e9er une culture d&rsquo;entreprise o\u00f9 le bien-\u00eatre et la sant\u00e9 ne sont pas simplement des \u00e9l\u00e9ments annexes, mais des fondations sur lesquelles reposent la croissance, le succ\u00e8s et la prosp\u00e9rit\u00e9. La sant\u00e9, pour nous, va au-del\u00e0 de l&rsquo;absence de maladie ; c&rsquo;est le pilier sur lequel nous construisons une communaut\u00e9 professionnelle \u00e9panouie.\u00a0\u00bb d\u00e9clare Widad Smyej, Directrice du Capital Humain et RSE Alsa Maroc.<\/p>\n<p>&nbsp;<\/p>\n<p>&nbsp;<\/p>\n<h4><strong>A PROPOS DE ALSA MAROC<\/strong><\/h4>\n<p>ALSA est l\u2019entreprise leader du secteur du transport urbain de voyageurs au Maroc. Avec plus de cent ans d\u2019exp\u00e9rience et un engagement envers l\u2019innovation permanente, ALSA fait partie du groupe Mobico, op\u00e9rateur de transport public international en autobus, autocars et chemins de fer, pr\u00e9sent au Royaume-Uni, en Europe continentale, en Am\u00e9rique du Nord, en Afrique du Nord et au Moyen-Orient. Aborder le transport sous une vision int\u00e9grale et assurer en permanence la satisfaction de notre client\u00e8le sont les principes directeurs des activit\u00e9s d\u2019ALSA. Dans le cadre d\u2019une politique ax\u00e9e sur la s\u00e9curit\u00e9, notre client\u00e8le est le centre des efforts mis en \u0153uvre par notre entreprise, qui m\u00e8ne ses activit\u00e9s selon des crit\u00e8res professionnels, de qualit\u00e9 et d\u2019innovation sur la base d\u2019un engagement clair envers la soci\u00e9t\u00e9 et le respect de l\u2019environnement.<\/p>\n","protected":false},"excerpt":{"rendered":"<p>ALSA Maroc a lanc\u00e9 le mois dernier sa campagne Movembre Bleu, une initiative d\u00e9di\u00e9e \u00e0<\/p>\n","protected":false},"author":1,"featured_media":4689,"comment_status":"open","ping_status":"open","sticky":false,"template":"","format":"standard","meta":{"_acf_changed":false,"footnotes":""},"categories":[7,3],"tags":[141],"class_list":["post-4688","post","type-post","status-publish","format-standard","has-post-thumbnail","hentry","category-articles","category-nouvelles-selectionnees","tag-alsa-maroc"],"acf":[],"yoast_head":"<!-- This site is optimized with the Yoast SEO plugin v22.0 - https:\/\/yoast.com\/wordpress\/plugins\/seo\/ -->\n<title>Pr\u00e9venir, mieux que gu\u00e9rir \u00bb : ALSA lance sa campagne Movembre Bleu - MEDIA PLATEFORME | FR<\/title>\n<meta name=\"description\" content=\"ALSA Maroc a lanc\u00e9 le mois dernier sa campagne Movembre Bleu, une initiative d\u00e9di\u00e9e \u00e0 la sensibilisation au cancer de la prostate\" \/>\n<meta name=\"robots\" content=\"index, follow, max-snippet:-1, max-image-preview:large, max-video-preview:-1\" \/>\n<link rel=\"canonical\" href=\"https:\/\/www.mediaplateforme.com\/fr\/alsa-movembre-bleu\/\" \/>\n<meta property=\"og:locale\" content=\"fr_FR\" \/>\n<meta property=\"og:type\" content=\"article\" \/>\n<meta property=\"og:title\" content=\"Pr\u00e9venir, mieux que gu\u00e9rir \u00bb : ALSA lance sa campagne Movembre Bleu - MEDIA PLATEFORME | FR\" \/>\n<meta property=\"og:description\" content=\"ALSA Maroc a lanc\u00e9 le mois dernier sa campagne Movembre Bleu, une initiative d\u00e9di\u00e9e \u00e0 la sensibilisation au cancer de la prostate\" \/>\n<meta property=\"og:url\" content=\"https:\/\/www.mediaplateforme.com\/fr\/alsa-movembre-bleu\/\" \/>\n<meta property=\"og:site_name\" content=\"MEDIA PLATEFORME | FR\" \/>\n<meta property=\"article:published_time\" content=\"2023-12-12T12:10:26+00:00\" \/>\n<meta property=\"og:image\" content=\"https:\/\/www.mediaplateforme.com\/fr\/wp-content\/uploads\/sites\/5\/2023\/12\/Octobre-Rose-2023-Tanger.jpeg\" \/>\n\t<meta property=\"og:image:width\" content=\"1600\" \/>\n\t<meta property=\"og:image:height\" content=\"901\" \/>\n\t<meta property=\"og:image:type\" content=\"image\/jpeg\" \/>\n<meta name=\"author\" content=\"Mediaplateforme\" \/>\n<meta name=\"twitter:card\" content=\"summary_large_image\" \/>\n<meta name=\"twitter:label1\" content=\"\u00c9crit par\" \/>\n\t<meta name=\"twitter:data1\" content=\"Mediaplateforme\" \/>\n\t<meta name=\"twitter:label2\" content=\"Dur\u00e9e de lecture estim\u00e9e\" \/>\n\t<meta name=\"twitter:data2\" content=\"4 minutes\" \/>\n<script type=\"application\/ld+json\" class=\"yoast-schema-graph\">{\"@context\":\"https:\/\/schema.org\",\"@graph\":[{\"@type\":\"WebPage\",\"@id\":\"https:\/\/www.mediaplateforme.com\/fr\/alsa-movembre-bleu\/\",\"url\":\"https:\/\/www.mediaplateforme.com\/fr\/alsa-movembre-bleu\/\",\"name\":\"Pr\u00e9venir, mieux que gu\u00e9rir \u00bb : ALSA lance sa campagne Movembre Bleu - MEDIA PLATEFORME | FR\",\"isPartOf\":{\"@id\":\"https:\/\/www.mediaplateforme.com\/fr\/#website\"},\"datePublished\":\"2023-12-12T12:10:26+00:00\",\"dateModified\":\"2023-12-12T12:10:26+00:00\",\"author\":{\"@id\":\"https:\/\/www.mediaplateforme.com\/fr\/#\/schema\/person\/89833db382b5db2c76b094bc902aa12a\"},\"description\":\"ALSA Maroc a lanc\u00e9 le mois dernier sa campagne Movembre Bleu, une initiative d\u00e9di\u00e9e \u00e0 la sensibilisation au cancer de la prostate\",\"breadcrumb\":{\"@id\":\"https:\/\/www.mediaplateforme.com\/fr\/alsa-movembre-bleu\/#breadcrumb\"},\"inLanguage\":\"fr-FR\",\"potentialAction\":[{\"@type\":\"ReadAction\",\"target\":[\"https:\/\/www.mediaplateforme.com\/fr\/alsa-movembre-bleu\/\"]}]},{\"@type\":\"BreadcrumbList\",\"@id\":\"https:\/\/www.mediaplateforme.com\/fr\/alsa-movembre-bleu\/#breadcrumb\",\"itemListElement\":[{\"@type\":\"ListItem\",\"position\":1,\"name\":\"\u0627\u0644\u0631\u0626\u064a\u0633\u064a\u0629\",\"item\":\"https:\/\/www.mediaplateforme.com\/fr\/\"},{\"@type\":\"ListItem\",\"position\":2,\"name\":\"Pr\u00e9venir, mieux que gu\u00e9rir \u00bb : ALSA lance sa campagne Movembre Bleu\"}]},{\"@type\":\"WebSite\",\"@id\":\"https:\/\/www.mediaplateforme.com\/fr\/#website\",\"url\":\"https:\/\/www.mediaplateforme.com\/fr\/\",\"name\":\"MEDIA PLATEFORME | FR\",\"description\":\"Mediaplateforme sp\u00e9cialis\u00e9 dans la communication institutions publiques et des entreprises\",\"potentialAction\":[{\"@type\":\"SearchAction\",\"target\":{\"@type\":\"EntryPoint\",\"urlTemplate\":\"https:\/\/www.mediaplateforme.com\/fr\/?s={search_term_string}\"},\"query-input\":\"required name=search_term_string\"}],\"inLanguage\":\"fr-FR\"},{\"@type\":\"Person\",\"@id\":\"https:\/\/www.mediaplateforme.com\/fr\/#\/schema\/person\/89833db382b5db2c76b094bc902aa12a\",\"name\":\"Mediaplateforme\",\"image\":{\"@type\":\"ImageObject\",\"inLanguage\":\"fr-FR\",\"@id\":\"https:\/\/www.mediaplateforme.com\/fr\/#\/schema\/person\/image\/\",\"url\":\"https:\/\/secure.gravatar.com\/avatar\/6c9c02e8928cc65d54bf75157f7b3a2d06d7ad0494ca0951f679552ff03b34c1?s=96&d=mm&r=g\",\"contentUrl\":\"https:\/\/secure.gravatar.com\/avatar\/6c9c02e8928cc65d54bf75157f7b3a2d06d7ad0494ca0951f679552ff03b34c1?s=96&d=mm&r=g\",\"caption\":\"Mediaplateforme\"},\"sameAs\":[\"https:\/\/www.mediaplateforme.com\"],\"url\":\"https:\/\/www.mediaplateforme.com\/fr\/author\/mohamedladib\/\"}]}<\/script>\n<!-- \/ Yoast SEO plugin. -->","yoast_head_json":{"title":"Pr\u00e9venir, mieux que gu\u00e9rir \u00bb : ALSA lance sa campagne Movembre Bleu - MEDIA PLATEFORME | FR","description":"ALSA Maroc a lanc\u00e9 le mois dernier sa campagne Movembre Bleu, une initiative d\u00e9di\u00e9e \u00e0 la sensibilisation au cancer de la prostate","robots":{"index":"index","follow":"follow","max-snippet":"max-snippet:-1","max-image-preview":"max-image-preview:large","max-video-preview":"max-video-preview:-1"},"canonical":"https:\/\/www.mediaplateforme.com\/fr\/alsa-movembre-bleu\/","og_locale":"fr_FR","og_type":"article","og_title":"Pr\u00e9venir, mieux que gu\u00e9rir \u00bb : ALSA lance sa campagne Movembre Bleu - MEDIA PLATEFORME | FR","og_description":"ALSA Maroc a lanc\u00e9 le mois dernier sa campagne Movembre Bleu, une initiative d\u00e9di\u00e9e \u00e0 la sensibilisation au cancer de la prostate","og_url":"https:\/\/www.mediaplateforme.com\/fr\/alsa-movembre-bleu\/","og_site_name":"MEDIA PLATEFORME | FR","article_published_time":"2023-12-12T12:10:26+00:00","og_image":[{"width":1600,"height":901,"url":"https:\/\/www.mediaplateforme.com\/fr\/wp-content\/uploads\/sites\/5\/2023\/12\/Octobre-Rose-2023-Tanger.jpeg","type":"image\/jpeg"}],"author":"Mediaplateforme","twitter_card":"summary_large_image","twitter_misc":{"\u00c9crit par":"Mediaplateforme","Dur\u00e9e de lecture estim\u00e9e":"4 minutes"},"schema":{"@context":"https:\/\/schema.org","@graph":[{"@type":"WebPage","@id":"https:\/\/www.mediaplateforme.com\/fr\/alsa-movembre-bleu\/","url":"https:\/\/www.mediaplateforme.com\/fr\/alsa-movembre-bleu\/","name":"Pr\u00e9venir, mieux que gu\u00e9rir \u00bb : ALSA lance sa campagne Movembre Bleu - MEDIA PLATEFORME | FR","isPartOf":{"@id":"https:\/\/www.mediaplateforme.com\/fr\/#website"},"datePublished":"2023-12-12T12:10:26+00:00","dateModified":"2023-12-12T12:10:26+00:00","author":{"@id":"https:\/\/www.mediaplateforme.com\/fr\/#\/schema\/person\/89833db382b5db2c76b094bc902aa12a"},"description":"ALSA Maroc a lanc\u00e9 le mois dernier sa campagne Movembre Bleu, une initiative d\u00e9di\u00e9e \u00e0 la sensibilisation au cancer de la prostate","breadcrumb":{"@id":"https:\/\/www.mediaplateforme.com\/fr\/alsa-movembre-bleu\/#breadcrumb"},"inLanguage":"fr-FR","potentialAction":[{"@type":"ReadAction","target":["https:\/\/www.mediaplateforme.com\/fr\/alsa-movembre-bleu\/"]}]},{"@type":"BreadcrumbList","@id":"https:\/\/www.mediaplateforme.com\/fr\/alsa-movembre-bleu\/#breadcrumb","itemListElement":[{"@type":"ListItem","position":1,"name":"\u0627\u0644\u0631\u0626\u064a\u0633\u064a\u0629","item":"https:\/\/www.mediaplateforme.com\/fr\/"},{"@type":"ListItem","position":2,"name":"Pr\u00e9venir, mieux que gu\u00e9rir \u00bb : ALSA lance sa campagne Movembre Bleu"}]},{"@type":"WebSite","@id":"https:\/\/www.mediaplateforme.com\/fr\/#website","url":"https:\/\/www.mediaplateforme.com\/fr\/","name":"MEDIA PLATEFORME | FR","description":"Mediaplateforme sp\u00e9cialis\u00e9 dans la communication institutions publiques et des entreprises","potentialAction":[{"@type":"SearchAction","target":{"@type":"EntryPoint","urlTemplate":"https:\/\/www.mediaplateforme.com\/fr\/?s={search_term_string}"},"query-input":"required name=search_term_string"}],"inLanguage":"fr-FR"},{"@type":"Person","@id":"https:\/\/www.mediaplateforme.com\/fr\/#\/schema\/person\/89833db382b5db2c76b094bc902aa12a","name":"Mediaplateforme","image":{"@type":"ImageObject","inLanguage":"fr-FR","@id":"https:\/\/www.mediaplateforme.com\/fr\/#\/schema\/person\/image\/","url":"https:\/\/secure.gravatar.com\/avatar\/6c9c02e8928cc65d54bf75157f7b3a2d06d7ad0494ca0951f679552ff03b34c1?s=96&d=mm&r=g","contentUrl":"https:\/\/secure.gravatar.com\/avatar\/6c9c02e8928cc65d54bf75157f7b3a2d06d7ad0494ca0951f679552ff03b34c1?s=96&d=mm&r=g","caption":"Mediaplateforme"},"sameAs":["https:\/\/www.mediaplateforme.com"],"url":"https:\/\/www.mediaplateforme.com\/fr\/author\/mohamedladib\/"}]}},"_links":{"self":[{"href":"https:\/\/www.mediaplateforme.com\/fr\/wp-json\/wp\/v2\/posts\/4688","targetHints":{"allow":["GET"]}}],"collection":[{"href":"https:\/\/www.mediaplateforme.com\/fr\/wp-json\/wp\/v2\/posts"}],"about":[{"href":"https:\/\/www.mediaplateforme.com\/fr\/wp-json\/wp\/v2\/types\/post"}],"author":[{"embeddable":true,"href":"https:\/\/www.mediaplateforme.com\/fr\/wp-json\/wp\/v2\/users\/1"}],"replies":[{"embeddable":true,"href":"https:\/\/www.mediaplateforme.com\/fr\/wp-json\/wp\/v2\/comments?post=4688"}],"version-history":[{"count":1,"href":"https:\/\/www.mediaplateforme.com\/fr\/wp-json\/wp\/v2\/posts\/4688\/revisions"}],"predecessor-version":[{"id":4690,"href":"https:\/\/www.mediaplateforme.com\/fr\/wp-json\/wp\/v2\/posts\/4688\/revisions\/4690"}],"wp:featuredmedia":[{"embeddable":true,"href":"https:\/\/www.mediaplateforme.com\/fr\/wp-json\/wp\/v2\/media\/4689"}],"wp:attachment":[{"href":"https:\/\/www.mediaplateforme.com\/fr\/wp-json\/wp\/v2\/media?parent=4688"}],"wp:term":[{"taxonomy":"category","embeddable":true,"href":"https:\/\/www.mediaplateforme.com\/fr\/wp-json\/wp\/v2\/categories?post=4688"},{"taxonomy":"post_tag","embeddable":true,"href":"https:\/\/www.mediaplateforme.com\/fr\/wp-json\/wp\/v2\/tags?post=4688"}],"curies":[{"name":"wp","href":"https:\/\/api.w.org\/{rel}","templated":true}]}}