{"id":467,"date":"2022-07-07T19:37:05","date_gmt":"2022-07-07T18:37:05","guid":{"rendered":"https:\/\/www.mediaplateforme.com\/fr\/?p=467"},"modified":"2022-07-07T19:37:05","modified_gmt":"2022-07-07T18:37:05","slug":"royal-air-maroc-situation-des-vols-de-et-vers-amsterdam","status":"publish","type":"post","link":"https:\/\/www.mediaplateforme.com\/fr\/royal-air-maroc-situation-des-vols-de-et-vers-amsterdam\/","title":{"rendered":"Royal Air Maroc : situation des vols de et vers Amsterdam"},"content":{"rendered":"<p>Suite \u00e0 la d\u00e9cision des autorit\u00e9s a\u00e9roportuaires d\u2019Amsterdam (Pays-Bas) de r\u00e9duire le nombre de vols et de passagers, au d\u00e9part et \u00e0 l\u2019arriv\u00e9e de l\u2019a\u00e9roport d\u2019Amsterdam Schipol, certains vols de la compagnie nationale Royal Air Maroc, et \u00e0 l\u2019instar de toutes les compagnies a\u00e9riennes op\u00e9rant sur cette escale, seront affect\u00e9s.<\/p>\n<p>En r\u00e9ponse \u00e0 cette situation, et afin d\u2019assurer l\u2019acheminement d\u2019un maximum de passagers, les vols AT850 et AT851 reliant Casablanca \u00e0 Amsterdam (dans les deux sens) au cours de la p\u00e9riode allant du 07 au 21 juillet, seront transf\u00e9r\u00e9s \u00e0 l\u2019a\u00e9roport de Rotterdam au lieu de celui d\u2019Amsterdam. Au-del\u00e0 de cette date et si cette situation perdure, un nouveau dispositif sera mis en place.<\/p>\n<p>Les clients concern\u00e9s seront inform\u00e9s, au fur et \u00e0 mesure, de toutes les dispositions prises \u00e0 cet \u00e9gard. Ils auront aussi la possibilit\u00e9 de modifier le point de d\u00e9part ou de destination au sein de l\u2019Europe, pour la m\u00eame date de voyage et sans frais.<\/p>\n<p>La situation \u00e0 l\u2019a\u00e9roport d\u2019Amsterdam s\u2019ajoute aux diverses perturbations que les compagnies a\u00e9riennes traversent actuellement, dans la majeure partie des a\u00e9roports europ\u00e9ens. Royal Air Maroc ne m\u00e9nagera aucun effort pour informer en temps r\u00e9el, et proposer les solutions les plus adapt\u00e9es pour faciliter les d\u00e9placements de ses clients, notamment les Marocains du Monde.<\/p>\n<p>Les services de Royal Air Maroc, aussi bien aux a\u00e9roports que dans les agences commerciales et les centres d\u2019appels, sont mobilis\u00e9s pour fournir aux clients tous les renseignements susceptibles de r\u00e9duire les d\u00e9sagr\u00e9ments qui risquent d\u2019\u00eatre caus\u00e9s par cette situation ind\u00e9pendante de la volont\u00e9 de la compagnie.<\/p>\n","protected":false},"excerpt":{"rendered":"<p>Suite \u00e0 la d\u00e9cision des autorit\u00e9s a\u00e9roportuaires d\u2019Amsterdam (Pays-Bas) de r\u00e9duire le nombre de vols<\/p>\n","protected":false},"author":1,"featured_media":421,"comment_status":"open","ping_status":"open","sticky":false,"template":"","format":"standard","meta":{"_acf_changed":false,"footnotes":""},"categories":[4,3],"tags":[199,183],"class_list":["post-467","post","type-post","status-publish","format-standard","has-post-thumbnail","hentry","category-economie","category-nouvelles-selectionnees","tag-amsterdam","tag-royal-air-maroc"],"acf":[],"yoast_head":"<!-- This site is optimized with the Yoast SEO plugin v22.0 - https:\/\/yoast.com\/wordpress\/plugins\/seo\/ -->\n<title>Royal Air Maroc : situation des vols de et vers Amsterdam - MEDIA PLATEFORME | FR<\/title>\n<meta name=\"description\" content=\"certains vols de la compagnie nationale Royal Air Maroc, et \u00e0 l\u2019instar de toutes les compagnies a\u00e9riennes\" \/>\n<meta name=\"robots\" content=\"index, follow, max-snippet:-1, max-image-preview:large, max-video-preview:-1\" \/>\n<link rel=\"canonical\" href=\"https:\/\/www.mediaplateforme.com\/fr\/royal-air-maroc-situation-des-vols-de-et-vers-amsterdam\/\" \/>\n<meta property=\"og:locale\" content=\"fr_FR\" \/>\n<meta property=\"og:type\" content=\"article\" \/>\n<meta property=\"og:title\" content=\"Royal Air Maroc : situation des vols de et vers Amsterdam - MEDIA PLATEFORME | FR\" \/>\n<meta property=\"og:description\" content=\"certains vols de la compagnie nationale Royal Air Maroc, et \u00e0 l\u2019instar de toutes les compagnies a\u00e9riennes\" \/>\n<meta property=\"og:url\" content=\"https:\/\/www.mediaplateforme.com\/fr\/royal-air-maroc-situation-des-vols-de-et-vers-amsterdam\/\" \/>\n<meta property=\"og:site_name\" content=\"MEDIA PLATEFORME | FR\" \/>\n<meta property=\"article:published_time\" content=\"2022-07-07T18:37:05+00:00\" \/>\n<meta property=\"og:image\" content=\"https:\/\/www.mediaplateforme.com\/fr\/wp-content\/uploads\/sites\/5\/2022\/07\/Royal-Air-Maroc.jpg\" \/>\n\t<meta property=\"og:image:width\" content=\"640\" \/>\n\t<meta property=\"og:image:height\" content=\"480\" \/>\n\t<meta property=\"og:image:type\" content=\"image\/jpeg\" \/>\n<meta name=\"author\" content=\"Mediaplateforme\" \/>\n<meta name=\"twitter:card\" content=\"summary_large_image\" \/>\n<meta name=\"twitter:label1\" content=\"\u00c9crit par\" \/>\n\t<meta name=\"twitter:data1\" content=\"Mediaplateforme\" \/>\n\t<meta name=\"twitter:label2\" content=\"Dur\u00e9e de lecture estim\u00e9e\" \/>\n\t<meta name=\"twitter:data2\" content=\"2 minutes\" \/>\n<script type=\"application\/ld+json\" class=\"yoast-schema-graph\">{\"@context\":\"https:\/\/schema.org\",\"@graph\":[{\"@type\":\"WebPage\",\"@id\":\"https:\/\/www.mediaplateforme.com\/fr\/royal-air-maroc-situation-des-vols-de-et-vers-amsterdam\/\",\"url\":\"https:\/\/www.mediaplateforme.com\/fr\/royal-air-maroc-situation-des-vols-de-et-vers-amsterdam\/\",\"name\":\"Royal Air Maroc : situation des vols de et vers Amsterdam - MEDIA PLATEFORME | FR\",\"isPartOf\":{\"@id\":\"https:\/\/www.mediaplateforme.com\/fr\/#website\"},\"datePublished\":\"2022-07-07T18:37:05+00:00\",\"dateModified\":\"2022-07-07T18:37:05+00:00\",\"author\":{\"@id\":\"https:\/\/www.mediaplateforme.com\/fr\/#\/schema\/person\/89833db382b5db2c76b094bc902aa12a\"},\"description\":\"certains vols de la compagnie nationale Royal Air Maroc, et \u00e0 l\u2019instar de toutes les compagnies a\u00e9riennes\",\"breadcrumb\":{\"@id\":\"https:\/\/www.mediaplateforme.com\/fr\/royal-air-maroc-situation-des-vols-de-et-vers-amsterdam\/#breadcrumb\"},\"inLanguage\":\"fr-FR\",\"potentialAction\":[{\"@type\":\"ReadAction\",\"target\":[\"https:\/\/www.mediaplateforme.com\/fr\/royal-air-maroc-situation-des-vols-de-et-vers-amsterdam\/\"]}]},{\"@type\":\"BreadcrumbList\",\"@id\":\"https:\/\/www.mediaplateforme.com\/fr\/royal-air-maroc-situation-des-vols-de-et-vers-amsterdam\/#breadcrumb\",\"itemListElement\":[{\"@type\":\"ListItem\",\"position\":1,\"name\":\"\u0627\u0644\u0631\u0626\u064a\u0633\u064a\u0629\",\"item\":\"https:\/\/www.mediaplateforme.com\/fr\/\"},{\"@type\":\"ListItem\",\"position\":2,\"name\":\"Royal Air Maroc : situation des vols de et vers Amsterdam\"}]},{\"@type\":\"WebSite\",\"@id\":\"https:\/\/www.mediaplateforme.com\/fr\/#website\",\"url\":\"https:\/\/www.mediaplateforme.com\/fr\/\",\"name\":\"MEDIA PLATEFORME | FR\",\"description\":\"Mediaplateforme sp\u00e9cialis\u00e9 dans la communication institutions publiques et des entreprises\",\"potentialAction\":[{\"@type\":\"SearchAction\",\"target\":{\"@type\":\"EntryPoint\",\"urlTemplate\":\"https:\/\/www.mediaplateforme.com\/fr\/?s={search_term_string}\"},\"query-input\":\"required name=search_term_string\"}],\"inLanguage\":\"fr-FR\"},{\"@type\":\"Person\",\"@id\":\"https:\/\/www.mediaplateforme.com\/fr\/#\/schema\/person\/89833db382b5db2c76b094bc902aa12a\",\"name\":\"Mediaplateforme\",\"image\":{\"@type\":\"ImageObject\",\"inLanguage\":\"fr-FR\",\"@id\":\"https:\/\/www.mediaplateforme.com\/fr\/#\/schema\/person\/image\/\",\"url\":\"https:\/\/secure.gravatar.com\/avatar\/6c9c02e8928cc65d54bf75157f7b3a2d06d7ad0494ca0951f679552ff03b34c1?s=96&d=mm&r=g\",\"contentUrl\":\"https:\/\/secure.gravatar.com\/avatar\/6c9c02e8928cc65d54bf75157f7b3a2d06d7ad0494ca0951f679552ff03b34c1?s=96&d=mm&r=g\",\"caption\":\"Mediaplateforme\"},\"sameAs\":[\"https:\/\/www.mediaplateforme.com\"],\"url\":\"https:\/\/www.mediaplateforme.com\/fr\/author\/mohamedladib\/\"}]}<\/script>\n<!-- \/ Yoast SEO plugin. -->","yoast_head_json":{"title":"Royal Air Maroc : situation des vols de et vers Amsterdam - MEDIA PLATEFORME | FR","description":"certains vols de la compagnie nationale Royal Air Maroc, et \u00e0 l\u2019instar de toutes les compagnies a\u00e9riennes","robots":{"index":"index","follow":"follow","max-snippet":"max-snippet:-1","max-image-preview":"max-image-preview:large","max-video-preview":"max-video-preview:-1"},"canonical":"https:\/\/www.mediaplateforme.com\/fr\/royal-air-maroc-situation-des-vols-de-et-vers-amsterdam\/","og_locale":"fr_FR","og_type":"article","og_title":"Royal Air Maroc : situation des vols de et vers Amsterdam - MEDIA PLATEFORME | FR","og_description":"certains vols de la compagnie nationale Royal Air Maroc, et \u00e0 l\u2019instar de toutes les compagnies a\u00e9riennes","og_url":"https:\/\/www.mediaplateforme.com\/fr\/royal-air-maroc-situation-des-vols-de-et-vers-amsterdam\/","og_site_name":"MEDIA PLATEFORME | FR","article_published_time":"2022-07-07T18:37:05+00:00","og_image":[{"width":640,"height":480,"url":"https:\/\/www.mediaplateforme.com\/fr\/wp-content\/uploads\/sites\/5\/2022\/07\/Royal-Air-Maroc.jpg","type":"image\/jpeg"}],"author":"Mediaplateforme","twitter_card":"summary_large_image","twitter_misc":{"\u00c9crit par":"Mediaplateforme","Dur\u00e9e de lecture estim\u00e9e":"2 minutes"},"schema":{"@context":"https:\/\/schema.org","@graph":[{"@type":"WebPage","@id":"https:\/\/www.mediaplateforme.com\/fr\/royal-air-maroc-situation-des-vols-de-et-vers-amsterdam\/","url":"https:\/\/www.mediaplateforme.com\/fr\/royal-air-maroc-situation-des-vols-de-et-vers-amsterdam\/","name":"Royal Air Maroc : situation des vols de et vers Amsterdam - MEDIA PLATEFORME | FR","isPartOf":{"@id":"https:\/\/www.mediaplateforme.com\/fr\/#website"},"datePublished":"2022-07-07T18:37:05+00:00","dateModified":"2022-07-07T18:37:05+00:00","author":{"@id":"https:\/\/www.mediaplateforme.com\/fr\/#\/schema\/person\/89833db382b5db2c76b094bc902aa12a"},"description":"certains vols de la compagnie nationale Royal Air Maroc, et \u00e0 l\u2019instar de toutes les compagnies a\u00e9riennes","breadcrumb":{"@id":"https:\/\/www.mediaplateforme.com\/fr\/royal-air-maroc-situation-des-vols-de-et-vers-amsterdam\/#breadcrumb"},"inLanguage":"fr-FR","potentialAction":[{"@type":"ReadAction","target":["https:\/\/www.mediaplateforme.com\/fr\/royal-air-maroc-situation-des-vols-de-et-vers-amsterdam\/"]}]},{"@type":"BreadcrumbList","@id":"https:\/\/www.mediaplateforme.com\/fr\/royal-air-maroc-situation-des-vols-de-et-vers-amsterdam\/#breadcrumb","itemListElement":[{"@type":"ListItem","position":1,"name":"\u0627\u0644\u0631\u0626\u064a\u0633\u064a\u0629","item":"https:\/\/www.mediaplateforme.com\/fr\/"},{"@type":"ListItem","position":2,"name":"Royal Air Maroc : situation des vols de et vers Amsterdam"}]},{"@type":"WebSite","@id":"https:\/\/www.mediaplateforme.com\/fr\/#website","url":"https:\/\/www.mediaplateforme.com\/fr\/","name":"MEDIA PLATEFORME | FR","description":"Mediaplateforme sp\u00e9cialis\u00e9 dans la communication institutions publiques et des entreprises","potentialAction":[{"@type":"SearchAction","target":{"@type":"EntryPoint","urlTemplate":"https:\/\/www.mediaplateforme.com\/fr\/?s={search_term_string}"},"query-input":"required name=search_term_string"}],"inLanguage":"fr-FR"},{"@type":"Person","@id":"https:\/\/www.mediaplateforme.com\/fr\/#\/schema\/person\/89833db382b5db2c76b094bc902aa12a","name":"Mediaplateforme","image":{"@type":"ImageObject","inLanguage":"fr-FR","@id":"https:\/\/www.mediaplateforme.com\/fr\/#\/schema\/person\/image\/","url":"https:\/\/secure.gravatar.com\/avatar\/6c9c02e8928cc65d54bf75157f7b3a2d06d7ad0494ca0951f679552ff03b34c1?s=96&d=mm&r=g","contentUrl":"https:\/\/secure.gravatar.com\/avatar\/6c9c02e8928cc65d54bf75157f7b3a2d06d7ad0494ca0951f679552ff03b34c1?s=96&d=mm&r=g","caption":"Mediaplateforme"},"sameAs":["https:\/\/www.mediaplateforme.com"],"url":"https:\/\/www.mediaplateforme.com\/fr\/author\/mohamedladib\/"}]}},"_links":{"self":[{"href":"https:\/\/www.mediaplateforme.com\/fr\/wp-json\/wp\/v2\/posts\/467","targetHints":{"allow":["GET"]}}],"collection":[{"href":"https:\/\/www.mediaplateforme.com\/fr\/wp-json\/wp\/v2\/posts"}],"about":[{"href":"https:\/\/www.mediaplateforme.com\/fr\/wp-json\/wp\/v2\/types\/post"}],"author":[{"embeddable":true,"href":"https:\/\/www.mediaplateforme.com\/fr\/wp-json\/wp\/v2\/users\/1"}],"replies":[{"embeddable":true,"href":"https:\/\/www.mediaplateforme.com\/fr\/wp-json\/wp\/v2\/comments?post=467"}],"version-history":[{"count":1,"href":"https:\/\/www.mediaplateforme.com\/fr\/wp-json\/wp\/v2\/posts\/467\/revisions"}],"predecessor-version":[{"id":468,"href":"https:\/\/www.mediaplateforme.com\/fr\/wp-json\/wp\/v2\/posts\/467\/revisions\/468"}],"wp:featuredmedia":[{"embeddable":true,"href":"https:\/\/www.mediaplateforme.com\/fr\/wp-json\/wp\/v2\/media\/421"}],"wp:attachment":[{"href":"https:\/\/www.mediaplateforme.com\/fr\/wp-json\/wp\/v2\/media?parent=467"}],"wp:term":[{"taxonomy":"category","embeddable":true,"href":"https:\/\/www.mediaplateforme.com\/fr\/wp-json\/wp\/v2\/categories?post=467"},{"taxonomy":"post_tag","embeddable":true,"href":"https:\/\/www.mediaplateforme.com\/fr\/wp-json\/wp\/v2\/tags?post=467"}],"curies":[{"name":"wp","href":"https:\/\/api.w.org\/{rel}","templated":true}]}}