{"id":4648,"date":"2023-12-05T13:06:10","date_gmt":"2023-12-05T12:06:10","guid":{"rendered":"https:\/\/www.mediaplateforme.com\/fr\/?p=4648"},"modified":"2023-12-05T13:06:10","modified_gmt":"2023-12-05T12:06:10","slug":"inwi-lance-une-operation-de-don-de-sang-a-lechelle-nationale","status":"publish","type":"post","link":"https:\/\/www.mediaplateforme.com\/fr\/inwi-lance-une-operation-de-don-de-sang-a-lechelle-nationale\/","title":{"rendered":"inwi lance une op\u00e9ration de don de sang \u00e0 l&rsquo;\u00e9chelle nationale"},"content":{"rendered":"<p style=\"font-weight: 400;\">Inwi r\u00e9it\u00e8re son engagement en faveur de l&rsquo;action sociale en lan\u00e7ant une op\u00e9ration de don de sang. Cette initiative, lanc\u00e9e en parall\u00e8le avec la Journ\u00e9e Nationale du Don de Sang et la Journ\u00e9e Mondiale du B\u00e9n\u00e9volat, vise \u00e0 sensibiliser les citoyens \u00e0 l&rsquo;importance du don de sang et \u00e0 encourager l&rsquo;esprit de b\u00e9n\u00e9volat \u00e0 travers le royaume.<\/p>\n<p style=\"font-weight: 400;\">Plus de 1000 b\u00e9n\u00e9voles et donateurs prendront part \u00e0 cette op\u00e9ration qui se d\u00e9ploiera dans 10 villes o\u00f9 la mobilisation des collectifs est la plus active. Ainsi, l\u2019op\u00e9ration touchera les villes d\u2019Agadir, Taroudant, Martil, Oujda, Mekn\u00e8s, Nador, Ouarzazate, Al Hoceima, Casablanca et Marrakech. A cet effet, inwi fera appel \u00e0 une dizaine d\u2019associations locales, et partenaires du programme Dir iddik, pour assurer le succ\u00e8s de cette initiative.<\/p>\n<p style=\"font-weight: 400;\">Chacune des 10 associations impliqu\u00e9es jouera un r\u00f4le essentiel dans la coordination des actions locales pour la mobilisation des b\u00e9n\u00e9voles et donateurs, et aussi avec les centres nationaux de transfusion sanguine pour mieux fluidifier le process de cette operation.<\/p>\n<p style=\"font-weight: 400;\"><a href=\"https:\/\/www.mediaplateforme.com\/fr\/inwi-lance-la-6eme-edition-des-rencontres-entreprises\/\">Inwi<\/a> encourage tous les citoyens marocains \u00e0 se joindre \u00e0 cette initiative noble et \u00e0 faire preuve de g\u00e9n\u00e9rosit\u00e9 en participant activement aux sessions de don de sang organis\u00e9es dans leurs villes respectives. Cette action collective contribuera \u00e0 renforcer la r\u00e9serve nationale de sang.<\/p>\n<p style=\"font-weight: 400;\">Un appel \u00e0 b\u00e9n\u00e9vole a \u00e9t\u00e9 lanc\u00e9 sur la plateforme\u00a0<a href=\"http:\/\/www.diriddik.ma\/\" data-saferedirecturl=\"https:\/\/www.google.com\/url?q=http:\/\/www.diriddik.ma\/&amp;source=gmail&amp;ust=1701863947754000&amp;usg=AOvVaw0gcgdkrAntHRP1VjwnRxdZ\">www.diriddik.ma<\/a>\u00a0pour mobiliser le maximum de donateurs et sensibiliser autour de l\u2019importance et la criticit\u00e9 du don de sang au niveau national.<\/p>\n","protected":false},"excerpt":{"rendered":"<p>Inwi r\u00e9it\u00e8re son engagement en faveur de l&rsquo;action sociale en lan\u00e7ant une op\u00e9ration de don<\/p>\n","protected":false},"author":1,"featured_media":4649,"comment_status":"open","ping_status":"open","sticky":false,"template":"","format":"standard","meta":{"_acf_changed":false,"footnotes":""},"categories":[2,3],"tags":[1527,154],"class_list":["post-4648","post","type-post","status-publish","format-standard","has-post-thumbnail","hentry","category-nouvelles","category-nouvelles-selectionnees","tag-don-de-sang","tag-inwi"],"acf":[],"yoast_head":"<!-- This site is optimized with the Yoast SEO plugin v22.0 - https:\/\/yoast.com\/wordpress\/plugins\/seo\/ -->\n<title>inwi lance une op\u00e9ration de don de sang \u00e0 l&#039;\u00e9chelle nationale - MEDIA PLATEFORME | FR<\/title>\n<meta name=\"description\" content=\"Inwi r\u00e9it\u00e8re son engagement en faveur de l&#039;action sociale en lan\u00e7ant une op\u00e9ration de don de sang. Cette initiative, lanc\u00e9e\" \/>\n<meta name=\"robots\" content=\"index, follow, max-snippet:-1, max-image-preview:large, max-video-preview:-1\" \/>\n<link rel=\"canonical\" href=\"https:\/\/www.mediaplateforme.com\/fr\/inwi-lance-une-operation-de-don-de-sang-a-lechelle-nationale\/\" \/>\n<meta property=\"og:locale\" content=\"fr_FR\" \/>\n<meta property=\"og:type\" content=\"article\" \/>\n<meta property=\"og:title\" content=\"inwi lance une op\u00e9ration de don de sang \u00e0 l&#039;\u00e9chelle nationale - MEDIA PLATEFORME | FR\" \/>\n<meta property=\"og:description\" content=\"Inwi r\u00e9it\u00e8re son engagement en faveur de l&#039;action sociale en lan\u00e7ant une op\u00e9ration de don de sang. Cette initiative, lanc\u00e9e\" \/>\n<meta property=\"og:url\" content=\"https:\/\/www.mediaplateforme.com\/fr\/inwi-lance-une-operation-de-don-de-sang-a-lechelle-nationale\/\" \/>\n<meta property=\"og:site_name\" content=\"MEDIA PLATEFORME | FR\" \/>\n<meta property=\"article:published_time\" content=\"2023-12-05T12:06:10+00:00\" \/>\n<meta property=\"og:image\" content=\"https:\/\/www.mediaplateforme.com\/fr\/wp-content\/uploads\/sites\/5\/2023\/12\/inwi_Dir-iddik_don-de-sang.jpg\" \/>\n\t<meta property=\"og:image:width\" content=\"1653\" \/>\n\t<meta property=\"og:image:height\" content=\"1240\" \/>\n\t<meta property=\"og:image:type\" content=\"image\/jpeg\" \/>\n<meta name=\"author\" content=\"Mediaplateforme\" \/>\n<meta name=\"twitter:card\" content=\"summary_large_image\" \/>\n<meta name=\"twitter:label1\" content=\"\u00c9crit par\" \/>\n\t<meta name=\"twitter:data1\" content=\"Mediaplateforme\" \/>\n\t<meta name=\"twitter:label2\" content=\"Dur\u00e9e de lecture estim\u00e9e\" \/>\n\t<meta name=\"twitter:data2\" content=\"2 minutes\" \/>\n<script type=\"application\/ld+json\" class=\"yoast-schema-graph\">{\"@context\":\"https:\/\/schema.org\",\"@graph\":[{\"@type\":\"WebPage\",\"@id\":\"https:\/\/www.mediaplateforme.com\/fr\/inwi-lance-une-operation-de-don-de-sang-a-lechelle-nationale\/\",\"url\":\"https:\/\/www.mediaplateforme.com\/fr\/inwi-lance-une-operation-de-don-de-sang-a-lechelle-nationale\/\",\"name\":\"inwi lance une op\u00e9ration de don de sang \u00e0 l'\u00e9chelle nationale - MEDIA PLATEFORME | FR\",\"isPartOf\":{\"@id\":\"https:\/\/www.mediaplateforme.com\/fr\/#website\"},\"datePublished\":\"2023-12-05T12:06:10+00:00\",\"dateModified\":\"2023-12-05T12:06:10+00:00\",\"author\":{\"@id\":\"https:\/\/www.mediaplateforme.com\/fr\/#\/schema\/person\/89833db382b5db2c76b094bc902aa12a\"},\"description\":\"Inwi r\u00e9it\u00e8re son engagement en faveur de l'action sociale en lan\u00e7ant une op\u00e9ration de don de sang. Cette initiative, lanc\u00e9e\",\"breadcrumb\":{\"@id\":\"https:\/\/www.mediaplateforme.com\/fr\/inwi-lance-une-operation-de-don-de-sang-a-lechelle-nationale\/#breadcrumb\"},\"inLanguage\":\"fr-FR\",\"potentialAction\":[{\"@type\":\"ReadAction\",\"target\":[\"https:\/\/www.mediaplateforme.com\/fr\/inwi-lance-une-operation-de-don-de-sang-a-lechelle-nationale\/\"]}]},{\"@type\":\"BreadcrumbList\",\"@id\":\"https:\/\/www.mediaplateforme.com\/fr\/inwi-lance-une-operation-de-don-de-sang-a-lechelle-nationale\/#breadcrumb\",\"itemListElement\":[{\"@type\":\"ListItem\",\"position\":1,\"name\":\"\u0627\u0644\u0631\u0626\u064a\u0633\u064a\u0629\",\"item\":\"https:\/\/www.mediaplateforme.com\/fr\/\"},{\"@type\":\"ListItem\",\"position\":2,\"name\":\"inwi lance une op\u00e9ration de don de sang \u00e0 l&#8217;\u00e9chelle nationale\"}]},{\"@type\":\"WebSite\",\"@id\":\"https:\/\/www.mediaplateforme.com\/fr\/#website\",\"url\":\"https:\/\/www.mediaplateforme.com\/fr\/\",\"name\":\"MEDIA PLATEFORME | FR\",\"description\":\"Mediaplateforme sp\u00e9cialis\u00e9 dans la communication institutions publiques et des entreprises\",\"potentialAction\":[{\"@type\":\"SearchAction\",\"target\":{\"@type\":\"EntryPoint\",\"urlTemplate\":\"https:\/\/www.mediaplateforme.com\/fr\/?s={search_term_string}\"},\"query-input\":\"required name=search_term_string\"}],\"inLanguage\":\"fr-FR\"},{\"@type\":\"Person\",\"@id\":\"https:\/\/www.mediaplateforme.com\/fr\/#\/schema\/person\/89833db382b5db2c76b094bc902aa12a\",\"name\":\"Mediaplateforme\",\"image\":{\"@type\":\"ImageObject\",\"inLanguage\":\"fr-FR\",\"@id\":\"https:\/\/www.mediaplateforme.com\/fr\/#\/schema\/person\/image\/\",\"url\":\"https:\/\/secure.gravatar.com\/avatar\/6c9c02e8928cc65d54bf75157f7b3a2d06d7ad0494ca0951f679552ff03b34c1?s=96&d=mm&r=g\",\"contentUrl\":\"https:\/\/secure.gravatar.com\/avatar\/6c9c02e8928cc65d54bf75157f7b3a2d06d7ad0494ca0951f679552ff03b34c1?s=96&d=mm&r=g\",\"caption\":\"Mediaplateforme\"},\"sameAs\":[\"https:\/\/www.mediaplateforme.com\"],\"url\":\"https:\/\/www.mediaplateforme.com\/fr\/author\/mohamedladib\/\"}]}<\/script>\n<!-- \/ Yoast SEO plugin. -->","yoast_head_json":{"title":"inwi lance une op\u00e9ration de don de sang \u00e0 l'\u00e9chelle nationale - MEDIA PLATEFORME | FR","description":"Inwi r\u00e9it\u00e8re son engagement en faveur de l'action sociale en lan\u00e7ant une op\u00e9ration de don de sang. Cette initiative, lanc\u00e9e","robots":{"index":"index","follow":"follow","max-snippet":"max-snippet:-1","max-image-preview":"max-image-preview:large","max-video-preview":"max-video-preview:-1"},"canonical":"https:\/\/www.mediaplateforme.com\/fr\/inwi-lance-une-operation-de-don-de-sang-a-lechelle-nationale\/","og_locale":"fr_FR","og_type":"article","og_title":"inwi lance une op\u00e9ration de don de sang \u00e0 l'\u00e9chelle nationale - MEDIA PLATEFORME | FR","og_description":"Inwi r\u00e9it\u00e8re son engagement en faveur de l'action sociale en lan\u00e7ant une op\u00e9ration de don de sang. Cette initiative, lanc\u00e9e","og_url":"https:\/\/www.mediaplateforme.com\/fr\/inwi-lance-une-operation-de-don-de-sang-a-lechelle-nationale\/","og_site_name":"MEDIA PLATEFORME | FR","article_published_time":"2023-12-05T12:06:10+00:00","og_image":[{"width":1653,"height":1240,"url":"https:\/\/www.mediaplateforme.com\/fr\/wp-content\/uploads\/sites\/5\/2023\/12\/inwi_Dir-iddik_don-de-sang.jpg","type":"image\/jpeg"}],"author":"Mediaplateforme","twitter_card":"summary_large_image","twitter_misc":{"\u00c9crit par":"Mediaplateforme","Dur\u00e9e de lecture estim\u00e9e":"2 minutes"},"schema":{"@context":"https:\/\/schema.org","@graph":[{"@type":"WebPage","@id":"https:\/\/www.mediaplateforme.com\/fr\/inwi-lance-une-operation-de-don-de-sang-a-lechelle-nationale\/","url":"https:\/\/www.mediaplateforme.com\/fr\/inwi-lance-une-operation-de-don-de-sang-a-lechelle-nationale\/","name":"inwi lance une op\u00e9ration de don de sang \u00e0 l'\u00e9chelle nationale - MEDIA PLATEFORME | FR","isPartOf":{"@id":"https:\/\/www.mediaplateforme.com\/fr\/#website"},"datePublished":"2023-12-05T12:06:10+00:00","dateModified":"2023-12-05T12:06:10+00:00","author":{"@id":"https:\/\/www.mediaplateforme.com\/fr\/#\/schema\/person\/89833db382b5db2c76b094bc902aa12a"},"description":"Inwi r\u00e9it\u00e8re son engagement en faveur de l'action sociale en lan\u00e7ant une op\u00e9ration de don de sang. Cette initiative, lanc\u00e9e","breadcrumb":{"@id":"https:\/\/www.mediaplateforme.com\/fr\/inwi-lance-une-operation-de-don-de-sang-a-lechelle-nationale\/#breadcrumb"},"inLanguage":"fr-FR","potentialAction":[{"@type":"ReadAction","target":["https:\/\/www.mediaplateforme.com\/fr\/inwi-lance-une-operation-de-don-de-sang-a-lechelle-nationale\/"]}]},{"@type":"BreadcrumbList","@id":"https:\/\/www.mediaplateforme.com\/fr\/inwi-lance-une-operation-de-don-de-sang-a-lechelle-nationale\/#breadcrumb","itemListElement":[{"@type":"ListItem","position":1,"name":"\u0627\u0644\u0631\u0626\u064a\u0633\u064a\u0629","item":"https:\/\/www.mediaplateforme.com\/fr\/"},{"@type":"ListItem","position":2,"name":"inwi lance une op\u00e9ration de don de sang \u00e0 l&#8217;\u00e9chelle nationale"}]},{"@type":"WebSite","@id":"https:\/\/www.mediaplateforme.com\/fr\/#website","url":"https:\/\/www.mediaplateforme.com\/fr\/","name":"MEDIA PLATEFORME | FR","description":"Mediaplateforme sp\u00e9cialis\u00e9 dans la communication institutions publiques et des entreprises","potentialAction":[{"@type":"SearchAction","target":{"@type":"EntryPoint","urlTemplate":"https:\/\/www.mediaplateforme.com\/fr\/?s={search_term_string}"},"query-input":"required name=search_term_string"}],"inLanguage":"fr-FR"},{"@type":"Person","@id":"https:\/\/www.mediaplateforme.com\/fr\/#\/schema\/person\/89833db382b5db2c76b094bc902aa12a","name":"Mediaplateforme","image":{"@type":"ImageObject","inLanguage":"fr-FR","@id":"https:\/\/www.mediaplateforme.com\/fr\/#\/schema\/person\/image\/","url":"https:\/\/secure.gravatar.com\/avatar\/6c9c02e8928cc65d54bf75157f7b3a2d06d7ad0494ca0951f679552ff03b34c1?s=96&d=mm&r=g","contentUrl":"https:\/\/secure.gravatar.com\/avatar\/6c9c02e8928cc65d54bf75157f7b3a2d06d7ad0494ca0951f679552ff03b34c1?s=96&d=mm&r=g","caption":"Mediaplateforme"},"sameAs":["https:\/\/www.mediaplateforme.com"],"url":"https:\/\/www.mediaplateforme.com\/fr\/author\/mohamedladib\/"}]}},"_links":{"self":[{"href":"https:\/\/www.mediaplateforme.com\/fr\/wp-json\/wp\/v2\/posts\/4648","targetHints":{"allow":["GET"]}}],"collection":[{"href":"https:\/\/www.mediaplateforme.com\/fr\/wp-json\/wp\/v2\/posts"}],"about":[{"href":"https:\/\/www.mediaplateforme.com\/fr\/wp-json\/wp\/v2\/types\/post"}],"author":[{"embeddable":true,"href":"https:\/\/www.mediaplateforme.com\/fr\/wp-json\/wp\/v2\/users\/1"}],"replies":[{"embeddable":true,"href":"https:\/\/www.mediaplateforme.com\/fr\/wp-json\/wp\/v2\/comments?post=4648"}],"version-history":[{"count":1,"href":"https:\/\/www.mediaplateforme.com\/fr\/wp-json\/wp\/v2\/posts\/4648\/revisions"}],"predecessor-version":[{"id":4650,"href":"https:\/\/www.mediaplateforme.com\/fr\/wp-json\/wp\/v2\/posts\/4648\/revisions\/4650"}],"wp:featuredmedia":[{"embeddable":true,"href":"https:\/\/www.mediaplateforme.com\/fr\/wp-json\/wp\/v2\/media\/4649"}],"wp:attachment":[{"href":"https:\/\/www.mediaplateforme.com\/fr\/wp-json\/wp\/v2\/media?parent=4648"}],"wp:term":[{"taxonomy":"category","embeddable":true,"href":"https:\/\/www.mediaplateforme.com\/fr\/wp-json\/wp\/v2\/categories?post=4648"},{"taxonomy":"post_tag","embeddable":true,"href":"https:\/\/www.mediaplateforme.com\/fr\/wp-json\/wp\/v2\/tags?post=4648"}],"curies":[{"name":"wp","href":"https:\/\/api.w.org\/{rel}","templated":true}]}}