{"id":462,"date":"2022-07-07T16:18:55","date_gmt":"2022-07-07T15:18:55","guid":{"rendered":"https:\/\/www.mediaplateforme.com\/fr\/?p=462"},"modified":"2022-07-07T16:18:55","modified_gmt":"2022-07-07T15:18:55","slug":"al-omrane-sengage-a-faire-de-ses-operations-urbaines-des-modeles-deco-cites-et-deco-quartiers-a-lechelle-du-maroc","status":"publish","type":"post","link":"https:\/\/www.mediaplateforme.com\/fr\/al-omrane-sengage-a-faire-de-ses-operations-urbaines-des-modeles-deco-cites-et-deco-quartiers-a-lechelle-du-maroc\/","title":{"rendered":"Al Omrane s\u2019engage \u00e0 faire de ses op\u00e9rations urbaines des mod\u00e8les d\u2019Eco-cit\u00e9s et d\u2019Eco-quartiers \u00e0 l\u2019\u00e9chelle du Maroc"},"content":{"rendered":"<p>Le Groupe Al Omrane s\u2019est engag\u00e9, lors de la 11\u00e8me \u00e9dition du Forum <a href=\"https:\/\/www.mediaplateforme.com\/fr\/yamed-promotion-devoile-un-projet-de-logement-urbain-inedit-et-innovant-a-casablanca\/\">urbain<\/a> mondial (WUF), tenue \u00e0 Katowice en Pologne, \u00e0 faire de ses op\u00e9rations urbaines des mod\u00e8les d\u2019Eco-cit\u00e9s et d\u2019Eco-quartiers \u00e0 l\u2019\u00e9chelle du Maroc.<\/p>\n<p>\u201cDans le cadre des travaux de l\u2019important \u00e9v\u00e9nement du Forum Urbain Mondial, ONU-Habitat et le Programme des Nations Unies pour l\u2019Environnement (PNUE) ont organis\u00e9 un atelier sous le th\u00e8me \u201cTransformer les villes avec l\u2019approche par les quartiers : des solutions ascendantes pour la durabilit\u00e9 et l\u2019\u00e9quit\u00e9\u201d, afin de partager les bonnes exp\u00e9riences et d\u00e9marches initi\u00e9es, de par le monde, sur la promotion des actions de durabilit\u00e9 en milieu urbain\u201d, indique Al Omrane Dans un communiqu\u00e9.<\/p>\n<p>Le Maroc a \u00e9t\u00e9 convi\u00e9 \u00e0 cet \u00e9v\u00e8nement phare pour partager son approche et expertise sur cette th\u00e9matique \u00e0 travers l\u2019op\u00e9rateur public Al Omrane pour son programme de labellisation \u201cEcocity Maroc\u201d des villes nouvelles et p\u00f4les urbains ayant pour objectif de rehausser les standards de qualit\u00e9 de vie et d\u2019attractivit\u00e9 au sein de ces r\u00e9alisations publiques qui placent la question de la durabilit\u00e9 au c\u0153ur des diff\u00e9rentes interventions et actions de d\u00e9veloppement.<\/p>\n<p>Le PNUE, qui soutient et accompagne ce programme du Groupe et met l\u2019accent sur le r\u00f4le impulseur du Maroc dans la consolidation de ces d\u00e9marches de durabilit\u00e9 des villes et des quartiers, a souhait\u00e9 mettre en avant et valoriser cette initiative lors de cet important \u00e9v\u00e9nement international, rel\u00e8ve le communiqu\u00e9.<\/p>\n<p>Cet atelier a constitu\u00e9 pour M. <a href=\"https:\/\/www.alomrane.gov.ma\/\">Badre Kanouni, Pr\u00e9sident<\/a> du Directoire du Groupe Al Omrane qui intervenait par visioconf\u00e9rence, \u201cune occasion pour rappeler les grands efforts d\u00e9ploy\u00e9s par le Maroc, sous l\u2019impulsion de Sa Majest\u00e9 le Roi que Dieu l\u2019Assiste, pour confirmer l\u2019engagement du Royaume dans la mise en \u0153uvre des objectifs de d\u00e9veloppement durable\u201d et ses engagements internationaux \u00e0 ce sujet et ce, \u00e0 travers la mise en place d\u2019une strat\u00e9gie nationale de d\u00e9veloppement durable traduite par plusieurs projets phares, notamment la charte nationale de l\u2019environnement et d\u00e9veloppement durable, la strat\u00e9gie nationale de transition \u00e9nerg\u00e9tique pour atteindre 52% de part du renouvelable dans le mix global national \u00e0 l\u2019horizon 2030, la strat\u00e9gie \u201cBas Carbone\u201d visant de r\u00e9duire de 45% les \u00e9missions de gaz \u00e0 effet de serre en 2030 et 80% en 2020, souligne la m\u00eame source.<\/p>\n<p>Engag\u00e9 naturellement dans la concr\u00e9tisation de ces objectifs nationaux, le Groupe Al Omrane, op\u00e9rateur public en charge de la mise en \u0153uvre de la politique de l\u2019Etat en mati\u00e8re d\u2019habitat et d\u2019am\u00e9nagement et d\u00e9veloppement urbain, a initi\u00e9 avec l\u2019appui du PNUE et en collaboration avec l\u2019organisme international \u201cEcocity Builders\u201d le processus de labellisation, \u00e0 travers l\u2019\u00e9tablissement du r\u00e9f\u00e9rentiel d\u2019\u00e9cocit\u00e9s adapt\u00e9 au contexte marocain de 4 villes nouvelles.<\/p>\n<p>Il s\u2019agit de Tamesna (Rabat), Tamensourt (Marrakech), Chrafate (Tanger) et Lakhyayta (Casablanca) ainsi que 3 nouveaux p\u00f4les urbains, \u00e0 savoir Dakhla-Nord (Dakhla), Ibn Batouta (Tanger) et Al Badr (Mohammedia). Les diff\u00e9rentes phases de ce processus ont \u00e9t\u00e9 pr\u00e9sent\u00e9es \u00e0 l\u2019assistance qui a manifest\u00e9 un grand int\u00e9r\u00eat pour cette initiative marocaine.<\/p>\n<p>Des \u00e9changes et d\u00e9bats ont en suivis avec les diff\u00e9rents responsables et experts des divers pays pr\u00e9sents et l\u2019accent a \u00e9t\u00e9 particuli\u00e8rement mis sur l\u2019importance du portage et de l\u2019institutionnalisation de telles d\u00e9marches aupr\u00e8s des acteurs institutionnels concern\u00e9s centraux et territoriaux pour garantir leur r\u00e9ussite et ancrage local, gage incontournable pour l\u2019atteinte des objectifs fix\u00e9s.<\/p>\n","protected":false},"excerpt":{"rendered":"<p>Le Groupe Al Omrane s\u2019est engag\u00e9, lors de la 11\u00e8me \u00e9dition du Forum urbain mondial<\/p>\n","protected":false},"author":1,"featured_media":463,"comment_status":"open","ping_status":"open","sticky":false,"template":"","format":"standard","meta":{"_acf_changed":false,"footnotes":""},"categories":[4,3],"tags":[198,158],"class_list":["post-462","post","type-post","status-publish","format-standard","has-post-thumbnail","hentry","category-economie","category-nouvelles-selectionnees","tag-al-omrane","tag-groupe-al-omrane"],"acf":[],"yoast_head":"<!-- This site is optimized with the Yoast SEO plugin v22.0 - https:\/\/yoast.com\/wordpress\/plugins\/seo\/ -->\n<title>Al Omrane s\u2019engage \u00e0 faire de ses op\u00e9rations urbaines des mod\u00e8les d\u2019Eco-cit\u00e9s et d\u2019Eco-quartiers \u00e0 l\u2019\u00e9chelle du Maroc - MEDIA PLATEFORME | FR<\/title>\n<meta name=\"description\" content=\"Le Groupe Al Omrane s\u2019est engag\u00e9, lors de la 11\u00e8me \u00e9dition du Forum urbain mondial (WUF), \u00e0 faire de ses op\u00e9rations urbaines\" \/>\n<meta name=\"robots\" content=\"index, follow, max-snippet:-1, max-image-preview:large, max-video-preview:-1\" \/>\n<link rel=\"canonical\" href=\"https:\/\/www.mediaplateforme.com\/fr\/al-omrane-sengage-a-faire-de-ses-operations-urbaines-des-modeles-deco-cites-et-deco-quartiers-a-lechelle-du-maroc\/\" \/>\n<meta property=\"og:locale\" content=\"fr_FR\" \/>\n<meta property=\"og:type\" content=\"article\" \/>\n<meta property=\"og:title\" content=\"Al Omrane s\u2019engage \u00e0 faire de ses op\u00e9rations urbaines des mod\u00e8les d\u2019Eco-cit\u00e9s et d\u2019Eco-quartiers \u00e0 l\u2019\u00e9chelle du Maroc - MEDIA PLATEFORME | FR\" \/>\n<meta property=\"og:description\" content=\"Le Groupe Al Omrane s\u2019est engag\u00e9, lors de la 11\u00e8me \u00e9dition du Forum urbain mondial (WUF), \u00e0 faire de ses op\u00e9rations urbaines\" \/>\n<meta property=\"og:url\" content=\"https:\/\/www.mediaplateforme.com\/fr\/al-omrane-sengage-a-faire-de-ses-operations-urbaines-des-modeles-deco-cites-et-deco-quartiers-a-lechelle-du-maroc\/\" \/>\n<meta property=\"og:site_name\" content=\"MEDIA PLATEFORME | FR\" \/>\n<meta property=\"article:published_time\" content=\"2022-07-07T15:18:55+00:00\" \/>\n<meta property=\"og:image\" content=\"https:\/\/www.mediaplateforme.com\/fr\/wp-content\/uploads\/sites\/5\/2022\/07\/AL-OMRANE-1.jpg\" \/>\n\t<meta property=\"og:image:width\" content=\"639\" \/>\n\t<meta property=\"og:image:height\" content=\"425\" \/>\n\t<meta property=\"og:image:type\" content=\"image\/jpeg\" \/>\n<meta name=\"author\" content=\"Mediaplateforme\" \/>\n<meta name=\"twitter:card\" content=\"summary_large_image\" \/>\n<meta name=\"twitter:label1\" content=\"\u00c9crit par\" \/>\n\t<meta name=\"twitter:data1\" content=\"Mediaplateforme\" \/>\n\t<meta name=\"twitter:label2\" content=\"Dur\u00e9e de lecture estim\u00e9e\" \/>\n\t<meta name=\"twitter:data2\" content=\"3 minutes\" \/>\n<script type=\"application\/ld+json\" class=\"yoast-schema-graph\">{\"@context\":\"https:\/\/schema.org\",\"@graph\":[{\"@type\":\"WebPage\",\"@id\":\"https:\/\/www.mediaplateforme.com\/fr\/al-omrane-sengage-a-faire-de-ses-operations-urbaines-des-modeles-deco-cites-et-deco-quartiers-a-lechelle-du-maroc\/\",\"url\":\"https:\/\/www.mediaplateforme.com\/fr\/al-omrane-sengage-a-faire-de-ses-operations-urbaines-des-modeles-deco-cites-et-deco-quartiers-a-lechelle-du-maroc\/\",\"name\":\"Al Omrane s\u2019engage \u00e0 faire de ses op\u00e9rations urbaines des mod\u00e8les d\u2019Eco-cit\u00e9s et d\u2019Eco-quartiers \u00e0 l\u2019\u00e9chelle du Maroc - MEDIA PLATEFORME | FR\",\"isPartOf\":{\"@id\":\"https:\/\/www.mediaplateforme.com\/fr\/#website\"},\"datePublished\":\"2022-07-07T15:18:55+00:00\",\"dateModified\":\"2022-07-07T15:18:55+00:00\",\"author\":{\"@id\":\"https:\/\/www.mediaplateforme.com\/fr\/#\/schema\/person\/89833db382b5db2c76b094bc902aa12a\"},\"description\":\"Le Groupe Al Omrane s\u2019est engag\u00e9, lors de la 11\u00e8me \u00e9dition du Forum urbain mondial (WUF), \u00e0 faire de ses op\u00e9rations urbaines\",\"breadcrumb\":{\"@id\":\"https:\/\/www.mediaplateforme.com\/fr\/al-omrane-sengage-a-faire-de-ses-operations-urbaines-des-modeles-deco-cites-et-deco-quartiers-a-lechelle-du-maroc\/#breadcrumb\"},\"inLanguage\":\"fr-FR\",\"potentialAction\":[{\"@type\":\"ReadAction\",\"target\":[\"https:\/\/www.mediaplateforme.com\/fr\/al-omrane-sengage-a-faire-de-ses-operations-urbaines-des-modeles-deco-cites-et-deco-quartiers-a-lechelle-du-maroc\/\"]}]},{\"@type\":\"BreadcrumbList\",\"@id\":\"https:\/\/www.mediaplateforme.com\/fr\/al-omrane-sengage-a-faire-de-ses-operations-urbaines-des-modeles-deco-cites-et-deco-quartiers-a-lechelle-du-maroc\/#breadcrumb\",\"itemListElement\":[{\"@type\":\"ListItem\",\"position\":1,\"name\":\"\u0627\u0644\u0631\u0626\u064a\u0633\u064a\u0629\",\"item\":\"https:\/\/www.mediaplateforme.com\/fr\/\"},{\"@type\":\"ListItem\",\"position\":2,\"name\":\"Al Omrane s\u2019engage \u00e0 faire de ses op\u00e9rations urbaines des mod\u00e8les d\u2019Eco-cit\u00e9s et d\u2019Eco-quartiers \u00e0 l\u2019\u00e9chelle du Maroc\"}]},{\"@type\":\"WebSite\",\"@id\":\"https:\/\/www.mediaplateforme.com\/fr\/#website\",\"url\":\"https:\/\/www.mediaplateforme.com\/fr\/\",\"name\":\"MEDIA PLATEFORME | FR\",\"description\":\"Mediaplateforme sp\u00e9cialis\u00e9 dans la communication institutions publiques et des entreprises\",\"potentialAction\":[{\"@type\":\"SearchAction\",\"target\":{\"@type\":\"EntryPoint\",\"urlTemplate\":\"https:\/\/www.mediaplateforme.com\/fr\/?s={search_term_string}\"},\"query-input\":\"required name=search_term_string\"}],\"inLanguage\":\"fr-FR\"},{\"@type\":\"Person\",\"@id\":\"https:\/\/www.mediaplateforme.com\/fr\/#\/schema\/person\/89833db382b5db2c76b094bc902aa12a\",\"name\":\"Mediaplateforme\",\"image\":{\"@type\":\"ImageObject\",\"inLanguage\":\"fr-FR\",\"@id\":\"https:\/\/www.mediaplateforme.com\/fr\/#\/schema\/person\/image\/\",\"url\":\"https:\/\/secure.gravatar.com\/avatar\/6c9c02e8928cc65d54bf75157f7b3a2d06d7ad0494ca0951f679552ff03b34c1?s=96&d=mm&r=g\",\"contentUrl\":\"https:\/\/secure.gravatar.com\/avatar\/6c9c02e8928cc65d54bf75157f7b3a2d06d7ad0494ca0951f679552ff03b34c1?s=96&d=mm&r=g\",\"caption\":\"Mediaplateforme\"},\"sameAs\":[\"https:\/\/www.mediaplateforme.com\"],\"url\":\"https:\/\/www.mediaplateforme.com\/fr\/author\/mohamedladib\/\"}]}<\/script>\n<!-- \/ Yoast SEO plugin. -->","yoast_head_json":{"title":"Al Omrane s\u2019engage \u00e0 faire de ses op\u00e9rations urbaines des mod\u00e8les d\u2019Eco-cit\u00e9s et d\u2019Eco-quartiers \u00e0 l\u2019\u00e9chelle du Maroc - MEDIA PLATEFORME | FR","description":"Le Groupe Al Omrane s\u2019est engag\u00e9, lors de la 11\u00e8me \u00e9dition du Forum urbain mondial (WUF), \u00e0 faire de ses op\u00e9rations urbaines","robots":{"index":"index","follow":"follow","max-snippet":"max-snippet:-1","max-image-preview":"max-image-preview:large","max-video-preview":"max-video-preview:-1"},"canonical":"https:\/\/www.mediaplateforme.com\/fr\/al-omrane-sengage-a-faire-de-ses-operations-urbaines-des-modeles-deco-cites-et-deco-quartiers-a-lechelle-du-maroc\/","og_locale":"fr_FR","og_type":"article","og_title":"Al Omrane s\u2019engage \u00e0 faire de ses op\u00e9rations urbaines des mod\u00e8les d\u2019Eco-cit\u00e9s et d\u2019Eco-quartiers \u00e0 l\u2019\u00e9chelle du Maroc - MEDIA PLATEFORME | FR","og_description":"Le Groupe Al Omrane s\u2019est engag\u00e9, lors de la 11\u00e8me \u00e9dition du Forum urbain mondial (WUF), \u00e0 faire de ses op\u00e9rations urbaines","og_url":"https:\/\/www.mediaplateforme.com\/fr\/al-omrane-sengage-a-faire-de-ses-operations-urbaines-des-modeles-deco-cites-et-deco-quartiers-a-lechelle-du-maroc\/","og_site_name":"MEDIA PLATEFORME | FR","article_published_time":"2022-07-07T15:18:55+00:00","og_image":[{"width":639,"height":425,"url":"https:\/\/www.mediaplateforme.com\/fr\/wp-content\/uploads\/sites\/5\/2022\/07\/AL-OMRANE-1.jpg","type":"image\/jpeg"}],"author":"Mediaplateforme","twitter_card":"summary_large_image","twitter_misc":{"\u00c9crit par":"Mediaplateforme","Dur\u00e9e de lecture estim\u00e9e":"3 minutes"},"schema":{"@context":"https:\/\/schema.org","@graph":[{"@type":"WebPage","@id":"https:\/\/www.mediaplateforme.com\/fr\/al-omrane-sengage-a-faire-de-ses-operations-urbaines-des-modeles-deco-cites-et-deco-quartiers-a-lechelle-du-maroc\/","url":"https:\/\/www.mediaplateforme.com\/fr\/al-omrane-sengage-a-faire-de-ses-operations-urbaines-des-modeles-deco-cites-et-deco-quartiers-a-lechelle-du-maroc\/","name":"Al Omrane s\u2019engage \u00e0 faire de ses op\u00e9rations urbaines des mod\u00e8les d\u2019Eco-cit\u00e9s et d\u2019Eco-quartiers \u00e0 l\u2019\u00e9chelle du Maroc - MEDIA PLATEFORME | FR","isPartOf":{"@id":"https:\/\/www.mediaplateforme.com\/fr\/#website"},"datePublished":"2022-07-07T15:18:55+00:00","dateModified":"2022-07-07T15:18:55+00:00","author":{"@id":"https:\/\/www.mediaplateforme.com\/fr\/#\/schema\/person\/89833db382b5db2c76b094bc902aa12a"},"description":"Le Groupe Al Omrane s\u2019est engag\u00e9, lors de la 11\u00e8me \u00e9dition du Forum urbain mondial (WUF), \u00e0 faire de ses op\u00e9rations urbaines","breadcrumb":{"@id":"https:\/\/www.mediaplateforme.com\/fr\/al-omrane-sengage-a-faire-de-ses-operations-urbaines-des-modeles-deco-cites-et-deco-quartiers-a-lechelle-du-maroc\/#breadcrumb"},"inLanguage":"fr-FR","potentialAction":[{"@type":"ReadAction","target":["https:\/\/www.mediaplateforme.com\/fr\/al-omrane-sengage-a-faire-de-ses-operations-urbaines-des-modeles-deco-cites-et-deco-quartiers-a-lechelle-du-maroc\/"]}]},{"@type":"BreadcrumbList","@id":"https:\/\/www.mediaplateforme.com\/fr\/al-omrane-sengage-a-faire-de-ses-operations-urbaines-des-modeles-deco-cites-et-deco-quartiers-a-lechelle-du-maroc\/#breadcrumb","itemListElement":[{"@type":"ListItem","position":1,"name":"\u0627\u0644\u0631\u0626\u064a\u0633\u064a\u0629","item":"https:\/\/www.mediaplateforme.com\/fr\/"},{"@type":"ListItem","position":2,"name":"Al Omrane s\u2019engage \u00e0 faire de ses op\u00e9rations urbaines des mod\u00e8les d\u2019Eco-cit\u00e9s et d\u2019Eco-quartiers \u00e0 l\u2019\u00e9chelle du Maroc"}]},{"@type":"WebSite","@id":"https:\/\/www.mediaplateforme.com\/fr\/#website","url":"https:\/\/www.mediaplateforme.com\/fr\/","name":"MEDIA PLATEFORME | FR","description":"Mediaplateforme sp\u00e9cialis\u00e9 dans la communication institutions publiques et des entreprises","potentialAction":[{"@type":"SearchAction","target":{"@type":"EntryPoint","urlTemplate":"https:\/\/www.mediaplateforme.com\/fr\/?s={search_term_string}"},"query-input":"required name=search_term_string"}],"inLanguage":"fr-FR"},{"@type":"Person","@id":"https:\/\/www.mediaplateforme.com\/fr\/#\/schema\/person\/89833db382b5db2c76b094bc902aa12a","name":"Mediaplateforme","image":{"@type":"ImageObject","inLanguage":"fr-FR","@id":"https:\/\/www.mediaplateforme.com\/fr\/#\/schema\/person\/image\/","url":"https:\/\/secure.gravatar.com\/avatar\/6c9c02e8928cc65d54bf75157f7b3a2d06d7ad0494ca0951f679552ff03b34c1?s=96&d=mm&r=g","contentUrl":"https:\/\/secure.gravatar.com\/avatar\/6c9c02e8928cc65d54bf75157f7b3a2d06d7ad0494ca0951f679552ff03b34c1?s=96&d=mm&r=g","caption":"Mediaplateforme"},"sameAs":["https:\/\/www.mediaplateforme.com"],"url":"https:\/\/www.mediaplateforme.com\/fr\/author\/mohamedladib\/"}]}},"_links":{"self":[{"href":"https:\/\/www.mediaplateforme.com\/fr\/wp-json\/wp\/v2\/posts\/462","targetHints":{"allow":["GET"]}}],"collection":[{"href":"https:\/\/www.mediaplateforme.com\/fr\/wp-json\/wp\/v2\/posts"}],"about":[{"href":"https:\/\/www.mediaplateforme.com\/fr\/wp-json\/wp\/v2\/types\/post"}],"author":[{"embeddable":true,"href":"https:\/\/www.mediaplateforme.com\/fr\/wp-json\/wp\/v2\/users\/1"}],"replies":[{"embeddable":true,"href":"https:\/\/www.mediaplateforme.com\/fr\/wp-json\/wp\/v2\/comments?post=462"}],"version-history":[{"count":1,"href":"https:\/\/www.mediaplateforme.com\/fr\/wp-json\/wp\/v2\/posts\/462\/revisions"}],"predecessor-version":[{"id":464,"href":"https:\/\/www.mediaplateforme.com\/fr\/wp-json\/wp\/v2\/posts\/462\/revisions\/464"}],"wp:featuredmedia":[{"embeddable":true,"href":"https:\/\/www.mediaplateforme.com\/fr\/wp-json\/wp\/v2\/media\/463"}],"wp:attachment":[{"href":"https:\/\/www.mediaplateforme.com\/fr\/wp-json\/wp\/v2\/media?parent=462"}],"wp:term":[{"taxonomy":"category","embeddable":true,"href":"https:\/\/www.mediaplateforme.com\/fr\/wp-json\/wp\/v2\/categories?post=462"},{"taxonomy":"post_tag","embeddable":true,"href":"https:\/\/www.mediaplateforme.com\/fr\/wp-json\/wp\/v2\/tags?post=462"}],"curies":[{"name":"wp","href":"https:\/\/api.w.org\/{rel}","templated":true}]}}