{"id":4618,"date":"2023-11-27T11:40:19","date_gmt":"2023-11-27T10:40:19","guid":{"rendered":"https:\/\/www.mediaplateforme.com\/fr\/?p=4618"},"modified":"2023-11-27T11:42:50","modified_gmt":"2023-11-27T10:42:50","slug":"ovs-au-maroc","status":"publish","type":"post","link":"https:\/\/www.mediaplateforme.com\/fr\/ovs-au-maroc\/","title":{"rendered":"OVS LA MARQUE LEADER ITALIENNE DE PR\u00caT-A-PORTER S&rsquo;INSTALLE AU MAROC !"},"content":{"rendered":"<p style=\"font-weight: 400;\">OVS a ouvert les portes de son premier magasin au Maroc le 25 novembre 2023, \u00e0 <a href=\"https:\/\/www.mediaplateforme.com\/fr\/le-morocco-mall-shopping-festival-fait-son-grand-retour\/\">Marina Shopping<\/a> \u00e0 Casablanca.<\/p>\n<p style=\"font-weight: 400;\">Les visiteurs auront le plaisir de profiter de l\u2019alliance du style italien \u00e0 des prix abordables. Les premiers d&rsquo;entre eux auront acc\u00e8s \u00e0 des offres exclusives et \u00e0 des remises sp\u00e9ciales qui enrichiront leur exp\u00e9rience en magasin tout en d\u00e9couvrant la collection automne-hiver, fi\u00e8rement con\u00e7ue en Italie.<\/p>\n<p style=\"font-weight: 400;\">OVS est la marque leader italienne de pr\u00eat-\u00e0-porter. Elle incarne une promesse, celle de r\u00e9pondre aux besoins de chaque membre de la famille tout en respectant leur individualit\u00e9 et leur style unique.<\/p>\n<p style=\"font-weight: 400;\">En effet, la marque italienne propose une large gamme de v\u00eatements et d&rsquo;accessoires pour femmes, hommes, enfants et b\u00e9b\u00e9s, r\u00e9pondants aux besoins vestimentaires diversifi\u00e9s de toute la famille.<\/p>\n<p style=\"font-weight: 400;\">S&rsquo;adressant \u00e0 un large public, le premier magasin de la marque italienne au Maroc pr\u00e9sente plusieurs marques de v\u00eatements, notamment PIOMBO, OVS et OVS KIDS, la marque exclusivement d\u00e9di\u00e9e aux enfants et aux b\u00e9b\u00e9s.<\/p>\n<p style=\"font-weight: 400;\">Suite \u00e0 la premi\u00e8re ouverture d&rsquo;OVS \u00e0 Marina Shopping \u00e0 Casablanca, un deuxi\u00e8me magasin ouvrira bient\u00f4t ses portes au Californie Mall de Casablanca.<\/p>\n","protected":false},"excerpt":{"rendered":"<p>OVS a ouvert les portes de son premier magasin au Maroc le 25 novembre 2023,<\/p>\n","protected":false},"author":1,"featured_media":4619,"comment_status":"open","ping_status":"open","sticky":false,"template":"","format":"standard","meta":{"_acf_changed":false,"footnotes":""},"categories":[2,3],"tags":[173,1512,1513,1511],"class_list":["post-4618","post","type-post","status-publish","format-standard","has-post-thumbnail","hentry","category-nouvelles","category-nouvelles-selectionnees","tag-casablanca","tag-marina-shopping","tag-marina-shopping-casablanca","tag-ovs"],"acf":[],"yoast_head":"<!-- This site is optimized with the Yoast SEO plugin v22.0 - https:\/\/yoast.com\/wordpress\/plugins\/seo\/ -->\n<title>OVS LA MARQUE LEADER ITALIENNE DE PR\u00caT-A-PORTER S&#039;INSTALLE AU MAROC ! - MEDIA PLATEFORME | FR<\/title>\n<meta name=\"description\" content=\"OVS a ouvert les portes de son premier magasin au Maroc le 25 novembre 2023, \u00e0 Marina Shopping \u00e0 Casablanca.\" \/>\n<meta name=\"robots\" content=\"index, follow, max-snippet:-1, max-image-preview:large, max-video-preview:-1\" \/>\n<link rel=\"canonical\" href=\"https:\/\/www.mediaplateforme.com\/fr\/ovs-au-maroc\/\" \/>\n<meta property=\"og:locale\" content=\"fr_FR\" \/>\n<meta property=\"og:type\" content=\"article\" \/>\n<meta property=\"og:title\" content=\"OVS LA MARQUE LEADER ITALIENNE DE PR\u00caT-A-PORTER S&#039;INSTALLE AU MAROC ! - MEDIA PLATEFORME | FR\" \/>\n<meta property=\"og:description\" content=\"OVS a ouvert les portes de son premier magasin au Maroc le 25 novembre 2023, \u00e0 Marina Shopping \u00e0 Casablanca.\" \/>\n<meta property=\"og:url\" content=\"https:\/\/www.mediaplateforme.com\/fr\/ovs-au-maroc\/\" \/>\n<meta property=\"og:site_name\" content=\"MEDIA PLATEFORME | FR\" \/>\n<meta property=\"article:published_time\" content=\"2023-11-27T10:40:19+00:00\" \/>\n<meta property=\"article:modified_time\" content=\"2023-11-27T10:42:50+00:00\" \/>\n<meta property=\"og:image\" content=\"https:\/\/www.mediaplateforme.com\/fr\/wp-content\/uploads\/sites\/5\/2023\/11\/IMAGE3.jpeg\" \/>\n\t<meta property=\"og:image:width\" content=\"1600\" \/>\n\t<meta property=\"og:image:height\" content=\"799\" \/>\n\t<meta property=\"og:image:type\" content=\"image\/jpeg\" \/>\n<meta name=\"author\" content=\"Mediaplateforme\" \/>\n<meta name=\"twitter:card\" content=\"summary_large_image\" \/>\n<meta name=\"twitter:label1\" content=\"\u00c9crit par\" \/>\n\t<meta name=\"twitter:data1\" content=\"Mediaplateforme\" \/>\n\t<meta name=\"twitter:label2\" content=\"Dur\u00e9e de lecture estim\u00e9e\" \/>\n\t<meta name=\"twitter:data2\" content=\"1 minute\" \/>\n<script type=\"application\/ld+json\" class=\"yoast-schema-graph\">{\"@context\":\"https:\/\/schema.org\",\"@graph\":[{\"@type\":\"WebPage\",\"@id\":\"https:\/\/www.mediaplateforme.com\/fr\/ovs-au-maroc\/\",\"url\":\"https:\/\/www.mediaplateforme.com\/fr\/ovs-au-maroc\/\",\"name\":\"OVS LA MARQUE LEADER ITALIENNE DE PR\u00caT-A-PORTER S'INSTALLE AU MAROC ! - MEDIA PLATEFORME | FR\",\"isPartOf\":{\"@id\":\"https:\/\/www.mediaplateforme.com\/fr\/#website\"},\"datePublished\":\"2023-11-27T10:40:19+00:00\",\"dateModified\":\"2023-11-27T10:42:50+00:00\",\"author\":{\"@id\":\"https:\/\/www.mediaplateforme.com\/fr\/#\/schema\/person\/89833db382b5db2c76b094bc902aa12a\"},\"description\":\"OVS a ouvert les portes de son premier magasin au Maroc le 25 novembre 2023, \u00e0 Marina Shopping \u00e0 Casablanca.\",\"breadcrumb\":{\"@id\":\"https:\/\/www.mediaplateforme.com\/fr\/ovs-au-maroc\/#breadcrumb\"},\"inLanguage\":\"fr-FR\",\"potentialAction\":[{\"@type\":\"ReadAction\",\"target\":[\"https:\/\/www.mediaplateforme.com\/fr\/ovs-au-maroc\/\"]}]},{\"@type\":\"BreadcrumbList\",\"@id\":\"https:\/\/www.mediaplateforme.com\/fr\/ovs-au-maroc\/#breadcrumb\",\"itemListElement\":[{\"@type\":\"ListItem\",\"position\":1,\"name\":\"\u0627\u0644\u0631\u0626\u064a\u0633\u064a\u0629\",\"item\":\"https:\/\/www.mediaplateforme.com\/fr\/\"},{\"@type\":\"ListItem\",\"position\":2,\"name\":\"OVS LA MARQUE LEADER ITALIENNE DE PR\u00caT-A-PORTER S&#8217;INSTALLE AU MAROC !\"}]},{\"@type\":\"WebSite\",\"@id\":\"https:\/\/www.mediaplateforme.com\/fr\/#website\",\"url\":\"https:\/\/www.mediaplateforme.com\/fr\/\",\"name\":\"MEDIA PLATEFORME | FR\",\"description\":\"Mediaplateforme sp\u00e9cialis\u00e9 dans la communication institutions publiques et des entreprises\",\"potentialAction\":[{\"@type\":\"SearchAction\",\"target\":{\"@type\":\"EntryPoint\",\"urlTemplate\":\"https:\/\/www.mediaplateforme.com\/fr\/?s={search_term_string}\"},\"query-input\":\"required name=search_term_string\"}],\"inLanguage\":\"fr-FR\"},{\"@type\":\"Person\",\"@id\":\"https:\/\/www.mediaplateforme.com\/fr\/#\/schema\/person\/89833db382b5db2c76b094bc902aa12a\",\"name\":\"Mediaplateforme\",\"image\":{\"@type\":\"ImageObject\",\"inLanguage\":\"fr-FR\",\"@id\":\"https:\/\/www.mediaplateforme.com\/fr\/#\/schema\/person\/image\/\",\"url\":\"https:\/\/secure.gravatar.com\/avatar\/6c9c02e8928cc65d54bf75157f7b3a2d06d7ad0494ca0951f679552ff03b34c1?s=96&d=mm&r=g\",\"contentUrl\":\"https:\/\/secure.gravatar.com\/avatar\/6c9c02e8928cc65d54bf75157f7b3a2d06d7ad0494ca0951f679552ff03b34c1?s=96&d=mm&r=g\",\"caption\":\"Mediaplateforme\"},\"sameAs\":[\"https:\/\/www.mediaplateforme.com\"],\"url\":\"https:\/\/www.mediaplateforme.com\/fr\/author\/mohamedladib\/\"}]}<\/script>\n<!-- \/ Yoast SEO plugin. -->","yoast_head_json":{"title":"OVS LA MARQUE LEADER ITALIENNE DE PR\u00caT-A-PORTER S'INSTALLE AU MAROC ! - MEDIA PLATEFORME | FR","description":"OVS a ouvert les portes de son premier magasin au Maroc le 25 novembre 2023, \u00e0 Marina Shopping \u00e0 Casablanca.","robots":{"index":"index","follow":"follow","max-snippet":"max-snippet:-1","max-image-preview":"max-image-preview:large","max-video-preview":"max-video-preview:-1"},"canonical":"https:\/\/www.mediaplateforme.com\/fr\/ovs-au-maroc\/","og_locale":"fr_FR","og_type":"article","og_title":"OVS LA MARQUE LEADER ITALIENNE DE PR\u00caT-A-PORTER S'INSTALLE AU MAROC ! - MEDIA PLATEFORME | FR","og_description":"OVS a ouvert les portes de son premier magasin au Maroc le 25 novembre 2023, \u00e0 Marina Shopping \u00e0 Casablanca.","og_url":"https:\/\/www.mediaplateforme.com\/fr\/ovs-au-maroc\/","og_site_name":"MEDIA PLATEFORME | FR","article_published_time":"2023-11-27T10:40:19+00:00","article_modified_time":"2023-11-27T10:42:50+00:00","og_image":[{"width":1600,"height":799,"url":"https:\/\/www.mediaplateforme.com\/fr\/wp-content\/uploads\/sites\/5\/2023\/11\/IMAGE3.jpeg","type":"image\/jpeg"}],"author":"Mediaplateforme","twitter_card":"summary_large_image","twitter_misc":{"\u00c9crit par":"Mediaplateforme","Dur\u00e9e de lecture estim\u00e9e":"1 minute"},"schema":{"@context":"https:\/\/schema.org","@graph":[{"@type":"WebPage","@id":"https:\/\/www.mediaplateforme.com\/fr\/ovs-au-maroc\/","url":"https:\/\/www.mediaplateforme.com\/fr\/ovs-au-maroc\/","name":"OVS LA MARQUE LEADER ITALIENNE DE PR\u00caT-A-PORTER S'INSTALLE AU MAROC ! - MEDIA PLATEFORME | FR","isPartOf":{"@id":"https:\/\/www.mediaplateforme.com\/fr\/#website"},"datePublished":"2023-11-27T10:40:19+00:00","dateModified":"2023-11-27T10:42:50+00:00","author":{"@id":"https:\/\/www.mediaplateforme.com\/fr\/#\/schema\/person\/89833db382b5db2c76b094bc902aa12a"},"description":"OVS a ouvert les portes de son premier magasin au Maroc le 25 novembre 2023, \u00e0 Marina Shopping \u00e0 Casablanca.","breadcrumb":{"@id":"https:\/\/www.mediaplateforme.com\/fr\/ovs-au-maroc\/#breadcrumb"},"inLanguage":"fr-FR","potentialAction":[{"@type":"ReadAction","target":["https:\/\/www.mediaplateforme.com\/fr\/ovs-au-maroc\/"]}]},{"@type":"BreadcrumbList","@id":"https:\/\/www.mediaplateforme.com\/fr\/ovs-au-maroc\/#breadcrumb","itemListElement":[{"@type":"ListItem","position":1,"name":"\u0627\u0644\u0631\u0626\u064a\u0633\u064a\u0629","item":"https:\/\/www.mediaplateforme.com\/fr\/"},{"@type":"ListItem","position":2,"name":"OVS LA MARQUE LEADER ITALIENNE DE PR\u00caT-A-PORTER S&#8217;INSTALLE AU MAROC !"}]},{"@type":"WebSite","@id":"https:\/\/www.mediaplateforme.com\/fr\/#website","url":"https:\/\/www.mediaplateforme.com\/fr\/","name":"MEDIA PLATEFORME | FR","description":"Mediaplateforme sp\u00e9cialis\u00e9 dans la communication institutions publiques et des entreprises","potentialAction":[{"@type":"SearchAction","target":{"@type":"EntryPoint","urlTemplate":"https:\/\/www.mediaplateforme.com\/fr\/?s={search_term_string}"},"query-input":"required name=search_term_string"}],"inLanguage":"fr-FR"},{"@type":"Person","@id":"https:\/\/www.mediaplateforme.com\/fr\/#\/schema\/person\/89833db382b5db2c76b094bc902aa12a","name":"Mediaplateforme","image":{"@type":"ImageObject","inLanguage":"fr-FR","@id":"https:\/\/www.mediaplateforme.com\/fr\/#\/schema\/person\/image\/","url":"https:\/\/secure.gravatar.com\/avatar\/6c9c02e8928cc65d54bf75157f7b3a2d06d7ad0494ca0951f679552ff03b34c1?s=96&d=mm&r=g","contentUrl":"https:\/\/secure.gravatar.com\/avatar\/6c9c02e8928cc65d54bf75157f7b3a2d06d7ad0494ca0951f679552ff03b34c1?s=96&d=mm&r=g","caption":"Mediaplateforme"},"sameAs":["https:\/\/www.mediaplateforme.com"],"url":"https:\/\/www.mediaplateforme.com\/fr\/author\/mohamedladib\/"}]}},"_links":{"self":[{"href":"https:\/\/www.mediaplateforme.com\/fr\/wp-json\/wp\/v2\/posts\/4618","targetHints":{"allow":["GET"]}}],"collection":[{"href":"https:\/\/www.mediaplateforme.com\/fr\/wp-json\/wp\/v2\/posts"}],"about":[{"href":"https:\/\/www.mediaplateforme.com\/fr\/wp-json\/wp\/v2\/types\/post"}],"author":[{"embeddable":true,"href":"https:\/\/www.mediaplateforme.com\/fr\/wp-json\/wp\/v2\/users\/1"}],"replies":[{"embeddable":true,"href":"https:\/\/www.mediaplateforme.com\/fr\/wp-json\/wp\/v2\/comments?post=4618"}],"version-history":[{"count":2,"href":"https:\/\/www.mediaplateforme.com\/fr\/wp-json\/wp\/v2\/posts\/4618\/revisions"}],"predecessor-version":[{"id":4621,"href":"https:\/\/www.mediaplateforme.com\/fr\/wp-json\/wp\/v2\/posts\/4618\/revisions\/4621"}],"wp:featuredmedia":[{"embeddable":true,"href":"https:\/\/www.mediaplateforme.com\/fr\/wp-json\/wp\/v2\/media\/4619"}],"wp:attachment":[{"href":"https:\/\/www.mediaplateforme.com\/fr\/wp-json\/wp\/v2\/media?parent=4618"}],"wp:term":[{"taxonomy":"category","embeddable":true,"href":"https:\/\/www.mediaplateforme.com\/fr\/wp-json\/wp\/v2\/categories?post=4618"},{"taxonomy":"post_tag","embeddable":true,"href":"https:\/\/www.mediaplateforme.com\/fr\/wp-json\/wp\/v2\/tags?post=4618"}],"curies":[{"name":"wp","href":"https:\/\/api.w.org\/{rel}","templated":true}]}}