{"id":4586,"date":"2023-11-21T20:15:55","date_gmt":"2023-11-21T19:15:55","guid":{"rendered":"https:\/\/www.mediaplateforme.com\/fr\/?p=4586"},"modified":"2023-11-21T20:15:55","modified_gmt":"2023-11-21T19:15:55","slug":"1ere-edition-du-cyber-security-day-au-maroc-une-initiative-de-cyberforces-en-partenariat-avec-wavestone","status":"publish","type":"post","link":"https:\/\/www.mediaplateforme.com\/fr\/1ere-edition-du-cyber-security-day-au-maroc-une-initiative-de-cyberforces-en-partenariat-avec-wavestone\/","title":{"rendered":"1\u00e8re \u00e9dition du Cyber Security Day au Maroc :  une initiative de Cyberforces en partenariat avec Wavestone"},"content":{"rendered":"<p style=\"font-weight: 400;\">Cyberforces, l\u2019expert marocain en mati\u00e8re de s\u00e9curit\u00e9 informatique, vient d\u2019organiser, en partenariat avec le cabinet de conseil Wavestone, la 1<sup>\u00e8re<\/sup>\u00a0\u00e9dition de l\u2019\u00e9v\u00e9nement \u00ab\u00a0Cyber Security Day\u00a0\u00bb.\u00a0Orient\u00e9 autour de la th\u00e9matique\u00a0: \u00ab\u00a0<em>Enjeux et perspectives d\u2019une r\u00e9silience num\u00e9rique au Maroc<\/em>\u00a0\u00bb, l\u2019\u00e9v\u00e9nement, qui a eu lieu le 21 novembre \u00e0 Casablanca, a permis de rassembler plusieurs invit\u00e9s de renom qui sont venus d\u00e9battre et \u00e9changer autour de la question de la r\u00e9silience num\u00e9rique des institutions priv\u00e9es et publiques.\u00a0L\u2019objectif \u00e9tant de partager les retours d\u2019exp\u00e9rience et les feedbacks sur la th\u00e9matique f\u00e9d\u00e9ratrice de la cybers\u00e9curit\u00e9.<\/p>\n<p style=\"font-weight: 400;\">Apr\u00e8s avoir pr\u00e9sent\u00e9 ses remerciements aux participants, mais aussi aux partenaires de l\u2019\u00e9v\u00e9nement parmi lesquels Wavestone, Fortinet, Netscout, IDC et Dell Technologies, Reda Bakkali, Pr\u00e9sident Directeur G\u00e9n\u00e9ral du Groupe Ineos Cyberforces organisateur de l\u2019\u00e9v\u00e9nement, a d\u00e9clar\u00e9 lors du discours d\u2019ouverture\u00a0: \u00ab\u00a0<em>Le <a href=\"https:\/\/www.mediaplateforme.com\/fr\/kaspersky-signale-une-hausse-des-cyberattaques-contre-les-gamers-en-2023\/\">Cyber Security<\/a> Day est le 1er colloque enti\u00e8rement d\u00e9di\u00e9 \u00e0 l&rsquo;\u00e9tat de l&rsquo;art, aux enjeux et aux d\u00e9fis li\u00e9s \u00e0 la cybers\u00e9curit\u00e9. L\u2019\u00e9v\u00e9nement<\/em><em>, qui en est \u00e0 sa 1<sup>\u00e8re<\/sup>\u00a0\u00e9dition et qui rassemble des experts et des acteurs de renom, sera dupliqu\u00e9 dans les ann\u00e9es \u00e0 venir\u00a0<\/em>\u00bb.<\/p>\n<h4><em>La cybers\u00e9curit\u00e9 <\/em><\/h4>\n<p style=\"font-weight: 400;\">Reda Bakkali n\u2019a pas manqu\u00e9 de rappeler que le monde avait d\u00e9sormais franchi la barre symbolique des 1000 milliards de dollars, soit 1% du PIB mondial. \u00ab\u00a0<em>La cybers\u00e9curit\u00e9 est<\/em>\u00a0<em>d\u00e9sormais<\/em>\u00a0<em>devenue<\/em>\u00a0<em>un sujet global et transversal qui impose un v\u00e9ritable changement de paradigmes. Le Maroc, pays en plein essor sur la sc\u00e8ne num\u00e9rique, joue un r\u00f4le continental en termes de cybers\u00e9curit\u00e9. Le Royaume a modernis\u00e9 son infrastructure et a accentu\u00e9 sa r\u00e9silience en mati\u00e8re de cybers\u00e9curit\u00e9. Cependant, le Maroc demeure, selon Interpole, le pays africain qui a, cette ann\u00e9e, subi le plus de cyber-attaques\u00a0<\/em>\u00bb a-t-il ajout\u00e9.<\/p>\n<p style=\"font-weight: 400;\">Pour sa part Shilpi Handa, Associate Research Director aupr\u00e8s de l\u2019International Data Corporation,\u00a0a partag\u00e9 plusieurs chiffres int\u00e9ressants autour de la ventilation des cyber-attaques au Maroc et en Afrique. \u00ab\u00a0<em>Beaucoup de pays africains, dont notamment le Maroc, le Kenya et l\u2019Afrique du Sud, restent massivement sujets \u00e0 des cyber-attaques de tout genre.<\/em> Le secteur public, celui des banques, mais aussi celui des t\u00e9l\u00e9coms et de l\u2019industrie, demeurent les secteurs les plus vis\u00e9s par les cyber-attaques\u00a0 En f\u00e9vrier dernier, les banques marocaines avaient alert\u00e9 leurs clients au sujet d\u2019\u00e9ventuelles attaques de phishing par SMS.\u00bb.\u00a0Parmi les solutions retenues \u00e0 la suite de cette pr\u00e9sentation, une meilleure r\u00e9partition du budget r\u00e9serv\u00e9 \u00e0 la s\u00e9curit\u00e9 cloud, mais aussi une plus grande consolidation de ce budget, avec un investissement plus important dans le d\u00e9veloppement de l\u2019infrastructure doubl\u00e9 d\u2019un meilleur mix des technologies existantes notamment \u00e0 l\u2019\u00e8re de l\u2019IA et l\u2019utilisation d\u2019un langage m\u00e9tier plus pr\u00e9cis.<\/p>\n<p>&nbsp;<\/p>\n<h4>Cyberforces<\/h4>\n<p style=\"font-weight: 400;\">\n<p style=\"font-weight: 400;\">De son c\u00f4t\u00e9, Fr\u00e9d\u00e9ric Goux, Cyber Security Partner aupr\u00e8s de Wavestone, est revenu sur la note de maturit\u00e9 globale qui a \u00e9t\u00e9 sujette, cette ann\u00e9e, \u00e0 une hausse de 3 points par rapport \u00e0 2022, passant ainsi \u00e0 49 sur 100 en 2023.<\/p>\n<p style=\"font-weight: 400;\">\u00ab\u00a0<em>Aujourd\u2019hui, de plus en plus d\u2019entreprises et d\u2019acteurs publics ont pris conscience de l\u2019importance de se pr\u00e9munir contre les cyber-attaques. et commencent \u00e0 consacrer pas moins de 5% de leur budget IT \u00e0 la cybers\u00e9curit\u00e9. dont les attaques restent essentiellement opportunistes, puisqu\u2019elles visent surtout les structures petites et sont suivies de menaces de diffusion publique des donn\u00e9es<\/em>\u00a0\u00bb.<\/p>\n<p style=\"font-weight: 400;\">Les pan\u00e9listes pr\u00e9sents ont \u00e9t\u00e9 unanimes pour d\u00e9noncer la complexit\u00e9 des syst\u00e8mes et des process informatiques. ils ont tous r\u00e9it\u00e9r\u00e9 en ch\u0153ur la maxime suivante : \u00ab<em>\u00a0la<\/em>\u00a0<em>complexit\u00e9 est l\u2019ennemi num\u00e9ro 1 de la cybers\u00e9curit\u00e9<\/em>\u00a0\u00bb.<\/p>\n<p style=\"font-weight: 400;\">Plusieurs r\u00e9flexions, keynotes et retours d\u2019exp\u00e9rience autour notamment de l\u2019implantation d\u2019un malware au sein d\u2019un organisme d\u2019int\u00e9r\u00eat vital, ont pu \u00e9galement \u00eatre partag\u00e9s avec l\u2019auditoire.<\/p>\n<p style=\"font-weight: 400;\">A noter enfin que la seconde partie de la journ\u00e9e a \u00e9t\u00e9 r\u00e9serv\u00e9e aux ateliers pratiques anim\u00e9s par Dell, Netscout et Fortinet. Ces workshops, qui ont \u00e9t\u00e9 suivis de visites instructives des diff\u00e9rents stands mis en place \u00e0 cette occasion. ont permis aux participants d\u2019explorer les toutes derni\u00e8res innovations et produits en mati\u00e8re de cybers\u00e9curit\u00e9.<\/p>\n","protected":false},"excerpt":{"rendered":"<p>Cyberforces, l\u2019expert marocain en mati\u00e8re de s\u00e9curit\u00e9 informatique, vient d\u2019organiser, en partenariat avec le cabinet<\/p>\n","protected":false},"author":1,"featured_media":4587,"comment_status":"open","ping_status":"open","sticky":false,"template":"","format":"standard","meta":{"_acf_changed":false,"footnotes":""},"categories":[5,3],"tags":[1495,1493,1494],"class_list":["post-4586","post","type-post","status-publish","format-standard","has-post-thumbnail","hentry","category-tech","category-nouvelles-selectionnees","tag-cyber-security-day","tag-cyberforces","tag-wavestone"],"acf":[],"yoast_head":"<!-- This site is optimized with the Yoast SEO plugin v22.0 - https:\/\/yoast.com\/wordpress\/plugins\/seo\/ -->\n<title>1\u00e8re \u00e9dition du Cyber Security Day au Maroc : une initiative de Cyberforces en partenariat avec Wavestone - MEDIA PLATEFORME | FR<\/title>\n<meta name=\"description\" content=\"Cyberforces, Wavestone, la 1\u00e8re\u00a0\u00e9dition de l\u2019\u00e9v\u00e9nement \u00ab\u00a0Cyber Security Day\u00a0\u00bb.\u00a0Orient\u00e9 \u00a0: \u00ab\u00a0Enjeux et perspectives \u00bb, de la cybers\u00e9curit\u00e9.\" \/>\n<meta name=\"robots\" content=\"index, follow, max-snippet:-1, max-image-preview:large, max-video-preview:-1\" \/>\n<link rel=\"canonical\" href=\"https:\/\/www.mediaplateforme.com\/fr\/1ere-edition-du-cyber-security-day-au-maroc-une-initiative-de-cyberforces-en-partenariat-avec-wavestone\/\" \/>\n<meta property=\"og:locale\" content=\"fr_FR\" \/>\n<meta property=\"og:type\" content=\"article\" \/>\n<meta property=\"og:title\" content=\"1\u00e8re \u00e9dition du Cyber Security Day au Maroc : une initiative de Cyberforces en partenariat avec Wavestone - MEDIA PLATEFORME | FR\" \/>\n<meta property=\"og:description\" content=\"Cyberforces, Wavestone, la 1\u00e8re\u00a0\u00e9dition de l\u2019\u00e9v\u00e9nement \u00ab\u00a0Cyber Security Day\u00a0\u00bb.\u00a0Orient\u00e9 \u00a0: \u00ab\u00a0Enjeux et perspectives \u00bb, de la cybers\u00e9curit\u00e9.\" \/>\n<meta property=\"og:url\" content=\"https:\/\/www.mediaplateforme.com\/fr\/1ere-edition-du-cyber-security-day-au-maroc-une-initiative-de-cyberforces-en-partenariat-avec-wavestone\/\" \/>\n<meta property=\"og:site_name\" content=\"MEDIA PLATEFORME | FR\" \/>\n<meta property=\"article:published_time\" content=\"2023-11-21T19:15:55+00:00\" \/>\n<meta property=\"og:image\" content=\"https:\/\/www.mediaplateforme.com\/fr\/wp-content\/uploads\/sites\/5\/2023\/11\/DSC_3317.jpg\" \/>\n\t<meta property=\"og:image:width\" content=\"2000\" \/>\n\t<meta property=\"og:image:height\" content=\"1261\" \/>\n\t<meta property=\"og:image:type\" content=\"image\/jpeg\" \/>\n<meta name=\"author\" content=\"Mediaplateforme\" \/>\n<meta name=\"twitter:card\" content=\"summary_large_image\" \/>\n<meta name=\"twitter:label1\" content=\"\u00c9crit par\" \/>\n\t<meta name=\"twitter:data1\" content=\"Mediaplateforme\" \/>\n\t<meta name=\"twitter:label2\" content=\"Dur\u00e9e de lecture estim\u00e9e\" \/>\n\t<meta name=\"twitter:data2\" content=\"4 minutes\" \/>\n<script type=\"application\/ld+json\" class=\"yoast-schema-graph\">{\"@context\":\"https:\/\/schema.org\",\"@graph\":[{\"@type\":\"WebPage\",\"@id\":\"https:\/\/www.mediaplateforme.com\/fr\/1ere-edition-du-cyber-security-day-au-maroc-une-initiative-de-cyberforces-en-partenariat-avec-wavestone\/\",\"url\":\"https:\/\/www.mediaplateforme.com\/fr\/1ere-edition-du-cyber-security-day-au-maroc-une-initiative-de-cyberforces-en-partenariat-avec-wavestone\/\",\"name\":\"1\u00e8re \u00e9dition du Cyber Security Day au Maroc : une initiative de Cyberforces en partenariat avec Wavestone - MEDIA PLATEFORME | FR\",\"isPartOf\":{\"@id\":\"https:\/\/www.mediaplateforme.com\/fr\/#website\"},\"datePublished\":\"2023-11-21T19:15:55+00:00\",\"dateModified\":\"2023-11-21T19:15:55+00:00\",\"author\":{\"@id\":\"https:\/\/www.mediaplateforme.com\/fr\/#\/schema\/person\/89833db382b5db2c76b094bc902aa12a\"},\"description\":\"Cyberforces, Wavestone, la 1\u00e8re\u00a0\u00e9dition de l\u2019\u00e9v\u00e9nement \u00ab\u00a0Cyber Security Day\u00a0\u00bb.\u00a0Orient\u00e9 \u00a0: \u00ab\u00a0Enjeux et perspectives \u00bb, de la cybers\u00e9curit\u00e9.\",\"breadcrumb\":{\"@id\":\"https:\/\/www.mediaplateforme.com\/fr\/1ere-edition-du-cyber-security-day-au-maroc-une-initiative-de-cyberforces-en-partenariat-avec-wavestone\/#breadcrumb\"},\"inLanguage\":\"fr-FR\",\"potentialAction\":[{\"@type\":\"ReadAction\",\"target\":[\"https:\/\/www.mediaplateforme.com\/fr\/1ere-edition-du-cyber-security-day-au-maroc-une-initiative-de-cyberforces-en-partenariat-avec-wavestone\/\"]}]},{\"@type\":\"BreadcrumbList\",\"@id\":\"https:\/\/www.mediaplateforme.com\/fr\/1ere-edition-du-cyber-security-day-au-maroc-une-initiative-de-cyberforces-en-partenariat-avec-wavestone\/#breadcrumb\",\"itemListElement\":[{\"@type\":\"ListItem\",\"position\":1,\"name\":\"\u0627\u0644\u0631\u0626\u064a\u0633\u064a\u0629\",\"item\":\"https:\/\/www.mediaplateforme.com\/fr\/\"},{\"@type\":\"ListItem\",\"position\":2,\"name\":\"1\u00e8re \u00e9dition du Cyber Security Day au Maroc : une initiative de Cyberforces en partenariat avec Wavestone\"}]},{\"@type\":\"WebSite\",\"@id\":\"https:\/\/www.mediaplateforme.com\/fr\/#website\",\"url\":\"https:\/\/www.mediaplateforme.com\/fr\/\",\"name\":\"MEDIA PLATEFORME | FR\",\"description\":\"Mediaplateforme sp\u00e9cialis\u00e9 dans la communication institutions publiques et des entreprises\",\"potentialAction\":[{\"@type\":\"SearchAction\",\"target\":{\"@type\":\"EntryPoint\",\"urlTemplate\":\"https:\/\/www.mediaplateforme.com\/fr\/?s={search_term_string}\"},\"query-input\":\"required name=search_term_string\"}],\"inLanguage\":\"fr-FR\"},{\"@type\":\"Person\",\"@id\":\"https:\/\/www.mediaplateforme.com\/fr\/#\/schema\/person\/89833db382b5db2c76b094bc902aa12a\",\"name\":\"Mediaplateforme\",\"image\":{\"@type\":\"ImageObject\",\"inLanguage\":\"fr-FR\",\"@id\":\"https:\/\/www.mediaplateforme.com\/fr\/#\/schema\/person\/image\/\",\"url\":\"https:\/\/secure.gravatar.com\/avatar\/6c9c02e8928cc65d54bf75157f7b3a2d06d7ad0494ca0951f679552ff03b34c1?s=96&d=mm&r=g\",\"contentUrl\":\"https:\/\/secure.gravatar.com\/avatar\/6c9c02e8928cc65d54bf75157f7b3a2d06d7ad0494ca0951f679552ff03b34c1?s=96&d=mm&r=g\",\"caption\":\"Mediaplateforme\"},\"sameAs\":[\"https:\/\/www.mediaplateforme.com\"],\"url\":\"https:\/\/www.mediaplateforme.com\/fr\/author\/mohamedladib\/\"}]}<\/script>\n<!-- \/ Yoast SEO plugin. -->","yoast_head_json":{"title":"1\u00e8re \u00e9dition du Cyber Security Day au Maroc : une initiative de Cyberforces en partenariat avec Wavestone - MEDIA PLATEFORME | FR","description":"Cyberforces, Wavestone, la 1\u00e8re\u00a0\u00e9dition de l\u2019\u00e9v\u00e9nement \u00ab\u00a0Cyber Security Day\u00a0\u00bb.\u00a0Orient\u00e9 \u00a0: \u00ab\u00a0Enjeux et perspectives \u00bb, de la cybers\u00e9curit\u00e9.","robots":{"index":"index","follow":"follow","max-snippet":"max-snippet:-1","max-image-preview":"max-image-preview:large","max-video-preview":"max-video-preview:-1"},"canonical":"https:\/\/www.mediaplateforme.com\/fr\/1ere-edition-du-cyber-security-day-au-maroc-une-initiative-de-cyberforces-en-partenariat-avec-wavestone\/","og_locale":"fr_FR","og_type":"article","og_title":"1\u00e8re \u00e9dition du Cyber Security Day au Maroc : une initiative de Cyberforces en partenariat avec Wavestone - MEDIA PLATEFORME | FR","og_description":"Cyberforces, Wavestone, la 1\u00e8re\u00a0\u00e9dition de l\u2019\u00e9v\u00e9nement \u00ab\u00a0Cyber Security Day\u00a0\u00bb.\u00a0Orient\u00e9 \u00a0: \u00ab\u00a0Enjeux et perspectives \u00bb, de la cybers\u00e9curit\u00e9.","og_url":"https:\/\/www.mediaplateforme.com\/fr\/1ere-edition-du-cyber-security-day-au-maroc-une-initiative-de-cyberforces-en-partenariat-avec-wavestone\/","og_site_name":"MEDIA PLATEFORME | FR","article_published_time":"2023-11-21T19:15:55+00:00","og_image":[{"width":2000,"height":1261,"url":"https:\/\/www.mediaplateforme.com\/fr\/wp-content\/uploads\/sites\/5\/2023\/11\/DSC_3317.jpg","type":"image\/jpeg"}],"author":"Mediaplateforme","twitter_card":"summary_large_image","twitter_misc":{"\u00c9crit par":"Mediaplateforme","Dur\u00e9e de lecture estim\u00e9e":"4 minutes"},"schema":{"@context":"https:\/\/schema.org","@graph":[{"@type":"WebPage","@id":"https:\/\/www.mediaplateforme.com\/fr\/1ere-edition-du-cyber-security-day-au-maroc-une-initiative-de-cyberforces-en-partenariat-avec-wavestone\/","url":"https:\/\/www.mediaplateforme.com\/fr\/1ere-edition-du-cyber-security-day-au-maroc-une-initiative-de-cyberforces-en-partenariat-avec-wavestone\/","name":"1\u00e8re \u00e9dition du Cyber Security Day au Maroc : une initiative de Cyberforces en partenariat avec Wavestone - MEDIA PLATEFORME | FR","isPartOf":{"@id":"https:\/\/www.mediaplateforme.com\/fr\/#website"},"datePublished":"2023-11-21T19:15:55+00:00","dateModified":"2023-11-21T19:15:55+00:00","author":{"@id":"https:\/\/www.mediaplateforme.com\/fr\/#\/schema\/person\/89833db382b5db2c76b094bc902aa12a"},"description":"Cyberforces, Wavestone, la 1\u00e8re\u00a0\u00e9dition de l\u2019\u00e9v\u00e9nement \u00ab\u00a0Cyber Security Day\u00a0\u00bb.\u00a0Orient\u00e9 \u00a0: \u00ab\u00a0Enjeux et perspectives \u00bb, de la cybers\u00e9curit\u00e9.","breadcrumb":{"@id":"https:\/\/www.mediaplateforme.com\/fr\/1ere-edition-du-cyber-security-day-au-maroc-une-initiative-de-cyberforces-en-partenariat-avec-wavestone\/#breadcrumb"},"inLanguage":"fr-FR","potentialAction":[{"@type":"ReadAction","target":["https:\/\/www.mediaplateforme.com\/fr\/1ere-edition-du-cyber-security-day-au-maroc-une-initiative-de-cyberforces-en-partenariat-avec-wavestone\/"]}]},{"@type":"BreadcrumbList","@id":"https:\/\/www.mediaplateforme.com\/fr\/1ere-edition-du-cyber-security-day-au-maroc-une-initiative-de-cyberforces-en-partenariat-avec-wavestone\/#breadcrumb","itemListElement":[{"@type":"ListItem","position":1,"name":"\u0627\u0644\u0631\u0626\u064a\u0633\u064a\u0629","item":"https:\/\/www.mediaplateforme.com\/fr\/"},{"@type":"ListItem","position":2,"name":"1\u00e8re \u00e9dition du Cyber Security Day au Maroc : une initiative de Cyberforces en partenariat avec Wavestone"}]},{"@type":"WebSite","@id":"https:\/\/www.mediaplateforme.com\/fr\/#website","url":"https:\/\/www.mediaplateforme.com\/fr\/","name":"MEDIA PLATEFORME | FR","description":"Mediaplateforme sp\u00e9cialis\u00e9 dans la communication institutions publiques et des entreprises","potentialAction":[{"@type":"SearchAction","target":{"@type":"EntryPoint","urlTemplate":"https:\/\/www.mediaplateforme.com\/fr\/?s={search_term_string}"},"query-input":"required name=search_term_string"}],"inLanguage":"fr-FR"},{"@type":"Person","@id":"https:\/\/www.mediaplateforme.com\/fr\/#\/schema\/person\/89833db382b5db2c76b094bc902aa12a","name":"Mediaplateforme","image":{"@type":"ImageObject","inLanguage":"fr-FR","@id":"https:\/\/www.mediaplateforme.com\/fr\/#\/schema\/person\/image\/","url":"https:\/\/secure.gravatar.com\/avatar\/6c9c02e8928cc65d54bf75157f7b3a2d06d7ad0494ca0951f679552ff03b34c1?s=96&d=mm&r=g","contentUrl":"https:\/\/secure.gravatar.com\/avatar\/6c9c02e8928cc65d54bf75157f7b3a2d06d7ad0494ca0951f679552ff03b34c1?s=96&d=mm&r=g","caption":"Mediaplateforme"},"sameAs":["https:\/\/www.mediaplateforme.com"],"url":"https:\/\/www.mediaplateforme.com\/fr\/author\/mohamedladib\/"}]}},"_links":{"self":[{"href":"https:\/\/www.mediaplateforme.com\/fr\/wp-json\/wp\/v2\/posts\/4586","targetHints":{"allow":["GET"]}}],"collection":[{"href":"https:\/\/www.mediaplateforme.com\/fr\/wp-json\/wp\/v2\/posts"}],"about":[{"href":"https:\/\/www.mediaplateforme.com\/fr\/wp-json\/wp\/v2\/types\/post"}],"author":[{"embeddable":true,"href":"https:\/\/www.mediaplateforme.com\/fr\/wp-json\/wp\/v2\/users\/1"}],"replies":[{"embeddable":true,"href":"https:\/\/www.mediaplateforme.com\/fr\/wp-json\/wp\/v2\/comments?post=4586"}],"version-history":[{"count":1,"href":"https:\/\/www.mediaplateforme.com\/fr\/wp-json\/wp\/v2\/posts\/4586\/revisions"}],"predecessor-version":[{"id":4588,"href":"https:\/\/www.mediaplateforme.com\/fr\/wp-json\/wp\/v2\/posts\/4586\/revisions\/4588"}],"wp:featuredmedia":[{"embeddable":true,"href":"https:\/\/www.mediaplateforme.com\/fr\/wp-json\/wp\/v2\/media\/4587"}],"wp:attachment":[{"href":"https:\/\/www.mediaplateforme.com\/fr\/wp-json\/wp\/v2\/media?parent=4586"}],"wp:term":[{"taxonomy":"category","embeddable":true,"href":"https:\/\/www.mediaplateforme.com\/fr\/wp-json\/wp\/v2\/categories?post=4586"},{"taxonomy":"post_tag","embeddable":true,"href":"https:\/\/www.mediaplateforme.com\/fr\/wp-json\/wp\/v2\/tags?post=4586"}],"curies":[{"name":"wp","href":"https:\/\/api.w.org\/{rel}","templated":true}]}}