{"id":4573,"date":"2023-11-20T13:15:12","date_gmt":"2023-11-20T12:15:12","guid":{"rendered":"https:\/\/www.mediaplateforme.com\/fr\/?p=4573"},"modified":"2023-11-20T13:15:12","modified_gmt":"2023-11-20T12:15:12","slug":"huawei-partenaire-privilegie-de-la-15eme-edition-du-forum-medays","status":"publish","type":"post","link":"https:\/\/www.mediaplateforme.com\/fr\/huawei-partenaire-privilegie-de-la-15eme-edition-du-forum-medays\/","title":{"rendered":"Huawei partenaire privil\u00e9gi\u00e9 de la 15\u00e8me \u00c9dition du Forum MEDays"},"content":{"rendered":"<p style=\"font-weight: 400;\">R\u00e9solument engag\u00e9 en faveur de la transformation digitale, <a href=\"https:\/\/www.mediaplateforme.com\/fr\/huawei-maroc-reitere-son-engagement-en-faveur-de-la-formation-tic-en-lancant-la-1ere-edition-de-levenement-inedit-instructor-summit\/\">Huawei Maroc<\/a> prend part, en tant que partenaire privil\u00e9gi\u00e9, \u00e0 la 15\u00e8me Edition du Forum MEDays organis\u00e9e par l\u2019Institut Amadeus, tenue sous le Haut Patronage de Sa Majest\u00e9 le Roi Mohammed VI, du 15 au 18 novembre \u00e0 Tanger. Cette \u00e9dition in\u00e9dite s\u2019est articul\u00e9e autour de la th\u00e9matique transversale suivante : \u00ab\u00a0Polycrise, Polymonde ? \u00bb et a \u00e9t\u00e9 l\u2019occasion de d\u00e9battre des principaux sujets g\u00e9opolitiques, \u00e9conomiques et sociaux qui agitent la plan\u00e8te.<\/p>\n<p style=\"font-weight: 400;\">Le Forum MEDays est consid\u00e9r\u00e9 par de nombreux\u00a0observateurs comme le Davos africain et une plate-forme de promotion de la coop\u00e9ration Sud-Sud et de la conceptualisation d\u2019une nouvelle forme de coop\u00e9ration, \u00e0 savoir la coop\u00e9ration Sud-Nord.<\/p>\n<p style=\"font-weight: 400;\">Plus de 5000 participants ont r\u00e9pondus pr\u00e9sents \u00e0 cet \u00e9v\u00e9nement de premier plan au programme duquel \u00e9taient pr\u00e9vus des keynotes, mais aussi des tables rondes anim\u00e9es par des experts nationaux et internationaux dont plus de 200 leaders politiques et \u00e9conomiques mondiaux. Huawei, repr\u00e9sent\u00e9 par M. Ahmed ROUIZEM, Solution Director \u00a0Digital Power chez Huawei, a pris part \u00e0 la table ronde intitul\u00e9e\u00a0\u00ab\u00a0\u00c9nergies renouvelables en tant que moteur de croissance \u00e9conomique durable\u00a0\u00bb. Cette session a permis de souligner le r\u00f4le pionnier de \u00a0Huawei qui va bien au-del\u00e0 de sa position strat\u00e9gique d\u2019\u00e9quipementier de premier rang au Maroc mais se distingue aussi par ses orientations fortes pour une \u00e9conomie verte, digitale et\u00a0inclusive.<\/p>\n<p style=\"font-weight: 400;\">Au terme de cette table ronde, M. Ahmed ROUIZEM a mis en avant l\u2019engagement de l\u2019entreprise envers cinq axes strat\u00e9giques majeurs. Capitalisant sur son savoir-faire et son expertise, Huawei mise sur l&rsquo;am\u00e9lioration de la connectivit\u00e9, notamment via la 5G, et le d\u00e9veloppement de plateformes Cloud et datacenters r\u00e9silientes pour propulseur l&rsquo;\u00e9conomie num\u00e9rique nationale vers l\u2019avant. Huawei s\u2019engage \u00e9galement \u00a0\u00e0 contribuer \u00e0 la formation des talents dans le secteur des TIC, un levier essentiel pour le d\u00e9veloppement du secteur \u00e0 l\u2019\u00e9chelle nationale et continentale. Il est important de noter qu\u2019en Afrique, Huawei a form\u00e9, plus de 120 000 talents en TIC depuis 2019. Par ailleurs, Huawei s&rsquo;investit dans le d\u00e9veloppement d&rsquo;un \u00e9cosyst\u00e8me industriel local dynamique et promeut activement la d\u00e9carbonation \u00e0 travers des solutions solaires innovantes. Ces orientations strat\u00e9giques refl\u00e8tent la\u00a0philosophie globale du devenir de l&rsquo;entreprise et sa vision pour une croissance durable et une transformation num\u00e9rique inclusive.<\/p>\n<p style=\"font-weight: 400;\">Forte des succ\u00e8s des pr\u00e9c\u00e9dentes \u00e9ditions, la session 2023 de ce rendez-vous annuel incontournable a trait\u00e9 des multiples crises et des enjeux complexes auxquels le monde est confront\u00e9, mettant en lumi\u00e8re des pistes de r\u00e9flexion \u00e0 m\u00eame d\u2019apporter des r\u00e9ponses innovantes, multidimensionnelles et adapt\u00e9es pour faire face aux probl\u00e9matiques de l&rsquo;\u00e8re actuelle, faisant ainsi, une nouvelle fois, du Forum MEDays une plateforme de solutions et d\u2019expertises crois\u00e9es d\u2019envergure internationale.<\/p>\n<p style=\"font-weight: 400;\">Dans le cadre de cette initiative, M. Ahmed ROUIZEM, Solution Director \u00a0Digital Power chez Huawei, \u00a0a d\u00e9clar\u00e9:\u00a0<strong>\u00ab Huawei est ravi de prendre part, en tant que partenaire privil\u00e9gi\u00e9, \u00e0 la 15\u00e8me Edition du Forum MEDays,\u00a0 un \u00e9v\u00e9nement qui est devenu incontournable sur la sc\u00e8ne internationale. A travers cette participation, notre entreprise r\u00e9it\u00e8re son engagement p\u00e9renne \u00e0 soutenir le rayonnement du Maroc et \u00e0 apporter sa pierre \u00e0 l\u2019\u00e9difice du d\u00e9veloppement de l\u2019\u00e9cosyst\u00e8me digital national. Convaincu que l\u2019essor d\u2019une \u00e9conomie num\u00e9rique durable et inclusive pourrait assurer une croissance de deux fois et demie le PIB \u00e0 l\u2019horizon 2035, Huawei s\u2019engage inlassablement au service d\u2019un \u00e9cosyst\u00e8me industriel plus performant et plus robuste, pouvant offrir des perspectives uniques en mati\u00e8re de d\u00e9veloppement technologique, \u00e9conomique et social. \u00bb<\/strong><\/p>\n<p style=\"font-weight: 400;\"><strong>\u00a0<\/strong><\/p>\n<p style=\"font-weight: 400;\">Pour les initiateurs, cette \u00e9dition se veut un catalyseur pour discuter de nombreuses th\u00e9matiques globales, notamment les menaces qui p\u00e8sent sur la croissance mondiale et le dynamisme du commerce international, mais \u00e9galement sur les d\u00e9fis s\u00e9curitaires, les complexit\u00e9s du dialogue politique Nord-Sud et sur les mouvements des soci\u00e9t\u00e9s civiles observ\u00e9es dans les pays du Nord et du Sud, d\u00e9battus et analys\u00e9s sous l\u2019angle du renforcement des relations Sud-Sud.<\/p>\n<p style=\"font-weight: 400;\">\n<p style=\"font-weight: 400;\">Cette initiative s\u2019inscrit en droite ligne avec les engagements de Huawei en faveur du d\u00e9veloppement de la transformation digitale et des \u00e9nergies renouvelables, mat\u00e9rialis\u00e9s notamment au travers de la signature de deux M\u00e9morandums d\u2019Entente avec la R\u00e9gion de Guelmim Oued-Noun en Octobre dernier. Ces accords scellent l\u2019engagement de Huawei et de la r\u00e9gion de Guelmim Oued-Noun pour un avenir innovant et durable, et illustrent leur d\u00e9termination \u00e0 travailler ensemble pour le progr\u00e8s socio-\u00e9conomique du Maroc.<\/p>\n<p style=\"font-weight: 400;\"><strong>Huawei se veut un partenaire strat\u00e9gique de la transformation num\u00e9rique du Maroc et s\u2019engage \u00e0 soutenir des initiatives nationales structurantes, \u00e0 l\u2019instar du Forum MEDays.<\/strong><\/p>\n","protected":false},"excerpt":{"rendered":"<p>R\u00e9solument engag\u00e9 en faveur de la transformation digitale, Huawei Maroc prend part, en tant que<\/p>\n","protected":false},"author":1,"featured_media":4574,"comment_status":"open","ping_status":"open","sticky":false,"template":"","format":"standard","meta":{"_acf_changed":false,"footnotes":""},"categories":[2,3],"tags":[456,1485],"class_list":["post-4573","post","type-post","status-publish","format-standard","has-post-thumbnail","hentry","category-nouvelles","category-nouvelles-selectionnees","tag-huawei-maroc","tag-medays"],"acf":[],"yoast_head":"<!-- This site is optimized with the Yoast SEO plugin v22.0 - https:\/\/yoast.com\/wordpress\/plugins\/seo\/ -->\n<title>Huawei partenaire privil\u00e9gi\u00e9 de la 15\u00e8me \u00c9dition du Forum MEDays - MEDIA PLATEFORME | FR<\/title>\n<meta name=\"description\" content=\"R\u00e9solument engag\u00e9 en faveur de la transformation digitale, Huawei Maroc prend part, en tant que partenaire privil\u00e9gi\u00e9, \u00e0 la MEDays\" \/>\n<meta name=\"robots\" content=\"index, follow, max-snippet:-1, max-image-preview:large, max-video-preview:-1\" \/>\n<link rel=\"canonical\" href=\"https:\/\/www.mediaplateforme.com\/fr\/huawei-partenaire-privilegie-de-la-15eme-edition-du-forum-medays\/\" \/>\n<meta property=\"og:locale\" content=\"fr_FR\" \/>\n<meta property=\"og:type\" content=\"article\" \/>\n<meta property=\"og:title\" content=\"Huawei partenaire privil\u00e9gi\u00e9 de la 15\u00e8me \u00c9dition du Forum MEDays - MEDIA PLATEFORME | FR\" \/>\n<meta property=\"og:description\" content=\"R\u00e9solument engag\u00e9 en faveur de la transformation digitale, Huawei Maroc prend part, en tant que partenaire privil\u00e9gi\u00e9, \u00e0 la MEDays\" \/>\n<meta property=\"og:url\" content=\"https:\/\/www.mediaplateforme.com\/fr\/huawei-partenaire-privilegie-de-la-15eme-edition-du-forum-medays\/\" \/>\n<meta property=\"og:site_name\" content=\"MEDIA PLATEFORME | FR\" \/>\n<meta property=\"article:published_time\" content=\"2023-11-20T12:15:12+00:00\" \/>\n<meta property=\"og:image\" content=\"https:\/\/www.mediaplateforme.com\/fr\/wp-content\/uploads\/sites\/5\/2023\/11\/20231116-165248WeLinkPC.jpg\" \/>\n\t<meta property=\"og:image:width\" content=\"1024\" \/>\n\t<meta property=\"og:image:height\" content=\"768\" \/>\n\t<meta property=\"og:image:type\" content=\"image\/jpeg\" \/>\n<meta name=\"author\" content=\"Mediaplateforme\" \/>\n<meta name=\"twitter:card\" content=\"summary_large_image\" \/>\n<meta name=\"twitter:label1\" content=\"\u00c9crit par\" \/>\n\t<meta name=\"twitter:data1\" content=\"Mediaplateforme\" \/>\n\t<meta name=\"twitter:label2\" content=\"Dur\u00e9e de lecture estim\u00e9e\" \/>\n\t<meta name=\"twitter:data2\" content=\"4 minutes\" \/>\n<script type=\"application\/ld+json\" class=\"yoast-schema-graph\">{\"@context\":\"https:\/\/schema.org\",\"@graph\":[{\"@type\":\"WebPage\",\"@id\":\"https:\/\/www.mediaplateforme.com\/fr\/huawei-partenaire-privilegie-de-la-15eme-edition-du-forum-medays\/\",\"url\":\"https:\/\/www.mediaplateforme.com\/fr\/huawei-partenaire-privilegie-de-la-15eme-edition-du-forum-medays\/\",\"name\":\"Huawei partenaire privil\u00e9gi\u00e9 de la 15\u00e8me \u00c9dition du Forum MEDays - MEDIA PLATEFORME | FR\",\"isPartOf\":{\"@id\":\"https:\/\/www.mediaplateforme.com\/fr\/#website\"},\"datePublished\":\"2023-11-20T12:15:12+00:00\",\"dateModified\":\"2023-11-20T12:15:12+00:00\",\"author\":{\"@id\":\"https:\/\/www.mediaplateforme.com\/fr\/#\/schema\/person\/89833db382b5db2c76b094bc902aa12a\"},\"description\":\"R\u00e9solument engag\u00e9 en faveur de la transformation digitale, Huawei Maroc prend part, en tant que partenaire privil\u00e9gi\u00e9, \u00e0 la MEDays\",\"breadcrumb\":{\"@id\":\"https:\/\/www.mediaplateforme.com\/fr\/huawei-partenaire-privilegie-de-la-15eme-edition-du-forum-medays\/#breadcrumb\"},\"inLanguage\":\"fr-FR\",\"potentialAction\":[{\"@type\":\"ReadAction\",\"target\":[\"https:\/\/www.mediaplateforme.com\/fr\/huawei-partenaire-privilegie-de-la-15eme-edition-du-forum-medays\/\"]}]},{\"@type\":\"BreadcrumbList\",\"@id\":\"https:\/\/www.mediaplateforme.com\/fr\/huawei-partenaire-privilegie-de-la-15eme-edition-du-forum-medays\/#breadcrumb\",\"itemListElement\":[{\"@type\":\"ListItem\",\"position\":1,\"name\":\"\u0627\u0644\u0631\u0626\u064a\u0633\u064a\u0629\",\"item\":\"https:\/\/www.mediaplateforme.com\/fr\/\"},{\"@type\":\"ListItem\",\"position\":2,\"name\":\"Huawei partenaire privil\u00e9gi\u00e9 de la 15\u00e8me \u00c9dition du Forum MEDays\"}]},{\"@type\":\"WebSite\",\"@id\":\"https:\/\/www.mediaplateforme.com\/fr\/#website\",\"url\":\"https:\/\/www.mediaplateforme.com\/fr\/\",\"name\":\"MEDIA PLATEFORME | FR\",\"description\":\"Mediaplateforme sp\u00e9cialis\u00e9 dans la communication institutions publiques et des entreprises\",\"potentialAction\":[{\"@type\":\"SearchAction\",\"target\":{\"@type\":\"EntryPoint\",\"urlTemplate\":\"https:\/\/www.mediaplateforme.com\/fr\/?s={search_term_string}\"},\"query-input\":\"required name=search_term_string\"}],\"inLanguage\":\"fr-FR\"},{\"@type\":\"Person\",\"@id\":\"https:\/\/www.mediaplateforme.com\/fr\/#\/schema\/person\/89833db382b5db2c76b094bc902aa12a\",\"name\":\"Mediaplateforme\",\"image\":{\"@type\":\"ImageObject\",\"inLanguage\":\"fr-FR\",\"@id\":\"https:\/\/www.mediaplateforme.com\/fr\/#\/schema\/person\/image\/\",\"url\":\"https:\/\/secure.gravatar.com\/avatar\/6c9c02e8928cc65d54bf75157f7b3a2d06d7ad0494ca0951f679552ff03b34c1?s=96&d=mm&r=g\",\"contentUrl\":\"https:\/\/secure.gravatar.com\/avatar\/6c9c02e8928cc65d54bf75157f7b3a2d06d7ad0494ca0951f679552ff03b34c1?s=96&d=mm&r=g\",\"caption\":\"Mediaplateforme\"},\"sameAs\":[\"https:\/\/www.mediaplateforme.com\"],\"url\":\"https:\/\/www.mediaplateforme.com\/fr\/author\/mohamedladib\/\"}]}<\/script>\n<!-- \/ Yoast SEO plugin. -->","yoast_head_json":{"title":"Huawei partenaire privil\u00e9gi\u00e9 de la 15\u00e8me \u00c9dition du Forum MEDays - MEDIA PLATEFORME | FR","description":"R\u00e9solument engag\u00e9 en faveur de la transformation digitale, Huawei Maroc prend part, en tant que partenaire privil\u00e9gi\u00e9, \u00e0 la MEDays","robots":{"index":"index","follow":"follow","max-snippet":"max-snippet:-1","max-image-preview":"max-image-preview:large","max-video-preview":"max-video-preview:-1"},"canonical":"https:\/\/www.mediaplateforme.com\/fr\/huawei-partenaire-privilegie-de-la-15eme-edition-du-forum-medays\/","og_locale":"fr_FR","og_type":"article","og_title":"Huawei partenaire privil\u00e9gi\u00e9 de la 15\u00e8me \u00c9dition du Forum MEDays - MEDIA PLATEFORME | FR","og_description":"R\u00e9solument engag\u00e9 en faveur de la transformation digitale, Huawei Maroc prend part, en tant que partenaire privil\u00e9gi\u00e9, \u00e0 la MEDays","og_url":"https:\/\/www.mediaplateforme.com\/fr\/huawei-partenaire-privilegie-de-la-15eme-edition-du-forum-medays\/","og_site_name":"MEDIA PLATEFORME | FR","article_published_time":"2023-11-20T12:15:12+00:00","og_image":[{"width":1024,"height":768,"url":"https:\/\/www.mediaplateforme.com\/fr\/wp-content\/uploads\/sites\/5\/2023\/11\/20231116-165248WeLinkPC.jpg","type":"image\/jpeg"}],"author":"Mediaplateforme","twitter_card":"summary_large_image","twitter_misc":{"\u00c9crit par":"Mediaplateforme","Dur\u00e9e de lecture estim\u00e9e":"4 minutes"},"schema":{"@context":"https:\/\/schema.org","@graph":[{"@type":"WebPage","@id":"https:\/\/www.mediaplateforme.com\/fr\/huawei-partenaire-privilegie-de-la-15eme-edition-du-forum-medays\/","url":"https:\/\/www.mediaplateforme.com\/fr\/huawei-partenaire-privilegie-de-la-15eme-edition-du-forum-medays\/","name":"Huawei partenaire privil\u00e9gi\u00e9 de la 15\u00e8me \u00c9dition du Forum MEDays - MEDIA PLATEFORME | FR","isPartOf":{"@id":"https:\/\/www.mediaplateforme.com\/fr\/#website"},"datePublished":"2023-11-20T12:15:12+00:00","dateModified":"2023-11-20T12:15:12+00:00","author":{"@id":"https:\/\/www.mediaplateforme.com\/fr\/#\/schema\/person\/89833db382b5db2c76b094bc902aa12a"},"description":"R\u00e9solument engag\u00e9 en faveur de la transformation digitale, Huawei Maroc prend part, en tant que partenaire privil\u00e9gi\u00e9, \u00e0 la MEDays","breadcrumb":{"@id":"https:\/\/www.mediaplateforme.com\/fr\/huawei-partenaire-privilegie-de-la-15eme-edition-du-forum-medays\/#breadcrumb"},"inLanguage":"fr-FR","potentialAction":[{"@type":"ReadAction","target":["https:\/\/www.mediaplateforme.com\/fr\/huawei-partenaire-privilegie-de-la-15eme-edition-du-forum-medays\/"]}]},{"@type":"BreadcrumbList","@id":"https:\/\/www.mediaplateforme.com\/fr\/huawei-partenaire-privilegie-de-la-15eme-edition-du-forum-medays\/#breadcrumb","itemListElement":[{"@type":"ListItem","position":1,"name":"\u0627\u0644\u0631\u0626\u064a\u0633\u064a\u0629","item":"https:\/\/www.mediaplateforme.com\/fr\/"},{"@type":"ListItem","position":2,"name":"Huawei partenaire privil\u00e9gi\u00e9 de la 15\u00e8me \u00c9dition du Forum MEDays"}]},{"@type":"WebSite","@id":"https:\/\/www.mediaplateforme.com\/fr\/#website","url":"https:\/\/www.mediaplateforme.com\/fr\/","name":"MEDIA PLATEFORME | FR","description":"Mediaplateforme sp\u00e9cialis\u00e9 dans la communication institutions publiques et des entreprises","potentialAction":[{"@type":"SearchAction","target":{"@type":"EntryPoint","urlTemplate":"https:\/\/www.mediaplateforme.com\/fr\/?s={search_term_string}"},"query-input":"required name=search_term_string"}],"inLanguage":"fr-FR"},{"@type":"Person","@id":"https:\/\/www.mediaplateforme.com\/fr\/#\/schema\/person\/89833db382b5db2c76b094bc902aa12a","name":"Mediaplateforme","image":{"@type":"ImageObject","inLanguage":"fr-FR","@id":"https:\/\/www.mediaplateforme.com\/fr\/#\/schema\/person\/image\/","url":"https:\/\/secure.gravatar.com\/avatar\/6c9c02e8928cc65d54bf75157f7b3a2d06d7ad0494ca0951f679552ff03b34c1?s=96&d=mm&r=g","contentUrl":"https:\/\/secure.gravatar.com\/avatar\/6c9c02e8928cc65d54bf75157f7b3a2d06d7ad0494ca0951f679552ff03b34c1?s=96&d=mm&r=g","caption":"Mediaplateforme"},"sameAs":["https:\/\/www.mediaplateforme.com"],"url":"https:\/\/www.mediaplateforme.com\/fr\/author\/mohamedladib\/"}]}},"_links":{"self":[{"href":"https:\/\/www.mediaplateforme.com\/fr\/wp-json\/wp\/v2\/posts\/4573","targetHints":{"allow":["GET"]}}],"collection":[{"href":"https:\/\/www.mediaplateforme.com\/fr\/wp-json\/wp\/v2\/posts"}],"about":[{"href":"https:\/\/www.mediaplateforme.com\/fr\/wp-json\/wp\/v2\/types\/post"}],"author":[{"embeddable":true,"href":"https:\/\/www.mediaplateforme.com\/fr\/wp-json\/wp\/v2\/users\/1"}],"replies":[{"embeddable":true,"href":"https:\/\/www.mediaplateforme.com\/fr\/wp-json\/wp\/v2\/comments?post=4573"}],"version-history":[{"count":1,"href":"https:\/\/www.mediaplateforme.com\/fr\/wp-json\/wp\/v2\/posts\/4573\/revisions"}],"predecessor-version":[{"id":4575,"href":"https:\/\/www.mediaplateforme.com\/fr\/wp-json\/wp\/v2\/posts\/4573\/revisions\/4575"}],"wp:featuredmedia":[{"embeddable":true,"href":"https:\/\/www.mediaplateforme.com\/fr\/wp-json\/wp\/v2\/media\/4574"}],"wp:attachment":[{"href":"https:\/\/www.mediaplateforme.com\/fr\/wp-json\/wp\/v2\/media?parent=4573"}],"wp:term":[{"taxonomy":"category","embeddable":true,"href":"https:\/\/www.mediaplateforme.com\/fr\/wp-json\/wp\/v2\/categories?post=4573"},{"taxonomy":"post_tag","embeddable":true,"href":"https:\/\/www.mediaplateforme.com\/fr\/wp-json\/wp\/v2\/tags?post=4573"}],"curies":[{"name":"wp","href":"https:\/\/api.w.org\/{rel}","templated":true}]}}