{"id":4570,"date":"2023-11-20T13:04:46","date_gmt":"2023-11-20T12:04:46","guid":{"rendered":"https:\/\/www.mediaplateforme.com\/fr\/?p=4570"},"modified":"2023-11-20T13:04:46","modified_gmt":"2023-11-20T12:04:46","slug":"peugeot-e-3008","status":"publish","type":"post","link":"https:\/\/www.mediaplateforme.com\/fr\/peugeot-e-3008\/","title":{"rendered":"Peugeot pr\u00e9sente son tout nouveau Peugeot E-3008"},"content":{"rendered":"<p style=\"font-weight: 400;\">Largement repr\u00e9sent\u00e9e au Salon de l&rsquo;Automobile de Zurich qui s\u2019est d\u00e9roul\u00e9 du 1er au 5 novembre 2023, la marque Peugeot vient de pr\u00e9senter les derniers mod\u00e8les de sa gamme \u00e9lectrifi\u00e9e, mais aussi et en avant premi\u00e8re mondiale, son tout nouveau Peugeot E-3008.<\/p>\n<p style=\"font-weight: 400;\"><strong>ALLURE :<\/strong>\u00a0Pr\u00e9sentation du concept-car PEUGEOT INCEPTION, en plus de 11 autres mod\u00e8les \u00e9lectriques.<\/p>\n<p style=\"font-weight: 400;\"><strong>\u00c9MOTION :<\/strong>\u00a0Pr\u00e9sentation en avant-premi\u00e8re mondiale du tout nouveau E-3008.<\/p>\n<p style=\"font-weight: 400;\"><strong>EXCELLENCE :<\/strong>\u00a0PEUGEOT avance r\u00e9solument vers une strat\u00e9gie d&rsquo;\u00e9lectrification int\u00e9grale.<\/p>\n<p style=\"font-weight: 400;\">Le salon de Zurich a permis \u00e0 Peugeot de mettre en avant son ambition de devenir la premi\u00e8re marque \u00e9lectrique en Europe \u00e0 l\u2019horizon 2025.<\/p>\n<p style=\"font-weight: 400;\">Pas moins de 7 v\u00e9hicules \u00e9lectriques ont \u00e9t\u00e9 expos\u00e9s sur le stand de Peugeot (Nouveau E-208, Nouveau E-2008, Nouveau E-308, E-RIFTER, E-PARTNER, E-EXPERT), en plus du concept-car PEUGEOT INCEPTION et du nouveau E-3008 pr\u00e9sent\u00e9 en avant-premi\u00e8re mondiale.<\/p>\n<p style=\"font-weight: 400;\">PEUGEOT vient de transformer en profondeur sa gamme de v\u00e9hicules \u00e9lectriques. Avec pas moins de 12 mod\u00e8les \u00e9lectriques (dont 3 v\u00e9hicules utilitaires l\u00e9gers) \u00e0 son catalogue, PEUGEOT proposera, \u00e0 partir de 2024, la gamme \u00e9lectrique la plus large de tous les constructeurs europ\u00e9ens.<\/p>\n<p style=\"font-weight: 400;\">En plus de soutenir ses clients dans leur transition vers des v\u00e9hicules 100% \u00e9lectriques, PEUGEOT a \u00e9galement pr\u00e9sent\u00e9 plusieurs de ses mod\u00e8les hybrides \u00e0 Zurich : 308 SW PLUG-IN HYBRID 180, 408 PLUG-IN HYBRID 225, 508 SW PEUGEOT SPORT ENGINEERED 360 et 5008 HYBRID 136.<\/p>\n<p style=\"font-weight: 400;\">\n<p style=\"font-weight: 400;\">La 36<sup>e<\/sup>\u00a0\u00e9dition du Salon de l&rsquo;Automobile de Zurich s\u2019est d\u00e9roul\u00e9e du mercredi 1er novembre (Journ\u00e9e de la presse) au dimanche 5 novembre 2023.<\/p>\n<h3 style=\"font-weight: 400;\">Les nouveaux mod\u00e8les PEUGEOT expos\u00e9s au Salon de l&rsquo;Automobile de Zurich sont les suivants :<\/h3>\n<ul>\n<li style=\"font-weight: 400;\"><strong> Nouveau PEUGEOT E-3008 : Le SUV fastback \u00e9lectrique \u00ab\u00a0Next-Level\u00a0\u00bb<\/strong><\/li>\n<\/ul>\n<p style=\"font-weight: 400;\">Le PEUGEOT E-3008 est le premier mod\u00e8le \u00e0 utiliser la toute nouvelle plateforme STLA Medium de Stellantis, qui \u00e9l\u00e8ve la gamme PEUGEOT \u00e0 un niveau sup\u00e9rieur. Cette plateforme innovante a \u00e9t\u00e9 con\u00e7ue pour offrir des performances de premier ordre aux clients de la marque. Parmi les atouts de ce mod\u00e8le, son autonomie (jusqu&rsquo;\u00e0 700 km), son temps de recharge (100 km en 10 minutes), son plaisir de conduite, ses performances, son efficacit\u00e9 et ses services connect\u00e9s (Trip Planner, Smart charging, Vehicle to load et Over The Air updates).<\/p>\n<p style=\"font-weight: 400;\">Le nouveau PEUGEOT Panoramic i-Cockpit\u00ae porte le plaisir de conduire \u00e0 un niveau sup\u00e9rieur. Il repose sur la pr\u00e9sence d\u2019un spectaculaire \u00e9cran panoramique HD flottant de 21 pouces compos\u00e9 d\u2019un affichage t\u00eate haute et d&rsquo;un \u00e9cran tactile central.<\/p>\n<p style=\"font-weight: 400;\">Le PEUGEOT E-3008 sera produit exclusivement \u00e0 l&rsquo;usine de Sochaux en France et sera mis en vente d\u00e9but 2024.<\/p>\n<ul>\n<li style=\"font-weight: 400;\"><strong>\u00a0irr\u00e9sistibilit\u00e9 et plaisir de conduire<\/strong><\/li>\n<\/ul>\n<p style=\"font-weight: 400;\">Arborant un look irr\u00e9sistible et un design hautement sportif, le PEUGEOT i-Cockpit\u00ae est technologiquement avanc\u00e9. Il a \u00e9t\u00e9 con\u00e7u pour rehausser le plaisir de conduite. Dot\u00e9 d\u2019une nouvelle gamme de groupes motopropulseurs \u00e9lectriques, le nouveau PEUGEOT E-208 s&rsquo;appr\u00eate \u00e0 perp\u00e9tuer le succ\u00e8s de son pr\u00e9d\u00e9cesseur qui fut le mod\u00e8le 100% \u00e9lectrique le plus vendu de son segment en Europe en 2022. Polyvalente et performante, sa nouvelle motorisation de 115 kW\/156 ch et son autonomie de 410 km (cycle combin\u00e9 WLTP) ont \u00e9t\u00e9 pr\u00e9sent\u00e9es sur le stand.<\/p>\n<ul>\n<li style=\"font-weight: 400;\"><strong>\u00a0Un SUV \u00e0 la fois vif et agile<\/strong><\/li>\n<\/ul>\n<p style=\"font-weight: 400;\">En tant que best-seller sur le march\u00e9 des SUV du segment B depuis plus de 3 ans, le <a href=\"https:\/\/www.mediaplateforme.com\/fr\/le-nouveau-peugeot-2008-une-fusion-dallure-delegance-et-dagilite-incomparables\/\">PEUGEOT<\/a> 2008 \u00e9l\u00e8ve le design, la technologie et l&rsquo;\u00e9lectrification \u00e0 un tout autre niveau. Arborant encore plus d&rsquo;allure avec son caract\u00e8re \u00e9l\u00e9gant et son design de SUV assertif, il offre \u00e9galement plus d&rsquo;excellence avec son nouveau moteur \u00e9lectrique de 115 kW\/156 ch qui offre jusqu&rsquo;\u00e0 406 km d&rsquo;autonomie (cycle combin\u00e9 WLTP).<\/p>\n<ul>\n<li style=\"font-weight: 400;\"><strong>100% \u00e9lectrique et 100% irr\u00e9sistible<\/strong><\/li>\n<\/ul>\n<p style=\"font-weight: 400;\">Le look unique du E-308 combine le plaisir de conduite inh\u00e9rent aux mod\u00e8les PEUGEOT \u00e0 une efficacit\u00e9 hors pair. Leader de son segment, le nouveau E-308 est \u00e9quip\u00e9 d&rsquo;une batterie de 54 kWh. Son autonomie est sup\u00e9rieure \u00e0 413 km (cycle combin\u00e9 WLTP). Il est \u00e9galement disponible en silhouette SW, une offre rare sur le march\u00e9.<\/p>\n<h4 style=\"font-weight: 400;\"><strong>\u00c0 PROPOS DE PEUGEOT<\/strong><\/h4>\n<p style=\"font-weight: 400;\">PEUGEOT est une marque g\u00e9n\u00e9raliste, premium et inventive. La \u00ab\u00a0Puissance de l&rsquo;ALLURE\u00a0\u00bb est sa nouvelle promesse. Celle-ci transparait d\u2019ailleurs dans chacun de ses mod\u00e8les et services. Allure (design attractif), \u00c9motion (plaisir de conduite instinctif) et Excellence (qualit\u00e9 sans compromis et facilit\u00e9 d&rsquo;utilisation) sont les valeurs de PEUGEOT. La marque est pr\u00e9sente dans plus de 130 pays et a vendu plus de 1 050 000 v\u00e9hicules dans le monde en 2022. A l\u2019horizon 2025, tous ses mod\u00e8les, qu&rsquo;il s&rsquo;agisse de voitures de tourisme ou de v\u00e9hicules utilitaires, seront \u00e9lectriques. Le projet PEUGEOT E-LION est une approche \u00e0 360\u00b0 pour atteindre l&rsquo;objectif Z\u00e9ro Carbone en 2038. Le PEUGEOT 9X8, hypercar \u00e9lectrifi\u00e9e, t\u00e9moigne de la passion de la marque pour le sport automobile. Ce mod\u00e8le participe d\u2019ailleurs au Championnat du Monde d&rsquo;Endurance (WEC), notamment aux 24 Heures du Mans.<\/p>\n","protected":false},"excerpt":{"rendered":"<p>Largement repr\u00e9sent\u00e9e au Salon de l&rsquo;Automobile de Zurich qui s\u2019est d\u00e9roul\u00e9 du 1er au 5<\/p>\n","protected":false},"author":1,"featured_media":4571,"comment_status":"open","ping_status":"open","sticky":false,"template":"","format":"standard","meta":{"_acf_changed":false,"footnotes":""},"categories":[7,3],"tags":[1300,1484],"class_list":["post-4570","post","type-post","status-publish","format-standard","has-post-thumbnail","hentry","category-articles","category-nouvelles-selectionnees","tag-peugeot","tag-peugeot-e-3008"],"acf":[],"yoast_head":"<!-- This site is optimized with the Yoast SEO plugin v22.0 - https:\/\/yoast.com\/wordpress\/plugins\/seo\/ -->\n<title>Peugeot pr\u00e9sente son tout nouveau Peugeot E-3008 - MEDIA PLATEFORME | FR<\/title>\n<meta name=\"description\" content=\"Largement repr\u00e9sent\u00e9e au Salon de l&#039;Automobile de Zurich qui s\u2019est d\u00e9roul\u00e9 du 1er au 5 novembre 2023, la marque Peugeot E-3008.\" \/>\n<meta name=\"robots\" content=\"index, follow, max-snippet:-1, max-image-preview:large, max-video-preview:-1\" \/>\n<link rel=\"canonical\" href=\"https:\/\/www.mediaplateforme.com\/fr\/peugeot-e-3008\/\" \/>\n<meta property=\"og:locale\" content=\"fr_FR\" \/>\n<meta property=\"og:type\" content=\"article\" \/>\n<meta property=\"og:title\" content=\"Peugeot pr\u00e9sente son tout nouveau Peugeot E-3008 - MEDIA PLATEFORME | FR\" \/>\n<meta property=\"og:description\" content=\"Largement repr\u00e9sent\u00e9e au Salon de l&#039;Automobile de Zurich qui s\u2019est d\u00e9roul\u00e9 du 1er au 5 novembre 2023, la marque Peugeot E-3008.\" \/>\n<meta property=\"og:url\" content=\"https:\/\/www.mediaplateforme.com\/fr\/peugeot-e-3008\/\" \/>\n<meta property=\"og:site_name\" content=\"MEDIA PLATEFORME | FR\" \/>\n<meta property=\"article:published_time\" content=\"2023-11-20T12:04:46+00:00\" \/>\n<meta property=\"og:image\" content=\"https:\/\/www.mediaplateforme.com\/fr\/wp-content\/uploads\/sites\/5\/2023\/11\/67bcbae98d23166a50e337f84a5e34c0e660a400.jpeg\" \/>\n\t<meta property=\"og:image:width\" content=\"1170\" \/>\n\t<meta property=\"og:image:height\" content=\"740\" \/>\n\t<meta property=\"og:image:type\" content=\"image\/jpeg\" \/>\n<meta name=\"author\" content=\"Mediaplateforme\" \/>\n<meta name=\"twitter:card\" content=\"summary_large_image\" \/>\n<meta name=\"twitter:label1\" content=\"\u00c9crit par\" \/>\n\t<meta name=\"twitter:data1\" content=\"Mediaplateforme\" \/>\n\t<meta name=\"twitter:label2\" content=\"Dur\u00e9e de lecture estim\u00e9e\" \/>\n\t<meta name=\"twitter:data2\" content=\"5 minutes\" \/>\n<script type=\"application\/ld+json\" class=\"yoast-schema-graph\">{\"@context\":\"https:\/\/schema.org\",\"@graph\":[{\"@type\":\"WebPage\",\"@id\":\"https:\/\/www.mediaplateforme.com\/fr\/peugeot-e-3008\/\",\"url\":\"https:\/\/www.mediaplateforme.com\/fr\/peugeot-e-3008\/\",\"name\":\"Peugeot pr\u00e9sente son tout nouveau Peugeot E-3008 - MEDIA PLATEFORME | FR\",\"isPartOf\":{\"@id\":\"https:\/\/www.mediaplateforme.com\/fr\/#website\"},\"datePublished\":\"2023-11-20T12:04:46+00:00\",\"dateModified\":\"2023-11-20T12:04:46+00:00\",\"author\":{\"@id\":\"https:\/\/www.mediaplateforme.com\/fr\/#\/schema\/person\/89833db382b5db2c76b094bc902aa12a\"},\"description\":\"Largement repr\u00e9sent\u00e9e au Salon de l'Automobile de Zurich qui s\u2019est d\u00e9roul\u00e9 du 1er au 5 novembre 2023, la marque Peugeot E-3008.\",\"breadcrumb\":{\"@id\":\"https:\/\/www.mediaplateforme.com\/fr\/peugeot-e-3008\/#breadcrumb\"},\"inLanguage\":\"fr-FR\",\"potentialAction\":[{\"@type\":\"ReadAction\",\"target\":[\"https:\/\/www.mediaplateforme.com\/fr\/peugeot-e-3008\/\"]}]},{\"@type\":\"BreadcrumbList\",\"@id\":\"https:\/\/www.mediaplateforme.com\/fr\/peugeot-e-3008\/#breadcrumb\",\"itemListElement\":[{\"@type\":\"ListItem\",\"position\":1,\"name\":\"\u0627\u0644\u0631\u0626\u064a\u0633\u064a\u0629\",\"item\":\"https:\/\/www.mediaplateforme.com\/fr\/\"},{\"@type\":\"ListItem\",\"position\":2,\"name\":\"Peugeot pr\u00e9sente son tout nouveau Peugeot E-3008\"}]},{\"@type\":\"WebSite\",\"@id\":\"https:\/\/www.mediaplateforme.com\/fr\/#website\",\"url\":\"https:\/\/www.mediaplateforme.com\/fr\/\",\"name\":\"MEDIA PLATEFORME | FR\",\"description\":\"Mediaplateforme sp\u00e9cialis\u00e9 dans la communication institutions publiques et des entreprises\",\"potentialAction\":[{\"@type\":\"SearchAction\",\"target\":{\"@type\":\"EntryPoint\",\"urlTemplate\":\"https:\/\/www.mediaplateforme.com\/fr\/?s={search_term_string}\"},\"query-input\":\"required name=search_term_string\"}],\"inLanguage\":\"fr-FR\"},{\"@type\":\"Person\",\"@id\":\"https:\/\/www.mediaplateforme.com\/fr\/#\/schema\/person\/89833db382b5db2c76b094bc902aa12a\",\"name\":\"Mediaplateforme\",\"image\":{\"@type\":\"ImageObject\",\"inLanguage\":\"fr-FR\",\"@id\":\"https:\/\/www.mediaplateforme.com\/fr\/#\/schema\/person\/image\/\",\"url\":\"https:\/\/secure.gravatar.com\/avatar\/6c9c02e8928cc65d54bf75157f7b3a2d06d7ad0494ca0951f679552ff03b34c1?s=96&d=mm&r=g\",\"contentUrl\":\"https:\/\/secure.gravatar.com\/avatar\/6c9c02e8928cc65d54bf75157f7b3a2d06d7ad0494ca0951f679552ff03b34c1?s=96&d=mm&r=g\",\"caption\":\"Mediaplateforme\"},\"sameAs\":[\"https:\/\/www.mediaplateforme.com\"],\"url\":\"https:\/\/www.mediaplateforme.com\/fr\/author\/mohamedladib\/\"}]}<\/script>\n<!-- \/ Yoast SEO plugin. -->","yoast_head_json":{"title":"Peugeot pr\u00e9sente son tout nouveau Peugeot E-3008 - MEDIA PLATEFORME | FR","description":"Largement repr\u00e9sent\u00e9e au Salon de l'Automobile de Zurich qui s\u2019est d\u00e9roul\u00e9 du 1er au 5 novembre 2023, la marque Peugeot E-3008.","robots":{"index":"index","follow":"follow","max-snippet":"max-snippet:-1","max-image-preview":"max-image-preview:large","max-video-preview":"max-video-preview:-1"},"canonical":"https:\/\/www.mediaplateforme.com\/fr\/peugeot-e-3008\/","og_locale":"fr_FR","og_type":"article","og_title":"Peugeot pr\u00e9sente son tout nouveau Peugeot E-3008 - MEDIA PLATEFORME | FR","og_description":"Largement repr\u00e9sent\u00e9e au Salon de l'Automobile de Zurich qui s\u2019est d\u00e9roul\u00e9 du 1er au 5 novembre 2023, la marque Peugeot E-3008.","og_url":"https:\/\/www.mediaplateforme.com\/fr\/peugeot-e-3008\/","og_site_name":"MEDIA PLATEFORME | FR","article_published_time":"2023-11-20T12:04:46+00:00","og_image":[{"width":1170,"height":740,"url":"https:\/\/www.mediaplateforme.com\/fr\/wp-content\/uploads\/sites\/5\/2023\/11\/67bcbae98d23166a50e337f84a5e34c0e660a400.jpeg","type":"image\/jpeg"}],"author":"Mediaplateforme","twitter_card":"summary_large_image","twitter_misc":{"\u00c9crit par":"Mediaplateforme","Dur\u00e9e de lecture estim\u00e9e":"5 minutes"},"schema":{"@context":"https:\/\/schema.org","@graph":[{"@type":"WebPage","@id":"https:\/\/www.mediaplateforme.com\/fr\/peugeot-e-3008\/","url":"https:\/\/www.mediaplateforme.com\/fr\/peugeot-e-3008\/","name":"Peugeot pr\u00e9sente son tout nouveau Peugeot E-3008 - MEDIA PLATEFORME | FR","isPartOf":{"@id":"https:\/\/www.mediaplateforme.com\/fr\/#website"},"datePublished":"2023-11-20T12:04:46+00:00","dateModified":"2023-11-20T12:04:46+00:00","author":{"@id":"https:\/\/www.mediaplateforme.com\/fr\/#\/schema\/person\/89833db382b5db2c76b094bc902aa12a"},"description":"Largement repr\u00e9sent\u00e9e au Salon de l'Automobile de Zurich qui s\u2019est d\u00e9roul\u00e9 du 1er au 5 novembre 2023, la marque Peugeot E-3008.","breadcrumb":{"@id":"https:\/\/www.mediaplateforme.com\/fr\/peugeot-e-3008\/#breadcrumb"},"inLanguage":"fr-FR","potentialAction":[{"@type":"ReadAction","target":["https:\/\/www.mediaplateforme.com\/fr\/peugeot-e-3008\/"]}]},{"@type":"BreadcrumbList","@id":"https:\/\/www.mediaplateforme.com\/fr\/peugeot-e-3008\/#breadcrumb","itemListElement":[{"@type":"ListItem","position":1,"name":"\u0627\u0644\u0631\u0626\u064a\u0633\u064a\u0629","item":"https:\/\/www.mediaplateforme.com\/fr\/"},{"@type":"ListItem","position":2,"name":"Peugeot pr\u00e9sente son tout nouveau Peugeot E-3008"}]},{"@type":"WebSite","@id":"https:\/\/www.mediaplateforme.com\/fr\/#website","url":"https:\/\/www.mediaplateforme.com\/fr\/","name":"MEDIA PLATEFORME | FR","description":"Mediaplateforme sp\u00e9cialis\u00e9 dans la communication institutions publiques et des entreprises","potentialAction":[{"@type":"SearchAction","target":{"@type":"EntryPoint","urlTemplate":"https:\/\/www.mediaplateforme.com\/fr\/?s={search_term_string}"},"query-input":"required name=search_term_string"}],"inLanguage":"fr-FR"},{"@type":"Person","@id":"https:\/\/www.mediaplateforme.com\/fr\/#\/schema\/person\/89833db382b5db2c76b094bc902aa12a","name":"Mediaplateforme","image":{"@type":"ImageObject","inLanguage":"fr-FR","@id":"https:\/\/www.mediaplateforme.com\/fr\/#\/schema\/person\/image\/","url":"https:\/\/secure.gravatar.com\/avatar\/6c9c02e8928cc65d54bf75157f7b3a2d06d7ad0494ca0951f679552ff03b34c1?s=96&d=mm&r=g","contentUrl":"https:\/\/secure.gravatar.com\/avatar\/6c9c02e8928cc65d54bf75157f7b3a2d06d7ad0494ca0951f679552ff03b34c1?s=96&d=mm&r=g","caption":"Mediaplateforme"},"sameAs":["https:\/\/www.mediaplateforme.com"],"url":"https:\/\/www.mediaplateforme.com\/fr\/author\/mohamedladib\/"}]}},"_links":{"self":[{"href":"https:\/\/www.mediaplateforme.com\/fr\/wp-json\/wp\/v2\/posts\/4570","targetHints":{"allow":["GET"]}}],"collection":[{"href":"https:\/\/www.mediaplateforme.com\/fr\/wp-json\/wp\/v2\/posts"}],"about":[{"href":"https:\/\/www.mediaplateforme.com\/fr\/wp-json\/wp\/v2\/types\/post"}],"author":[{"embeddable":true,"href":"https:\/\/www.mediaplateforme.com\/fr\/wp-json\/wp\/v2\/users\/1"}],"replies":[{"embeddable":true,"href":"https:\/\/www.mediaplateforme.com\/fr\/wp-json\/wp\/v2\/comments?post=4570"}],"version-history":[{"count":1,"href":"https:\/\/www.mediaplateforme.com\/fr\/wp-json\/wp\/v2\/posts\/4570\/revisions"}],"predecessor-version":[{"id":4572,"href":"https:\/\/www.mediaplateforme.com\/fr\/wp-json\/wp\/v2\/posts\/4570\/revisions\/4572"}],"wp:featuredmedia":[{"embeddable":true,"href":"https:\/\/www.mediaplateforme.com\/fr\/wp-json\/wp\/v2\/media\/4571"}],"wp:attachment":[{"href":"https:\/\/www.mediaplateforme.com\/fr\/wp-json\/wp\/v2\/media?parent=4570"}],"wp:term":[{"taxonomy":"category","embeddable":true,"href":"https:\/\/www.mediaplateforme.com\/fr\/wp-json\/wp\/v2\/categories?post=4570"},{"taxonomy":"post_tag","embeddable":true,"href":"https:\/\/www.mediaplateforme.com\/fr\/wp-json\/wp\/v2\/tags?post=4570"}],"curies":[{"name":"wp","href":"https:\/\/api.w.org\/{rel}","templated":true}]}}