{"id":4563,"date":"2023-11-19T12:44:25","date_gmt":"2023-11-19T11:44:25","guid":{"rendered":"https:\/\/www.mediaplateforme.com\/fr\/?p=4563"},"modified":"2023-11-19T12:44:25","modified_gmt":"2023-11-19T11:44:25","slug":"le-movenpick-mansour-eddahbi-marrakech-presente-la-movenpick-golf-cup","status":"publish","type":"post","link":"https:\/\/www.mediaplateforme.com\/fr\/le-movenpick-mansour-eddahbi-marrakech-presente-la-movenpick-golf-cup\/","title":{"rendered":"Le M\u00f6venpick Mansour Eddahbi Marrakech pr\u00e9sente la     M\u00f6venpick Golf Cup"},"content":{"rendered":"<p style=\"font-weight: 400;\"><strong>Le\u00a0M\u00f6venpick<\/strong><strong>\u00a0<\/strong><strong><a href=\"https:\/\/www.mediaplateforme.com\/fr\/le-movenpick-hotel-mansour-eddahbi-marrakech-partenaire-officiel-du-festival-international-du-film-2022\/\">Mansour Eddahbi<\/a> Marrakech\u00a0<\/strong>est fier d&rsquo;annoncer la tenue de la tr\u00e8s attendue\u00a0M\u00f6venpick\u00a0Golf Cup, qui se d\u00e9roulera le 24 novembre prochain au prestigieux Golf Montgomerie de Marrakech. Cette comp\u00e9tition de golf exceptionnelle rassemblera des joueurs de tous les horizons (Br\u00e9sil, Allemagne, Pays-Bas, Suisse, Maroc\u2026), pour une journ\u00e9e d\u2019initiation golfique et de camaraderie.<\/p>\n<p style=\"font-weight: 400;\">La\u00a0M\u00f6venpick\u00a0Golf Cup est une comp\u00e9tition de golf qui adopte le format \u00ab\u00a0STABLEFORD\u00a0\u00bb. Ce format de jeu favorise la comp\u00e9titivit\u00e9 tout en permettant aux golfeurs de tous niveaux de profiter de l&rsquo;exp\u00e9rience. Hommes, dames, hommes seniors, femmes seniors, les amateurs de tous horizons sont invit\u00e9s \u00e0 participer et \u00e0 mettre en avant leurs comp\u00e9tences sur le parcours.<\/p>\n<p style=\"font-weight: 400;\">La\u00a0M\u00f6venpick\u00a0Golf Cup ne se limite pas \u00e0 une comp\u00e9tition de golf exceptionnelle. Les participants et les spectateurs auront \u00e9galement le privil\u00e8ge d&rsquo;assister \u00e0 un incroyable \u00ab\u00a0Golf Trick Show\u00a0\u00bb ex\u00e9cut\u00e9 par le PGA Pro Karsten Maas, un artiste de golf renomm\u00e9 pour ses tours de magie golfiques \u00e0 couper le souffle.<\/p>\n<p style=\"font-weight: 400;\">De plus, la soir\u00e9e de cl\u00f4ture s&rsquo;annonce m\u00e9morable avec un D\u00eener de Gala suivi de la C\u00e9r\u00e9monie de Remise des Prix, qui mettra en lumi\u00e8re les performances remarquables des comp\u00e9titeurs de la M\u00f6venpick Golf Cup. ainsi que des comp\u00e9titions du Marrakech Golf Festival. C&rsquo;est une occasion unique de c\u00e9l\u00e9brer le talent et l&rsquo;esprit sportif qui animent la communaut\u00e9 golfique.<\/p>\n<p style=\"font-weight: 400;\">Les golfeurs inscrits seront r\u00e9partis dans des cat\u00e9gories distinctes pour garantir une comp\u00e9tition \u00e9quitable et passionnante. Que vous soyez un golfeur chevronn\u00e9 ou que vous d\u00e9couvriez ce sport, il y aura une cat\u00e9gorie adapt\u00e9e \u00e0 votre niveau de jeu.<\/p>\n<p style=\"font-weight: 400;\">La M\u00f6venpick Golf Cup, est une opportunit\u00e9 rare de rejoindre la communaut\u00e9 golfique internationale. et de partager votre passion pour le golf dans un cadre magnifique et comp\u00e9titif.<\/p>\n<p style=\"font-weight: 400;\">R\u00e9servez votre place d\u00e8s aujourd&rsquo;hui pour la\u00a0M\u00f6venpick\u00a0Golf Cup et pr\u00e9parez-vous \u00e0 vivre une journ\u00e9e de golf exceptionnelle \u00e0 Marrakech.<\/p>\n","protected":false},"excerpt":{"rendered":"<p>Le\u00a0M\u00f6venpick\u00a0Mansour Eddahbi Marrakech\u00a0est fier d&rsquo;annoncer la tenue de la tr\u00e8s attendue\u00a0M\u00f6venpick\u00a0Golf Cup, qui se d\u00e9roulera<\/p>\n","protected":false},"author":1,"featured_media":4564,"comment_status":"open","ping_status":"open","sticky":false,"template":"","format":"standard","meta":{"_acf_changed":false,"footnotes":""},"categories":[2,3],"tags":[1481,1482],"class_list":["post-4563","post","type-post","status-publish","format-standard","has-post-thumbnail","hentry","category-nouvelles","category-nouvelles-selectionnees","tag-le-movenpick-mansour-eddahbi","tag-movenpick-golf-cup"],"acf":[],"yoast_head":"<!-- This site is optimized with the Yoast SEO plugin v22.0 - https:\/\/yoast.com\/wordpress\/plugins\/seo\/ -->\n<title>Le M\u00f6venpick Mansour Eddahbi Marrakech pr\u00e9sente la   M\u00f6venpick Golf Cup - MEDIA PLATEFORME | FR<\/title>\n<meta name=\"description\" content=\"Le\u00a0M\u00f6venpick\u00a0Mansour Eddahbi Marrakech\u00a0est fier d&#039;annoncer la tenue de la tr\u00e8s attendue\u00a0M\u00f6venpick\u00a0Golf Cup, qui se d\u00e9roulera\" \/>\n<meta name=\"robots\" content=\"index, follow, max-snippet:-1, max-image-preview:large, max-video-preview:-1\" \/>\n<link rel=\"canonical\" href=\"https:\/\/www.mediaplateforme.com\/fr\/le-movenpick-mansour-eddahbi-marrakech-presente-la-movenpick-golf-cup\/\" \/>\n<meta property=\"og:locale\" content=\"fr_FR\" \/>\n<meta property=\"og:type\" content=\"article\" \/>\n<meta property=\"og:title\" content=\"Le M\u00f6venpick Mansour Eddahbi Marrakech pr\u00e9sente la   M\u00f6venpick Golf Cup - MEDIA PLATEFORME | FR\" \/>\n<meta property=\"og:description\" content=\"Le\u00a0M\u00f6venpick\u00a0Mansour Eddahbi Marrakech\u00a0est fier d&#039;annoncer la tenue de la tr\u00e8s attendue\u00a0M\u00f6venpick\u00a0Golf Cup, qui se d\u00e9roulera\" \/>\n<meta property=\"og:url\" content=\"https:\/\/www.mediaplateforme.com\/fr\/le-movenpick-mansour-eddahbi-marrakech-presente-la-movenpick-golf-cup\/\" \/>\n<meta property=\"og:site_name\" content=\"MEDIA PLATEFORME | FR\" \/>\n<meta property=\"article:published_time\" content=\"2023-11-19T11:44:25+00:00\" \/>\n<meta property=\"og:image\" content=\"https:\/\/www.mediaplateforme.com\/fr\/wp-content\/uploads\/sites\/5\/2023\/11\/Golf-cup-1-1.jpg\" \/>\n\t<meta property=\"og:image:width\" content=\"1080\" \/>\n\t<meta property=\"og:image:height\" content=\"819\" \/>\n\t<meta property=\"og:image:type\" content=\"image\/jpeg\" \/>\n<meta name=\"author\" content=\"Mediaplateforme\" \/>\n<meta name=\"twitter:card\" content=\"summary_large_image\" \/>\n<meta name=\"twitter:label1\" content=\"\u00c9crit par\" \/>\n\t<meta name=\"twitter:data1\" content=\"Mediaplateforme\" \/>\n\t<meta name=\"twitter:label2\" content=\"Dur\u00e9e de lecture estim\u00e9e\" \/>\n\t<meta name=\"twitter:data2\" content=\"2 minutes\" \/>\n<script type=\"application\/ld+json\" class=\"yoast-schema-graph\">{\"@context\":\"https:\/\/schema.org\",\"@graph\":[{\"@type\":\"WebPage\",\"@id\":\"https:\/\/www.mediaplateforme.com\/fr\/le-movenpick-mansour-eddahbi-marrakech-presente-la-movenpick-golf-cup\/\",\"url\":\"https:\/\/www.mediaplateforme.com\/fr\/le-movenpick-mansour-eddahbi-marrakech-presente-la-movenpick-golf-cup\/\",\"name\":\"Le M\u00f6venpick Mansour Eddahbi Marrakech pr\u00e9sente la M\u00f6venpick Golf Cup - MEDIA PLATEFORME | FR\",\"isPartOf\":{\"@id\":\"https:\/\/www.mediaplateforme.com\/fr\/#website\"},\"datePublished\":\"2023-11-19T11:44:25+00:00\",\"dateModified\":\"2023-11-19T11:44:25+00:00\",\"author\":{\"@id\":\"https:\/\/www.mediaplateforme.com\/fr\/#\/schema\/person\/89833db382b5db2c76b094bc902aa12a\"},\"description\":\"Le\u00a0M\u00f6venpick\u00a0Mansour Eddahbi Marrakech\u00a0est fier d'annoncer la tenue de la tr\u00e8s attendue\u00a0M\u00f6venpick\u00a0Golf Cup, qui se d\u00e9roulera\",\"breadcrumb\":{\"@id\":\"https:\/\/www.mediaplateforme.com\/fr\/le-movenpick-mansour-eddahbi-marrakech-presente-la-movenpick-golf-cup\/#breadcrumb\"},\"inLanguage\":\"fr-FR\",\"potentialAction\":[{\"@type\":\"ReadAction\",\"target\":[\"https:\/\/www.mediaplateforme.com\/fr\/le-movenpick-mansour-eddahbi-marrakech-presente-la-movenpick-golf-cup\/\"]}]},{\"@type\":\"BreadcrumbList\",\"@id\":\"https:\/\/www.mediaplateforme.com\/fr\/le-movenpick-mansour-eddahbi-marrakech-presente-la-movenpick-golf-cup\/#breadcrumb\",\"itemListElement\":[{\"@type\":\"ListItem\",\"position\":1,\"name\":\"\u0627\u0644\u0631\u0626\u064a\u0633\u064a\u0629\",\"item\":\"https:\/\/www.mediaplateforme.com\/fr\/\"},{\"@type\":\"ListItem\",\"position\":2,\"name\":\"Le M\u00f6venpick Mansour Eddahbi Marrakech pr\u00e9sente la M\u00f6venpick Golf Cup\"}]},{\"@type\":\"WebSite\",\"@id\":\"https:\/\/www.mediaplateforme.com\/fr\/#website\",\"url\":\"https:\/\/www.mediaplateforme.com\/fr\/\",\"name\":\"MEDIA PLATEFORME | FR\",\"description\":\"Mediaplateforme sp\u00e9cialis\u00e9 dans la communication institutions publiques et des entreprises\",\"potentialAction\":[{\"@type\":\"SearchAction\",\"target\":{\"@type\":\"EntryPoint\",\"urlTemplate\":\"https:\/\/www.mediaplateforme.com\/fr\/?s={search_term_string}\"},\"query-input\":\"required name=search_term_string\"}],\"inLanguage\":\"fr-FR\"},{\"@type\":\"Person\",\"@id\":\"https:\/\/www.mediaplateforme.com\/fr\/#\/schema\/person\/89833db382b5db2c76b094bc902aa12a\",\"name\":\"Mediaplateforme\",\"image\":{\"@type\":\"ImageObject\",\"inLanguage\":\"fr-FR\",\"@id\":\"https:\/\/www.mediaplateforme.com\/fr\/#\/schema\/person\/image\/\",\"url\":\"https:\/\/secure.gravatar.com\/avatar\/6c9c02e8928cc65d54bf75157f7b3a2d06d7ad0494ca0951f679552ff03b34c1?s=96&d=mm&r=g\",\"contentUrl\":\"https:\/\/secure.gravatar.com\/avatar\/6c9c02e8928cc65d54bf75157f7b3a2d06d7ad0494ca0951f679552ff03b34c1?s=96&d=mm&r=g\",\"caption\":\"Mediaplateforme\"},\"sameAs\":[\"https:\/\/www.mediaplateforme.com\"],\"url\":\"https:\/\/www.mediaplateforme.com\/fr\/author\/mohamedladib\/\"}]}<\/script>\n<!-- \/ Yoast SEO plugin. -->","yoast_head_json":{"title":"Le M\u00f6venpick Mansour Eddahbi Marrakech pr\u00e9sente la   M\u00f6venpick Golf Cup - MEDIA PLATEFORME | FR","description":"Le\u00a0M\u00f6venpick\u00a0Mansour Eddahbi Marrakech\u00a0est fier d'annoncer la tenue de la tr\u00e8s attendue\u00a0M\u00f6venpick\u00a0Golf Cup, qui se d\u00e9roulera","robots":{"index":"index","follow":"follow","max-snippet":"max-snippet:-1","max-image-preview":"max-image-preview:large","max-video-preview":"max-video-preview:-1"},"canonical":"https:\/\/www.mediaplateforme.com\/fr\/le-movenpick-mansour-eddahbi-marrakech-presente-la-movenpick-golf-cup\/","og_locale":"fr_FR","og_type":"article","og_title":"Le M\u00f6venpick Mansour Eddahbi Marrakech pr\u00e9sente la   M\u00f6venpick Golf Cup - MEDIA PLATEFORME | FR","og_description":"Le\u00a0M\u00f6venpick\u00a0Mansour Eddahbi Marrakech\u00a0est fier d'annoncer la tenue de la tr\u00e8s attendue\u00a0M\u00f6venpick\u00a0Golf Cup, qui se d\u00e9roulera","og_url":"https:\/\/www.mediaplateforme.com\/fr\/le-movenpick-mansour-eddahbi-marrakech-presente-la-movenpick-golf-cup\/","og_site_name":"MEDIA PLATEFORME | FR","article_published_time":"2023-11-19T11:44:25+00:00","og_image":[{"width":1080,"height":819,"url":"https:\/\/www.mediaplateforme.com\/fr\/wp-content\/uploads\/sites\/5\/2023\/11\/Golf-cup-1-1.jpg","type":"image\/jpeg"}],"author":"Mediaplateforme","twitter_card":"summary_large_image","twitter_misc":{"\u00c9crit par":"Mediaplateforme","Dur\u00e9e de lecture estim\u00e9e":"2 minutes"},"schema":{"@context":"https:\/\/schema.org","@graph":[{"@type":"WebPage","@id":"https:\/\/www.mediaplateforme.com\/fr\/le-movenpick-mansour-eddahbi-marrakech-presente-la-movenpick-golf-cup\/","url":"https:\/\/www.mediaplateforme.com\/fr\/le-movenpick-mansour-eddahbi-marrakech-presente-la-movenpick-golf-cup\/","name":"Le M\u00f6venpick Mansour Eddahbi Marrakech pr\u00e9sente la M\u00f6venpick Golf Cup - MEDIA PLATEFORME | FR","isPartOf":{"@id":"https:\/\/www.mediaplateforme.com\/fr\/#website"},"datePublished":"2023-11-19T11:44:25+00:00","dateModified":"2023-11-19T11:44:25+00:00","author":{"@id":"https:\/\/www.mediaplateforme.com\/fr\/#\/schema\/person\/89833db382b5db2c76b094bc902aa12a"},"description":"Le\u00a0M\u00f6venpick\u00a0Mansour Eddahbi Marrakech\u00a0est fier d'annoncer la tenue de la tr\u00e8s attendue\u00a0M\u00f6venpick\u00a0Golf Cup, qui se d\u00e9roulera","breadcrumb":{"@id":"https:\/\/www.mediaplateforme.com\/fr\/le-movenpick-mansour-eddahbi-marrakech-presente-la-movenpick-golf-cup\/#breadcrumb"},"inLanguage":"fr-FR","potentialAction":[{"@type":"ReadAction","target":["https:\/\/www.mediaplateforme.com\/fr\/le-movenpick-mansour-eddahbi-marrakech-presente-la-movenpick-golf-cup\/"]}]},{"@type":"BreadcrumbList","@id":"https:\/\/www.mediaplateforme.com\/fr\/le-movenpick-mansour-eddahbi-marrakech-presente-la-movenpick-golf-cup\/#breadcrumb","itemListElement":[{"@type":"ListItem","position":1,"name":"\u0627\u0644\u0631\u0626\u064a\u0633\u064a\u0629","item":"https:\/\/www.mediaplateforme.com\/fr\/"},{"@type":"ListItem","position":2,"name":"Le M\u00f6venpick Mansour Eddahbi Marrakech pr\u00e9sente la M\u00f6venpick Golf Cup"}]},{"@type":"WebSite","@id":"https:\/\/www.mediaplateforme.com\/fr\/#website","url":"https:\/\/www.mediaplateforme.com\/fr\/","name":"MEDIA PLATEFORME | FR","description":"Mediaplateforme sp\u00e9cialis\u00e9 dans la communication institutions publiques et des entreprises","potentialAction":[{"@type":"SearchAction","target":{"@type":"EntryPoint","urlTemplate":"https:\/\/www.mediaplateforme.com\/fr\/?s={search_term_string}"},"query-input":"required name=search_term_string"}],"inLanguage":"fr-FR"},{"@type":"Person","@id":"https:\/\/www.mediaplateforme.com\/fr\/#\/schema\/person\/89833db382b5db2c76b094bc902aa12a","name":"Mediaplateforme","image":{"@type":"ImageObject","inLanguage":"fr-FR","@id":"https:\/\/www.mediaplateforme.com\/fr\/#\/schema\/person\/image\/","url":"https:\/\/secure.gravatar.com\/avatar\/6c9c02e8928cc65d54bf75157f7b3a2d06d7ad0494ca0951f679552ff03b34c1?s=96&d=mm&r=g","contentUrl":"https:\/\/secure.gravatar.com\/avatar\/6c9c02e8928cc65d54bf75157f7b3a2d06d7ad0494ca0951f679552ff03b34c1?s=96&d=mm&r=g","caption":"Mediaplateforme"},"sameAs":["https:\/\/www.mediaplateforme.com"],"url":"https:\/\/www.mediaplateforme.com\/fr\/author\/mohamedladib\/"}]}},"_links":{"self":[{"href":"https:\/\/www.mediaplateforme.com\/fr\/wp-json\/wp\/v2\/posts\/4563","targetHints":{"allow":["GET"]}}],"collection":[{"href":"https:\/\/www.mediaplateforme.com\/fr\/wp-json\/wp\/v2\/posts"}],"about":[{"href":"https:\/\/www.mediaplateforme.com\/fr\/wp-json\/wp\/v2\/types\/post"}],"author":[{"embeddable":true,"href":"https:\/\/www.mediaplateforme.com\/fr\/wp-json\/wp\/v2\/users\/1"}],"replies":[{"embeddable":true,"href":"https:\/\/www.mediaplateforme.com\/fr\/wp-json\/wp\/v2\/comments?post=4563"}],"version-history":[{"count":1,"href":"https:\/\/www.mediaplateforme.com\/fr\/wp-json\/wp\/v2\/posts\/4563\/revisions"}],"predecessor-version":[{"id":4565,"href":"https:\/\/www.mediaplateforme.com\/fr\/wp-json\/wp\/v2\/posts\/4563\/revisions\/4565"}],"wp:featuredmedia":[{"embeddable":true,"href":"https:\/\/www.mediaplateforme.com\/fr\/wp-json\/wp\/v2\/media\/4564"}],"wp:attachment":[{"href":"https:\/\/www.mediaplateforme.com\/fr\/wp-json\/wp\/v2\/media?parent=4563"}],"wp:term":[{"taxonomy":"category","embeddable":true,"href":"https:\/\/www.mediaplateforme.com\/fr\/wp-json\/wp\/v2\/categories?post=4563"},{"taxonomy":"post_tag","embeddable":true,"href":"https:\/\/www.mediaplateforme.com\/fr\/wp-json\/wp\/v2\/tags?post=4563"}],"curies":[{"name":"wp","href":"https:\/\/api.w.org\/{rel}","templated":true}]}}