{"id":454,"date":"2022-07-07T13:20:35","date_gmt":"2022-07-07T12:20:35","guid":{"rendered":"https:\/\/www.mediaplateforme.com\/fr\/?p=454"},"modified":"2022-07-07T13:20:35","modified_gmt":"2022-07-07T12:20:35","slug":"gam-et-luacc-signent-une-convention-de-partenariat","status":"publish","type":"post","link":"https:\/\/www.mediaplateforme.com\/fr\/gam-et-luacc-signent-une-convention-de-partenariat\/","title":{"rendered":"GAM et L\u2019UACC signent une convention de partenariat"},"content":{"rendered":"<p>Le Groupement des Annonceurs du Maroc (GAM)\u00a0et l&rsquo;Union des Agences Conseils en Communication (UACC) signent une\u00a0convention\u00a0de\u00a0partenariat\u00a0globale\u00a0visant\u00a0\u00e0\u00a0d\u00e9finir\u00a0et\u00a0diffuser\u00a0les\u00a0bonnes\u00a0pratiques\u00a0dans la collaboration entre les annonceurs et les agences conseil en\u00a0communication, ainsi qu\u2019\u00e0 mutualiser les ressources pour la formation de leurs\u00a0membres\u00a0respectifs.<\/p>\n<p>&nbsp;<\/p>\n<h2>Une\u00a0nouvelle\u00a0charte\u00a0Agences\u00a0&#8211;\u00a0Annonceurs.<\/h2>\n<p><strong>\u00a0<\/strong><\/p>\n<p>La\u00a0convention\u00a0sign\u00e9e\u00a0par\u00a0le\u00a0GAM\u00a0et\u00a0l\u2019UACC\u00a0donne\u00a0le\u00a0coup\u00a0d\u2019envoi\u00a0au\u00a0chantier\u00a0de\u00a0refonte\u00a0de\u00a0la\u00a0charte\u00a0Agences\u00a0&#8211;\u00a0Annonceurs.<\/p>\n<p>&nbsp;<\/p>\n<p><strong><em>\u201cCette d\u00e9marche t\u00e9moigne de la volont\u00e9 des deux parties, annonceurs et\u00a0agences, de travailler main dans la main pour assurer la mont\u00e9e en\u00a0comp\u00e9tence\u00a0de\u00a0l\u2019\u00e9cosyst\u00e8me\u00a0de\u00a0la\u00a0communication\u00a0au\u00a0Maroc,\u00a0et\u00a0soutenir\u00a0ainsi\u00a0les\u00a0talents\u00a0de\u00a0demain.\u201d<\/em><\/strong><em>,<\/em><i>\u00a0<\/i><em>pr\u00e9cise<\/em><i>\u00a0<\/i><em>Youssef<\/em><i>\u00a0<\/i><em>CHEIKHI,<\/em><i>\u00a0<\/i><em>Pr\u00e9sident<\/em><i>\u00a0<\/i><em>du<\/em><i>\u00a0<\/i><em>GAM.<\/em><\/p>\n<p><em>\u00a0<\/em><\/p>\n<p><em><strong>\u201cCette refonte vise \u00e0 porter un regard nouveau et critique sur la charte co-construite en 2012 par le GAM et l\u2019UACC, afin d&rsquo;accompagner l\u2019\u00e9volution du\u00a0march\u00e9 et\u00a0des\u00a0pratiques\u00a0et\u00a0de\u00a0r\u00e9pondre\u00a0aux\u00a0nouveaux\u00a0enjeux\u00a0\u00e9conomiques\u201d<\/strong>,<\/em><em>t\u00e9moigne\u00a0Maria\u00a0AIT M\u2019HAMED,\u00a0Pr\u00e9sidente\u00a0de\u00a0l\u2019UACC.<\/em><\/p>\n<p><em>\u00a0<\/em><\/p>\n<h3>Ce\u00a0chantier\u00a0sera\u00a0conduit\u00a0en\u00a0trois\u00a0phases\u00a0:<\/h3>\n<p>&nbsp;<\/p>\n<ul>\n<li>La\u00a0premi\u00e8re\u00a0phase\u00a0sera\u00a0consacr\u00e9e\u00a0\u00e0\u00a0la\u00a0r\u00e9alisation\u00a0d\u2019une\u00a0\u00e9tude\u00a0qualitative\u00a0et quantitative aupr\u00e8s des membres et acteurs de l\u2019\u00e9cosyst\u00e8me afin de\u00a0mesurer\u00a0la\u00a0perception\u00a0de\u00a0la\u00a0relation\u00a0Agences-Annonceurs.<\/li>\n<\/ul>\n<p>&nbsp;<\/p>\n<ul>\n<li style=\"font-weight: 400;\">Durant\u00a0la\u00a0seconde\u00a0phase,\u00a0un\u00a0ensemble\u00a0de\u00a0workshops\u00a0impliquant\u00a0les\u00a0diff\u00e9rentes\u00a0parties\u00a0prenantes\u00a0de\u00a0l&rsquo;industrie\u00a0sera\u00a0r\u00e9alis\u00e9\u00a0;\u00a0\u00e0\u00a0savoir\u00a0les\u00a0confr\u00e8res\u00a0internationaux, les agences de communication, les annonceurs, les\u00a0institutionnels,\u00a0les r\u00e9gies et les m\u00e9dias. Les workshops se baseront sur les\u00a0outputs\u00a0de\u00a0l\u2019\u00e9tude\u00a0ainsi\u00a0que\u00a0sur\u00a0les\u00a0bonnes\u00a0pratiques\u00a0\u00e0\u00a0l\u2019international.<\/li>\n<\/ul>\n<p style=\"font-weight: 400;\">\n<ul>\n<li style=\"font-weight: 400;\">La\u00a0troisi\u00e8me\u00a0phase\u00a0consistera\u00a0\u00e0\u00a0assurer\u00a0le\u00a0bon\u00a0d\u00e9ploiement\u00a0de\u00a0la\u00a0charte\u00a0et\u00a0int\u00e8grera\u00a0des\u00a0actions\u00a0de\u00a0sensibilisation\u00a0et\u00a0de\u00a0formation\u00a0de\u00a0l\u2019\u00e9cosyst\u00e8me.<\/li>\n<\/ul>\n<p style=\"font-weight: 400;\">\n<h2>Soutenir\u00a0la\u00a0mont\u00e9e\u00a0en\u00a0comp\u00e9tence\u00a0du\u00a0secteur.<\/h2>\n<p style=\"font-weight: 400;\"><strong>\u00a0<\/strong><\/p>\n<p style=\"font-weight: 400;\">La\u00a0convention\u00a0pr\u00e9voit\u00a0aussi\u00a0de\u00a0mobiliser\u00a0les\u00a0deux\u00a0partenaires\u00a0pour\u00a0la\u00a0construction\u00a0et\u00a0le\u00a0financement\u00a0d\u2019un\u00a0programme\u00a0de\u00a0formation\u00a0conjoint\u00a0dans\u00a0le\u00a0cadre\u00a0de\u00a0la\u00a0GAM\u00a0Academy,\u00a0destin\u00e9\u00a0aux\u00a0membres\u00a0du\u00a0GAM\u00a0et\u00a0de\u00a0l\u2019UACC.<\/p>\n<p style=\"font-weight: 400;\">\n<h3>\u00c0\u00a0propos\u00a0du\u00a0GAM :<\/h3>\n<p style=\"font-weight: 400;\"><strong>\u00a0<\/strong><\/p>\n<p style=\"font-weight: 400;\">Cr\u00e9\u00e9\u00a0en\u00a01984,\u00a0le\u00a0<a href=\"https:\/\/gam.ma\/\">Groupement\u00a0des\u00a0Annonceurs\u00a0du\u00a0Maroc<\/a>\u00a0(GAM),\u00a0est\u00a0l\u2019unique\u00a0repr\u00e9sentant\u00a0des\u00a0annonceurs,\u00a0des\u00a0marques\u00a0et\u00a0des\u00a0marketeurs\u00a0au\u00a0Maroc.<\/p>\n<p style=\"font-weight: 400;\">Face\u00a0au\u00a0d\u00e9veloppement\u00a0de\u00a0la\u00a0concurrence\u00a0et\u00a0des\u00a0nouveaux\u00a0d\u00e9fis\u00a0de\u00a0la\u00a0mondialisation,\u00a0le\u00a0Groupement\u00a0des\u00a0Annonceurs\u00a0du\u00a0Maroc\u00a0(GAM)\u00a0\u00e9labore\u00a0et\u00a0met\u00a0en\u00a0\u0153uvre\u00a0tous\u00a0les\u00a0moyens\u00a0susceptibles de promouvoir une pratique libre et professionnelle de la publicit\u00e9et de\u00a0poser les bases d\u2019une croissance durable de ce secteur vital de l\u2019\u00e9conomie, notamment\u00a0gr\u00e2ce\u00a0\u00e0\u00a0l\u2019adh\u00e9sion\u00a0et\u00a0l\u2019implication\u00a0de\u00a0ses\u00a0membres.<\/p>\n<p style=\"font-weight: 400;\"><strong>Les\u00a0membres\u00a0du\u00a0bureau du\u00a0GAM\u00a0:\u00a0<\/strong>Youssef\u00a0CHEIKHI,\u00a0Hasna\u00a0ALAOUI,\u00a0Rachid\u00a0KIFANI,\u00a0Sakina\u00a0ELFARES,\u00a0Samia\u00a0ELKYAS,\u00a0Soufiane\u00a0AL\u00a0KHATIRI,\u00a0Soumia\u00a0CHRAIBI,\u00a0Youness\u00a0OKBA.<\/p>\n<p style=\"font-weight: 400;\">Pour\u00a0plus\u00a0d\u2019informations,\u00a0visitez\u00a0<a href=\"http:\/\/www.gam.ma\/\" data-saferedirecturl=\"https:\/\/www.google.com\/url?q=http:\/\/www.gam.ma&amp;source=gmail&amp;ust=1657281190113000&amp;usg=AOvVaw3Vnf66ObVJoePZWm2SG0LI\">www.gam.ma<\/a><\/p>\n<h3>\u00c0\u00a0propos\u00a0de\u00a0l\u2019UACC\u00a0:<\/h3>\n<p style=\"font-weight: 400;\"><strong>\u00a0<\/strong><\/p>\n<p style=\"font-weight: 400;\">Cr\u00e9\u00e9 en 1998, l\u2019Union des agences conseil en communication est une association\u00a0professionnelle\u00a0regroupant\u00a041\u00a0agences\u00a0membres,\u00a0repr\u00e9sentant\u00a0pr\u00e8s\u00a0de\u00a085%\u00a0de\u00a0l\u2019activit\u00e9\u00a0publicitaire\u00a0du\u00a0Maroc.<\/p>\n<p style=\"font-weight: 400;\">Son action vise \u00e0 structurer les pratiques de la profession et \u00e0 d\u00e9fendre les valeurs\u00a0d\u2019\u00e9thique,\u00a0de\u00a0responsabilit\u00e9\u00a0et\u00a0de\u00a0juste\u00a0r\u00e9mun\u00e9ration\u00a0dans\u00a0l\u2019int\u00e9r\u00eat\u00a0partag\u00e9\u00a0des\u00a0marques\u00a0et des m\u00e9tiers de la communication. L\u2019adh\u00e9sion \u00e0 l&rsquo;UACC r\u00e9pond \u00e0 des normes\u00a0professionnelles et d\u2019\u00e9thique qui garantit le s\u00e9rieux et la bonne pratique du m\u00e9tier par\u00a0ses\u00a0membres\u00a0et\u00a0la\u00a0qualit\u00e9\u00a0du\u00a0label\u00a0UACC.<\/p>\n<p style=\"font-weight: 400;\"><strong>Les\u00a0membres\u00a0du\u00a0bureau\u00a0de\u00a0l\u2019UACC\u00a0sont\u00a0:\u00a0<\/strong>Maria\u00a0AIT\u00a0M\u2019HAMED,\u00a0Mounia\u00a0CHKOURI,\u00a0Ibtissame\u00a0BENNANI,\u00a0Hassan\u00a0ROUISSI,\u00a0Jalal\u00a0HAJJOU,\u00a0Rachid\u00a0HAMDAD,\u00a0Aissam\u00a0FATHYA,\u00a0Amine\u00a0LARAKI,\u00a0Othmane\u00a0BENAYAD,\u00a0Mehdi\u00a0BOUAYAD.<\/p>\n<p style=\"font-weight: 400;\">\n","protected":false},"excerpt":{"rendered":"<p>Le Groupement des Annonceurs du Maroc (GAM)\u00a0et l&rsquo;Union des Agences Conseils en Communication (UACC) signent<\/p>\n","protected":false},"author":1,"featured_media":455,"comment_status":"open","ping_status":"open","sticky":false,"template":"","format":"standard","meta":{"_acf_changed":false,"footnotes":""},"categories":[4,3],"tags":[197],"class_list":["post-454","post","type-post","status-publish","format-standard","has-post-thumbnail","hentry","category-economie","category-nouvelles-selectionnees","tag-gam"],"acf":[],"yoast_head":"<!-- This site is optimized with the Yoast SEO plugin v22.0 - https:\/\/yoast.com\/wordpress\/plugins\/seo\/ -->\n<title>GAM et L\u2019UACC signent une convention de partenariat - MEDIA PLATEFORME | FR<\/title>\n<meta name=\"description\" content=\"Le Groupement des Annonceurs du Maroc (GAM)\u00a0et l&#039;Union des Agences Conseils en Communication signent une\u00a0convention\u00a0de\u00a0partenariat\u00a0globale.\" \/>\n<meta name=\"robots\" content=\"index, follow, max-snippet:-1, max-image-preview:large, max-video-preview:-1\" \/>\n<link rel=\"canonical\" href=\"https:\/\/www.mediaplateforme.com\/fr\/gam-et-luacc-signent-une-convention-de-partenariat\/\" \/>\n<meta property=\"og:locale\" content=\"fr_FR\" \/>\n<meta property=\"og:type\" content=\"article\" \/>\n<meta property=\"og:title\" content=\"GAM et L\u2019UACC signent une convention de partenariat - MEDIA PLATEFORME | FR\" \/>\n<meta property=\"og:description\" content=\"Le Groupement des Annonceurs du Maroc (GAM)\u00a0et l&#039;Union des Agences Conseils en Communication signent une\u00a0convention\u00a0de\u00a0partenariat\u00a0globale.\" \/>\n<meta property=\"og:url\" content=\"https:\/\/www.mediaplateforme.com\/fr\/gam-et-luacc-signent-une-convention-de-partenariat\/\" \/>\n<meta property=\"og:site_name\" content=\"MEDIA PLATEFORME | FR\" \/>\n<meta property=\"article:published_time\" content=\"2022-07-07T12:20:35+00:00\" \/>\n<meta property=\"og:image\" content=\"https:\/\/www.mediaplateforme.com\/fr\/wp-content\/uploads\/sites\/5\/2022\/07\/GAM.jpg\" \/>\n\t<meta property=\"og:image:width\" content=\"667\" \/>\n\t<meta property=\"og:image:height\" content=\"446\" \/>\n\t<meta property=\"og:image:type\" content=\"image\/jpeg\" \/>\n<meta name=\"author\" content=\"Mediaplateforme\" \/>\n<meta name=\"twitter:card\" content=\"summary_large_image\" \/>\n<meta name=\"twitter:label1\" content=\"\u00c9crit par\" \/>\n\t<meta name=\"twitter:data1\" content=\"Mediaplateforme\" \/>\n\t<meta name=\"twitter:label2\" content=\"Dur\u00e9e de lecture estim\u00e9e\" \/>\n\t<meta name=\"twitter:data2\" content=\"3 minutes\" \/>\n<script type=\"application\/ld+json\" class=\"yoast-schema-graph\">{\"@context\":\"https:\/\/schema.org\",\"@graph\":[{\"@type\":\"WebPage\",\"@id\":\"https:\/\/www.mediaplateforme.com\/fr\/gam-et-luacc-signent-une-convention-de-partenariat\/\",\"url\":\"https:\/\/www.mediaplateforme.com\/fr\/gam-et-luacc-signent-une-convention-de-partenariat\/\",\"name\":\"GAM et L\u2019UACC signent une convention de partenariat - MEDIA PLATEFORME | FR\",\"isPartOf\":{\"@id\":\"https:\/\/www.mediaplateforme.com\/fr\/#website\"},\"datePublished\":\"2022-07-07T12:20:35+00:00\",\"dateModified\":\"2022-07-07T12:20:35+00:00\",\"author\":{\"@id\":\"https:\/\/www.mediaplateforme.com\/fr\/#\/schema\/person\/89833db382b5db2c76b094bc902aa12a\"},\"description\":\"Le Groupement des Annonceurs du Maroc (GAM)\u00a0et l'Union des Agences Conseils en Communication signent une\u00a0convention\u00a0de\u00a0partenariat\u00a0globale.\",\"breadcrumb\":{\"@id\":\"https:\/\/www.mediaplateforme.com\/fr\/gam-et-luacc-signent-une-convention-de-partenariat\/#breadcrumb\"},\"inLanguage\":\"fr-FR\",\"potentialAction\":[{\"@type\":\"ReadAction\",\"target\":[\"https:\/\/www.mediaplateforme.com\/fr\/gam-et-luacc-signent-une-convention-de-partenariat\/\"]}]},{\"@type\":\"BreadcrumbList\",\"@id\":\"https:\/\/www.mediaplateforme.com\/fr\/gam-et-luacc-signent-une-convention-de-partenariat\/#breadcrumb\",\"itemListElement\":[{\"@type\":\"ListItem\",\"position\":1,\"name\":\"\u0627\u0644\u0631\u0626\u064a\u0633\u064a\u0629\",\"item\":\"https:\/\/www.mediaplateforme.com\/fr\/\"},{\"@type\":\"ListItem\",\"position\":2,\"name\":\"GAM et L\u2019UACC signent une convention de partenariat\"}]},{\"@type\":\"WebSite\",\"@id\":\"https:\/\/www.mediaplateforme.com\/fr\/#website\",\"url\":\"https:\/\/www.mediaplateforme.com\/fr\/\",\"name\":\"MEDIA PLATEFORME | FR\",\"description\":\"Mediaplateforme sp\u00e9cialis\u00e9 dans la communication institutions publiques et des entreprises\",\"potentialAction\":[{\"@type\":\"SearchAction\",\"target\":{\"@type\":\"EntryPoint\",\"urlTemplate\":\"https:\/\/www.mediaplateforme.com\/fr\/?s={search_term_string}\"},\"query-input\":\"required name=search_term_string\"}],\"inLanguage\":\"fr-FR\"},{\"@type\":\"Person\",\"@id\":\"https:\/\/www.mediaplateforme.com\/fr\/#\/schema\/person\/89833db382b5db2c76b094bc902aa12a\",\"name\":\"Mediaplateforme\",\"image\":{\"@type\":\"ImageObject\",\"inLanguage\":\"fr-FR\",\"@id\":\"https:\/\/www.mediaplateforme.com\/fr\/#\/schema\/person\/image\/\",\"url\":\"https:\/\/secure.gravatar.com\/avatar\/6c9c02e8928cc65d54bf75157f7b3a2d06d7ad0494ca0951f679552ff03b34c1?s=96&d=mm&r=g\",\"contentUrl\":\"https:\/\/secure.gravatar.com\/avatar\/6c9c02e8928cc65d54bf75157f7b3a2d06d7ad0494ca0951f679552ff03b34c1?s=96&d=mm&r=g\",\"caption\":\"Mediaplateforme\"},\"sameAs\":[\"https:\/\/www.mediaplateforme.com\"],\"url\":\"https:\/\/www.mediaplateforme.com\/fr\/author\/mohamedladib\/\"}]}<\/script>\n<!-- \/ Yoast SEO plugin. -->","yoast_head_json":{"title":"GAM et L\u2019UACC signent une convention de partenariat - MEDIA PLATEFORME | FR","description":"Le Groupement des Annonceurs du Maroc (GAM)\u00a0et l'Union des Agences Conseils en Communication signent une\u00a0convention\u00a0de\u00a0partenariat\u00a0globale.","robots":{"index":"index","follow":"follow","max-snippet":"max-snippet:-1","max-image-preview":"max-image-preview:large","max-video-preview":"max-video-preview:-1"},"canonical":"https:\/\/www.mediaplateforme.com\/fr\/gam-et-luacc-signent-une-convention-de-partenariat\/","og_locale":"fr_FR","og_type":"article","og_title":"GAM et L\u2019UACC signent une convention de partenariat - MEDIA PLATEFORME | FR","og_description":"Le Groupement des Annonceurs du Maroc (GAM)\u00a0et l'Union des Agences Conseils en Communication signent une\u00a0convention\u00a0de\u00a0partenariat\u00a0globale.","og_url":"https:\/\/www.mediaplateforme.com\/fr\/gam-et-luacc-signent-une-convention-de-partenariat\/","og_site_name":"MEDIA PLATEFORME | FR","article_published_time":"2022-07-07T12:20:35+00:00","og_image":[{"width":667,"height":446,"url":"https:\/\/www.mediaplateforme.com\/fr\/wp-content\/uploads\/sites\/5\/2022\/07\/GAM.jpg","type":"image\/jpeg"}],"author":"Mediaplateforme","twitter_card":"summary_large_image","twitter_misc":{"\u00c9crit par":"Mediaplateforme","Dur\u00e9e de lecture estim\u00e9e":"3 minutes"},"schema":{"@context":"https:\/\/schema.org","@graph":[{"@type":"WebPage","@id":"https:\/\/www.mediaplateforme.com\/fr\/gam-et-luacc-signent-une-convention-de-partenariat\/","url":"https:\/\/www.mediaplateforme.com\/fr\/gam-et-luacc-signent-une-convention-de-partenariat\/","name":"GAM et L\u2019UACC signent une convention de partenariat - MEDIA PLATEFORME | FR","isPartOf":{"@id":"https:\/\/www.mediaplateforme.com\/fr\/#website"},"datePublished":"2022-07-07T12:20:35+00:00","dateModified":"2022-07-07T12:20:35+00:00","author":{"@id":"https:\/\/www.mediaplateforme.com\/fr\/#\/schema\/person\/89833db382b5db2c76b094bc902aa12a"},"description":"Le Groupement des Annonceurs du Maroc (GAM)\u00a0et l'Union des Agences Conseils en Communication signent une\u00a0convention\u00a0de\u00a0partenariat\u00a0globale.","breadcrumb":{"@id":"https:\/\/www.mediaplateforme.com\/fr\/gam-et-luacc-signent-une-convention-de-partenariat\/#breadcrumb"},"inLanguage":"fr-FR","potentialAction":[{"@type":"ReadAction","target":["https:\/\/www.mediaplateforme.com\/fr\/gam-et-luacc-signent-une-convention-de-partenariat\/"]}]},{"@type":"BreadcrumbList","@id":"https:\/\/www.mediaplateforme.com\/fr\/gam-et-luacc-signent-une-convention-de-partenariat\/#breadcrumb","itemListElement":[{"@type":"ListItem","position":1,"name":"\u0627\u0644\u0631\u0626\u064a\u0633\u064a\u0629","item":"https:\/\/www.mediaplateforme.com\/fr\/"},{"@type":"ListItem","position":2,"name":"GAM et L\u2019UACC signent une convention de partenariat"}]},{"@type":"WebSite","@id":"https:\/\/www.mediaplateforme.com\/fr\/#website","url":"https:\/\/www.mediaplateforme.com\/fr\/","name":"MEDIA PLATEFORME | FR","description":"Mediaplateforme sp\u00e9cialis\u00e9 dans la communication institutions publiques et des entreprises","potentialAction":[{"@type":"SearchAction","target":{"@type":"EntryPoint","urlTemplate":"https:\/\/www.mediaplateforme.com\/fr\/?s={search_term_string}"},"query-input":"required name=search_term_string"}],"inLanguage":"fr-FR"},{"@type":"Person","@id":"https:\/\/www.mediaplateforme.com\/fr\/#\/schema\/person\/89833db382b5db2c76b094bc902aa12a","name":"Mediaplateforme","image":{"@type":"ImageObject","inLanguage":"fr-FR","@id":"https:\/\/www.mediaplateforme.com\/fr\/#\/schema\/person\/image\/","url":"https:\/\/secure.gravatar.com\/avatar\/6c9c02e8928cc65d54bf75157f7b3a2d06d7ad0494ca0951f679552ff03b34c1?s=96&d=mm&r=g","contentUrl":"https:\/\/secure.gravatar.com\/avatar\/6c9c02e8928cc65d54bf75157f7b3a2d06d7ad0494ca0951f679552ff03b34c1?s=96&d=mm&r=g","caption":"Mediaplateforme"},"sameAs":["https:\/\/www.mediaplateforme.com"],"url":"https:\/\/www.mediaplateforme.com\/fr\/author\/mohamedladib\/"}]}},"_links":{"self":[{"href":"https:\/\/www.mediaplateforme.com\/fr\/wp-json\/wp\/v2\/posts\/454","targetHints":{"allow":["GET"]}}],"collection":[{"href":"https:\/\/www.mediaplateforme.com\/fr\/wp-json\/wp\/v2\/posts"}],"about":[{"href":"https:\/\/www.mediaplateforme.com\/fr\/wp-json\/wp\/v2\/types\/post"}],"author":[{"embeddable":true,"href":"https:\/\/www.mediaplateforme.com\/fr\/wp-json\/wp\/v2\/users\/1"}],"replies":[{"embeddable":true,"href":"https:\/\/www.mediaplateforme.com\/fr\/wp-json\/wp\/v2\/comments?post=454"}],"version-history":[{"count":1,"href":"https:\/\/www.mediaplateforme.com\/fr\/wp-json\/wp\/v2\/posts\/454\/revisions"}],"predecessor-version":[{"id":456,"href":"https:\/\/www.mediaplateforme.com\/fr\/wp-json\/wp\/v2\/posts\/454\/revisions\/456"}],"wp:featuredmedia":[{"embeddable":true,"href":"https:\/\/www.mediaplateforme.com\/fr\/wp-json\/wp\/v2\/media\/455"}],"wp:attachment":[{"href":"https:\/\/www.mediaplateforme.com\/fr\/wp-json\/wp\/v2\/media?parent=454"}],"wp:term":[{"taxonomy":"category","embeddable":true,"href":"https:\/\/www.mediaplateforme.com\/fr\/wp-json\/wp\/v2\/categories?post=454"},{"taxonomy":"post_tag","embeddable":true,"href":"https:\/\/www.mediaplateforme.com\/fr\/wp-json\/wp\/v2\/tags?post=454"}],"curies":[{"name":"wp","href":"https:\/\/api.w.org\/{rel}","templated":true}]}}