{"id":4480,"date":"2023-11-08T17:20:39","date_gmt":"2023-11-08T16:20:39","guid":{"rendered":"https:\/\/www.mediaplateforme.com\/fr\/?p=4480"},"modified":"2023-11-08T17:20:39","modified_gmt":"2023-11-08T16:20:39","slug":"avito-lance-la-1ere-edition-de-son-salon-immo-expo-by-avito","status":"publish","type":"post","link":"https:\/\/www.mediaplateforme.com\/fr\/avito-lance-la-1ere-edition-de-son-salon-immo-expo-by-avito\/","title":{"rendered":"Avito lance la 1\u00e8re \u00e9dition de son salon \u00ab Immo Expo by Avito \u00bb"},"content":{"rendered":"<p>Avito confirme la tenue de son salon de l\u2019immobilier Immo Expo by Avito, du 23 au 26 novembre 2023 \u00e0 Anfa Park au sein du projet Anfa Park \u00e0 Casablanca. Initialement programm\u00e9 en septembre, l\u2019\u00e9v\u00e9nement avait \u00e9t\u00e9 report\u00e9 compte tenu du s\u00e9isme ayant frapp\u00e9 la r\u00e9gion d\u2019Al Haouz afin de marquer le soutien d\u2019Avito aux victimes de cet \u00e9v\u00e9nement dramatique.<\/p>\n<p>Apr\u00e8s la r\u00e9ussite de la premi\u00e8re \u00e9dition du salon de la voiture d\u2019occasion, tenu du 9 au 18 juin 2023 \u00e0 Casablanca, le groupe AVITO d\u00e9cline son concept d\u2019\u00e9v\u00e9nement \u00ab\u00a0phygital\u00a0\u00bb, alliant les atouts des rencontres physiques et des fonctionnalit\u00e9s digitales, en direction du march\u00e9 de l\u2019immobilier. L\u2019\u00e9v\u00e9nement aura pour partenaire institutionnel la F\u00e9d\u00e9ration Nationale des Promoteurs Immobiliers (F.N.P.I).<\/p>\n<p>Le premier salon Immo Expo by Avito verra la participation des principaux promoteurs nationaux parmi lesquels CGI Assafa Bayt, Alliances, Akwa IMMO , Damane IMMO,Arena Properties, Douja Promotion avec ses filiales Addoha, Prestigia et Coralia, ainsi que FELSAB IMM, Beau Living Les R\u00e9sidences sans pareil, SERRAJ Immobilier, Ben Moussa Immobilier\u2026. Ceux-ci proposeront des offres immobili\u00e8res au sein de plusieurs villes du Royaume.<\/p>\n<p>Les 30.000 visiteurs attendus pourront \u00e9galement profiter d\u2019offres de financement pour leur projet immobilier gr\u00e2ce \u00e0 la pr\u00e9sence sur site des nombreux \u00e9tablissements bancaires dont le Cr\u00e9dit du Maroc, La Soci\u00e9t\u00e9 G\u00e9n\u00e9rale, BANK OF AFRIKA ou encore Bank AL KARAM\u2026 ainsi que d\u2019autres exposants autour des th\u00e9matiques d&rsquo;am\u00e9nagement.<\/p>\n<p>Sur une superficie de 2.000 m2, les exposants pr\u00e9senteront leurs offres les plus int\u00e9ressantes aux visiteurs attendus lors des 4 jours de l\u2019\u00e9v\u00e9nement, qui promet d&rsquo;\u00eatre le rendez-vous incontournable pour les personnes int\u00e9ress\u00e9es par l\u2019acquisition d\u2019un bien immobilier de tout standing au Maroc.<\/p>\n<p>Les visiteurs pourront ainsi d\u00e9couvrir une multitude de biens immobiliers, allant des studios, appartements et villas, en passant par des terrains \u00e0 construire. Qu\u2019ils soient \u00e0 la recherche d\u2019une r\u00e9sidence principale, d&rsquo;un investissement locatif ou une r\u00e9sidence secondaire, les visiteurs du salon Immo Expo by Avito d\u00e9couvriront toutes les offres du moment et les tendances du march\u00e9 immobilier marocain.<\/p>\n<p>Offrant une vaste s\u00e9lection de biens immobiliers \u00e0 vendre dans tout le pays et avec plus de 6,5 millions de visiteurs uniques par mois sur sa plateforme, Avito.ma s&rsquo;est impos\u00e9 comme un acteur majeur dans le domaine de l&rsquo;immobilier. En organisant la premi\u00e8re \u00e9dition de Immo Expo by Avito, la marketplace ambitionne ainsi de satisfaire une demande accrue et de r\u00e9pondre aux besoins d\u2019un march\u00e9 de l\u2019immobilier de plus en plus exigeant, tout en proposant une exp\u00e9rience nouvelle capitalisant sur les millions de clients, fid\u00e8les de la plateforme, et un salon de nouvelle g\u00e9n\u00e9ration, qualitatif et facilitant les transactions.<\/p>\n<p>Au 1 Novembre 2023, la plateforme d\u00e9di\u00e9e \u00e0 l\u2019\u00e9v\u00e9nement <a href=\"https:\/\/immoexpo.avito.ma\/\">https:\/\/immoexpo.avito.ma\/<\/a>\u00a0 a atteint plus de 350,000 utilisateurs uniques et 30.000 acheteurs potentiels ont effectu\u00e9 leurs r\u00e9servations de tickets pour assister \u00e0 Immo Expo 2023. L\u2019entr\u00e9e du salon sera gratuite.<\/p>\n<p><em>\u00ab Cette premi\u00e8re \u00e9dition du salon Immo Expo est bien plus qu&rsquo;un \u00e9v\u00e9nement. C&rsquo;est une opportunit\u00e9 o\u00f9 l&rsquo;offre rencontre la demande dans un cadre dynamique et innovant. Cet \u00e9v\u00e9nement est le lieu id\u00e9al pour les promoteurs et les <\/em><em>acheteurs de d\u00e9couvrir les opportunit\u00e9s les plus prometteuses du march\u00e9. Nous croyons fermement en l&rsquo;impact positif que ce salon peut avoir sur l&rsquo;ensemble de l&rsquo;industrie immobili\u00e8re au Maroc, en favorisant l&rsquo;\u00e9mergence de nouvelles tendances et en cr\u00e9ant des opportunit\u00e9s d&rsquo;investissement fructueuses. Avito Group est fier de contribuer \u00e0 l&rsquo;essor de l&rsquo;immobilier au Maroc et de jouer un r\u00f4le actif dans le fa\u00e7onnement de son avenir prometteur \u00bb,<\/em> a d\u00e9clar\u00e9 M. Mehdi Chbihi, Directeur Immobilier du Groupe AVITO.<\/p>\n<p>Ce salon exceptionnel pr\u00e9sentera ainsi une tr\u00e8s large gamme de biens immobiliers, mais aussi des offres de financement et d\u2019\u00e9quipement, des conseils et un accompagnement personnalis\u00e9 gr\u00e2ce \u00e0 la pr\u00e9sence de groupes immobiliers r\u00e9put\u00e9s et de plusieurs organismes de financement. Les visiteurs auront ainsi l\u2019opportunit\u00e9 de faire des simulations, de disposer de conseils n\u00e9cessaires \u00e0 l\u2019acquisition de leur propri\u00e9t\u00e9 id\u00e9ale, et \u00e0 des prix tr\u00e8s avantageux.<\/p>\n<p>En lan\u00e7ant la premi\u00e8re \u00e9dition d\u2019Immo Expo by Avito, la marketplace leader en immobilier au Maroc, confirme son r\u00f4le de catalyseur du d\u00e9veloppement d\u2019un secteur vital pour l\u2019\u00e9conomie du pays. Avito entend \u00e9galement, \u00e0 travers cet \u00e9v\u00e9nement prestigieux, accompagner les profonds changements que conna\u00eet ce secteur et r\u00e9pondre aux nouvelles exigences et tendances du march\u00e9 de l\u2019immobilier marocain.<\/p>\n","protected":false},"excerpt":{"rendered":"<p>Avito confirme la tenue de son salon de l\u2019immobilier Immo Expo by Avito, du 23<\/p>\n","protected":false},"author":1,"featured_media":4481,"comment_status":"open","ping_status":"open","sticky":false,"template":"","format":"standard","meta":{"_acf_changed":false,"footnotes":""},"categories":[2,3],"tags":[1439,218,1438],"class_list":["post-4480","post","type-post","status-publish","format-standard","has-post-thumbnail","hentry","category-nouvelles","category-nouvelles-selectionnees","tag-anfa-park","tag-avito","tag-immo-expo-by-avito"],"acf":[],"yoast_head":"<!-- This site is optimized with the Yoast SEO plugin v22.0 - https:\/\/yoast.com\/wordpress\/plugins\/seo\/ -->\n<title>Avito lance la 1\u00e8re \u00e9dition de son salon \u00ab Immo Expo by Avito \u00bb - MEDIA PLATEFORME | FR<\/title>\n<meta name=\"description\" content=\"Avito confirme la tenue de son salon de l\u2019immobilier Immo Expo by Avito, du 23 au 26 novembre 2023 \u00e0 Anfa Park au sein du projet Anfa Park\" \/>\n<meta name=\"robots\" content=\"index, follow, max-snippet:-1, max-image-preview:large, max-video-preview:-1\" \/>\n<link rel=\"canonical\" href=\"https:\/\/www.mediaplateforme.com\/fr\/avito-lance-la-1ere-edition-de-son-salon-immo-expo-by-avito\/\" \/>\n<meta property=\"og:locale\" content=\"fr_FR\" \/>\n<meta property=\"og:type\" content=\"article\" \/>\n<meta property=\"og:title\" content=\"Avito lance la 1\u00e8re \u00e9dition de son salon \u00ab Immo Expo by Avito \u00bb - MEDIA PLATEFORME | FR\" \/>\n<meta property=\"og:description\" content=\"Avito confirme la tenue de son salon de l\u2019immobilier Immo Expo by Avito, du 23 au 26 novembre 2023 \u00e0 Anfa Park au sein du projet Anfa Park\" \/>\n<meta property=\"og:url\" content=\"https:\/\/www.mediaplateforme.com\/fr\/avito-lance-la-1ere-edition-de-son-salon-immo-expo-by-avito\/\" \/>\n<meta property=\"og:site_name\" content=\"MEDIA PLATEFORME | FR\" \/>\n<meta property=\"article:published_time\" content=\"2023-11-08T16:20:39+00:00\" \/>\n<meta property=\"og:image\" content=\"https:\/\/www.mediaplateforme.com\/fr\/wp-content\/uploads\/sites\/5\/2023\/11\/Visuel-Avito-VF.png\" \/>\n\t<meta property=\"og:image:width\" content=\"1200\" \/>\n\t<meta property=\"og:image:height\" content=\"626\" \/>\n\t<meta property=\"og:image:type\" content=\"image\/png\" \/>\n<meta name=\"author\" content=\"Mediaplateforme\" \/>\n<meta name=\"twitter:card\" content=\"summary_large_image\" \/>\n<meta name=\"twitter:label1\" content=\"\u00c9crit par\" \/>\n\t<meta name=\"twitter:data1\" content=\"Mediaplateforme\" \/>\n\t<meta name=\"twitter:label2\" content=\"Dur\u00e9e de lecture estim\u00e9e\" \/>\n\t<meta name=\"twitter:data2\" content=\"4 minutes\" \/>\n<script type=\"application\/ld+json\" class=\"yoast-schema-graph\">{\"@context\":\"https:\/\/schema.org\",\"@graph\":[{\"@type\":\"WebPage\",\"@id\":\"https:\/\/www.mediaplateforme.com\/fr\/avito-lance-la-1ere-edition-de-son-salon-immo-expo-by-avito\/\",\"url\":\"https:\/\/www.mediaplateforme.com\/fr\/avito-lance-la-1ere-edition-de-son-salon-immo-expo-by-avito\/\",\"name\":\"Avito lance la 1\u00e8re \u00e9dition de son salon \u00ab Immo Expo by Avito \u00bb - MEDIA PLATEFORME | FR\",\"isPartOf\":{\"@id\":\"https:\/\/www.mediaplateforme.com\/fr\/#website\"},\"datePublished\":\"2023-11-08T16:20:39+00:00\",\"dateModified\":\"2023-11-08T16:20:39+00:00\",\"author\":{\"@id\":\"https:\/\/www.mediaplateforme.com\/fr\/#\/schema\/person\/89833db382b5db2c76b094bc902aa12a\"},\"description\":\"Avito confirme la tenue de son salon de l\u2019immobilier Immo Expo by Avito, du 23 au 26 novembre 2023 \u00e0 Anfa Park au sein du projet Anfa Park\",\"breadcrumb\":{\"@id\":\"https:\/\/www.mediaplateforme.com\/fr\/avito-lance-la-1ere-edition-de-son-salon-immo-expo-by-avito\/#breadcrumb\"},\"inLanguage\":\"fr-FR\",\"potentialAction\":[{\"@type\":\"ReadAction\",\"target\":[\"https:\/\/www.mediaplateforme.com\/fr\/avito-lance-la-1ere-edition-de-son-salon-immo-expo-by-avito\/\"]}]},{\"@type\":\"BreadcrumbList\",\"@id\":\"https:\/\/www.mediaplateforme.com\/fr\/avito-lance-la-1ere-edition-de-son-salon-immo-expo-by-avito\/#breadcrumb\",\"itemListElement\":[{\"@type\":\"ListItem\",\"position\":1,\"name\":\"\u0627\u0644\u0631\u0626\u064a\u0633\u064a\u0629\",\"item\":\"https:\/\/www.mediaplateforme.com\/fr\/\"},{\"@type\":\"ListItem\",\"position\":2,\"name\":\"Avito lance la 1\u00e8re \u00e9dition de son salon \u00ab Immo Expo by Avito \u00bb\"}]},{\"@type\":\"WebSite\",\"@id\":\"https:\/\/www.mediaplateforme.com\/fr\/#website\",\"url\":\"https:\/\/www.mediaplateforme.com\/fr\/\",\"name\":\"MEDIA PLATEFORME | FR\",\"description\":\"Mediaplateforme sp\u00e9cialis\u00e9 dans la communication institutions publiques et des entreprises\",\"potentialAction\":[{\"@type\":\"SearchAction\",\"target\":{\"@type\":\"EntryPoint\",\"urlTemplate\":\"https:\/\/www.mediaplateforme.com\/fr\/?s={search_term_string}\"},\"query-input\":\"required name=search_term_string\"}],\"inLanguage\":\"fr-FR\"},{\"@type\":\"Person\",\"@id\":\"https:\/\/www.mediaplateforme.com\/fr\/#\/schema\/person\/89833db382b5db2c76b094bc902aa12a\",\"name\":\"Mediaplateforme\",\"image\":{\"@type\":\"ImageObject\",\"inLanguage\":\"fr-FR\",\"@id\":\"https:\/\/www.mediaplateforme.com\/fr\/#\/schema\/person\/image\/\",\"url\":\"https:\/\/secure.gravatar.com\/avatar\/6c9c02e8928cc65d54bf75157f7b3a2d06d7ad0494ca0951f679552ff03b34c1?s=96&d=mm&r=g\",\"contentUrl\":\"https:\/\/secure.gravatar.com\/avatar\/6c9c02e8928cc65d54bf75157f7b3a2d06d7ad0494ca0951f679552ff03b34c1?s=96&d=mm&r=g\",\"caption\":\"Mediaplateforme\"},\"sameAs\":[\"https:\/\/www.mediaplateforme.com\"],\"url\":\"https:\/\/www.mediaplateforme.com\/fr\/author\/mohamedladib\/\"}]}<\/script>\n<!-- \/ Yoast SEO plugin. -->","yoast_head_json":{"title":"Avito lance la 1\u00e8re \u00e9dition de son salon \u00ab Immo Expo by Avito \u00bb - MEDIA PLATEFORME | FR","description":"Avito confirme la tenue de son salon de l\u2019immobilier Immo Expo by Avito, du 23 au 26 novembre 2023 \u00e0 Anfa Park au sein du projet Anfa Park","robots":{"index":"index","follow":"follow","max-snippet":"max-snippet:-1","max-image-preview":"max-image-preview:large","max-video-preview":"max-video-preview:-1"},"canonical":"https:\/\/www.mediaplateforme.com\/fr\/avito-lance-la-1ere-edition-de-son-salon-immo-expo-by-avito\/","og_locale":"fr_FR","og_type":"article","og_title":"Avito lance la 1\u00e8re \u00e9dition de son salon \u00ab Immo Expo by Avito \u00bb - MEDIA PLATEFORME | FR","og_description":"Avito confirme la tenue de son salon de l\u2019immobilier Immo Expo by Avito, du 23 au 26 novembre 2023 \u00e0 Anfa Park au sein du projet Anfa Park","og_url":"https:\/\/www.mediaplateforme.com\/fr\/avito-lance-la-1ere-edition-de-son-salon-immo-expo-by-avito\/","og_site_name":"MEDIA PLATEFORME | FR","article_published_time":"2023-11-08T16:20:39+00:00","og_image":[{"width":1200,"height":626,"url":"https:\/\/www.mediaplateforme.com\/fr\/wp-content\/uploads\/sites\/5\/2023\/11\/Visuel-Avito-VF.png","type":"image\/png"}],"author":"Mediaplateforme","twitter_card":"summary_large_image","twitter_misc":{"\u00c9crit par":"Mediaplateforme","Dur\u00e9e de lecture estim\u00e9e":"4 minutes"},"schema":{"@context":"https:\/\/schema.org","@graph":[{"@type":"WebPage","@id":"https:\/\/www.mediaplateforme.com\/fr\/avito-lance-la-1ere-edition-de-son-salon-immo-expo-by-avito\/","url":"https:\/\/www.mediaplateforme.com\/fr\/avito-lance-la-1ere-edition-de-son-salon-immo-expo-by-avito\/","name":"Avito lance la 1\u00e8re \u00e9dition de son salon \u00ab Immo Expo by Avito \u00bb - MEDIA PLATEFORME | FR","isPartOf":{"@id":"https:\/\/www.mediaplateforme.com\/fr\/#website"},"datePublished":"2023-11-08T16:20:39+00:00","dateModified":"2023-11-08T16:20:39+00:00","author":{"@id":"https:\/\/www.mediaplateforme.com\/fr\/#\/schema\/person\/89833db382b5db2c76b094bc902aa12a"},"description":"Avito confirme la tenue de son salon de l\u2019immobilier Immo Expo by Avito, du 23 au 26 novembre 2023 \u00e0 Anfa Park au sein du projet Anfa Park","breadcrumb":{"@id":"https:\/\/www.mediaplateforme.com\/fr\/avito-lance-la-1ere-edition-de-son-salon-immo-expo-by-avito\/#breadcrumb"},"inLanguage":"fr-FR","potentialAction":[{"@type":"ReadAction","target":["https:\/\/www.mediaplateforme.com\/fr\/avito-lance-la-1ere-edition-de-son-salon-immo-expo-by-avito\/"]}]},{"@type":"BreadcrumbList","@id":"https:\/\/www.mediaplateforme.com\/fr\/avito-lance-la-1ere-edition-de-son-salon-immo-expo-by-avito\/#breadcrumb","itemListElement":[{"@type":"ListItem","position":1,"name":"\u0627\u0644\u0631\u0626\u064a\u0633\u064a\u0629","item":"https:\/\/www.mediaplateforme.com\/fr\/"},{"@type":"ListItem","position":2,"name":"Avito lance la 1\u00e8re \u00e9dition de son salon \u00ab Immo Expo by Avito \u00bb"}]},{"@type":"WebSite","@id":"https:\/\/www.mediaplateforme.com\/fr\/#website","url":"https:\/\/www.mediaplateforme.com\/fr\/","name":"MEDIA PLATEFORME | FR","description":"Mediaplateforme sp\u00e9cialis\u00e9 dans la communication institutions publiques et des entreprises","potentialAction":[{"@type":"SearchAction","target":{"@type":"EntryPoint","urlTemplate":"https:\/\/www.mediaplateforme.com\/fr\/?s={search_term_string}"},"query-input":"required name=search_term_string"}],"inLanguage":"fr-FR"},{"@type":"Person","@id":"https:\/\/www.mediaplateforme.com\/fr\/#\/schema\/person\/89833db382b5db2c76b094bc902aa12a","name":"Mediaplateforme","image":{"@type":"ImageObject","inLanguage":"fr-FR","@id":"https:\/\/www.mediaplateforme.com\/fr\/#\/schema\/person\/image\/","url":"https:\/\/secure.gravatar.com\/avatar\/6c9c02e8928cc65d54bf75157f7b3a2d06d7ad0494ca0951f679552ff03b34c1?s=96&d=mm&r=g","contentUrl":"https:\/\/secure.gravatar.com\/avatar\/6c9c02e8928cc65d54bf75157f7b3a2d06d7ad0494ca0951f679552ff03b34c1?s=96&d=mm&r=g","caption":"Mediaplateforme"},"sameAs":["https:\/\/www.mediaplateforme.com"],"url":"https:\/\/www.mediaplateforme.com\/fr\/author\/mohamedladib\/"}]}},"_links":{"self":[{"href":"https:\/\/www.mediaplateforme.com\/fr\/wp-json\/wp\/v2\/posts\/4480","targetHints":{"allow":["GET"]}}],"collection":[{"href":"https:\/\/www.mediaplateforme.com\/fr\/wp-json\/wp\/v2\/posts"}],"about":[{"href":"https:\/\/www.mediaplateforme.com\/fr\/wp-json\/wp\/v2\/types\/post"}],"author":[{"embeddable":true,"href":"https:\/\/www.mediaplateforme.com\/fr\/wp-json\/wp\/v2\/users\/1"}],"replies":[{"embeddable":true,"href":"https:\/\/www.mediaplateforme.com\/fr\/wp-json\/wp\/v2\/comments?post=4480"}],"version-history":[{"count":1,"href":"https:\/\/www.mediaplateforme.com\/fr\/wp-json\/wp\/v2\/posts\/4480\/revisions"}],"predecessor-version":[{"id":4482,"href":"https:\/\/www.mediaplateforme.com\/fr\/wp-json\/wp\/v2\/posts\/4480\/revisions\/4482"}],"wp:featuredmedia":[{"embeddable":true,"href":"https:\/\/www.mediaplateforme.com\/fr\/wp-json\/wp\/v2\/media\/4481"}],"wp:attachment":[{"href":"https:\/\/www.mediaplateforme.com\/fr\/wp-json\/wp\/v2\/media?parent=4480"}],"wp:term":[{"taxonomy":"category","embeddable":true,"href":"https:\/\/www.mediaplateforme.com\/fr\/wp-json\/wp\/v2\/categories?post=4480"},{"taxonomy":"post_tag","embeddable":true,"href":"https:\/\/www.mediaplateforme.com\/fr\/wp-json\/wp\/v2\/tags?post=4480"}],"curies":[{"name":"wp","href":"https:\/\/api.w.org\/{rel}","templated":true}]}}