{"id":448,"date":"2022-07-07T11:32:35","date_gmt":"2022-07-07T10:32:35","guid":{"rendered":"https:\/\/www.mediaplateforme.com\/fr\/?p=448"},"modified":"2022-07-07T11:32:35","modified_gmt":"2022-07-07T10:32:35","slug":"forever-un-success-day-particulierement-reussi","status":"publish","type":"post","link":"https:\/\/www.mediaplateforme.com\/fr\/forever-un-success-day-particulierement-reussi\/","title":{"rendered":"Forever : Un Success Day particuli\u00e8rement r\u00e9ussi"},"content":{"rendered":"<p><strong>Apr\u00e8s un arr\u00eat de deux ans et demi li\u00e9 \u00e0 la crise sanitaire, Forever a relanc\u00e9 son \u00e9v\u00e9nement phare, au plus grand plaisir de ses collaborateurs venus du monde entier.<\/strong><\/p>\n<p>&nbsp;<\/p>\n<p>Le 18 juin fut une date hautement significative pour la marque sp\u00e9cialis\u00e9e en bien-\u00eatre. Plus de deux ans apr\u00e8s l\u2019apposition de la pand\u00e9mie, Forever est revenu au devant de la sc\u00e8ne avec sa fameuse Success Day.<\/p>\n<p>C\u00e9l\u00e9br\u00e9 dans l\u00b4enceinte du Palais des congr\u00e8s de Marrakech, l\u2019event a <a href=\"https:\/\/foreverliving.ma\/\">r\u00e9uni 1500 entrepreneurs<\/a> dans un mood festif. Organis\u00e9 3 fois par an d\u2019ordre habituel, ce rendez-vous tr\u00e8s attendu a pour objectifs de distinguer les collaborateurs les plus actifs, avant de les promouvoir aux diff\u00e9rents grades de l\u2019entreprise.<\/p>\n<p>Des centaines de gens ont ainsi vu leurs exploits r\u00e9compens\u00e9s devant un parterre d\u2019invit\u00e9s nationaux et internationaux. Apr\u00e8s deux ans de jach\u00e8re, cette journ\u00e9e a fait office de bouff\u00e9e d\u2019air frais, symbolisant \u00e9galement une page de tourn\u00e9e.<\/p>\n<p>\u00ab Nous avons \u00e9t\u00e9 tr\u00e8s \u00e9mus de pouvoir enfin r\u00e9unir toutes ces personnes ici. Cela a \u00e9t\u00e9 l\u00b4occasion de leur exprimer \u00e0 quel point \u00eatre ensemble nous avait manqu\u00e9. Beaucoup ont vu leur ardeur \u00e0 la t\u00e2che gratifi\u00e9e et il \u00e9tait temps ! Nous \u0153uvrons \u00e0 un projet g\u00e9n\u00e9reux et plein de sens, c\u2019est s\u00fbrement ce qui continue de nous motiver peu importe la conjoncture \u00bb a d\u00e9clar\u00e9 Antoine Carello, Directeur des Op\u00e9rations Forever Maroc.<\/p>\n<p>Dans une ambiance qui se voulait chaleureuse, le nutritionniste de la soci\u00e9t\u00e9, Nabil Layachi a eu le privil\u00e8ge de pr\u00e9senter la derni\u00e8re r\u00e9f\u00e9rence du groupe : l\u2019Argi+ &amp; Aloe Vera. Un gel miraculeux commercialis\u00e9 en parall\u00e8le du Pack SMART CONSUMER ; une autre nouveaut\u00e9 alliant quatre produits : Forever Bright, Aloe Lips, Aloe Body Lotion et Aloe peaches 30ml, permettant de d\u00e9marrer l\u2019activit\u00e9 aux alentours de 500 Dhs.<\/p>\n<p>Pr\u00e9sent, lui aussi, Kim Madsen, Manager Diamant Danois mais d\u00e9veloppant son Business \u00e0 l\u2019international, et premier recruteur au monde, s\u2019est ouvert sur les fondements de sa r\u00e9ussite. \u00abChacun de nous est en mesure de se surpasser \u00e0 condition de le vouloir. J\u2019ai d\u00e9but\u00e9 au bas de l\u2019\u00e9chelle, seulement je savais o\u00f9 je voulais arriver et j\u00b4y suis parvenu. Je vois ici des hommes et des femmes dot\u00e9s du m\u00eame potentiel et c\u2019est une fiert\u00e9 pour moi d\u2019avoir \u00e9chang\u00e9 avec eux \u00bb.<\/p>\n<p>Ayant initi\u00e9 son premier rassemblement physique depuis 2019, Forever a su faire de ce jour un moment sp\u00e9cial et traduire avec \u00e9motion les aspirations futures d\u2019une famille soud\u00e9e qui ne cesse de s\u2019\u00e9tendre.<\/p>\n","protected":false},"excerpt":{"rendered":"<p>Apr\u00e8s un arr\u00eat de deux ans et demi li\u00e9 \u00e0 la crise sanitaire, Forever a<\/p>\n","protected":false},"author":1,"featured_media":449,"comment_status":"open","ping_status":"open","sticky":false,"template":"","format":"standard","meta":{"_acf_changed":false,"footnotes":""},"categories":[4,3],"tags":[194],"class_list":["post-448","post","type-post","status-publish","format-standard","has-post-thumbnail","hentry","category-economie","category-nouvelles-selectionnees","tag-forever"],"acf":[],"yoast_head":"<!-- This site is optimized with the Yoast SEO plugin v22.0 - https:\/\/yoast.com\/wordpress\/plugins\/seo\/ -->\n<title>Forever : Un Success Day particuli\u00e8rement r\u00e9ussi - MEDIA PLATEFORME | FR<\/title>\n<meta name=\"description\" content=\"Apr\u00e8s un arr\u00eat de deux ans et demi li\u00e9 \u00e0 la crise sanitaire, Forever a relanc\u00e9 son \u00e9v\u00e9nement phare, au plus grand plaisir\" \/>\n<meta name=\"robots\" content=\"index, follow, max-snippet:-1, max-image-preview:large, max-video-preview:-1\" \/>\n<link rel=\"canonical\" href=\"https:\/\/www.mediaplateforme.com\/fr\/forever-un-success-day-particulierement-reussi\/\" \/>\n<meta property=\"og:locale\" content=\"fr_FR\" \/>\n<meta property=\"og:type\" content=\"article\" \/>\n<meta property=\"og:title\" content=\"Forever : Un Success Day particuli\u00e8rement r\u00e9ussi - MEDIA PLATEFORME | FR\" \/>\n<meta property=\"og:description\" content=\"Apr\u00e8s un arr\u00eat de deux ans et demi li\u00e9 \u00e0 la crise sanitaire, Forever a relanc\u00e9 son \u00e9v\u00e9nement phare, au plus grand plaisir\" \/>\n<meta property=\"og:url\" content=\"https:\/\/www.mediaplateforme.com\/fr\/forever-un-success-day-particulierement-reussi\/\" \/>\n<meta property=\"og:site_name\" content=\"MEDIA PLATEFORME | FR\" \/>\n<meta property=\"article:published_time\" content=\"2022-07-07T10:32:35+00:00\" \/>\n<meta property=\"og:image\" content=\"https:\/\/www.mediaplateforme.com\/fr\/wp-content\/uploads\/sites\/5\/2022\/07\/forever.jpg\" \/>\n\t<meta property=\"og:image:width\" content=\"755\" \/>\n\t<meta property=\"og:image:height\" content=\"503\" \/>\n\t<meta property=\"og:image:type\" content=\"image\/jpeg\" \/>\n<meta name=\"author\" content=\"Mediaplateforme\" \/>\n<meta name=\"twitter:card\" content=\"summary_large_image\" \/>\n<meta name=\"twitter:label1\" content=\"\u00c9crit par\" \/>\n\t<meta name=\"twitter:data1\" content=\"Mediaplateforme\" \/>\n\t<meta name=\"twitter:label2\" content=\"Dur\u00e9e de lecture estim\u00e9e\" \/>\n\t<meta name=\"twitter:data2\" content=\"2 minutes\" \/>\n<script type=\"application\/ld+json\" class=\"yoast-schema-graph\">{\"@context\":\"https:\/\/schema.org\",\"@graph\":[{\"@type\":\"WebPage\",\"@id\":\"https:\/\/www.mediaplateforme.com\/fr\/forever-un-success-day-particulierement-reussi\/\",\"url\":\"https:\/\/www.mediaplateforme.com\/fr\/forever-un-success-day-particulierement-reussi\/\",\"name\":\"Forever : Un Success Day particuli\u00e8rement r\u00e9ussi - MEDIA PLATEFORME | FR\",\"isPartOf\":{\"@id\":\"https:\/\/www.mediaplateforme.com\/fr\/#website\"},\"datePublished\":\"2022-07-07T10:32:35+00:00\",\"dateModified\":\"2022-07-07T10:32:35+00:00\",\"author\":{\"@id\":\"https:\/\/www.mediaplateforme.com\/fr\/#\/schema\/person\/89833db382b5db2c76b094bc902aa12a\"},\"description\":\"Apr\u00e8s un arr\u00eat de deux ans et demi li\u00e9 \u00e0 la crise sanitaire, Forever a relanc\u00e9 son \u00e9v\u00e9nement phare, au plus grand plaisir\",\"breadcrumb\":{\"@id\":\"https:\/\/www.mediaplateforme.com\/fr\/forever-un-success-day-particulierement-reussi\/#breadcrumb\"},\"inLanguage\":\"fr-FR\",\"potentialAction\":[{\"@type\":\"ReadAction\",\"target\":[\"https:\/\/www.mediaplateforme.com\/fr\/forever-un-success-day-particulierement-reussi\/\"]}]},{\"@type\":\"BreadcrumbList\",\"@id\":\"https:\/\/www.mediaplateforme.com\/fr\/forever-un-success-day-particulierement-reussi\/#breadcrumb\",\"itemListElement\":[{\"@type\":\"ListItem\",\"position\":1,\"name\":\"\u0627\u0644\u0631\u0626\u064a\u0633\u064a\u0629\",\"item\":\"https:\/\/www.mediaplateforme.com\/fr\/\"},{\"@type\":\"ListItem\",\"position\":2,\"name\":\"Forever : Un Success Day particuli\u00e8rement r\u00e9ussi\"}]},{\"@type\":\"WebSite\",\"@id\":\"https:\/\/www.mediaplateforme.com\/fr\/#website\",\"url\":\"https:\/\/www.mediaplateforme.com\/fr\/\",\"name\":\"MEDIA PLATEFORME | FR\",\"description\":\"Mediaplateforme sp\u00e9cialis\u00e9 dans la communication institutions publiques et des entreprises\",\"potentialAction\":[{\"@type\":\"SearchAction\",\"target\":{\"@type\":\"EntryPoint\",\"urlTemplate\":\"https:\/\/www.mediaplateforme.com\/fr\/?s={search_term_string}\"},\"query-input\":\"required name=search_term_string\"}],\"inLanguage\":\"fr-FR\"},{\"@type\":\"Person\",\"@id\":\"https:\/\/www.mediaplateforme.com\/fr\/#\/schema\/person\/89833db382b5db2c76b094bc902aa12a\",\"name\":\"Mediaplateforme\",\"image\":{\"@type\":\"ImageObject\",\"inLanguage\":\"fr-FR\",\"@id\":\"https:\/\/www.mediaplateforme.com\/fr\/#\/schema\/person\/image\/\",\"url\":\"https:\/\/secure.gravatar.com\/avatar\/6c9c02e8928cc65d54bf75157f7b3a2d06d7ad0494ca0951f679552ff03b34c1?s=96&d=mm&r=g\",\"contentUrl\":\"https:\/\/secure.gravatar.com\/avatar\/6c9c02e8928cc65d54bf75157f7b3a2d06d7ad0494ca0951f679552ff03b34c1?s=96&d=mm&r=g\",\"caption\":\"Mediaplateforme\"},\"sameAs\":[\"https:\/\/www.mediaplateforme.com\"],\"url\":\"https:\/\/www.mediaplateforme.com\/fr\/author\/mohamedladib\/\"}]}<\/script>\n<!-- \/ Yoast SEO plugin. -->","yoast_head_json":{"title":"Forever : Un Success Day particuli\u00e8rement r\u00e9ussi - MEDIA PLATEFORME | FR","description":"Apr\u00e8s un arr\u00eat de deux ans et demi li\u00e9 \u00e0 la crise sanitaire, Forever a relanc\u00e9 son \u00e9v\u00e9nement phare, au plus grand plaisir","robots":{"index":"index","follow":"follow","max-snippet":"max-snippet:-1","max-image-preview":"max-image-preview:large","max-video-preview":"max-video-preview:-1"},"canonical":"https:\/\/www.mediaplateforme.com\/fr\/forever-un-success-day-particulierement-reussi\/","og_locale":"fr_FR","og_type":"article","og_title":"Forever : Un Success Day particuli\u00e8rement r\u00e9ussi - MEDIA PLATEFORME | FR","og_description":"Apr\u00e8s un arr\u00eat de deux ans et demi li\u00e9 \u00e0 la crise sanitaire, Forever a relanc\u00e9 son \u00e9v\u00e9nement phare, au plus grand plaisir","og_url":"https:\/\/www.mediaplateforme.com\/fr\/forever-un-success-day-particulierement-reussi\/","og_site_name":"MEDIA PLATEFORME | FR","article_published_time":"2022-07-07T10:32:35+00:00","og_image":[{"width":755,"height":503,"url":"https:\/\/www.mediaplateforme.com\/fr\/wp-content\/uploads\/sites\/5\/2022\/07\/forever.jpg","type":"image\/jpeg"}],"author":"Mediaplateforme","twitter_card":"summary_large_image","twitter_misc":{"\u00c9crit par":"Mediaplateforme","Dur\u00e9e de lecture estim\u00e9e":"2 minutes"},"schema":{"@context":"https:\/\/schema.org","@graph":[{"@type":"WebPage","@id":"https:\/\/www.mediaplateforme.com\/fr\/forever-un-success-day-particulierement-reussi\/","url":"https:\/\/www.mediaplateforme.com\/fr\/forever-un-success-day-particulierement-reussi\/","name":"Forever : Un Success Day particuli\u00e8rement r\u00e9ussi - MEDIA PLATEFORME | FR","isPartOf":{"@id":"https:\/\/www.mediaplateforme.com\/fr\/#website"},"datePublished":"2022-07-07T10:32:35+00:00","dateModified":"2022-07-07T10:32:35+00:00","author":{"@id":"https:\/\/www.mediaplateforme.com\/fr\/#\/schema\/person\/89833db382b5db2c76b094bc902aa12a"},"description":"Apr\u00e8s un arr\u00eat de deux ans et demi li\u00e9 \u00e0 la crise sanitaire, Forever a relanc\u00e9 son \u00e9v\u00e9nement phare, au plus grand plaisir","breadcrumb":{"@id":"https:\/\/www.mediaplateforme.com\/fr\/forever-un-success-day-particulierement-reussi\/#breadcrumb"},"inLanguage":"fr-FR","potentialAction":[{"@type":"ReadAction","target":["https:\/\/www.mediaplateforme.com\/fr\/forever-un-success-day-particulierement-reussi\/"]}]},{"@type":"BreadcrumbList","@id":"https:\/\/www.mediaplateforme.com\/fr\/forever-un-success-day-particulierement-reussi\/#breadcrumb","itemListElement":[{"@type":"ListItem","position":1,"name":"\u0627\u0644\u0631\u0626\u064a\u0633\u064a\u0629","item":"https:\/\/www.mediaplateforme.com\/fr\/"},{"@type":"ListItem","position":2,"name":"Forever : Un Success Day particuli\u00e8rement r\u00e9ussi"}]},{"@type":"WebSite","@id":"https:\/\/www.mediaplateforme.com\/fr\/#website","url":"https:\/\/www.mediaplateforme.com\/fr\/","name":"MEDIA PLATEFORME | FR","description":"Mediaplateforme sp\u00e9cialis\u00e9 dans la communication institutions publiques et des entreprises","potentialAction":[{"@type":"SearchAction","target":{"@type":"EntryPoint","urlTemplate":"https:\/\/www.mediaplateforme.com\/fr\/?s={search_term_string}"},"query-input":"required name=search_term_string"}],"inLanguage":"fr-FR"},{"@type":"Person","@id":"https:\/\/www.mediaplateforme.com\/fr\/#\/schema\/person\/89833db382b5db2c76b094bc902aa12a","name":"Mediaplateforme","image":{"@type":"ImageObject","inLanguage":"fr-FR","@id":"https:\/\/www.mediaplateforme.com\/fr\/#\/schema\/person\/image\/","url":"https:\/\/secure.gravatar.com\/avatar\/6c9c02e8928cc65d54bf75157f7b3a2d06d7ad0494ca0951f679552ff03b34c1?s=96&d=mm&r=g","contentUrl":"https:\/\/secure.gravatar.com\/avatar\/6c9c02e8928cc65d54bf75157f7b3a2d06d7ad0494ca0951f679552ff03b34c1?s=96&d=mm&r=g","caption":"Mediaplateforme"},"sameAs":["https:\/\/www.mediaplateforme.com"],"url":"https:\/\/www.mediaplateforme.com\/fr\/author\/mohamedladib\/"}]}},"_links":{"self":[{"href":"https:\/\/www.mediaplateforme.com\/fr\/wp-json\/wp\/v2\/posts\/448","targetHints":{"allow":["GET"]}}],"collection":[{"href":"https:\/\/www.mediaplateforme.com\/fr\/wp-json\/wp\/v2\/posts"}],"about":[{"href":"https:\/\/www.mediaplateforme.com\/fr\/wp-json\/wp\/v2\/types\/post"}],"author":[{"embeddable":true,"href":"https:\/\/www.mediaplateforme.com\/fr\/wp-json\/wp\/v2\/users\/1"}],"replies":[{"embeddable":true,"href":"https:\/\/www.mediaplateforme.com\/fr\/wp-json\/wp\/v2\/comments?post=448"}],"version-history":[{"count":1,"href":"https:\/\/www.mediaplateforme.com\/fr\/wp-json\/wp\/v2\/posts\/448\/revisions"}],"predecessor-version":[{"id":450,"href":"https:\/\/www.mediaplateforme.com\/fr\/wp-json\/wp\/v2\/posts\/448\/revisions\/450"}],"wp:featuredmedia":[{"embeddable":true,"href":"https:\/\/www.mediaplateforme.com\/fr\/wp-json\/wp\/v2\/media\/449"}],"wp:attachment":[{"href":"https:\/\/www.mediaplateforme.com\/fr\/wp-json\/wp\/v2\/media?parent=448"}],"wp:term":[{"taxonomy":"category","embeddable":true,"href":"https:\/\/www.mediaplateforme.com\/fr\/wp-json\/wp\/v2\/categories?post=448"},{"taxonomy":"post_tag","embeddable":true,"href":"https:\/\/www.mediaplateforme.com\/fr\/wp-json\/wp\/v2\/tags?post=448"}],"curies":[{"name":"wp","href":"https:\/\/api.w.org\/{rel}","templated":true}]}}