{"id":4450,"date":"2023-11-07T11:57:32","date_gmt":"2023-11-07T10:57:32","guid":{"rendered":"https:\/\/www.mediaplateforme.com\/fr\/?p=4450"},"modified":"2023-11-07T11:57:32","modified_gmt":"2023-11-07T10:57:32","slug":"retour-de-mcdonalds-maroc-sur-les-questions-et-rumeurs-infondees-qui-circulent-actuellement","status":"publish","type":"post","link":"https:\/\/www.mediaplateforme.com\/fr\/retour-de-mcdonalds-maroc-sur-les-questions-et-rumeurs-infondees-qui-circulent-actuellement\/","title":{"rendered":"Retour de McDonald\u2019s Maroc sur les questions et rumeurs infond\u00e9es qui circulent actuellement"},"content":{"rendered":"<p>En tant que Marocains, nous sommes profond\u00e9ment attrist\u00e9s face \u00e0 l\u2019ampleur de la catastrophe humaine engendr\u00e9e par la guerre actuelle \u00e0 Gaza. Nous prions Dieu le Tout-Puissant de couvrir de sa mis\u00e9ricorde nos soeurs et fr\u00e8res palestiniens, victimes civiles innocentes de ce conflit.<\/p>\n<p><img loading=\"lazy\" decoding=\"async\" class=\"size-medium wp-image-4453 aligncenter\" src=\"https:\/\/www.mediaplateforme.com\/fr\/wp-content\/uploads\/sites\/5\/2023\/11\/IMG_5326-300x238.jpg\" alt=\"\" width=\"300\" height=\"238\" srcset=\"https:\/\/www.mediaplateforme.com\/fr\/wp-content\/uploads\/sites\/5\/2023\/11\/IMG_5326-300x238.jpg 300w, https:\/\/www.mediaplateforme.com\/fr\/wp-content\/uploads\/sites\/5\/2023\/11\/IMG_5326-1024x813.jpg 1024w, https:\/\/www.mediaplateforme.com\/fr\/wp-content\/uploads\/sites\/5\/2023\/11\/IMG_5326-768x610.jpg 768w, https:\/\/www.mediaplateforme.com\/fr\/wp-content\/uploads\/sites\/5\/2023\/11\/IMG_5326-1536x1220.jpg 1536w, https:\/\/www.mediaplateforme.com\/fr\/wp-content\/uploads\/sites\/5\/2023\/11\/IMG_5326-2048x1626.jpg 2048w\" sizes=\"auto, (max-width: 300px) 100vw, 300px\" \/><\/p>\n<p>Depuis plusieurs jours, nous faisons l\u2019objet de rumeurs fausses et infond\u00e9es qui tendent \u00e0 associer notre enseigne aux \u00e9v\u00e9nements survenus au Proche-Orient. Nous tenons, \u00e0 travers ce document de questions\/r\u00e9ponses, \u00e0 apporter les clarifications n\u00e9cessaires pour corriger les fausses all\u00e9gations actuellement en circulation :<\/p>\n<h5>Question 1<br \/>\nVous dites que vous \u00eates une entreprise marocaine avec un capital marocain et que vos profits restent au Maroc. Nous savons bien s\u00fbr que vous exploitez une enseigne am\u00e9ricaine et que vous \u00eates oblig\u00e9s de verser des droits d\u2019exploitation \u00e0 McDonald\u2019s International qui, selon les rumeurs, soutient clairement une des deux parties de ce conflit. Qu\u2019en dites-vous ?<\/h5>\n<p><strong><span style=\"color: #ff0000;\">R\u00e9ponse 1<\/span><\/strong><br \/>\nCes rumeurs sont fausses. Les royalties que la soci\u00e9t\u00e9 marocaine FRI, franchis\u00e9 \u00a0de McDonald&rsquo;s \u00a0au Maroc paie \u00e0 McDonald\u2019s International, ne servent en aucun cas \u00e0 soutenir un quelconque gouvernement ou une quelconque cause politique. Les multinationales cot\u00e9es en bourse ob\u00e9issent \u00e0 des r\u00e8gles de gestion strictes ainsi qu\u2019\u00e0 une obligation de transparence totale de leurs comptes que ce soit au niveau international, r\u00e9gional ou local.<br \/>\nPar contre, ce qui est ind\u00e9niable et facilement v\u00e9rifiable, c\u2019est que notre investissement au Maroc, notre capital fixe, les salaires directs que nous payons, les milliers d\u2019emplois indirects que nous cr\u00e9ons, les imp\u00f4ts et taxes ainsi que toutes les autres d\u00e9penses d\u2019exploitation que nous g\u00e9n\u00e9rons, profitent de mani\u00e8re directe \u00e0 l\u2019\u00e9conomie de notre pays et y cr\u00e9ent de la richesse.<\/p>\n<p><img loading=\"lazy\" decoding=\"async\" class=\"alignnone size-medium wp-image-4454\" src=\"https:\/\/www.mediaplateforme.com\/fr\/wp-content\/uploads\/sites\/5\/2023\/11\/CHIFFRES-VF-copie-265x300.jpg\" alt=\"\" width=\"265\" height=\"300\" srcset=\"https:\/\/www.mediaplateforme.com\/fr\/wp-content\/uploads\/sites\/5\/2023\/11\/CHIFFRES-VF-copie-265x300.jpg 265w, https:\/\/www.mediaplateforme.com\/fr\/wp-content\/uploads\/sites\/5\/2023\/11\/CHIFFRES-VF-copie-903x1024.jpg 903w, https:\/\/www.mediaplateforme.com\/fr\/wp-content\/uploads\/sites\/5\/2023\/11\/CHIFFRES-VF-copie-768x871.jpg 768w, https:\/\/www.mediaplateforme.com\/fr\/wp-content\/uploads\/sites\/5\/2023\/11\/CHIFFRES-VF-copie.jpg 1299w\" sizes=\"auto, (max-width: 265px) 100vw, 265px\" \/><\/p>\n<h5>Question 2<br \/>\nVous \u00eates rest\u00e9s silencieux aux appels de boycott qui visent McDonald\u2019s, accus\u00e9e d\u2019\u00eatre directement impliqu\u00e9e au soutien d\u2019une partie dans le conflit actuel au Proche-Orient. Ce silence signifie-t-il reconnaissance de votre part ?<\/h5>\n<p><span style=\"color: #ff0000;\">R\u00e9ponse 2<\/span><br \/>\nTout d\u2019abord et en tant que Marocains, nous sommes profond\u00e9ment attrist\u00e9s face \u00e0 l\u2019ampleur de la catastrophe humaine engendr\u00e9e par la guerre actuelle \u00e0 Gaza. Nous suivons avec beaucoup d\u2019attention et de tristesse le d\u00e9veloppement des \u00e9v\u00e9nements r\u00e9cents au Proche-Orient \u00a0et nous prions Dieu le Tout-Puissant de couvrir de sa mis\u00e9ricorde nos soeurs et fr\u00e8res palestiniens, victimes civiles innocentes de ce conflit.<br \/>\nEnsuite, nous tenons \u00e0 souligner que l\u2019action communautaire et la communication d\u2019un franchis\u00e9 de McDonald\u2019s dans son pays n\u2019engage que lui, pour son propre march\u00e9 et dans le strict p\u00e9rim\u00e8tre g\u00e9ographique de sa licence d\u2019exploitation. Par cons\u00e9quent et en ce qui nous concerne, il est important de rappeler qu\u2019au Maroc, FRI, le franchis\u00e9 de McDonald&rsquo;s International, est une entreprise 100% marocaine, de droit marocain avec un capital 100% marocain, qui emploie 5300 collaborateurs marocains et qui cr\u00e9e plusieurs milliers d\u2019emplois indirects \u00e0 travers le Maroc.<br \/>\nEnfin, en tant que franchis\u00e9 sur le territoire marocain, notre seule et unique vocation est de fournir \u00e0 nos clients, dans notre pays, la meilleure exp\u00e9rience de restauration possible. Par ailleurs, nous sommes \u00e9galement et totalement engag\u00e9s \u00e0 contribuer activement au d\u00e9veloppement social et \u00e9conomique de notre communaut\u00e9 et de notre pays.<\/p>\n<h5>Question 3<br \/>\nDepuis quelques jours, une vid\u00e9o circule sur les r\u00e9seaux sociaux mettant en avant le fait que McDonald&rsquo;s vient de sortir dans ses restaurants un emballage de couleur bleu sur fond blanc en signe de soutien politique \u00e0 une des parties du conflit actuel au Proche-Orient. Est-ce vrai ?<\/h5>\n<p><span style=\"color: #ff0000;\">R\u00e9ponse 3<\/span><br \/>\nCette information est compl\u00e8tement fausse.<br \/>\nL&#8217;emballage en question est utilis\u00e9 dans nos restaurants depuis l&rsquo;ann\u00e9e 2013 et cette information est totalement et facilement v\u00e9rifiable pour toute personne int\u00e9ress\u00e9e.\u00a0 Nous tenons \u00e0 pr\u00e9ciser que nous utilisons une gamme d&#8217;emballages g\u00e9n\u00e9riques compos\u00e9e de plusieurs couleurs telles que le vert, jaune, rouge, mauve etc\u2026, et l&rsquo;utilisation d&rsquo;une couleur donn\u00e9e sert uniquement \u00e0 faciliter l&rsquo;identification de nos produits et \u00e0 fluidifier \u00a0la gestion op\u00e9rationnelle de la production et du service dans nos restaurants.<\/p>\n<h5>Question 4<br \/>\nTous les franchis\u00e9s de McDonald&rsquo;s au Moyen-Orient ont publi\u00e9 des communiqu\u00e9s annon\u00e7ant l\u2019octroi de dons importants au profit des victimes civiles palestiniennes \u00e0 Gaza ? Ne partagez-vous pas leur position ?<\/h5>\n<p><img loading=\"lazy\" decoding=\"async\" class=\"alignnone  wp-image-4455\" src=\"https:\/\/www.mediaplateforme.com\/fr\/wp-content\/uploads\/sites\/5\/2023\/11\/DSCF1886-300x169.jpg\" alt=\"\" width=\"336\" height=\"189\" srcset=\"https:\/\/www.mediaplateforme.com\/fr\/wp-content\/uploads\/sites\/5\/2023\/11\/DSCF1886-300x169.jpg 300w, https:\/\/www.mediaplateforme.com\/fr\/wp-content\/uploads\/sites\/5\/2023\/11\/DSCF1886-1024x576.jpg 1024w, https:\/\/www.mediaplateforme.com\/fr\/wp-content\/uploads\/sites\/5\/2023\/11\/DSCF1886-768x432.jpg 768w, https:\/\/www.mediaplateforme.com\/fr\/wp-content\/uploads\/sites\/5\/2023\/11\/DSCF1886-1536x864.jpg 1536w, https:\/\/www.mediaplateforme.com\/fr\/wp-content\/uploads\/sites\/5\/2023\/11\/DSCF1886.jpg 2000w\" sizes=\"auto, (max-width: 336px) 100vw, 336px\" \/> <img loading=\"lazy\" decoding=\"async\" class=\"alignnone  wp-image-4456\" src=\"https:\/\/www.mediaplateforme.com\/fr\/wp-content\/uploads\/sites\/5\/2023\/11\/COVID-VF-copie-265x300.jpg\" alt=\"\" width=\"186\" height=\"211\" srcset=\"https:\/\/www.mediaplateforme.com\/fr\/wp-content\/uploads\/sites\/5\/2023\/11\/COVID-VF-copie-265x300.jpg 265w, https:\/\/www.mediaplateforme.com\/fr\/wp-content\/uploads\/sites\/5\/2023\/11\/COVID-VF-copie-903x1024.jpg 903w, https:\/\/www.mediaplateforme.com\/fr\/wp-content\/uploads\/sites\/5\/2023\/11\/COVID-VF-copie-768x871.jpg 768w, https:\/\/www.mediaplateforme.com\/fr\/wp-content\/uploads\/sites\/5\/2023\/11\/COVID-VF-copie.jpg 1299w\" sizes=\"auto, (max-width: 186px) 100vw, 186px\" \/><\/p>\n<p><span style=\"color: #ff0000;\">R\u00e9ponse 4<\/span><br \/>\nEn r\u00e8gle g\u00e9n\u00e9rale, nous ne pouvons pas nous prononcer sur les actions ou les positions d\u2019autres franchis\u00e9s McDonald&rsquo;s dans d\u2019autres pays. Chaque franchis\u00e9 est libre et ind\u00e9pendant sur ses actions caritatives dans la limite de son territoire g\u00e9ographique selon sa licence d\u2019exploitation.<br \/>\nEn ce qui nous concerne, et depuis l\u2019ouverture de notre premier site au Maroc en 1992, nous avons toujours \u00e9t\u00e9 pr\u00e9sents aupr\u00e8s de nos communaut\u00e9s \u00e0 travers des actions r\u00e9guli\u00e8res de solidarit\u00e9, derni\u00e8re en date celle au profit des victimes du tragique s\u00e9isme d\u2019Al Haouz pour un montant de 22 millions de dirhams.<\/p>\n<h5>Question 5<br \/>\nD\u2019accord, mais cela concerne des causes et des actions au Maroc et nous comprenons. Mais ne pr\u00e9voyez-vous pas d\u2019actions de solidarit\u00e9 en faveur des victimes civiles de Gaza \u00e0 l\u2019image de vos confr\u00e8res au Moyen-Orient ? \u00cates-vous contre l\u2019id\u00e9e ?<\/h5>\n<p><span style=\"color: #ff0000;\">R\u00e9ponse 5<\/span><br \/>\nAucunement. En tant que Marocains nous sommes de toute \u00e9vidence profond\u00e9ment attrist\u00e9s face \u00e0 l\u2019ampleur de la catastrophe humaine engendr\u00e9e par ce conflit \u00e0 Gaza.<br \/>\nCeci dit, en tant qu\u2019entreprise de droit marocain, nous sommes tenus de respecter des proc\u00e9dures administratives sp\u00e9cifiques \u00e0 l\u2019octroi d\u2019un don, m\u00eame \u00e0 l\u2019int\u00e9rieur du Maroc. Quand il s\u2019agit de dons \u00e0 l\u2019ext\u00e9rieur du p\u00e9rim\u00e8tre de notre pays, nous sommes \u00e9galement tenus \u00a0de respecter des proc\u00e9dures sp\u00e9ciales \u00a0dans le cadre de la r\u00e9glementation en vigueur.<br \/>\nC\u2019est ce que nous sommes pr\u00e9cis\u00e9ment en train de faire depuis un moment. D\u00e8s que les conditions administratives seront r\u00e9unies, nous n\u2019h\u00e9siterons aucune seconde \u00e0 nous joindre aux efforts nationaux et internationaux, \u00e0 travers \u00a0les organismes humanitaires habilit\u00e9s, pour apporter l\u2019aide urgente et n\u00e9cessaire \u00a0\u00e0 nos soeurs et fr\u00e8res palestiniens, victimes civiles et innocentes affect\u00e9es \u00e0 Gaza.<\/p>\n<h5>Question 6<br \/>\nVous avez compl\u00e9tement suspendu votre communication sur les r\u00e9seaux sociaux alors que vous \u00eates parmi les marques qui y sont les plus actives. Avez-vous peur de confronter l\u2019opinion publique suite aux appels au boycott ?<\/h5>\n<p><span style=\"color: #ff0000;\">R\u00e9ponse 6<\/span><br \/>\nNous avons un code de bonne conduite qui r\u00e9git notre politique de communication commerciale en temps de catastrophe ou de crises humanitaires majeures.<br \/>\nNotre code d\u2019\u00e9thique et d\u00e9ontologique nous exige d\u2019adopter une position discr\u00e8te lors de ce genre d\u2019\u00e9v\u00e8nements par respect pour la sensibilit\u00e9 de l\u2019opinion publique face \u00e0 la gravit\u00e9 de la situation, comme cela a \u00e9t\u00e9 le cas r\u00e9cemment suite au tragique s\u00e9isme d\u2019Al Haouz. Nous estimons que tout contenu commercial est inappropri\u00e9 pendant ce genre de situations.<\/p>\n<p><img loading=\"lazy\" decoding=\"async\" class=\"alignnone size-medium wp-image-4457\" src=\"https:\/\/www.mediaplateforme.com\/fr\/wp-content\/uploads\/sites\/5\/2023\/11\/Scan-VF-copie-300x125.jpg\" alt=\"\" width=\"300\" height=\"125\" srcset=\"https:\/\/www.mediaplateforme.com\/fr\/wp-content\/uploads\/sites\/5\/2023\/11\/Scan-VF-copie-300x125.jpg 300w, https:\/\/www.mediaplateforme.com\/fr\/wp-content\/uploads\/sites\/5\/2023\/11\/Scan-VF-copie-1024x428.jpg 1024w, https:\/\/www.mediaplateforme.com\/fr\/wp-content\/uploads\/sites\/5\/2023\/11\/Scan-VF-copie-768x321.jpg 768w, https:\/\/www.mediaplateforme.com\/fr\/wp-content\/uploads\/sites\/5\/2023\/11\/Scan-VF-copie-1536x642.jpg 1536w, https:\/\/www.mediaplateforme.com\/fr\/wp-content\/uploads\/sites\/5\/2023\/11\/Scan-VF-copie-2048x855.jpg 2048w\" sizes=\"auto, (max-width: 300px) 100vw, 300px\" \/><\/p>\n","protected":false},"excerpt":{"rendered":"<p>En tant que Marocains, nous sommes profond\u00e9ment attrist\u00e9s face \u00e0 l\u2019ampleur de la catastrophe humaine<\/p>\n","protected":false},"author":1,"featured_media":4451,"comment_status":"open","ping_status":"open","sticky":false,"template":"","format":"standard","meta":{"_acf_changed":false,"footnotes":""},"categories":[2,3],"tags":[465],"class_list":["post-4450","post","type-post","status-publish","format-standard","has-post-thumbnail","hentry","category-nouvelles","category-nouvelles-selectionnees","tag-mcdonalds-maroc"],"acf":[],"yoast_head":"<!-- This site is optimized with the Yoast SEO plugin v22.0 - https:\/\/yoast.com\/wordpress\/plugins\/seo\/ -->\n<title>Retour de McDonald\u2019s Maroc sur les questions et rumeurs infond\u00e9es qui circulent actuellement - MEDIA PLATEFORME | FR<\/title>\n<meta name=\"description\" content=\"Retour de McDonald\u2019s Maroc sur les questions et rumeurs infond\u00e9es qui circulent actuellement Retour de McDonald\u2019s\" \/>\n<meta name=\"robots\" content=\"index, follow, max-snippet:-1, max-image-preview:large, max-video-preview:-1\" \/>\n<link rel=\"canonical\" href=\"https:\/\/www.mediaplateforme.com\/fr\/retour-de-mcdonalds-maroc-sur-les-questions-et-rumeurs-infondees-qui-circulent-actuellement\/\" \/>\n<meta property=\"og:locale\" content=\"fr_FR\" \/>\n<meta property=\"og:type\" content=\"article\" \/>\n<meta property=\"og:title\" content=\"Retour de McDonald\u2019s Maroc sur les questions et rumeurs infond\u00e9es qui circulent actuellement - MEDIA PLATEFORME | FR\" \/>\n<meta property=\"og:description\" content=\"Retour de McDonald\u2019s Maroc sur les questions et rumeurs infond\u00e9es qui circulent actuellement Retour de McDonald\u2019s\" \/>\n<meta property=\"og:url\" content=\"https:\/\/www.mediaplateforme.com\/fr\/retour-de-mcdonalds-maroc-sur-les-questions-et-rumeurs-infondees-qui-circulent-actuellement\/\" \/>\n<meta property=\"og:site_name\" content=\"MEDIA PLATEFORME | FR\" \/>\n<meta property=\"article:published_time\" content=\"2023-11-07T10:57:32+00:00\" \/>\n<meta property=\"og:image\" content=\"https:\/\/www.mediaplateforme.com\/fr\/wp-content\/uploads\/sites\/5\/2023\/11\/Staff-scaled.jpg\" \/>\n\t<meta property=\"og:image:width\" content=\"2560\" \/>\n\t<meta property=\"og:image:height\" content=\"1707\" \/>\n\t<meta property=\"og:image:type\" content=\"image\/jpeg\" \/>\n<meta name=\"author\" content=\"Mediaplateforme\" \/>\n<meta name=\"twitter:card\" content=\"summary_large_image\" \/>\n<meta name=\"twitter:label1\" content=\"\u00c9crit par\" \/>\n\t<meta name=\"twitter:data1\" content=\"Mediaplateforme\" \/>\n\t<meta name=\"twitter:label2\" content=\"Dur\u00e9e de lecture estim\u00e9e\" \/>\n\t<meta name=\"twitter:data2\" content=\"7 minutes\" \/>\n<script type=\"application\/ld+json\" class=\"yoast-schema-graph\">{\"@context\":\"https:\/\/schema.org\",\"@graph\":[{\"@type\":\"WebPage\",\"@id\":\"https:\/\/www.mediaplateforme.com\/fr\/retour-de-mcdonalds-maroc-sur-les-questions-et-rumeurs-infondees-qui-circulent-actuellement\/\",\"url\":\"https:\/\/www.mediaplateforme.com\/fr\/retour-de-mcdonalds-maroc-sur-les-questions-et-rumeurs-infondees-qui-circulent-actuellement\/\",\"name\":\"Retour de McDonald\u2019s Maroc sur les questions et rumeurs infond\u00e9es qui circulent actuellement - MEDIA PLATEFORME | FR\",\"isPartOf\":{\"@id\":\"https:\/\/www.mediaplateforme.com\/fr\/#website\"},\"datePublished\":\"2023-11-07T10:57:32+00:00\",\"dateModified\":\"2023-11-07T10:57:32+00:00\",\"author\":{\"@id\":\"https:\/\/www.mediaplateforme.com\/fr\/#\/schema\/person\/89833db382b5db2c76b094bc902aa12a\"},\"description\":\"Retour de McDonald\u2019s Maroc sur les questions et rumeurs infond\u00e9es qui circulent actuellement Retour de McDonald\u2019s\",\"breadcrumb\":{\"@id\":\"https:\/\/www.mediaplateforme.com\/fr\/retour-de-mcdonalds-maroc-sur-les-questions-et-rumeurs-infondees-qui-circulent-actuellement\/#breadcrumb\"},\"inLanguage\":\"fr-FR\",\"potentialAction\":[{\"@type\":\"ReadAction\",\"target\":[\"https:\/\/www.mediaplateforme.com\/fr\/retour-de-mcdonalds-maroc-sur-les-questions-et-rumeurs-infondees-qui-circulent-actuellement\/\"]}]},{\"@type\":\"BreadcrumbList\",\"@id\":\"https:\/\/www.mediaplateforme.com\/fr\/retour-de-mcdonalds-maroc-sur-les-questions-et-rumeurs-infondees-qui-circulent-actuellement\/#breadcrumb\",\"itemListElement\":[{\"@type\":\"ListItem\",\"position\":1,\"name\":\"\u0627\u0644\u0631\u0626\u064a\u0633\u064a\u0629\",\"item\":\"https:\/\/www.mediaplateforme.com\/fr\/\"},{\"@type\":\"ListItem\",\"position\":2,\"name\":\"Retour de McDonald\u2019s Maroc sur les questions et rumeurs infond\u00e9es qui circulent actuellement\"}]},{\"@type\":\"WebSite\",\"@id\":\"https:\/\/www.mediaplateforme.com\/fr\/#website\",\"url\":\"https:\/\/www.mediaplateforme.com\/fr\/\",\"name\":\"MEDIA PLATEFORME | FR\",\"description\":\"Mediaplateforme sp\u00e9cialis\u00e9 dans la communication institutions publiques et des entreprises\",\"potentialAction\":[{\"@type\":\"SearchAction\",\"target\":{\"@type\":\"EntryPoint\",\"urlTemplate\":\"https:\/\/www.mediaplateforme.com\/fr\/?s={search_term_string}\"},\"query-input\":\"required name=search_term_string\"}],\"inLanguage\":\"fr-FR\"},{\"@type\":\"Person\",\"@id\":\"https:\/\/www.mediaplateforme.com\/fr\/#\/schema\/person\/89833db382b5db2c76b094bc902aa12a\",\"name\":\"Mediaplateforme\",\"image\":{\"@type\":\"ImageObject\",\"inLanguage\":\"fr-FR\",\"@id\":\"https:\/\/www.mediaplateforme.com\/fr\/#\/schema\/person\/image\/\",\"url\":\"https:\/\/secure.gravatar.com\/avatar\/6c9c02e8928cc65d54bf75157f7b3a2d06d7ad0494ca0951f679552ff03b34c1?s=96&d=mm&r=g\",\"contentUrl\":\"https:\/\/secure.gravatar.com\/avatar\/6c9c02e8928cc65d54bf75157f7b3a2d06d7ad0494ca0951f679552ff03b34c1?s=96&d=mm&r=g\",\"caption\":\"Mediaplateforme\"},\"sameAs\":[\"https:\/\/www.mediaplateforme.com\"],\"url\":\"https:\/\/www.mediaplateforme.com\/fr\/author\/mohamedladib\/\"}]}<\/script>\n<!-- \/ Yoast SEO plugin. -->","yoast_head_json":{"title":"Retour de McDonald\u2019s Maroc sur les questions et rumeurs infond\u00e9es qui circulent actuellement - MEDIA PLATEFORME | FR","description":"Retour de McDonald\u2019s Maroc sur les questions et rumeurs infond\u00e9es qui circulent actuellement Retour de McDonald\u2019s","robots":{"index":"index","follow":"follow","max-snippet":"max-snippet:-1","max-image-preview":"max-image-preview:large","max-video-preview":"max-video-preview:-1"},"canonical":"https:\/\/www.mediaplateforme.com\/fr\/retour-de-mcdonalds-maroc-sur-les-questions-et-rumeurs-infondees-qui-circulent-actuellement\/","og_locale":"fr_FR","og_type":"article","og_title":"Retour de McDonald\u2019s Maroc sur les questions et rumeurs infond\u00e9es qui circulent actuellement - MEDIA PLATEFORME | FR","og_description":"Retour de McDonald\u2019s Maroc sur les questions et rumeurs infond\u00e9es qui circulent actuellement Retour de McDonald\u2019s","og_url":"https:\/\/www.mediaplateforme.com\/fr\/retour-de-mcdonalds-maroc-sur-les-questions-et-rumeurs-infondees-qui-circulent-actuellement\/","og_site_name":"MEDIA PLATEFORME | FR","article_published_time":"2023-11-07T10:57:32+00:00","og_image":[{"width":2560,"height":1707,"url":"https:\/\/www.mediaplateforme.com\/fr\/wp-content\/uploads\/sites\/5\/2023\/11\/Staff-scaled.jpg","type":"image\/jpeg"}],"author":"Mediaplateforme","twitter_card":"summary_large_image","twitter_misc":{"\u00c9crit par":"Mediaplateforme","Dur\u00e9e de lecture estim\u00e9e":"7 minutes"},"schema":{"@context":"https:\/\/schema.org","@graph":[{"@type":"WebPage","@id":"https:\/\/www.mediaplateforme.com\/fr\/retour-de-mcdonalds-maroc-sur-les-questions-et-rumeurs-infondees-qui-circulent-actuellement\/","url":"https:\/\/www.mediaplateforme.com\/fr\/retour-de-mcdonalds-maroc-sur-les-questions-et-rumeurs-infondees-qui-circulent-actuellement\/","name":"Retour de McDonald\u2019s Maroc sur les questions et rumeurs infond\u00e9es qui circulent actuellement - MEDIA PLATEFORME | FR","isPartOf":{"@id":"https:\/\/www.mediaplateforme.com\/fr\/#website"},"datePublished":"2023-11-07T10:57:32+00:00","dateModified":"2023-11-07T10:57:32+00:00","author":{"@id":"https:\/\/www.mediaplateforme.com\/fr\/#\/schema\/person\/89833db382b5db2c76b094bc902aa12a"},"description":"Retour de McDonald\u2019s Maroc sur les questions et rumeurs infond\u00e9es qui circulent actuellement Retour de McDonald\u2019s","breadcrumb":{"@id":"https:\/\/www.mediaplateforme.com\/fr\/retour-de-mcdonalds-maroc-sur-les-questions-et-rumeurs-infondees-qui-circulent-actuellement\/#breadcrumb"},"inLanguage":"fr-FR","potentialAction":[{"@type":"ReadAction","target":["https:\/\/www.mediaplateforme.com\/fr\/retour-de-mcdonalds-maroc-sur-les-questions-et-rumeurs-infondees-qui-circulent-actuellement\/"]}]},{"@type":"BreadcrumbList","@id":"https:\/\/www.mediaplateforme.com\/fr\/retour-de-mcdonalds-maroc-sur-les-questions-et-rumeurs-infondees-qui-circulent-actuellement\/#breadcrumb","itemListElement":[{"@type":"ListItem","position":1,"name":"\u0627\u0644\u0631\u0626\u064a\u0633\u064a\u0629","item":"https:\/\/www.mediaplateforme.com\/fr\/"},{"@type":"ListItem","position":2,"name":"Retour de McDonald\u2019s Maroc sur les questions et rumeurs infond\u00e9es qui circulent actuellement"}]},{"@type":"WebSite","@id":"https:\/\/www.mediaplateforme.com\/fr\/#website","url":"https:\/\/www.mediaplateforme.com\/fr\/","name":"MEDIA PLATEFORME | FR","description":"Mediaplateforme sp\u00e9cialis\u00e9 dans la communication institutions publiques et des entreprises","potentialAction":[{"@type":"SearchAction","target":{"@type":"EntryPoint","urlTemplate":"https:\/\/www.mediaplateforme.com\/fr\/?s={search_term_string}"},"query-input":"required name=search_term_string"}],"inLanguage":"fr-FR"},{"@type":"Person","@id":"https:\/\/www.mediaplateforme.com\/fr\/#\/schema\/person\/89833db382b5db2c76b094bc902aa12a","name":"Mediaplateforme","image":{"@type":"ImageObject","inLanguage":"fr-FR","@id":"https:\/\/www.mediaplateforme.com\/fr\/#\/schema\/person\/image\/","url":"https:\/\/secure.gravatar.com\/avatar\/6c9c02e8928cc65d54bf75157f7b3a2d06d7ad0494ca0951f679552ff03b34c1?s=96&d=mm&r=g","contentUrl":"https:\/\/secure.gravatar.com\/avatar\/6c9c02e8928cc65d54bf75157f7b3a2d06d7ad0494ca0951f679552ff03b34c1?s=96&d=mm&r=g","caption":"Mediaplateforme"},"sameAs":["https:\/\/www.mediaplateforme.com"],"url":"https:\/\/www.mediaplateforme.com\/fr\/author\/mohamedladib\/"}]}},"_links":{"self":[{"href":"https:\/\/www.mediaplateforme.com\/fr\/wp-json\/wp\/v2\/posts\/4450","targetHints":{"allow":["GET"]}}],"collection":[{"href":"https:\/\/www.mediaplateforme.com\/fr\/wp-json\/wp\/v2\/posts"}],"about":[{"href":"https:\/\/www.mediaplateforme.com\/fr\/wp-json\/wp\/v2\/types\/post"}],"author":[{"embeddable":true,"href":"https:\/\/www.mediaplateforme.com\/fr\/wp-json\/wp\/v2\/users\/1"}],"replies":[{"embeddable":true,"href":"https:\/\/www.mediaplateforme.com\/fr\/wp-json\/wp\/v2\/comments?post=4450"}],"version-history":[{"count":2,"href":"https:\/\/www.mediaplateforme.com\/fr\/wp-json\/wp\/v2\/posts\/4450\/revisions"}],"predecessor-version":[{"id":4458,"href":"https:\/\/www.mediaplateforme.com\/fr\/wp-json\/wp\/v2\/posts\/4450\/revisions\/4458"}],"wp:featuredmedia":[{"embeddable":true,"href":"https:\/\/www.mediaplateforme.com\/fr\/wp-json\/wp\/v2\/media\/4451"}],"wp:attachment":[{"href":"https:\/\/www.mediaplateforme.com\/fr\/wp-json\/wp\/v2\/media?parent=4450"}],"wp:term":[{"taxonomy":"category","embeddable":true,"href":"https:\/\/www.mediaplateforme.com\/fr\/wp-json\/wp\/v2\/categories?post=4450"},{"taxonomy":"post_tag","embeddable":true,"href":"https:\/\/www.mediaplateforme.com\/fr\/wp-json\/wp\/v2\/tags?post=4450"}],"curies":[{"name":"wp","href":"https:\/\/api.w.org\/{rel}","templated":true}]}}