{"id":4440,"date":"2023-11-04T12:20:32","date_gmt":"2023-11-04T11:20:32","guid":{"rendered":"https:\/\/www.mediaplateforme.com\/fr\/?p=4440"},"modified":"2023-11-04T12:20:32","modified_gmt":"2023-11-04T11:20:32","slug":"tibu-africa-recoit-un-prix-mondial-pour-son-impact-positif","status":"publish","type":"post","link":"https:\/\/www.mediaplateforme.com\/fr\/tibu-africa-recoit-un-prix-mondial-pour-son-impact-positif\/","title":{"rendered":"Tibu Africa re\u00e7oit un prix mondial pour son impact positif"},"content":{"rendered":"<p>Aujourd\u2019hui, <strong>M. Mohamed Amine Zariat, le pr\u00e9sident de l\u2019ONG Tibu Africa <\/strong>s\u2019est vu remettre le prix de l\u2019organisation \u00e0 fort impact par le sport \u00e0 l\u2019occasion du 28\u00e8me congr\u00e8s mondial de TAFISA.<\/p>\n<p>Les membres du Board de TAFISA ont remis le prix \u00e0 Tibu Africa lors de la c\u00e9r\u00e9monie de TAFISA Awards qui s\u2019est tenue en pr\u00e9sence de 1500 participants qui ont pris part <strong>au 28\u00e8me congr\u00e8s mondial de TAFISA organis\u00e9 \u00e0 D\u00fcsseldorf du 1er au 5 novembre 2023<\/strong>. Le prix met \u00e0 l\u2019honneur les efforts continus et le d\u00e9vouement de l\u2019organisation Tibu Africa dans la conception et le d\u00e9ploiement de solutions innovantes et durables ax\u00e9s sur l\u2019\u00e9ducation, l\u2019insertion professionnelle et l\u2019entrepreneuriat des jeunes et des femmes \u00e0 travers le sport au Maroc et en Afrique.<\/p>\n<p>A cette occasion, le Pr\u00e9sident de Tibu Africa a d\u00e9clar\u00e9\u00a0: \u00ab\u00a0<em>Nous sommes honor\u00e9s de recevoir le Prix Mission 2030 lors du 28e Congr\u00e8s mondial de la TAFISA, en reconnaissance du r\u00f4le de leader jou\u00e9 par Tibu Africa sur le continent<\/em>.\u00a0\u00bb<\/p>\n<p>Il ajoute\u00a0: \u00ab\u00a0<em>Nous exprimons notre gratitude envers le conseil de la TAFISA, notre d\u00e9vou\u00e9e \u00e9quipe Tibu Africa, nos partenaires et nos parties prenantes pour leur soutien dans notre mission de cr\u00e9er un impact social durable gr\u00e2ce au sport.<\/em>\u00a0\u00bb<\/p>\n<p>&nbsp;<\/p>\n<p>L&rsquo;ensemble des programmes mis en place par Tibu Africa ont pour objectif de favoriser l&rsquo;insertion sociale et professionnelle des jeunes. En proposant un accompagnement p\u00e9dagogique et personnalis\u00e9 des g\u00e9n\u00e9rations montantes, des jeunes et des femmes, aux c\u00f4t\u00e9s de leurs familles et des acteurs de proximit\u00e9\u0301, Tibu Africa \u0153uvre \u00e0 la transformation des \u00e9coles et des quartiers, et contribue \u00e0 lutter contre les in\u00e9galit\u00e9s de destin et \u00e0 r\u00e9tablir l\u2019\u00e9galit\u00e9\u0301 des chances, notamment vis-\u00e0-vis de l&rsquo;acc\u00e8s \u00e0 la pratique d&rsquo;une activit\u00e9 physique r\u00e9guli\u00e8re, l&#8217;emploi et la formation.<\/p>\n<p>Les Prix Mission 2030 de la TAFISA mettent en lumi\u00e8re le travail exceptionnel des organisations et des personnalit\u00e9s qui ont eu un impact dans la lutte contre la crise de l&rsquo;inactivit\u00e9 physique gr\u00e2ce au Sport pour Tous.<\/p>\n<p><i>\u00a0<\/i><\/p>\n<h4><strong>A propos de Tibu Africa\u00a0:<\/strong><\/h4>\n<p>Tibu Africa est la locomotive nationale du d\u00e9veloppement par le sport au Maroc.<\/p>\n<p>Elle utilise la force du sport pour concevoir des solutions sociales et innovantes dans le domaine de l\u2019\u00e9ducation, de l\u2019autonomisation et de l\u2019inclusion socio-\u00e9conomique des jeunes et des femmes par le sport au Maroc et en Afrique.<\/p>\n<p>En tant que principale organisation dans l\u2019\u00e9ducation et l\u2019insertion des jeunes par le sport au Maroc et en Afrique avec une large couverture nationale dans plus de 35 villes dans les 12 r\u00e9gions du royaume et 5 capitales africaines, et en phase avec son ambition de devenir la locomotive du sport pour le d\u00e9veloppement en Afrique \u00e0 l\u2019horizon 2030, Tibu Africa s\u2019est engag\u00e9e \u00e0 contribuer dans la r\u00e9alisation des 17 Objectifs de d\u00e9veloppement durable (ODD) et les consid\u00e8re comme une opportunit\u00e9 de positionner le sport comme un outil puissant pour concevoir des solutions innovantes face \u00e0 la complexit\u00e9 des d\u00e9fis du 21\u00e8me si\u00e8cle.<\/p>\n","protected":false},"excerpt":{"rendered":"<p>Aujourd\u2019hui, M. Mohamed Amine Zariat, le pr\u00e9sident de l\u2019ONG Tibu Africa s\u2019est vu remettre le<\/p>\n","protected":false},"author":1,"featured_media":4441,"comment_status":"open","ping_status":"open","sticky":false,"template":"","format":"standard","meta":{"_acf_changed":false,"footnotes":""},"categories":[2,3],"tags":[1427,1428,683],"class_list":["post-4440","post","type-post","status-publish","format-standard","has-post-thumbnail","hentry","category-nouvelles","category-nouvelles-selectionnees","tag-mohamed-amine-zariat","tag-tafisa","tag-tibu-africa"],"acf":[],"yoast_head":"<!-- This site is optimized with the Yoast SEO plugin v22.0 - https:\/\/yoast.com\/wordpress\/plugins\/seo\/ -->\n<title>Tibu Africa re\u00e7oit un prix mondial pour son impact positif - MEDIA PLATEFORME | FR<\/title>\n<meta name=\"description\" content=\"Aujourd\u2019hui, M. Mohamed Amine Zariat, le pr\u00e9sident de l\u2019ONG Tibu Africa s\u2019est vu remettre le prix de 28\u00e8me congr\u00e8s mondial de TAFISA.\" \/>\n<meta name=\"robots\" content=\"index, follow, max-snippet:-1, max-image-preview:large, max-video-preview:-1\" \/>\n<link rel=\"canonical\" href=\"https:\/\/www.mediaplateforme.com\/fr\/tibu-africa-recoit-un-prix-mondial-pour-son-impact-positif\/\" \/>\n<meta property=\"og:locale\" content=\"fr_FR\" \/>\n<meta property=\"og:type\" content=\"article\" \/>\n<meta property=\"og:title\" content=\"Tibu Africa re\u00e7oit un prix mondial pour son impact positif - MEDIA PLATEFORME | FR\" \/>\n<meta property=\"og:description\" content=\"Aujourd\u2019hui, M. Mohamed Amine Zariat, le pr\u00e9sident de l\u2019ONG Tibu Africa s\u2019est vu remettre le prix de 28\u00e8me congr\u00e8s mondial de TAFISA.\" \/>\n<meta property=\"og:url\" content=\"https:\/\/www.mediaplateforme.com\/fr\/tibu-africa-recoit-un-prix-mondial-pour-son-impact-positif\/\" \/>\n<meta property=\"og:site_name\" content=\"MEDIA PLATEFORME | FR\" \/>\n<meta property=\"article:published_time\" content=\"2023-11-04T11:20:32+00:00\" \/>\n<meta property=\"og:image\" content=\"https:\/\/www.mediaplateforme.com\/fr\/wp-content\/uploads\/sites\/5\/2023\/11\/Image-2023-11-03-at-14.38.42.jpeg\" \/>\n\t<meta property=\"og:image:width\" content=\"1024\" \/>\n\t<meta property=\"og:image:height\" content=\"576\" \/>\n\t<meta property=\"og:image:type\" content=\"image\/jpeg\" \/>\n<meta name=\"author\" content=\"Mediaplateforme\" \/>\n<meta name=\"twitter:card\" content=\"summary_large_image\" \/>\n<meta name=\"twitter:label1\" content=\"\u00c9crit par\" \/>\n\t<meta name=\"twitter:data1\" content=\"Mediaplateforme\" \/>\n\t<meta name=\"twitter:label2\" content=\"Dur\u00e9e de lecture estim\u00e9e\" \/>\n\t<meta name=\"twitter:data2\" content=\"3 minutes\" \/>\n<script type=\"application\/ld+json\" class=\"yoast-schema-graph\">{\"@context\":\"https:\/\/schema.org\",\"@graph\":[{\"@type\":\"WebPage\",\"@id\":\"https:\/\/www.mediaplateforme.com\/fr\/tibu-africa-recoit-un-prix-mondial-pour-son-impact-positif\/\",\"url\":\"https:\/\/www.mediaplateforme.com\/fr\/tibu-africa-recoit-un-prix-mondial-pour-son-impact-positif\/\",\"name\":\"Tibu Africa re\u00e7oit un prix mondial pour son impact positif - MEDIA PLATEFORME | FR\",\"isPartOf\":{\"@id\":\"https:\/\/www.mediaplateforme.com\/fr\/#website\"},\"datePublished\":\"2023-11-04T11:20:32+00:00\",\"dateModified\":\"2023-11-04T11:20:32+00:00\",\"author\":{\"@id\":\"https:\/\/www.mediaplateforme.com\/fr\/#\/schema\/person\/89833db382b5db2c76b094bc902aa12a\"},\"description\":\"Aujourd\u2019hui, M. Mohamed Amine Zariat, le pr\u00e9sident de l\u2019ONG Tibu Africa s\u2019est vu remettre le prix de 28\u00e8me congr\u00e8s mondial de TAFISA.\",\"breadcrumb\":{\"@id\":\"https:\/\/www.mediaplateforme.com\/fr\/tibu-africa-recoit-un-prix-mondial-pour-son-impact-positif\/#breadcrumb\"},\"inLanguage\":\"fr-FR\",\"potentialAction\":[{\"@type\":\"ReadAction\",\"target\":[\"https:\/\/www.mediaplateforme.com\/fr\/tibu-africa-recoit-un-prix-mondial-pour-son-impact-positif\/\"]}]},{\"@type\":\"BreadcrumbList\",\"@id\":\"https:\/\/www.mediaplateforme.com\/fr\/tibu-africa-recoit-un-prix-mondial-pour-son-impact-positif\/#breadcrumb\",\"itemListElement\":[{\"@type\":\"ListItem\",\"position\":1,\"name\":\"\u0627\u0644\u0631\u0626\u064a\u0633\u064a\u0629\",\"item\":\"https:\/\/www.mediaplateforme.com\/fr\/\"},{\"@type\":\"ListItem\",\"position\":2,\"name\":\"Tibu Africa re\u00e7oit un prix mondial pour son impact positif\"}]},{\"@type\":\"WebSite\",\"@id\":\"https:\/\/www.mediaplateforme.com\/fr\/#website\",\"url\":\"https:\/\/www.mediaplateforme.com\/fr\/\",\"name\":\"MEDIA PLATEFORME | FR\",\"description\":\"Mediaplateforme sp\u00e9cialis\u00e9 dans la communication institutions publiques et des entreprises\",\"potentialAction\":[{\"@type\":\"SearchAction\",\"target\":{\"@type\":\"EntryPoint\",\"urlTemplate\":\"https:\/\/www.mediaplateforme.com\/fr\/?s={search_term_string}\"},\"query-input\":\"required name=search_term_string\"}],\"inLanguage\":\"fr-FR\"},{\"@type\":\"Person\",\"@id\":\"https:\/\/www.mediaplateforme.com\/fr\/#\/schema\/person\/89833db382b5db2c76b094bc902aa12a\",\"name\":\"Mediaplateforme\",\"image\":{\"@type\":\"ImageObject\",\"inLanguage\":\"fr-FR\",\"@id\":\"https:\/\/www.mediaplateforme.com\/fr\/#\/schema\/person\/image\/\",\"url\":\"https:\/\/secure.gravatar.com\/avatar\/6c9c02e8928cc65d54bf75157f7b3a2d06d7ad0494ca0951f679552ff03b34c1?s=96&d=mm&r=g\",\"contentUrl\":\"https:\/\/secure.gravatar.com\/avatar\/6c9c02e8928cc65d54bf75157f7b3a2d06d7ad0494ca0951f679552ff03b34c1?s=96&d=mm&r=g\",\"caption\":\"Mediaplateforme\"},\"sameAs\":[\"https:\/\/www.mediaplateforme.com\"],\"url\":\"https:\/\/www.mediaplateforme.com\/fr\/author\/mohamedladib\/\"}]}<\/script>\n<!-- \/ Yoast SEO plugin. -->","yoast_head_json":{"title":"Tibu Africa re\u00e7oit un prix mondial pour son impact positif - MEDIA PLATEFORME | FR","description":"Aujourd\u2019hui, M. Mohamed Amine Zariat, le pr\u00e9sident de l\u2019ONG Tibu Africa s\u2019est vu remettre le prix de 28\u00e8me congr\u00e8s mondial de TAFISA.","robots":{"index":"index","follow":"follow","max-snippet":"max-snippet:-1","max-image-preview":"max-image-preview:large","max-video-preview":"max-video-preview:-1"},"canonical":"https:\/\/www.mediaplateforme.com\/fr\/tibu-africa-recoit-un-prix-mondial-pour-son-impact-positif\/","og_locale":"fr_FR","og_type":"article","og_title":"Tibu Africa re\u00e7oit un prix mondial pour son impact positif - MEDIA PLATEFORME | FR","og_description":"Aujourd\u2019hui, M. Mohamed Amine Zariat, le pr\u00e9sident de l\u2019ONG Tibu Africa s\u2019est vu remettre le prix de 28\u00e8me congr\u00e8s mondial de TAFISA.","og_url":"https:\/\/www.mediaplateforme.com\/fr\/tibu-africa-recoit-un-prix-mondial-pour-son-impact-positif\/","og_site_name":"MEDIA PLATEFORME | FR","article_published_time":"2023-11-04T11:20:32+00:00","og_image":[{"width":1024,"height":576,"url":"https:\/\/www.mediaplateforme.com\/fr\/wp-content\/uploads\/sites\/5\/2023\/11\/Image-2023-11-03-at-14.38.42.jpeg","type":"image\/jpeg"}],"author":"Mediaplateforme","twitter_card":"summary_large_image","twitter_misc":{"\u00c9crit par":"Mediaplateforme","Dur\u00e9e de lecture estim\u00e9e":"3 minutes"},"schema":{"@context":"https:\/\/schema.org","@graph":[{"@type":"WebPage","@id":"https:\/\/www.mediaplateforme.com\/fr\/tibu-africa-recoit-un-prix-mondial-pour-son-impact-positif\/","url":"https:\/\/www.mediaplateforme.com\/fr\/tibu-africa-recoit-un-prix-mondial-pour-son-impact-positif\/","name":"Tibu Africa re\u00e7oit un prix mondial pour son impact positif - MEDIA PLATEFORME | FR","isPartOf":{"@id":"https:\/\/www.mediaplateforme.com\/fr\/#website"},"datePublished":"2023-11-04T11:20:32+00:00","dateModified":"2023-11-04T11:20:32+00:00","author":{"@id":"https:\/\/www.mediaplateforme.com\/fr\/#\/schema\/person\/89833db382b5db2c76b094bc902aa12a"},"description":"Aujourd\u2019hui, M. Mohamed Amine Zariat, le pr\u00e9sident de l\u2019ONG Tibu Africa s\u2019est vu remettre le prix de 28\u00e8me congr\u00e8s mondial de TAFISA.","breadcrumb":{"@id":"https:\/\/www.mediaplateforme.com\/fr\/tibu-africa-recoit-un-prix-mondial-pour-son-impact-positif\/#breadcrumb"},"inLanguage":"fr-FR","potentialAction":[{"@type":"ReadAction","target":["https:\/\/www.mediaplateforme.com\/fr\/tibu-africa-recoit-un-prix-mondial-pour-son-impact-positif\/"]}]},{"@type":"BreadcrumbList","@id":"https:\/\/www.mediaplateforme.com\/fr\/tibu-africa-recoit-un-prix-mondial-pour-son-impact-positif\/#breadcrumb","itemListElement":[{"@type":"ListItem","position":1,"name":"\u0627\u0644\u0631\u0626\u064a\u0633\u064a\u0629","item":"https:\/\/www.mediaplateforme.com\/fr\/"},{"@type":"ListItem","position":2,"name":"Tibu Africa re\u00e7oit un prix mondial pour son impact positif"}]},{"@type":"WebSite","@id":"https:\/\/www.mediaplateforme.com\/fr\/#website","url":"https:\/\/www.mediaplateforme.com\/fr\/","name":"MEDIA PLATEFORME | FR","description":"Mediaplateforme sp\u00e9cialis\u00e9 dans la communication institutions publiques et des entreprises","potentialAction":[{"@type":"SearchAction","target":{"@type":"EntryPoint","urlTemplate":"https:\/\/www.mediaplateforme.com\/fr\/?s={search_term_string}"},"query-input":"required name=search_term_string"}],"inLanguage":"fr-FR"},{"@type":"Person","@id":"https:\/\/www.mediaplateforme.com\/fr\/#\/schema\/person\/89833db382b5db2c76b094bc902aa12a","name":"Mediaplateforme","image":{"@type":"ImageObject","inLanguage":"fr-FR","@id":"https:\/\/www.mediaplateforme.com\/fr\/#\/schema\/person\/image\/","url":"https:\/\/secure.gravatar.com\/avatar\/6c9c02e8928cc65d54bf75157f7b3a2d06d7ad0494ca0951f679552ff03b34c1?s=96&d=mm&r=g","contentUrl":"https:\/\/secure.gravatar.com\/avatar\/6c9c02e8928cc65d54bf75157f7b3a2d06d7ad0494ca0951f679552ff03b34c1?s=96&d=mm&r=g","caption":"Mediaplateforme"},"sameAs":["https:\/\/www.mediaplateforme.com"],"url":"https:\/\/www.mediaplateforme.com\/fr\/author\/mohamedladib\/"}]}},"_links":{"self":[{"href":"https:\/\/www.mediaplateforme.com\/fr\/wp-json\/wp\/v2\/posts\/4440","targetHints":{"allow":["GET"]}}],"collection":[{"href":"https:\/\/www.mediaplateforme.com\/fr\/wp-json\/wp\/v2\/posts"}],"about":[{"href":"https:\/\/www.mediaplateforme.com\/fr\/wp-json\/wp\/v2\/types\/post"}],"author":[{"embeddable":true,"href":"https:\/\/www.mediaplateforme.com\/fr\/wp-json\/wp\/v2\/users\/1"}],"replies":[{"embeddable":true,"href":"https:\/\/www.mediaplateforme.com\/fr\/wp-json\/wp\/v2\/comments?post=4440"}],"version-history":[{"count":1,"href":"https:\/\/www.mediaplateforme.com\/fr\/wp-json\/wp\/v2\/posts\/4440\/revisions"}],"predecessor-version":[{"id":4442,"href":"https:\/\/www.mediaplateforme.com\/fr\/wp-json\/wp\/v2\/posts\/4440\/revisions\/4442"}],"wp:featuredmedia":[{"embeddable":true,"href":"https:\/\/www.mediaplateforme.com\/fr\/wp-json\/wp\/v2\/media\/4441"}],"wp:attachment":[{"href":"https:\/\/www.mediaplateforme.com\/fr\/wp-json\/wp\/v2\/media?parent=4440"}],"wp:term":[{"taxonomy":"category","embeddable":true,"href":"https:\/\/www.mediaplateforme.com\/fr\/wp-json\/wp\/v2\/categories?post=4440"},{"taxonomy":"post_tag","embeddable":true,"href":"https:\/\/www.mediaplateforme.com\/fr\/wp-json\/wp\/v2\/tags?post=4440"}],"curies":[{"name":"wp","href":"https:\/\/api.w.org\/{rel}","templated":true}]}}