{"id":4437,"date":"2023-11-04T12:13:26","date_gmt":"2023-11-04T11:13:26","guid":{"rendered":"https:\/\/www.mediaplateforme.com\/fr\/?p=4437"},"modified":"2023-11-04T12:13:26","modified_gmt":"2023-11-04T11:13:26","slug":"lg-encourage-les-jeunes-handicapes-a-poursuivre-leurs-reves-lors-du-2023-global-it-challenge","status":"publish","type":"post","link":"https:\/\/www.mediaplateforme.com\/fr\/lg-encourage-les-jeunes-handicapes-a-poursuivre-leurs-reves-lors-du-2023-global-it-challenge\/","title":{"rendered":"LG ENCOURAGE LES JEUNES HANDICAP\u00c9S \u00c0 POURSUIVRE LEURS R\u00caVES LORS DU 2023 GLOBAL IT CHALLENGE"},"content":{"rendered":"<p>LG Electronics (LG) a accueilli la finale du 2023 Global IT Challenge for Youth with Disabilities (GITC) \u00e0 Abu Dhabi, aux \u00c9mirats arabes unis, du 24 au 28 octobre. Cet \u00e9v\u00e9nement couronn\u00e9 de succ\u00e8s, organis\u00e9 hors ligne pour la premi\u00e8re fois en quatre ans, a vu 461 jeunes handicap\u00e9s de 18 pays diff\u00e9rents concourir dans un total de six d\u00e9fis informatiques diversifi\u00e9s.<\/p>\n<p>&nbsp;<\/p>\n<p>Les d\u00e9fis comprenaient le d\u00e9fi eTool en deux parties, qui testait les comp\u00e9tences des participants en mati\u00e8re de cr\u00e9ation de diapositives de pr\u00e9sentation et d&rsquo;utilisation de feuilles de calcul ; le d\u00e9fi eLifeMap, qui \u00e9valuait la capacit\u00e9 des participants \u00e0 effectuer des recherches de textes et d&rsquo;images en ligne ; le d\u00e9fi eContent, qui \u00e9valuait les capacit\u00e9s de production et d&rsquo;\u00e9dition vid\u00e9o ; et le d\u00e9fi eCreative, qui demandait aux participants de coder un programme de voiture autonome et de d\u00e9velopper une id\u00e9e de technologie am\u00e9liorant la qualit\u00e9 de vie des personnes handicap\u00e9es.<\/p>\n<p>&nbsp;<\/p>\n<p>Cr\u00e9\u00e9 en 2011 pour aider les jeunes handicap\u00e9s \u00e0 mieux ma\u00eetriser les technologies de l&rsquo;information et de la communication (TIC) et les aider \u00e0 acqu\u00e9rir la confiance et les outils pratiques n\u00e9cessaires pour s&rsquo;engager pleinement dans la soci\u00e9t\u00e9, le GITC 2023 a \u00e9t\u00e9 accueilli par LG Corporation, le minist\u00e8re sud-cor\u00e9en de la sant\u00e9 et de la protection sociale ainsi que le gouvernement d&rsquo;Abou Dhabi, et organis\u00e9 par LG, la Zayed Higher Organization, les \u00c9mirats arabes unis et le comit\u00e9 d&rsquo;organisation du GITC.<\/p>\n<p>&nbsp;<\/p>\n<p>\u00c0 ce jour, plus de 5 000 jeunes handicap\u00e9s de 40 pays ont particip\u00e9 au GITC. Le concours continue de servir de tremplin pour les jeunes handicap\u00e9s, de nombreux anciens participants se destinant \u00e0 des carri\u00e8res dans les domaines li\u00e9s aux technologies de l&rsquo;information et dans d&rsquo;autres secteurs d&rsquo;activit\u00e9.<\/p>\n<p>Historiquement, la plupart des participants aux GITC viennent de pays d&rsquo;Asie, notamment de Cor\u00e9e du Sud, de Chine, du Vi\u00eat Nam et de Tha\u00eflande. Cette ann\u00e9e, cependant, le GITC a gagn\u00e9 en diversit\u00e9, accueillant pour la premi\u00e8re fois des jeunes de pays du Moyen-Orient et d&rsquo;Afrique du Nord, tels que l&rsquo;\u00c9gypte et le Kenya.<\/p>\n<p>&nbsp;<\/p>\n<p>\u00c0 l&rsquo;issue de cet \u00e9v\u00e9nement rigoureux de cinq jours, Muhammad Naazir Danesh, de Malaisie, a \u00e9t\u00e9 d\u00e9sign\u00e9 comme le grand gagnant du GITC 2023. Il a obtenu d&rsquo;excellentes notes dans toutes les cat\u00e9gories du GITC de cette ann\u00e9e.<\/p>\n<p>&nbsp;<\/p>\n<p>Malgr\u00e9 un grave handicap physique, Muhammad Naazir Danesh a toujours \u00e9t\u00e9 passionn\u00e9 par le domaine des technologies de l&rsquo;information depuis son enfance. Malgr\u00e9 les difficult\u00e9s qu&rsquo;il rencontre, il souhaite devenir un jour un sp\u00e9cialiste des technologies de l&rsquo;information. Motiv\u00e9 par la reconnaissance de ce GITC, il est d\u00e9termin\u00e9 \u00e0 travailler dur pour r\u00e9aliser son r\u00eave.<\/p>\n<p>&nbsp;<\/p>\n<p>\u00ab\u00a0Mon parcours pour devenir un leader mondial des technologies de l&rsquo;information a \u00e9t\u00e9 pav\u00e9 par les contributions inestimables de ceux que j&rsquo;ai rencontr\u00e9s\u00a0\u00bb, a d\u00e9clar\u00e9 Muhammad Naazir Danesh. \u00ab\u00a0Cette reconnaissance est \u00e0 la fois un honneur et une motivation pour poursuivre mes plus grands r\u00eaves \u00e0 l&rsquo;avenir\u00a0\u00bb.<\/p>\n<p>&nbsp;<\/p>\n<p>Au cours de l&rsquo;\u00e9v\u00e9nement, LG a pr\u00e9sent\u00e9 aux concurrents son kit UP universel dans un espace d&rsquo;exposition d\u00e9di\u00e9 situ\u00e9 \u00e0 c\u00f4t\u00e9 du lieu du concours. Le kit, d\u00e9voil\u00e9 pour la premi\u00e8re fois \u00e0 l&rsquo;IFA 2023, est une collection d&rsquo;accessoires et de compl\u00e9ments innovants pour les appareils \u00e9lectrom\u00e9nagers, con\u00e7us pour faciliter l&rsquo;utilisation pour tous, ind\u00e9pendamment du sexe, de l&rsquo;\u00e2ge ou du handicap. Les concurrents du GITC qui ont exp\u00e9riment\u00e9 le kit UP universel en personne n&rsquo;ont pas tari d&rsquo;\u00e9loges sur les nouvelles solutions inclusives de LG.<\/p>\n<p>&nbsp;<\/p>\n<p>En outre, l&rsquo;entreprise a mis en place une zone photo qui reprend la promesse de la marque Life&rsquo;s Good et a m\u00eame distribu\u00e9 des produits de marque qui englobent la philosophie et les valeurs fondamentales de la marque LG. Le GITC a \u00e9t\u00e9 l&rsquo;\u00e9v\u00e9nement principal pour montrer la signification de Life&rsquo;s Good, avec tous les participants qui ont travaill\u00e9 dur pour relever leurs d\u00e9fis, m\u00eame lorsqu&rsquo;ils \u00e9taient confront\u00e9s \u00e0 des t\u00e2ches difficiles. L&rsquo;entreprise esp\u00e8re que tous les participants \u00e0 la GITC continueront \u00e0 relever des d\u00e9fis audacieux et \u00e0 faire preuve d&rsquo;optimisme pour surmonter les difficult\u00e9s qu&rsquo;ils rencontreront \u00e0 l&rsquo;avenir.<\/p>\n<p>&nbsp;<\/p>\n<p>En tant qu&rsquo;entreprise citoyenne responsable, <a href=\"https:\/\/www.mediaplateforme.com\/fr\/lg-etablit-un-nouveau-record-en-transmettant-et-en-recevant-avec-succes-des-donnees-6g-thz-sur-une-distance-de-500-metres\/\">LG<\/a> continuera \u00e0 donner aux jeunes handicap\u00e9s du monde entier les moyens d&rsquo;agir en soutenant des initiatives telles que le GITC. \u00ab\u00a0Le GITC est la plateforme id\u00e9ale pour les jeunes handicap\u00e9s qui cherchent \u00e0 communiquer avec le monde par le biais des technologies de l&rsquo;information, en transcendant les barri\u00e8res en termes de capacit\u00e9, de religion et de nationalit\u00e9\u00a0\u00bb, a d\u00e9clar\u00e9 Yoon Dae-sik, vice-pr\u00e9sident senior des relations ext\u00e9rieures de LG Electronics. \u00ab\u00a0Nous continuerons \u00e0 soutenir les jeunes handicap\u00e9s par l&rsquo;interm\u00e9diaire du GITC et \u00e0 les encourager \u00e0 poursuivre leurs r\u00eaves.<\/p>\n","protected":false},"excerpt":{"rendered":"<p>LG Electronics (LG) a accueilli la finale du 2023 Global IT Challenge for Youth with<\/p>\n","protected":false},"author":1,"featured_media":4438,"comment_status":"open","ping_status":"open","sticky":false,"template":"","format":"standard","meta":{"_acf_changed":false,"footnotes":""},"categories":[5,3],"tags":[1426,1425,28],"class_list":["post-4437","post","type-post","status-publish","format-standard","has-post-thumbnail","hentry","category-tech","category-nouvelles-selectionnees","tag-2023-gitc","tag-global-it-challenge-for-youth-with-disabilities","tag-lg"],"acf":[],"yoast_head":"<!-- This site is optimized with the Yoast SEO plugin v22.0 - https:\/\/yoast.com\/wordpress\/plugins\/seo\/ -->\n<title>LG ENCOURAGE LES JEUNES HANDICAP\u00c9S \u00c0 POURSUIVRE LEURS R\u00caVES LORS DU 2023 GLOBAL IT CHALLENGE - MEDIA PLATEFORME | FR<\/title>\n<meta name=\"description\" content=\"LG Electronics (LG) a accueilli la final 2023 Global IT Challenge for Youth with Disabilities (GITC) \u00e0 Abu Dhabi, aux \u00c9mirats arabes unis,\" \/>\n<meta name=\"robots\" content=\"index, follow, max-snippet:-1, max-image-preview:large, max-video-preview:-1\" \/>\n<link rel=\"canonical\" href=\"https:\/\/www.mediaplateforme.com\/fr\/lg-encourage-les-jeunes-handicapes-a-poursuivre-leurs-reves-lors-du-2023-global-it-challenge\/\" \/>\n<meta property=\"og:locale\" content=\"fr_FR\" \/>\n<meta property=\"og:type\" content=\"article\" \/>\n<meta property=\"og:title\" content=\"LG ENCOURAGE LES JEUNES HANDICAP\u00c9S \u00c0 POURSUIVRE LEURS R\u00caVES LORS DU 2023 GLOBAL IT CHALLENGE - MEDIA PLATEFORME | FR\" \/>\n<meta property=\"og:description\" content=\"LG Electronics (LG) a accueilli la final 2023 Global IT Challenge for Youth with Disabilities (GITC) \u00e0 Abu Dhabi, aux \u00c9mirats arabes unis,\" \/>\n<meta property=\"og:url\" content=\"https:\/\/www.mediaplateforme.com\/fr\/lg-encourage-les-jeunes-handicapes-a-poursuivre-leurs-reves-lors-du-2023-global-it-challenge\/\" \/>\n<meta property=\"og:site_name\" content=\"MEDIA PLATEFORME | FR\" \/>\n<meta property=\"article:published_time\" content=\"2023-11-04T11:13:26+00:00\" \/>\n<meta property=\"og:image\" content=\"https:\/\/www.mediaplateforme.com\/fr\/wp-content\/uploads\/sites\/5\/2023\/11\/Image1-2023-GITC-scaled.jpeg\" \/>\n\t<meta property=\"og:image:width\" content=\"2560\" \/>\n\t<meta property=\"og:image:height\" content=\"1053\" \/>\n\t<meta property=\"og:image:type\" content=\"image\/jpeg\" \/>\n<meta name=\"author\" content=\"Mediaplateforme\" \/>\n<meta name=\"twitter:card\" content=\"summary_large_image\" \/>\n<meta name=\"twitter:label1\" content=\"\u00c9crit par\" \/>\n\t<meta name=\"twitter:data1\" content=\"Mediaplateforme\" \/>\n\t<meta name=\"twitter:label2\" content=\"Dur\u00e9e de lecture estim\u00e9e\" \/>\n\t<meta name=\"twitter:data2\" content=\"4 minutes\" \/>\n<script type=\"application\/ld+json\" class=\"yoast-schema-graph\">{\"@context\":\"https:\/\/schema.org\",\"@graph\":[{\"@type\":\"WebPage\",\"@id\":\"https:\/\/www.mediaplateforme.com\/fr\/lg-encourage-les-jeunes-handicapes-a-poursuivre-leurs-reves-lors-du-2023-global-it-challenge\/\",\"url\":\"https:\/\/www.mediaplateforme.com\/fr\/lg-encourage-les-jeunes-handicapes-a-poursuivre-leurs-reves-lors-du-2023-global-it-challenge\/\",\"name\":\"LG ENCOURAGE LES JEUNES HANDICAP\u00c9S \u00c0 POURSUIVRE LEURS R\u00caVES LORS DU 2023 GLOBAL IT CHALLENGE - MEDIA PLATEFORME | FR\",\"isPartOf\":{\"@id\":\"https:\/\/www.mediaplateforme.com\/fr\/#website\"},\"datePublished\":\"2023-11-04T11:13:26+00:00\",\"dateModified\":\"2023-11-04T11:13:26+00:00\",\"author\":{\"@id\":\"https:\/\/www.mediaplateforme.com\/fr\/#\/schema\/person\/89833db382b5db2c76b094bc902aa12a\"},\"description\":\"LG Electronics (LG) a accueilli la final 2023 Global IT Challenge for Youth with Disabilities (GITC) \u00e0 Abu Dhabi, aux \u00c9mirats arabes unis,\",\"breadcrumb\":{\"@id\":\"https:\/\/www.mediaplateforme.com\/fr\/lg-encourage-les-jeunes-handicapes-a-poursuivre-leurs-reves-lors-du-2023-global-it-challenge\/#breadcrumb\"},\"inLanguage\":\"fr-FR\",\"potentialAction\":[{\"@type\":\"ReadAction\",\"target\":[\"https:\/\/www.mediaplateforme.com\/fr\/lg-encourage-les-jeunes-handicapes-a-poursuivre-leurs-reves-lors-du-2023-global-it-challenge\/\"]}]},{\"@type\":\"BreadcrumbList\",\"@id\":\"https:\/\/www.mediaplateforme.com\/fr\/lg-encourage-les-jeunes-handicapes-a-poursuivre-leurs-reves-lors-du-2023-global-it-challenge\/#breadcrumb\",\"itemListElement\":[{\"@type\":\"ListItem\",\"position\":1,\"name\":\"\u0627\u0644\u0631\u0626\u064a\u0633\u064a\u0629\",\"item\":\"https:\/\/www.mediaplateforme.com\/fr\/\"},{\"@type\":\"ListItem\",\"position\":2,\"name\":\"LG ENCOURAGE LES JEUNES HANDICAP\u00c9S \u00c0 POURSUIVRE LEURS R\u00caVES LORS DU 2023 GLOBAL IT CHALLENGE\"}]},{\"@type\":\"WebSite\",\"@id\":\"https:\/\/www.mediaplateforme.com\/fr\/#website\",\"url\":\"https:\/\/www.mediaplateforme.com\/fr\/\",\"name\":\"MEDIA PLATEFORME | FR\",\"description\":\"Mediaplateforme sp\u00e9cialis\u00e9 dans la communication institutions publiques et des entreprises\",\"potentialAction\":[{\"@type\":\"SearchAction\",\"target\":{\"@type\":\"EntryPoint\",\"urlTemplate\":\"https:\/\/www.mediaplateforme.com\/fr\/?s={search_term_string}\"},\"query-input\":\"required name=search_term_string\"}],\"inLanguage\":\"fr-FR\"},{\"@type\":\"Person\",\"@id\":\"https:\/\/www.mediaplateforme.com\/fr\/#\/schema\/person\/89833db382b5db2c76b094bc902aa12a\",\"name\":\"Mediaplateforme\",\"image\":{\"@type\":\"ImageObject\",\"inLanguage\":\"fr-FR\",\"@id\":\"https:\/\/www.mediaplateforme.com\/fr\/#\/schema\/person\/image\/\",\"url\":\"https:\/\/secure.gravatar.com\/avatar\/6c9c02e8928cc65d54bf75157f7b3a2d06d7ad0494ca0951f679552ff03b34c1?s=96&d=mm&r=g\",\"contentUrl\":\"https:\/\/secure.gravatar.com\/avatar\/6c9c02e8928cc65d54bf75157f7b3a2d06d7ad0494ca0951f679552ff03b34c1?s=96&d=mm&r=g\",\"caption\":\"Mediaplateforme\"},\"sameAs\":[\"https:\/\/www.mediaplateforme.com\"],\"url\":\"https:\/\/www.mediaplateforme.com\/fr\/author\/mohamedladib\/\"}]}<\/script>\n<!-- \/ Yoast SEO plugin. -->","yoast_head_json":{"title":"LG ENCOURAGE LES JEUNES HANDICAP\u00c9S \u00c0 POURSUIVRE LEURS R\u00caVES LORS DU 2023 GLOBAL IT CHALLENGE - MEDIA PLATEFORME | FR","description":"LG Electronics (LG) a accueilli la final 2023 Global IT Challenge for Youth with Disabilities (GITC) \u00e0 Abu Dhabi, aux \u00c9mirats arabes unis,","robots":{"index":"index","follow":"follow","max-snippet":"max-snippet:-1","max-image-preview":"max-image-preview:large","max-video-preview":"max-video-preview:-1"},"canonical":"https:\/\/www.mediaplateforme.com\/fr\/lg-encourage-les-jeunes-handicapes-a-poursuivre-leurs-reves-lors-du-2023-global-it-challenge\/","og_locale":"fr_FR","og_type":"article","og_title":"LG ENCOURAGE LES JEUNES HANDICAP\u00c9S \u00c0 POURSUIVRE LEURS R\u00caVES LORS DU 2023 GLOBAL IT CHALLENGE - MEDIA PLATEFORME | FR","og_description":"LG Electronics (LG) a accueilli la final 2023 Global IT Challenge for Youth with Disabilities (GITC) \u00e0 Abu Dhabi, aux \u00c9mirats arabes unis,","og_url":"https:\/\/www.mediaplateforme.com\/fr\/lg-encourage-les-jeunes-handicapes-a-poursuivre-leurs-reves-lors-du-2023-global-it-challenge\/","og_site_name":"MEDIA PLATEFORME | FR","article_published_time":"2023-11-04T11:13:26+00:00","og_image":[{"width":2560,"height":1053,"url":"https:\/\/www.mediaplateforme.com\/fr\/wp-content\/uploads\/sites\/5\/2023\/11\/Image1-2023-GITC-scaled.jpeg","type":"image\/jpeg"}],"author":"Mediaplateforme","twitter_card":"summary_large_image","twitter_misc":{"\u00c9crit par":"Mediaplateforme","Dur\u00e9e de lecture estim\u00e9e":"4 minutes"},"schema":{"@context":"https:\/\/schema.org","@graph":[{"@type":"WebPage","@id":"https:\/\/www.mediaplateforme.com\/fr\/lg-encourage-les-jeunes-handicapes-a-poursuivre-leurs-reves-lors-du-2023-global-it-challenge\/","url":"https:\/\/www.mediaplateforme.com\/fr\/lg-encourage-les-jeunes-handicapes-a-poursuivre-leurs-reves-lors-du-2023-global-it-challenge\/","name":"LG ENCOURAGE LES JEUNES HANDICAP\u00c9S \u00c0 POURSUIVRE LEURS R\u00caVES LORS DU 2023 GLOBAL IT CHALLENGE - MEDIA PLATEFORME | FR","isPartOf":{"@id":"https:\/\/www.mediaplateforme.com\/fr\/#website"},"datePublished":"2023-11-04T11:13:26+00:00","dateModified":"2023-11-04T11:13:26+00:00","author":{"@id":"https:\/\/www.mediaplateforme.com\/fr\/#\/schema\/person\/89833db382b5db2c76b094bc902aa12a"},"description":"LG Electronics (LG) a accueilli la final 2023 Global IT Challenge for Youth with Disabilities (GITC) \u00e0 Abu Dhabi, aux \u00c9mirats arabes unis,","breadcrumb":{"@id":"https:\/\/www.mediaplateforme.com\/fr\/lg-encourage-les-jeunes-handicapes-a-poursuivre-leurs-reves-lors-du-2023-global-it-challenge\/#breadcrumb"},"inLanguage":"fr-FR","potentialAction":[{"@type":"ReadAction","target":["https:\/\/www.mediaplateforme.com\/fr\/lg-encourage-les-jeunes-handicapes-a-poursuivre-leurs-reves-lors-du-2023-global-it-challenge\/"]}]},{"@type":"BreadcrumbList","@id":"https:\/\/www.mediaplateforme.com\/fr\/lg-encourage-les-jeunes-handicapes-a-poursuivre-leurs-reves-lors-du-2023-global-it-challenge\/#breadcrumb","itemListElement":[{"@type":"ListItem","position":1,"name":"\u0627\u0644\u0631\u0626\u064a\u0633\u064a\u0629","item":"https:\/\/www.mediaplateforme.com\/fr\/"},{"@type":"ListItem","position":2,"name":"LG ENCOURAGE LES JEUNES HANDICAP\u00c9S \u00c0 POURSUIVRE LEURS R\u00caVES LORS DU 2023 GLOBAL IT CHALLENGE"}]},{"@type":"WebSite","@id":"https:\/\/www.mediaplateforme.com\/fr\/#website","url":"https:\/\/www.mediaplateforme.com\/fr\/","name":"MEDIA PLATEFORME | FR","description":"Mediaplateforme sp\u00e9cialis\u00e9 dans la communication institutions publiques et des entreprises","potentialAction":[{"@type":"SearchAction","target":{"@type":"EntryPoint","urlTemplate":"https:\/\/www.mediaplateforme.com\/fr\/?s={search_term_string}"},"query-input":"required name=search_term_string"}],"inLanguage":"fr-FR"},{"@type":"Person","@id":"https:\/\/www.mediaplateforme.com\/fr\/#\/schema\/person\/89833db382b5db2c76b094bc902aa12a","name":"Mediaplateforme","image":{"@type":"ImageObject","inLanguage":"fr-FR","@id":"https:\/\/www.mediaplateforme.com\/fr\/#\/schema\/person\/image\/","url":"https:\/\/secure.gravatar.com\/avatar\/6c9c02e8928cc65d54bf75157f7b3a2d06d7ad0494ca0951f679552ff03b34c1?s=96&d=mm&r=g","contentUrl":"https:\/\/secure.gravatar.com\/avatar\/6c9c02e8928cc65d54bf75157f7b3a2d06d7ad0494ca0951f679552ff03b34c1?s=96&d=mm&r=g","caption":"Mediaplateforme"},"sameAs":["https:\/\/www.mediaplateforme.com"],"url":"https:\/\/www.mediaplateforme.com\/fr\/author\/mohamedladib\/"}]}},"_links":{"self":[{"href":"https:\/\/www.mediaplateforme.com\/fr\/wp-json\/wp\/v2\/posts\/4437","targetHints":{"allow":["GET"]}}],"collection":[{"href":"https:\/\/www.mediaplateforme.com\/fr\/wp-json\/wp\/v2\/posts"}],"about":[{"href":"https:\/\/www.mediaplateforme.com\/fr\/wp-json\/wp\/v2\/types\/post"}],"author":[{"embeddable":true,"href":"https:\/\/www.mediaplateforme.com\/fr\/wp-json\/wp\/v2\/users\/1"}],"replies":[{"embeddable":true,"href":"https:\/\/www.mediaplateforme.com\/fr\/wp-json\/wp\/v2\/comments?post=4437"}],"version-history":[{"count":1,"href":"https:\/\/www.mediaplateforme.com\/fr\/wp-json\/wp\/v2\/posts\/4437\/revisions"}],"predecessor-version":[{"id":4439,"href":"https:\/\/www.mediaplateforme.com\/fr\/wp-json\/wp\/v2\/posts\/4437\/revisions\/4439"}],"wp:featuredmedia":[{"embeddable":true,"href":"https:\/\/www.mediaplateforme.com\/fr\/wp-json\/wp\/v2\/media\/4438"}],"wp:attachment":[{"href":"https:\/\/www.mediaplateforme.com\/fr\/wp-json\/wp\/v2\/media?parent=4437"}],"wp:term":[{"taxonomy":"category","embeddable":true,"href":"https:\/\/www.mediaplateforme.com\/fr\/wp-json\/wp\/v2\/categories?post=4437"},{"taxonomy":"post_tag","embeddable":true,"href":"https:\/\/www.mediaplateforme.com\/fr\/wp-json\/wp\/v2\/tags?post=4437"}],"curies":[{"name":"wp","href":"https:\/\/api.w.org\/{rel}","templated":true}]}}