{"id":4416,"date":"2023-11-01T14:34:09","date_gmt":"2023-11-01T13:34:09","guid":{"rendered":"https:\/\/www.mediaplateforme.com\/fr\/?p=4416"},"modified":"2023-11-01T14:34:09","modified_gmt":"2023-11-01T13:34:09","slug":"le-golf-marocain-saffirme-dans-lelite-golfique-mondiale","status":"publish","type":"post","link":"https:\/\/www.mediaplateforme.com\/fr\/le-golf-marocain-saffirme-dans-lelite-golfique-mondiale\/","title":{"rendered":"Le golf marocain s\u2019affirme dans l\u2019\u00e9lite golfique mondiale"},"content":{"rendered":"<p style=\"font-weight: 400;\"><strong>Pr\u00e9sid\u00e9e par Son Altesse Royale Le Prince Moulay Rachid<\/strong>, la F\u00e9d\u00e9ration Royale Marocaine de Golf (FRMG) dresse le bilan des Championnats du Monde WATC 2023 (World Amateur Team Championship) qui se sont tenus du 18 au 28 octobre\u00a0au National Course d\u2019Abu Dhabi, \u00c9mirats Arabes Unis.<\/p>\n<p style=\"font-weight: 400;\">\n<p style=\"font-weight: 400;\">La quinzaine du \u00ab\u00a0WATC Abu Dhabi 2023\u00a0\u00bb s\u2019est conclue sur une tr\u00e8s bonne performance f\u00e9minine. Nos repr\u00e9sentantes au Espirito Santo Trophy ont brillamment r\u00e9alis\u00e9 la meilleure performance parmi les \u00e9quipes arabes et africaines, d\u00e9montrant ainsi le talent grandissant dans le golf f\u00e9minin au Maroc.<\/p>\n<p style=\"font-weight: 400;\">Accompagn\u00e9es par leur capitaine, Mme Raja Hasnaoui, Pr\u00e9sidente de la Commission F\u00e9minine de la FRMG, Sofia Cherif Essakali, Malak Bouraeda et Rim Imni offrent au Maroc son meilleur classement dans cette comp\u00e9tition terminant \u00e0 une honorable 23<sup>\u00e8me<\/sup>\u00a0place ex-aequo\u00a0 avec un score total de +5.<\/p>\n<p style=\"font-weight: 400;\">\n<p style=\"font-weight: 400;\">Pour rappel, Hugo Mazen Trometter, Soufiane Dahmane et El Mehdi Fakori avaient r\u00e9alis\u00e9 la semaine pr\u00e9c\u00e9dente, une performance m\u00e9morable en finissant \u00e0 la 24 \u00e8me place (-9) du Einsenhower Trophy.<\/p>\n<p style=\"font-weight: 400;\">\n<p style=\"font-weight: 400;\">\u00c0 l\u2019issue des deux comp\u00e9titions, nos s\u00e9lections nationales se sont montr\u00e9es \u00e0 la hauteur de certaines des plus grandes nations formatrices telles que l\u2019Angleterre, l\u2019\u00c9cosse, l\u2019Allemagne, la Cor\u00e9e du Sud et la Su\u00e8de c\u00f4t\u00e9 masculin ou le Japon et la Chine c\u00f4t\u00e9 f\u00e9minin.<\/p>\n<p style=\"font-weight: 400;\">\n<p style=\"font-weight: 400;\">Le Directeur Technique National (DTN), Olivier Edmond, dresse le bilan sportif de la quinzaine\u00a0:<\/p>\n<p style=\"font-weight: 400;\"><em>\u00ab\u00a0Nous sommes ravis des performances de nos deux \u00e9quipes aux WATC 2023. Leur travail acharn\u00e9 a \u00e9t\u00e9 fructueux et nous pouvons dire que le bilan est plus que satisfaisant autant du c\u00f4t\u00e9 f\u00e9minin que masculin. Nos formations ont fait preuve d\u2019un bon esprit d\u2019\u00e9quipe et de la solidit\u00e9 n\u00e9cessaire tout au long de la quinzaine. Ce succ\u00e8s est d&rsquo;autant plus encourageant du fait de la jeunesse de nos talents et de leurs grandes marges de progression.\u00a0\u00bb\u00a0<\/em>Le DTN poursuit avec un message encourageant\u00a0: \u00ab\u00a0<em>\u00a0De plus en plus de jeunes joueuses et joueurs s\u2019inscrivent dans une d\u00e9marche d\u2019excellence ce qui compliquera la t\u00e2che des s\u00e9lectionneurs pour des comp\u00e9titions de ce calibre, \u00e0 l\u2019avenir. Tout ceci est le fruit de la vision, de notre Pr\u00e9sident\u00a0<strong>Son Altesse Royale Le Prince Moulay Rachid,<\/strong>\u00a0que nous contribuons \u00e0 mat\u00e9rialiser via nos programmes de d\u00e9veloppement et d\u2019encadrement du haut niveau\u00a0\u00bb<\/em><\/p>\n<p style=\"font-weight: 400;\">\n<p style=\"font-weight: 400;\">Cette jeunesse prometteuse laisse entrevoir de brillantes perspectives pour les prochaines \u00e9ditions, notamment \u00e0 Singapour en 2025 et, plus particuli\u00e8rement, lors des WATC qui se tiendront \u00e0 Rabat en 2027.<\/p>\n<p style=\"font-weight: 400;\">\n<p style=\"font-weight: 400;\">La F\u00e9d\u00e9ration Royale Marocaine de Golf adresse ses chaleureuses\u00a0f\u00e9licitations aux \u00e9quipes ainsi qu&rsquo;\u00e0 l&rsquo;encadrement et \u00e0 la communaut\u00e9 golfique qui ont contribu\u00e9 \u00e0 ces excellentes performances.<\/p>\n<p style=\"font-weight: 400;\">\n<p style=\"font-weight: 400;\">De nombreuses nations de l\u2019\u00e9lite golfique mondiale investissent massivement dans le golf et le niveaux de comp\u00e9tition augmente ann\u00e9e apr\u00e8s ann\u00e9e. Fort des r\u00e9centes performances, le Maroc fait d\u00e9sormais partie de cette cat\u00e9gorie et la FRMG poursuivra ses efforts pour maintenir cette place et voir de plus en plus de \u00a0talents marocains briller sur la sc\u00e8ne golfique internationale.<\/p>\n<p style=\"font-weight: 400;\">\n<h4 style=\"font-weight: 400;\"><strong><u>\u00c0 propos de la F\u00e9d\u00e9ration Royale Marocaine de Golf \u00ab\u00a0FRMG\u00a0\u00bb :<\/u><\/strong><\/h4>\n<p style=\"font-weight: 400;\">\n<p style=\"font-weight: 400;\">Pr\u00e9sid\u00e9e par<strong>\u00a0Son Altesse Royale Le Prince Moulay Rachid\u00a0<\/strong>depuis janvier 2018, la F\u00e9d\u00e9ration Royale Marocaine de Golf \u00ab\u00a0FRMG\u00a0\u00bb, fond\u00e9e le 12 mars 1960, est une association sportive qui a pour objet l\u2019acc\u00e8s \u00e0 tous \u00e0 la pratique du golf, sous toutes ses formes. Elle veille au respect des r\u00e8gles de d\u00e9ontologie \u00e9dict\u00e9es par le mouvement sportif international, particuli\u00e8rement la F\u00e9d\u00e9ration Internationale de Golf et la Conf\u00e9d\u00e9ration Africaine de Golf.<\/p>\n<p style=\"font-weight: 400;\">\n<p style=\"font-weight: 400;\">Ses missions sont\u00a0:<\/p>\n<p style=\"font-weight: 400;\">\n<ul>\n<li style=\"font-weight: 400;\"><strong>La promotion et le d\u00e9veloppement de la pratique du golf\u00a0<\/strong><\/li>\n<li style=\"font-weight: 400;\"><strong>L\u2019organisation et la gestion des comp\u00e9titions\u00a0<\/strong><\/li>\n<li style=\"font-weight: 400;\"><strong>La r\u00e9glementation de la pratique du golf\u00a0<\/strong><\/li>\n<li style=\"font-weight: 400;\"><strong>La formation et la professionnalisation des m\u00e9tiers golfiques<\/strong><\/li>\n<li style=\"font-weight: 400;\"><strong>L\u2019accompagnement des joueurs professionnels\u00a0<\/strong><\/li>\n<li style=\"font-weight: 400;\"><strong>La gestion des golfeurs de Haut Niveau<\/strong><\/li>\n<\/ul>\n","protected":false},"excerpt":{"rendered":"<p>Pr\u00e9sid\u00e9e par Son Altesse Royale Le Prince Moulay Rachid, la F\u00e9d\u00e9ration Royale Marocaine de Golf<\/p>\n","protected":false},"author":1,"featured_media":4417,"comment_status":"open","ping_status":"open","sticky":false,"template":"","format":"standard","meta":{"_acf_changed":false,"footnotes":""},"categories":[3,796],"tags":[1342,1416,1148],"class_list":["post-4416","post","type-post","status-publish","format-standard","has-post-thumbnail","hentry","category-nouvelles-selectionnees","category-sport-business","tag-la-federation-royale-marocaine-de-golf","tag-national-course-dabu-dhabi","tag-son-altesse-royale-le-prince-moulay-rachid"],"acf":[],"yoast_head":"<!-- This site is optimized with the Yoast SEO plugin v22.0 - https:\/\/yoast.com\/wordpress\/plugins\/seo\/ -->\n<title>Le golf marocain s\u2019affirme dans l\u2019\u00e9lite golfique mondiale - MEDIA PLATEFORME | FR<\/title>\n<meta name=\"description\" content=\"Pr\u00e9sid\u00e9e par Son Altesse Royale Le Prince Moulay Rachid, la F\u00e9d\u00e9ration Royale Marocaine de Golf (FRMG) dresse le bilan des Championnats du Monde WATC 2023 (World Amateur Team Championship) qui se sont tenus du 18 au 28 octobre\u00a0au National Course d\u2019Abu Dhabi, \u00c9mirats Arabes Unis.\" \/>\n<meta name=\"robots\" content=\"index, follow, max-snippet:-1, max-image-preview:large, max-video-preview:-1\" \/>\n<link rel=\"canonical\" href=\"https:\/\/www.mediaplateforme.com\/fr\/le-golf-marocain-saffirme-dans-lelite-golfique-mondiale\/\" \/>\n<meta property=\"og:locale\" content=\"fr_FR\" \/>\n<meta property=\"og:type\" content=\"article\" \/>\n<meta property=\"og:title\" content=\"Le golf marocain s\u2019affirme dans l\u2019\u00e9lite golfique mondiale - MEDIA PLATEFORME | FR\" \/>\n<meta property=\"og:description\" content=\"Pr\u00e9sid\u00e9e par Son Altesse Royale Le Prince Moulay Rachid, la F\u00e9d\u00e9ration Royale Marocaine de Golf (FRMG) dresse le bilan des Championnats du Monde WATC 2023 (World Amateur Team Championship) qui se sont tenus du 18 au 28 octobre\u00a0au National Course d\u2019Abu Dhabi, \u00c9mirats Arabes Unis.\" \/>\n<meta property=\"og:url\" content=\"https:\/\/www.mediaplateforme.com\/fr\/le-golf-marocain-saffirme-dans-lelite-golfique-mondiale\/\" \/>\n<meta property=\"og:site_name\" content=\"MEDIA PLATEFORME | FR\" \/>\n<meta property=\"article:published_time\" content=\"2023-11-01T13:34:09+00:00\" \/>\n<meta property=\"og:image\" content=\"https:\/\/www.mediaplateforme.com\/fr\/wp-content\/uploads\/sites\/5\/2023\/11\/WhatsApp-Image-2023-10-31-at-12.54.19-1.jpeg\" \/>\n\t<meta property=\"og:image:width\" content=\"1600\" \/>\n\t<meta property=\"og:image:height\" content=\"1067\" \/>\n\t<meta property=\"og:image:type\" content=\"image\/jpeg\" \/>\n<meta name=\"author\" content=\"Mediaplateforme\" \/>\n<meta name=\"twitter:card\" content=\"summary_large_image\" \/>\n<meta name=\"twitter:label1\" content=\"\u00c9crit par\" \/>\n\t<meta name=\"twitter:data1\" content=\"Mediaplateforme\" \/>\n\t<meta name=\"twitter:label2\" content=\"Dur\u00e9e de lecture estim\u00e9e\" \/>\n\t<meta name=\"twitter:data2\" content=\"4 minutes\" \/>\n<script type=\"application\/ld+json\" class=\"yoast-schema-graph\">{\"@context\":\"https:\/\/schema.org\",\"@graph\":[{\"@type\":\"WebPage\",\"@id\":\"https:\/\/www.mediaplateforme.com\/fr\/le-golf-marocain-saffirme-dans-lelite-golfique-mondiale\/\",\"url\":\"https:\/\/www.mediaplateforme.com\/fr\/le-golf-marocain-saffirme-dans-lelite-golfique-mondiale\/\",\"name\":\"Le golf marocain s\u2019affirme dans l\u2019\u00e9lite golfique mondiale - MEDIA PLATEFORME | FR\",\"isPartOf\":{\"@id\":\"https:\/\/www.mediaplateforme.com\/fr\/#website\"},\"datePublished\":\"2023-11-01T13:34:09+00:00\",\"dateModified\":\"2023-11-01T13:34:09+00:00\",\"author\":{\"@id\":\"https:\/\/www.mediaplateforme.com\/fr\/#\/schema\/person\/89833db382b5db2c76b094bc902aa12a\"},\"description\":\"Pr\u00e9sid\u00e9e par Son Altesse Royale Le Prince Moulay Rachid, la F\u00e9d\u00e9ration Royale Marocaine de Golf (FRMG) dresse le bilan des Championnats du Monde WATC 2023 (World Amateur Team Championship) qui se sont tenus du 18 au 28 octobre\u00a0au National Course d\u2019Abu Dhabi, \u00c9mirats Arabes Unis.\",\"breadcrumb\":{\"@id\":\"https:\/\/www.mediaplateforme.com\/fr\/le-golf-marocain-saffirme-dans-lelite-golfique-mondiale\/#breadcrumb\"},\"inLanguage\":\"fr-FR\",\"potentialAction\":[{\"@type\":\"ReadAction\",\"target\":[\"https:\/\/www.mediaplateforme.com\/fr\/le-golf-marocain-saffirme-dans-lelite-golfique-mondiale\/\"]}]},{\"@type\":\"BreadcrumbList\",\"@id\":\"https:\/\/www.mediaplateforme.com\/fr\/le-golf-marocain-saffirme-dans-lelite-golfique-mondiale\/#breadcrumb\",\"itemListElement\":[{\"@type\":\"ListItem\",\"position\":1,\"name\":\"\u0627\u0644\u0631\u0626\u064a\u0633\u064a\u0629\",\"item\":\"https:\/\/www.mediaplateforme.com\/fr\/\"},{\"@type\":\"ListItem\",\"position\":2,\"name\":\"Le golf marocain s\u2019affirme dans l\u2019\u00e9lite golfique mondiale\"}]},{\"@type\":\"WebSite\",\"@id\":\"https:\/\/www.mediaplateforme.com\/fr\/#website\",\"url\":\"https:\/\/www.mediaplateforme.com\/fr\/\",\"name\":\"MEDIA PLATEFORME | FR\",\"description\":\"Mediaplateforme sp\u00e9cialis\u00e9 dans la communication institutions publiques et des entreprises\",\"potentialAction\":[{\"@type\":\"SearchAction\",\"target\":{\"@type\":\"EntryPoint\",\"urlTemplate\":\"https:\/\/www.mediaplateforme.com\/fr\/?s={search_term_string}\"},\"query-input\":\"required name=search_term_string\"}],\"inLanguage\":\"fr-FR\"},{\"@type\":\"Person\",\"@id\":\"https:\/\/www.mediaplateforme.com\/fr\/#\/schema\/person\/89833db382b5db2c76b094bc902aa12a\",\"name\":\"Mediaplateforme\",\"image\":{\"@type\":\"ImageObject\",\"inLanguage\":\"fr-FR\",\"@id\":\"https:\/\/www.mediaplateforme.com\/fr\/#\/schema\/person\/image\/\",\"url\":\"https:\/\/secure.gravatar.com\/avatar\/6c9c02e8928cc65d54bf75157f7b3a2d06d7ad0494ca0951f679552ff03b34c1?s=96&d=mm&r=g\",\"contentUrl\":\"https:\/\/secure.gravatar.com\/avatar\/6c9c02e8928cc65d54bf75157f7b3a2d06d7ad0494ca0951f679552ff03b34c1?s=96&d=mm&r=g\",\"caption\":\"Mediaplateforme\"},\"sameAs\":[\"https:\/\/www.mediaplateforme.com\"],\"url\":\"https:\/\/www.mediaplateforme.com\/fr\/author\/mohamedladib\/\"}]}<\/script>\n<!-- \/ Yoast SEO plugin. -->","yoast_head_json":{"title":"Le golf marocain s\u2019affirme dans l\u2019\u00e9lite golfique mondiale - MEDIA PLATEFORME | FR","description":"Pr\u00e9sid\u00e9e par Son Altesse Royale Le Prince Moulay Rachid, la F\u00e9d\u00e9ration Royale Marocaine de Golf (FRMG) dresse le bilan des Championnats du Monde WATC 2023 (World Amateur Team Championship) qui se sont tenus du 18 au 28 octobre\u00a0au National Course d\u2019Abu Dhabi, \u00c9mirats Arabes Unis.","robots":{"index":"index","follow":"follow","max-snippet":"max-snippet:-1","max-image-preview":"max-image-preview:large","max-video-preview":"max-video-preview:-1"},"canonical":"https:\/\/www.mediaplateforme.com\/fr\/le-golf-marocain-saffirme-dans-lelite-golfique-mondiale\/","og_locale":"fr_FR","og_type":"article","og_title":"Le golf marocain s\u2019affirme dans l\u2019\u00e9lite golfique mondiale - MEDIA PLATEFORME | FR","og_description":"Pr\u00e9sid\u00e9e par Son Altesse Royale Le Prince Moulay Rachid, la F\u00e9d\u00e9ration Royale Marocaine de Golf (FRMG) dresse le bilan des Championnats du Monde WATC 2023 (World Amateur Team Championship) qui se sont tenus du 18 au 28 octobre\u00a0au National Course d\u2019Abu Dhabi, \u00c9mirats Arabes Unis.","og_url":"https:\/\/www.mediaplateforme.com\/fr\/le-golf-marocain-saffirme-dans-lelite-golfique-mondiale\/","og_site_name":"MEDIA PLATEFORME | FR","article_published_time":"2023-11-01T13:34:09+00:00","og_image":[{"width":1600,"height":1067,"url":"https:\/\/www.mediaplateforme.com\/fr\/wp-content\/uploads\/sites\/5\/2023\/11\/WhatsApp-Image-2023-10-31-at-12.54.19-1.jpeg","type":"image\/jpeg"}],"author":"Mediaplateforme","twitter_card":"summary_large_image","twitter_misc":{"\u00c9crit par":"Mediaplateforme","Dur\u00e9e de lecture estim\u00e9e":"4 minutes"},"schema":{"@context":"https:\/\/schema.org","@graph":[{"@type":"WebPage","@id":"https:\/\/www.mediaplateforme.com\/fr\/le-golf-marocain-saffirme-dans-lelite-golfique-mondiale\/","url":"https:\/\/www.mediaplateforme.com\/fr\/le-golf-marocain-saffirme-dans-lelite-golfique-mondiale\/","name":"Le golf marocain s\u2019affirme dans l\u2019\u00e9lite golfique mondiale - MEDIA PLATEFORME | FR","isPartOf":{"@id":"https:\/\/www.mediaplateforme.com\/fr\/#website"},"datePublished":"2023-11-01T13:34:09+00:00","dateModified":"2023-11-01T13:34:09+00:00","author":{"@id":"https:\/\/www.mediaplateforme.com\/fr\/#\/schema\/person\/89833db382b5db2c76b094bc902aa12a"},"description":"Pr\u00e9sid\u00e9e par Son Altesse Royale Le Prince Moulay Rachid, la F\u00e9d\u00e9ration Royale Marocaine de Golf (FRMG) dresse le bilan des Championnats du Monde WATC 2023 (World Amateur Team Championship) qui se sont tenus du 18 au 28 octobre\u00a0au National Course d\u2019Abu Dhabi, \u00c9mirats Arabes Unis.","breadcrumb":{"@id":"https:\/\/www.mediaplateforme.com\/fr\/le-golf-marocain-saffirme-dans-lelite-golfique-mondiale\/#breadcrumb"},"inLanguage":"fr-FR","potentialAction":[{"@type":"ReadAction","target":["https:\/\/www.mediaplateforme.com\/fr\/le-golf-marocain-saffirme-dans-lelite-golfique-mondiale\/"]}]},{"@type":"BreadcrumbList","@id":"https:\/\/www.mediaplateforme.com\/fr\/le-golf-marocain-saffirme-dans-lelite-golfique-mondiale\/#breadcrumb","itemListElement":[{"@type":"ListItem","position":1,"name":"\u0627\u0644\u0631\u0626\u064a\u0633\u064a\u0629","item":"https:\/\/www.mediaplateforme.com\/fr\/"},{"@type":"ListItem","position":2,"name":"Le golf marocain s\u2019affirme dans l\u2019\u00e9lite golfique mondiale"}]},{"@type":"WebSite","@id":"https:\/\/www.mediaplateforme.com\/fr\/#website","url":"https:\/\/www.mediaplateforme.com\/fr\/","name":"MEDIA PLATEFORME | FR","description":"Mediaplateforme sp\u00e9cialis\u00e9 dans la communication institutions publiques et des entreprises","potentialAction":[{"@type":"SearchAction","target":{"@type":"EntryPoint","urlTemplate":"https:\/\/www.mediaplateforme.com\/fr\/?s={search_term_string}"},"query-input":"required name=search_term_string"}],"inLanguage":"fr-FR"},{"@type":"Person","@id":"https:\/\/www.mediaplateforme.com\/fr\/#\/schema\/person\/89833db382b5db2c76b094bc902aa12a","name":"Mediaplateforme","image":{"@type":"ImageObject","inLanguage":"fr-FR","@id":"https:\/\/www.mediaplateforme.com\/fr\/#\/schema\/person\/image\/","url":"https:\/\/secure.gravatar.com\/avatar\/6c9c02e8928cc65d54bf75157f7b3a2d06d7ad0494ca0951f679552ff03b34c1?s=96&d=mm&r=g","contentUrl":"https:\/\/secure.gravatar.com\/avatar\/6c9c02e8928cc65d54bf75157f7b3a2d06d7ad0494ca0951f679552ff03b34c1?s=96&d=mm&r=g","caption":"Mediaplateforme"},"sameAs":["https:\/\/www.mediaplateforme.com"],"url":"https:\/\/www.mediaplateforme.com\/fr\/author\/mohamedladib\/"}]}},"_links":{"self":[{"href":"https:\/\/www.mediaplateforme.com\/fr\/wp-json\/wp\/v2\/posts\/4416","targetHints":{"allow":["GET"]}}],"collection":[{"href":"https:\/\/www.mediaplateforme.com\/fr\/wp-json\/wp\/v2\/posts"}],"about":[{"href":"https:\/\/www.mediaplateforme.com\/fr\/wp-json\/wp\/v2\/types\/post"}],"author":[{"embeddable":true,"href":"https:\/\/www.mediaplateforme.com\/fr\/wp-json\/wp\/v2\/users\/1"}],"replies":[{"embeddable":true,"href":"https:\/\/www.mediaplateforme.com\/fr\/wp-json\/wp\/v2\/comments?post=4416"}],"version-history":[{"count":1,"href":"https:\/\/www.mediaplateforme.com\/fr\/wp-json\/wp\/v2\/posts\/4416\/revisions"}],"predecessor-version":[{"id":4418,"href":"https:\/\/www.mediaplateforme.com\/fr\/wp-json\/wp\/v2\/posts\/4416\/revisions\/4418"}],"wp:featuredmedia":[{"embeddable":true,"href":"https:\/\/www.mediaplateforme.com\/fr\/wp-json\/wp\/v2\/media\/4417"}],"wp:attachment":[{"href":"https:\/\/www.mediaplateforme.com\/fr\/wp-json\/wp\/v2\/media?parent=4416"}],"wp:term":[{"taxonomy":"category","embeddable":true,"href":"https:\/\/www.mediaplateforme.com\/fr\/wp-json\/wp\/v2\/categories?post=4416"},{"taxonomy":"post_tag","embeddable":true,"href":"https:\/\/www.mediaplateforme.com\/fr\/wp-json\/wp\/v2\/tags?post=4416"}],"curies":[{"name":"wp","href":"https:\/\/api.w.org\/{rel}","templated":true}]}}