{"id":4384,"date":"2023-10-25T13:56:54","date_gmt":"2023-10-25T12:56:54","guid":{"rendered":"https:\/\/www.mediaplateforme.com\/fr\/?p=4384"},"modified":"2023-10-25T13:56:54","modified_gmt":"2023-10-25T12:56:54","slug":"radisson-blu-hotel-marrakech-organise-la-4eme-edition-de-la-soiree-gastronomique-au-profit-des-villages-sinistres","status":"publish","type":"post","link":"https:\/\/www.mediaplateforme.com\/fr\/radisson-blu-hotel-marrakech-organise-la-4eme-edition-de-la-soiree-gastronomique-au-profit-des-villages-sinistres\/","title":{"rendered":"RADISSON BLU HOTEL MARRAKECH ORGANISE LA 4\u00c8ME \u00c9DITION DE LA SOIR\u00c9E GASTRONOMIQUE AU PROFIT DES VILLAGES SINISTR\u00c9S"},"content":{"rendered":"<p>Radisson Blu Hotel, Marrakech Carr\u00e9 Eden et le magazine Vins &amp; Gastronomie co-organisent, le samedi 18 novembre 2023, leur d\u00e9sormais c\u00e9l\u00e8bre soir\u00e9e gastronomique au Radisson Blu Hotel, Marrakech Carr\u00e9 Eden. Cette soir\u00e9e a un double objectif : c\u00e9l\u00e9brer la gastronomie en pr\u00e9sence de chefs de renomm\u00e9e mondiale et soutenir une noble cause, celle de l&rsquo;association SOS Villages d\u2019Enfants.<\/p>\n<p>La soir\u00e9e promet une ambiance musicale et artistique inspir\u00e9e des traditions marocaines pour une centaine de convives autour d\u2019un succulent menu \u00e0 huit mains. Cette ann\u00e9e, les cuisines de Provence et du Maroc sont \u00e0 l\u2019honneur. C\u00f4te \u00e0 c\u00f4te, des chefs de cuisine du Radisson Blu, ainsi que des chefs \u00e9toil\u00e9s internationaux, notamment Nicolas Bottero et Emmanuel Lehrer, combineront leurs talents pour ce gala de bienfaisance. Tous ont r\u00e9pondu pr\u00e9sents pour t\u00e9moigner de leur engagement en faveur des orphelins des villages sinistr\u00e9s.<\/p>\n<p>&nbsp;<\/p>\n<p>Fabrice Castellorizios, Directeur G\u00e9n\u00e9ral du Radisson Blu Hotel, Marrakech Carr\u00e9 Eden, s\u2019exprime \u00e0 ce sujet : \u00ab Les chefs de cuisine sont les premiers artisans des moments de plaisir de nos convives,\u00a0 ils doivent continuer \u00e0 enchanter m\u00eame en p\u00e9riode de crise. Cette soir\u00e9e que nous avons le plaisir d\u2019organiser sera d\u00e9di\u00e9e aux courageux habitants de la r\u00e9gion d\u2019Al Haouz. Les recettes seront enti\u00e8rement revers\u00e9es \u00e0 SOS Village d\u2019Enfants, qui fait un travail remarquable pour soutenir les orphelins des villages touch\u00e9s. \u00bb<\/p>\n<p>&nbsp;<\/p>\n<p>Lors des \u00e9ditions pr\u00e9c\u00e9dentes, des chefs \u00e9toil\u00e9s tels que Christian Morisset, Fabio Bragagnolo, Nicolas Thomas, Jacques Chibois, ou Akhara Chay ont honor\u00e9 de leur pr\u00e9sence cette soir\u00e9e gastronomique. Le Chef Ex\u00e9cutif Youness Trini, le Chef P\u00e2tissier Mouad Abdessadek, ainsi que l&rsquo;ensemble de la brigade des cuisines du Radisson Blu se pr\u00e9parent \u00e0 accueillir, pour cette 4\u00e8me \u00e9dition, les chefs Nicolas Bottero et Emmanuel Lehrer. Radisson Blu Hotel, Carr\u00e9 Eden Marrakech reste, en toute circonstance, optimiste, solidaire et inventif.<\/p>\n<p>&nbsp;<\/p>\n<p>Inaugur\u00e9 en 2016, Radisson Blu Hotel, Marrakech Carr\u00e9 Eden, s&rsquo;engage \u00e0 offrir des moments inoubliables \u00e0 ses convives, avec une exp\u00e9rience culinaire unique port\u00e9e par des grands chefs venant de diff\u00e9rents horizons culturels, le partenariat avec le magazine Vins &amp; Gastronomie t\u00e9moigne en effet des standards gastronomiques de l\u2019h\u00f4tel. Depuis 1985, ce magazine\u00a0 d\u00e9veloppe les th\u00e8mes de l\u2019excellence gourmande, viticole, touristique et des arts de vivre sur toutes les latitudes.<\/p>\n<p>&nbsp;<\/p>\n<p>&nbsp;<\/p>\n<h4><strong><u>\u00c0 PROPOS DE RADISSON HOTEL GROUP<\/u><\/strong><\/h4>\n<p>La famille de marques Radisson est pr\u00e9sente dans le monde entier dans plus de 120 pays, avec actuellement plus de 1 700 h\u00f4tels en activit\u00e9 ou en cours de d\u00e9veloppement. Radisson Hotel Group g\u00e8re des activit\u00e9s dans les r\u00e9gions EMEA et APAC, avec plus de 1 100 h\u00f4tels en exploitation et en cours de d\u00e9veloppement. Le groupe h\u00f4telier international conna\u00eet une croissance rapide et pr\u00e9voit de doubler son portefeuille d\u2019ici 2025. La promesse globale de la marque du groupe est Every Moment Matters avec une \u00e9thique de service sign\u00e9e Yes I Can!<\/p>\n<p>&nbsp;<\/p>\n<p>Le portefeuille de la famille de marques Radisson comprend Radisson Collection, Radisson Blu, Radisson, Radisson RED, Radisson Individuals, Park Plaza, Park Inn by Radisson, Country Inn &amp; Suites by Radisson, et prizeotel r\u00e9unis sous une marque commerciale ombrelle Radisson Hotels.<\/p>\n<p>&nbsp;<\/p>\n<p><a href=\"https:\/\/www.radissonhotels.com\/en-us\/rewards\">Radisson Rewards<\/a> est le programme de fid\u00e9lit\u00e9 de Radisson Hotel Group, qui offre une exp\u00e9rience \u00e9lev\u00e9e qui fait que Every Moment Matters. En tant que programme le plus rationalis\u00e9 du secteur, les membres b\u00e9n\u00e9ficient d&rsquo;avantages exceptionnels et peuvent acc\u00e9der \u00e0 leurs avantages d\u00e8s le premier jour dans un large \u00e9ventail d&rsquo;h\u00f4tels en Europe, au Moyen-Orient, en Afrique et en Asie-Pacifique.<\/p>\n<p>&nbsp;<\/p>\n<p><a href=\"https:\/\/www.radissonhotels.com\/en-us\/meeting-conference-hotels\">Radisson Meetings<\/a> propose des solutions sur mesure pour tout \u00e9v\u00e9nement ou r\u00e9union, y compris des solutions hybrides, et place les clients et leurs besoins au c\u0153ur de son offre. Radisson Meetings se fonde sur trois solides engagements de service : Personnel, professionnel, inoubliable, tout en offrant des prestations essentielles brillantes et en \u00e9tant uniquement 100 % neutre en carbone.<\/p>\n<p>&nbsp;<\/p>\n<p>Chez Radisson Hotel Group, nous <a href=\"https:\/\/www.radissonhotels.com\/en-us\/corporate\/responsible-business\">prenons soin des personnes, des communaut\u00e9s et de la plan\u00e8te<\/a> et visons \u00e0 \u00eatre net z\u00e9ro d&rsquo;ici 2050 sur la base des objectifs scientifiques \u00e0 court terme approuv\u00e9s. Avec des solutions uniques telles que Radisson Meetings 100 % neutre en carbone, nous facilitons les s\u00e9jours h\u00f4teliers durables. Pour faciliter les choix de voyage durables, tous nos h\u00f4tels sont v\u00e9rifi\u00e9s sur Hotel Sustainability Basics.<\/p>\n<p>&nbsp;<\/p>\n<p>La sant\u00e9 et la s\u00e9curit\u00e9 des h\u00f4tes et des membres de l\u2019\u00e9quipe restent une priorit\u00e9 absolue pour le Radisson Hotel Group. Tous les \u00e9tablissements du portefeuille du groupe sont soumis \u00e0 des exigences strictes en mati\u00e8re de sant\u00e9 et de s\u00e9curit\u00e9, comme indiqu\u00e9 dans le <a href=\"https:\/\/www.radissonhotels.com\/en-us\/health-safety\">protocole de s\u00e9curit\u00e9 Radisson Hotels.<\/a><u>.<\/u> Le protocole de s\u00e9curit\u00e9 fait partie int\u00e9grante du programme de s\u00fbret\u00e9 et de s\u00e9curit\u00e9 du Radisson Hotel Group, qui veille \u00e0 ce que nous prenions toujours soin de nos h\u00f4tes et des membres de notre \u00e9quipe.<\/p>\n","protected":false},"excerpt":{"rendered":"<p>Radisson Blu Hotel, Marrakech Carr\u00e9 Eden et le magazine Vins &amp; Gastronomie co-organisent, le samedi<\/p>\n","protected":false},"author":1,"featured_media":4385,"comment_status":"open","ping_status":"open","sticky":false,"template":"","format":"standard","meta":{"_acf_changed":false,"footnotes":""},"categories":[2,3],"tags":[1406,1405],"class_list":["post-4384","post","type-post","status-publish","format-standard","has-post-thumbnail","hentry","category-nouvelles","category-nouvelles-selectionnees","tag-marrakech-carre-eden","tag-radisson-blu-hotel"],"acf":[],"yoast_head":"<!-- This site is optimized with the Yoast SEO plugin v22.0 - https:\/\/yoast.com\/wordpress\/plugins\/seo\/ -->\n<title>RADISSON BLU HOTEL MARRAKECH ORGANISE LA 4\u00c8ME \u00c9DITION DE LA SOIR\u00c9E GASTRONOMIQUE AU PROFIT DES VILLAGES SINISTR\u00c9S - MEDIA PLATEFORME | FR<\/title>\n<meta name=\"description\" content=\"Radisson Blu Hotel, Marrakech Carr\u00e9 Eden et le magazine Vins &amp; Gastronomie co-organisent, le samedi 18 novembre 2023, leur\" \/>\n<meta name=\"robots\" content=\"index, follow, max-snippet:-1, max-image-preview:large, max-video-preview:-1\" \/>\n<link rel=\"canonical\" href=\"https:\/\/www.mediaplateforme.com\/fr\/radisson-blu-hotel-marrakech-organise-la-4eme-edition-de-la-soiree-gastronomique-au-profit-des-villages-sinistres\/\" \/>\n<meta property=\"og:locale\" content=\"fr_FR\" \/>\n<meta property=\"og:type\" content=\"article\" \/>\n<meta property=\"og:title\" content=\"RADISSON BLU HOTEL MARRAKECH ORGANISE LA 4\u00c8ME \u00c9DITION DE LA SOIR\u00c9E GASTRONOMIQUE AU PROFIT DES VILLAGES SINISTR\u00c9S - MEDIA PLATEFORME | FR\" \/>\n<meta property=\"og:description\" content=\"Radisson Blu Hotel, Marrakech Carr\u00e9 Eden et le magazine Vins &amp; Gastronomie co-organisent, le samedi 18 novembre 2023, leur\" \/>\n<meta property=\"og:url\" content=\"https:\/\/www.mediaplateforme.com\/fr\/radisson-blu-hotel-marrakech-organise-la-4eme-edition-de-la-soiree-gastronomique-au-profit-des-villages-sinistres\/\" \/>\n<meta property=\"og:site_name\" content=\"MEDIA PLATEFORME | FR\" \/>\n<meta property=\"article:published_time\" content=\"2023-10-25T12:56:54+00:00\" \/>\n<meta property=\"og:image\" content=\"https:\/\/www.mediaplateforme.com\/fr\/wp-content\/uploads\/sites\/5\/2023\/10\/RADISSON_HOTEL_BLU_MARRAKECH3-1.jpg\" \/>\n\t<meta property=\"og:image:width\" content=\"1766\" \/>\n\t<meta property=\"og:image:height\" content=\"1179\" \/>\n\t<meta property=\"og:image:type\" content=\"image\/jpeg\" \/>\n<meta name=\"author\" content=\"Mediaplateforme\" \/>\n<meta name=\"twitter:card\" content=\"summary_large_image\" \/>\n<meta name=\"twitter:label1\" content=\"\u00c9crit par\" \/>\n\t<meta name=\"twitter:data1\" content=\"Mediaplateforme\" \/>\n\t<meta name=\"twitter:label2\" content=\"Dur\u00e9e de lecture estim\u00e9e\" \/>\n\t<meta name=\"twitter:data2\" content=\"4 minutes\" \/>\n<script type=\"application\/ld+json\" class=\"yoast-schema-graph\">{\"@context\":\"https:\/\/schema.org\",\"@graph\":[{\"@type\":\"WebPage\",\"@id\":\"https:\/\/www.mediaplateforme.com\/fr\/radisson-blu-hotel-marrakech-organise-la-4eme-edition-de-la-soiree-gastronomique-au-profit-des-villages-sinistres\/\",\"url\":\"https:\/\/www.mediaplateforme.com\/fr\/radisson-blu-hotel-marrakech-organise-la-4eme-edition-de-la-soiree-gastronomique-au-profit-des-villages-sinistres\/\",\"name\":\"RADISSON BLU HOTEL MARRAKECH ORGANISE LA 4\u00c8ME \u00c9DITION DE LA SOIR\u00c9E GASTRONOMIQUE AU PROFIT DES VILLAGES SINISTR\u00c9S - MEDIA PLATEFORME | FR\",\"isPartOf\":{\"@id\":\"https:\/\/www.mediaplateforme.com\/fr\/#website\"},\"datePublished\":\"2023-10-25T12:56:54+00:00\",\"dateModified\":\"2023-10-25T12:56:54+00:00\",\"author\":{\"@id\":\"https:\/\/www.mediaplateforme.com\/fr\/#\/schema\/person\/89833db382b5db2c76b094bc902aa12a\"},\"description\":\"Radisson Blu Hotel, Marrakech Carr\u00e9 Eden et le magazine Vins & Gastronomie co-organisent, le samedi 18 novembre 2023, leur\",\"breadcrumb\":{\"@id\":\"https:\/\/www.mediaplateforme.com\/fr\/radisson-blu-hotel-marrakech-organise-la-4eme-edition-de-la-soiree-gastronomique-au-profit-des-villages-sinistres\/#breadcrumb\"},\"inLanguage\":\"fr-FR\",\"potentialAction\":[{\"@type\":\"ReadAction\",\"target\":[\"https:\/\/www.mediaplateforme.com\/fr\/radisson-blu-hotel-marrakech-organise-la-4eme-edition-de-la-soiree-gastronomique-au-profit-des-villages-sinistres\/\"]}]},{\"@type\":\"BreadcrumbList\",\"@id\":\"https:\/\/www.mediaplateforme.com\/fr\/radisson-blu-hotel-marrakech-organise-la-4eme-edition-de-la-soiree-gastronomique-au-profit-des-villages-sinistres\/#breadcrumb\",\"itemListElement\":[{\"@type\":\"ListItem\",\"position\":1,\"name\":\"\u0627\u0644\u0631\u0626\u064a\u0633\u064a\u0629\",\"item\":\"https:\/\/www.mediaplateforme.com\/fr\/\"},{\"@type\":\"ListItem\",\"position\":2,\"name\":\"RADISSON BLU HOTEL MARRAKECH ORGANISE LA 4\u00c8ME \u00c9DITION DE LA SOIR\u00c9E GASTRONOMIQUE AU PROFIT DES VILLAGES SINISTR\u00c9S\"}]},{\"@type\":\"WebSite\",\"@id\":\"https:\/\/www.mediaplateforme.com\/fr\/#website\",\"url\":\"https:\/\/www.mediaplateforme.com\/fr\/\",\"name\":\"MEDIA PLATEFORME | FR\",\"description\":\"Mediaplateforme sp\u00e9cialis\u00e9 dans la communication institutions publiques et des entreprises\",\"potentialAction\":[{\"@type\":\"SearchAction\",\"target\":{\"@type\":\"EntryPoint\",\"urlTemplate\":\"https:\/\/www.mediaplateforme.com\/fr\/?s={search_term_string}\"},\"query-input\":\"required name=search_term_string\"}],\"inLanguage\":\"fr-FR\"},{\"@type\":\"Person\",\"@id\":\"https:\/\/www.mediaplateforme.com\/fr\/#\/schema\/person\/89833db382b5db2c76b094bc902aa12a\",\"name\":\"Mediaplateforme\",\"image\":{\"@type\":\"ImageObject\",\"inLanguage\":\"fr-FR\",\"@id\":\"https:\/\/www.mediaplateforme.com\/fr\/#\/schema\/person\/image\/\",\"url\":\"https:\/\/secure.gravatar.com\/avatar\/6c9c02e8928cc65d54bf75157f7b3a2d06d7ad0494ca0951f679552ff03b34c1?s=96&d=mm&r=g\",\"contentUrl\":\"https:\/\/secure.gravatar.com\/avatar\/6c9c02e8928cc65d54bf75157f7b3a2d06d7ad0494ca0951f679552ff03b34c1?s=96&d=mm&r=g\",\"caption\":\"Mediaplateforme\"},\"sameAs\":[\"https:\/\/www.mediaplateforme.com\"],\"url\":\"https:\/\/www.mediaplateforme.com\/fr\/author\/mohamedladib\/\"}]}<\/script>\n<!-- \/ Yoast SEO plugin. -->","yoast_head_json":{"title":"RADISSON BLU HOTEL MARRAKECH ORGANISE LA 4\u00c8ME \u00c9DITION DE LA SOIR\u00c9E GASTRONOMIQUE AU PROFIT DES VILLAGES SINISTR\u00c9S - MEDIA PLATEFORME | FR","description":"Radisson Blu Hotel, Marrakech Carr\u00e9 Eden et le magazine Vins & Gastronomie co-organisent, le samedi 18 novembre 2023, leur","robots":{"index":"index","follow":"follow","max-snippet":"max-snippet:-1","max-image-preview":"max-image-preview:large","max-video-preview":"max-video-preview:-1"},"canonical":"https:\/\/www.mediaplateforme.com\/fr\/radisson-blu-hotel-marrakech-organise-la-4eme-edition-de-la-soiree-gastronomique-au-profit-des-villages-sinistres\/","og_locale":"fr_FR","og_type":"article","og_title":"RADISSON BLU HOTEL MARRAKECH ORGANISE LA 4\u00c8ME \u00c9DITION DE LA SOIR\u00c9E GASTRONOMIQUE AU PROFIT DES VILLAGES SINISTR\u00c9S - MEDIA PLATEFORME | FR","og_description":"Radisson Blu Hotel, Marrakech Carr\u00e9 Eden et le magazine Vins & Gastronomie co-organisent, le samedi 18 novembre 2023, leur","og_url":"https:\/\/www.mediaplateforme.com\/fr\/radisson-blu-hotel-marrakech-organise-la-4eme-edition-de-la-soiree-gastronomique-au-profit-des-villages-sinistres\/","og_site_name":"MEDIA PLATEFORME | FR","article_published_time":"2023-10-25T12:56:54+00:00","og_image":[{"width":1766,"height":1179,"url":"https:\/\/www.mediaplateforme.com\/fr\/wp-content\/uploads\/sites\/5\/2023\/10\/RADISSON_HOTEL_BLU_MARRAKECH3-1.jpg","type":"image\/jpeg"}],"author":"Mediaplateforme","twitter_card":"summary_large_image","twitter_misc":{"\u00c9crit par":"Mediaplateforme","Dur\u00e9e de lecture estim\u00e9e":"4 minutes"},"schema":{"@context":"https:\/\/schema.org","@graph":[{"@type":"WebPage","@id":"https:\/\/www.mediaplateforme.com\/fr\/radisson-blu-hotel-marrakech-organise-la-4eme-edition-de-la-soiree-gastronomique-au-profit-des-villages-sinistres\/","url":"https:\/\/www.mediaplateforme.com\/fr\/radisson-blu-hotel-marrakech-organise-la-4eme-edition-de-la-soiree-gastronomique-au-profit-des-villages-sinistres\/","name":"RADISSON BLU HOTEL MARRAKECH ORGANISE LA 4\u00c8ME \u00c9DITION DE LA SOIR\u00c9E GASTRONOMIQUE AU PROFIT DES VILLAGES SINISTR\u00c9S - MEDIA PLATEFORME | FR","isPartOf":{"@id":"https:\/\/www.mediaplateforme.com\/fr\/#website"},"datePublished":"2023-10-25T12:56:54+00:00","dateModified":"2023-10-25T12:56:54+00:00","author":{"@id":"https:\/\/www.mediaplateforme.com\/fr\/#\/schema\/person\/89833db382b5db2c76b094bc902aa12a"},"description":"Radisson Blu Hotel, Marrakech Carr\u00e9 Eden et le magazine Vins & Gastronomie co-organisent, le samedi 18 novembre 2023, leur","breadcrumb":{"@id":"https:\/\/www.mediaplateforme.com\/fr\/radisson-blu-hotel-marrakech-organise-la-4eme-edition-de-la-soiree-gastronomique-au-profit-des-villages-sinistres\/#breadcrumb"},"inLanguage":"fr-FR","potentialAction":[{"@type":"ReadAction","target":["https:\/\/www.mediaplateforme.com\/fr\/radisson-blu-hotel-marrakech-organise-la-4eme-edition-de-la-soiree-gastronomique-au-profit-des-villages-sinistres\/"]}]},{"@type":"BreadcrumbList","@id":"https:\/\/www.mediaplateforme.com\/fr\/radisson-blu-hotel-marrakech-organise-la-4eme-edition-de-la-soiree-gastronomique-au-profit-des-villages-sinistres\/#breadcrumb","itemListElement":[{"@type":"ListItem","position":1,"name":"\u0627\u0644\u0631\u0626\u064a\u0633\u064a\u0629","item":"https:\/\/www.mediaplateforme.com\/fr\/"},{"@type":"ListItem","position":2,"name":"RADISSON BLU HOTEL MARRAKECH ORGANISE LA 4\u00c8ME \u00c9DITION DE LA SOIR\u00c9E GASTRONOMIQUE AU PROFIT DES VILLAGES SINISTR\u00c9S"}]},{"@type":"WebSite","@id":"https:\/\/www.mediaplateforme.com\/fr\/#website","url":"https:\/\/www.mediaplateforme.com\/fr\/","name":"MEDIA PLATEFORME | FR","description":"Mediaplateforme sp\u00e9cialis\u00e9 dans la communication institutions publiques et des entreprises","potentialAction":[{"@type":"SearchAction","target":{"@type":"EntryPoint","urlTemplate":"https:\/\/www.mediaplateforme.com\/fr\/?s={search_term_string}"},"query-input":"required name=search_term_string"}],"inLanguage":"fr-FR"},{"@type":"Person","@id":"https:\/\/www.mediaplateforme.com\/fr\/#\/schema\/person\/89833db382b5db2c76b094bc902aa12a","name":"Mediaplateforme","image":{"@type":"ImageObject","inLanguage":"fr-FR","@id":"https:\/\/www.mediaplateforme.com\/fr\/#\/schema\/person\/image\/","url":"https:\/\/secure.gravatar.com\/avatar\/6c9c02e8928cc65d54bf75157f7b3a2d06d7ad0494ca0951f679552ff03b34c1?s=96&d=mm&r=g","contentUrl":"https:\/\/secure.gravatar.com\/avatar\/6c9c02e8928cc65d54bf75157f7b3a2d06d7ad0494ca0951f679552ff03b34c1?s=96&d=mm&r=g","caption":"Mediaplateforme"},"sameAs":["https:\/\/www.mediaplateforme.com"],"url":"https:\/\/www.mediaplateforme.com\/fr\/author\/mohamedladib\/"}]}},"_links":{"self":[{"href":"https:\/\/www.mediaplateforme.com\/fr\/wp-json\/wp\/v2\/posts\/4384","targetHints":{"allow":["GET"]}}],"collection":[{"href":"https:\/\/www.mediaplateforme.com\/fr\/wp-json\/wp\/v2\/posts"}],"about":[{"href":"https:\/\/www.mediaplateforme.com\/fr\/wp-json\/wp\/v2\/types\/post"}],"author":[{"embeddable":true,"href":"https:\/\/www.mediaplateforme.com\/fr\/wp-json\/wp\/v2\/users\/1"}],"replies":[{"embeddable":true,"href":"https:\/\/www.mediaplateforme.com\/fr\/wp-json\/wp\/v2\/comments?post=4384"}],"version-history":[{"count":1,"href":"https:\/\/www.mediaplateforme.com\/fr\/wp-json\/wp\/v2\/posts\/4384\/revisions"}],"predecessor-version":[{"id":4386,"href":"https:\/\/www.mediaplateforme.com\/fr\/wp-json\/wp\/v2\/posts\/4384\/revisions\/4386"}],"wp:featuredmedia":[{"embeddable":true,"href":"https:\/\/www.mediaplateforme.com\/fr\/wp-json\/wp\/v2\/media\/4385"}],"wp:attachment":[{"href":"https:\/\/www.mediaplateforme.com\/fr\/wp-json\/wp\/v2\/media?parent=4384"}],"wp:term":[{"taxonomy":"category","embeddable":true,"href":"https:\/\/www.mediaplateforme.com\/fr\/wp-json\/wp\/v2\/categories?post=4384"},{"taxonomy":"post_tag","embeddable":true,"href":"https:\/\/www.mediaplateforme.com\/fr\/wp-json\/wp\/v2\/tags?post=4384"}],"curies":[{"name":"wp","href":"https:\/\/api.w.org\/{rel}","templated":true}]}}