{"id":4332,"date":"2023-10-18T17:52:08","date_gmt":"2023-10-18T16:52:08","guid":{"rendered":"https:\/\/www.mediaplateforme.com\/fr\/?p=4332"},"modified":"2023-10-18T17:52:08","modified_gmt":"2023-10-18T16:52:08","slug":"alpine-arrive-au-maroc-avec-deux-points-de-ventes-a-casablanca-et-marrakech","status":"publish","type":"post","link":"https:\/\/www.mediaplateforme.com\/fr\/alpine-arrive-au-maroc-avec-deux-points-de-ventes-a-casablanca-et-marrakech\/","title":{"rendered":"ALPINE ARRIVE AU MAROC AVEC DEUX POINTS DE VENTES \u00c0 CASABLANCA ET MARRAKECH"},"content":{"rendered":"<ul>\n<li>Alpine, la marque sportive iconique de Renault Group s\u2019implante au Maroc et ouvre deux centres \u00e0 Casablanca (M-Automotiv Bandoeng) et \u00e0 Marrakech (ncra).<\/li>\n<li>Alpine commercialisera au Maroc, d\u00e8s le 19 octobre 2023, l\u2019embl\u00e9matique sportive de la marque dans ses versions A110, A110 GT et A110 S.<\/li>\n<li>Le Maroc devient ainsi le 4<sup>\u00e8me<\/sup> pays hors Europe dans lequel Alpine poursuit son d\u00e9veloppement \u00e0 l\u2019international.<\/li>\n<\/ul>\n<p>&nbsp;<\/p>\n<p>Alpine, la marque sportive de Renault Group, annonce son arriv\u00e9e officielle sur le march\u00e9 marocain. La commercialisation de trois mod\u00e8les de sa gamme de v\u00e9hicules A110 d\u00e9butera le 19 octobre dans deux points de ventes \u00e0 Casablanca (M-Automotiv Bandoeng) et \u00e0 Marrakech (NCRA). Ces ouvertures s\u2019inscrivent dans la strat\u00e9gie d\u2019expansion de la marque \u00e0 l\u2019international, et portent \u00e0 145 le nombre de points de ventes Alpine dans le monde.<\/p>\n<p>&nbsp;<\/p>\n<p><em>\u00ab\u00a0C\u2019est une nouvelle page qui s\u2019\u00e9crit dans l\u2019histoire de Renault Group au Maroc. Nous\u00a0 accueillons aujourd\u2019hui un nouveau membre de la famille et non des moindres. Nous sommes heureux d\u2019apporter dans le Royaume, l\u2019excellence et la passion pour le sport automobile avec la c\u00e9l\u00e8bre et iconique marque Alpine. Les passionn\u00e9s de voitures sportives et de l\u2019histoire de la marque pourront dor\u00e9navant appr\u00e9cier les trois versions de la gamme A110 au Maroc et vivre des \u00e9motions que seule Alpine peut offrir.\u00a0\u00bb <\/em>explique Fabrice Crevola, Directeur G\u00e9n\u00e9ral de Renault Commerce Maroc et Alpine Maroc.<\/p>\n<p>&nbsp;<\/p>\n<p><em>\u00ab\u00a0Nous sommes fiers d\u2019annoncer l\u2019arriv\u00e9e d\u2019Alpine au Maroc o\u00f9 l\u2019activit\u00e9 automobile est en pleine dynamique. Alpine rejoint les autres marques de Renault Group avec son identit\u00e9 de voitures sportives \u00e0 la pointe de l\u2019innovation et ses embl\u00e9matiques A110. Avec deux nouveaux points de ventes au Maroc, et 145 dans le monde, Alpine poursuit son d\u00e9veloppement \u00e0 l\u2019international.\u00a0\u00bb <\/em>explique Antonino Labate, Directeur des Ventes, du Marketing et de l\u2019Exp\u00e9rience client chez Alpine.<\/p>\n<p>&nbsp;<\/p>\n<h4>Alpine, l\u2019\u00e9l\u00e9gance et la passion \u00e0 la fran\u00e7aise<\/h4>\n<p>&nbsp;<\/p>\n<p>N\u00e9e de la course automobile, Alpine est une v\u00e9ritable success story. Son design iconique\u00a0 incarne l\u2019expression pure de sensations uniques. \u00c0 la pointe de l\u2019innovation et du sport automobile, Alpine d\u00e9veloppe son image sportive depuis la conception de ses v\u00e9hicules de s\u00e9rie jusqu\u2019\u00e0 la Formule 1.<\/p>\n<p>&nbsp;<\/p>\n<p>&nbsp;<\/p>\n<p>Le plan Renaulution lanc\u00e9 en janvier 2021 par Luca de Meo, CEO de Renault Group, a permis \u00e0 la marque sportive fran\u00e7aise Alpine de se doter de perspectives ambitieuses. Deux ans plus tard, la marque enregistre des records de ventes et d\u00e9passe l\u2019objectif de doubler le volume de points de vente d\u2019ici la fin d\u2019ann\u00e9e.<\/p>\n<p>&nbsp;<\/p>\n<p>Aujourd\u2019hui, Alpine poursuit son d\u00e9veloppement \u00e0 l\u2019international avec deux nouveaux points de ventes au Maroc, les premiers dans le Royaume, un march\u00e9 prometteur et au plus pr\u00e8s des passionn\u00e9s de voitures sportives.<\/p>\n<p>&nbsp;<\/p>\n<p><strong>Trois versions de la gamme A110, trois \u00e9motions \u00e0 d\u00e9couvrir\u00a0: l\u2019A110 originelle, la nouvelle A110 GT, Le Grand Tourisme, et la nouvelle sportive A110 S <\/strong><\/p>\n<p>&nbsp;<\/p>\n<p>Ces trois versions, toutes intens\u00e9ment Alpine, poss\u00e8dent chacune leur propre identit\u00e9. \u00c0 leur mani\u00e8re, elles offrent trois exp\u00e9riences de conduite diff\u00e9rentes et pourtant authentiquement Alpine. Fid\u00e8les aux principes de l\u00e9g\u00e8ret\u00e9 et d\u2019agilit\u00e9 de la marque, elles sont motoris\u00e9es par un 4 cylindres 1.8 turbo coupl\u00e9 \u00e0 une bo\u00eete automatique 7 rapports Getrag \u00e0 double embrayage humide.<\/p>\n<ul>\n<li><strong>Alpine A110<\/strong> est la porte d\u2019entr\u00e9e dans l\u2019univers Alpine. Dans la lign\u00e9e de la mythique berlinette, l\u2019A110 est l\u2019expression pure des sensations Alpine. Elle joue sur la route et ses courbes avec une \u00e9tonnante agilit\u00e9.<\/li>\n<li><strong>Alpine A110 GT<\/strong> est le coup\u00e9 sportif Grand Tourisme de la gamme. Combinaison id\u00e9ale entre \u00e9l\u00e9gance et performance, c\u2019est la voiture de sport des trajets du quotidien comme des voyages au long cours.<\/li>\n<li><strong>Alpine A110 S<\/strong> se place au sommet de la gamme et met l\u2019accent sur la performance. Son ch\u00e2ssis \u00ab Sport \u00bb valorise pleinement le potentiel de son moteur de 300 chevaux. Redoutablement efficace, l\u2019A110 S est un concentr\u00e9 d\u2019\u00e9motions.<\/li>\n<\/ul>\n<p>Ces trois mod\u00e8les de la gamme A110 b\u00e9n\u00e9ficient du savoir faire et de l\u2019excellence de son usine historique de Dieppe ainsi que de l\u2019ing\u00e9nierie des \u00e9quipes d\u2019Alpine Racing et d\u2019Alpine Cars. Ils seront \u00e0 d\u00e9couvrir dans les centres Alpine de Casablanca et de Marrakech d\u00e8s le 19 octobre 2023.<\/p>\n<p><strong>\u00a0<\/strong><\/p>\n<h4><strong>\u00c0<\/strong><strong> PROPOS D\u2019ALPINE<\/strong><\/h4>\n<p>Fond\u00e9e en 1955 par Jean R\u00e9d\u00e9l\u00e9, Alpine s\u2019est affirm\u00e9e au fil des ans avec ses voitures de sport \u00e0 la fran\u00e7aise. En 2018, la marque pr\u00e9sente la nouvelle A110, une voiture de sport fid\u00e8le aux principes intemporels d\u2019Alpine en mati\u00e8re de compacit\u00e9, de l\u00e9g\u00e8ret\u00e9, d&rsquo;agilit\u00e9 et de plaisir de conduite. En 2021, est cr\u00e9\u00e9e la Business Unit Alpine. Elle devient la marque d\u00e9di\u00e9e aux voitures de sport innovantes, authentiques et exclusives du Renault Group, b\u00e9n\u00e9ficiant de l\u2019h\u00e9ritage et du savoir-faire de son usine historique de Dieppe ainsi que de la ma\u00eetrise de l\u2019ing\u00e9nierie des \u00e9quipes d\u2019Alpine Racing et d\u2019Alpine Cars.<\/p>\n","protected":false},"excerpt":{"rendered":"<p>Alpine, la marque sportive iconique de Renault Group s\u2019implante au Maroc et ouvre deux centres<\/p>\n","protected":false},"author":1,"featured_media":4334,"comment_status":"open","ping_status":"open","sticky":false,"template":"","format":"standard","meta":{"_acf_changed":false,"footnotes":""},"categories":[2,3],"tags":[1385,173,221,946],"class_list":["post-4332","post","type-post","status-publish","format-standard","has-post-thumbnail","hentry","category-nouvelles","category-nouvelles-selectionnees","tag-alpine","tag-casablanca","tag-marrakech","tag-renault-group"],"acf":[],"yoast_head":"<!-- This site is optimized with the Yoast SEO plugin v22.0 - https:\/\/yoast.com\/wordpress\/plugins\/seo\/ -->\n<title>ALPINE ARRIVE AU MAROC AVEC DEUX POINTS DE VENTES \u00c0 CASABLANCA ET MARRAKECH - MEDIA PLATEFORME | FR<\/title>\n<meta name=\"description\" content=\"Alpine, la marque sportive iconique de Renault Group s\u2019implante au Maroc et ouvre deux centres \u00e0 Casablanca et \u00e0 Marrakech .\" \/>\n<meta name=\"robots\" content=\"index, follow, max-snippet:-1, max-image-preview:large, max-video-preview:-1\" \/>\n<link rel=\"canonical\" href=\"https:\/\/www.mediaplateforme.com\/fr\/alpine-arrive-au-maroc-avec-deux-points-de-ventes-a-casablanca-et-marrakech\/\" \/>\n<meta property=\"og:locale\" content=\"fr_FR\" \/>\n<meta property=\"og:type\" content=\"article\" \/>\n<meta property=\"og:title\" content=\"ALPINE ARRIVE AU MAROC AVEC DEUX POINTS DE VENTES \u00c0 CASABLANCA ET MARRAKECH - MEDIA PLATEFORME | FR\" \/>\n<meta property=\"og:description\" content=\"Alpine, la marque sportive iconique de Renault Group s\u2019implante au Maroc et ouvre deux centres \u00e0 Casablanca et \u00e0 Marrakech .\" \/>\n<meta property=\"og:url\" content=\"https:\/\/www.mediaplateforme.com\/fr\/alpine-arrive-au-maroc-avec-deux-points-de-ventes-a-casablanca-et-marrakech\/\" \/>\n<meta property=\"og:site_name\" content=\"MEDIA PLATEFORME | FR\" \/>\n<meta property=\"article:published_time\" content=\"2023-10-18T16:52:08+00:00\" \/>\n<meta property=\"og:image\" content=\"https:\/\/www.mediaplateforme.com\/fr\/wp-content\/uploads\/sites\/5\/2023\/10\/Gamme_-_Nouvelle_Alpine_A110.jpg\" \/>\n\t<meta property=\"og:image:width\" content=\"2000\" \/>\n\t<meta property=\"og:image:height\" content=\"1333\" \/>\n\t<meta property=\"og:image:type\" content=\"image\/jpeg\" \/>\n<meta name=\"author\" content=\"Mediaplateforme\" \/>\n<meta name=\"twitter:card\" content=\"summary_large_image\" \/>\n<meta name=\"twitter:label1\" content=\"\u00c9crit par\" \/>\n\t<meta name=\"twitter:data1\" content=\"Mediaplateforme\" \/>\n\t<meta name=\"twitter:label2\" content=\"Dur\u00e9e de lecture estim\u00e9e\" \/>\n\t<meta name=\"twitter:data2\" content=\"4 minutes\" \/>\n<script type=\"application\/ld+json\" class=\"yoast-schema-graph\">{\"@context\":\"https:\/\/schema.org\",\"@graph\":[{\"@type\":\"WebPage\",\"@id\":\"https:\/\/www.mediaplateforme.com\/fr\/alpine-arrive-au-maroc-avec-deux-points-de-ventes-a-casablanca-et-marrakech\/\",\"url\":\"https:\/\/www.mediaplateforme.com\/fr\/alpine-arrive-au-maroc-avec-deux-points-de-ventes-a-casablanca-et-marrakech\/\",\"name\":\"ALPINE ARRIVE AU MAROC AVEC DEUX POINTS DE VENTES \u00c0 CASABLANCA ET MARRAKECH - MEDIA PLATEFORME | FR\",\"isPartOf\":{\"@id\":\"https:\/\/www.mediaplateforme.com\/fr\/#website\"},\"datePublished\":\"2023-10-18T16:52:08+00:00\",\"dateModified\":\"2023-10-18T16:52:08+00:00\",\"author\":{\"@id\":\"https:\/\/www.mediaplateforme.com\/fr\/#\/schema\/person\/89833db382b5db2c76b094bc902aa12a\"},\"description\":\"Alpine, la marque sportive iconique de Renault Group s\u2019implante au Maroc et ouvre deux centres \u00e0 Casablanca et \u00e0 Marrakech .\",\"breadcrumb\":{\"@id\":\"https:\/\/www.mediaplateforme.com\/fr\/alpine-arrive-au-maroc-avec-deux-points-de-ventes-a-casablanca-et-marrakech\/#breadcrumb\"},\"inLanguage\":\"fr-FR\",\"potentialAction\":[{\"@type\":\"ReadAction\",\"target\":[\"https:\/\/www.mediaplateforme.com\/fr\/alpine-arrive-au-maroc-avec-deux-points-de-ventes-a-casablanca-et-marrakech\/\"]}]},{\"@type\":\"BreadcrumbList\",\"@id\":\"https:\/\/www.mediaplateforme.com\/fr\/alpine-arrive-au-maroc-avec-deux-points-de-ventes-a-casablanca-et-marrakech\/#breadcrumb\",\"itemListElement\":[{\"@type\":\"ListItem\",\"position\":1,\"name\":\"\u0627\u0644\u0631\u0626\u064a\u0633\u064a\u0629\",\"item\":\"https:\/\/www.mediaplateforme.com\/fr\/\"},{\"@type\":\"ListItem\",\"position\":2,\"name\":\"ALPINE ARRIVE AU MAROC AVEC DEUX POINTS DE VENTES \u00c0 CASABLANCA ET MARRAKECH\"}]},{\"@type\":\"WebSite\",\"@id\":\"https:\/\/www.mediaplateforme.com\/fr\/#website\",\"url\":\"https:\/\/www.mediaplateforme.com\/fr\/\",\"name\":\"MEDIA PLATEFORME | FR\",\"description\":\"Mediaplateforme sp\u00e9cialis\u00e9 dans la communication institutions publiques et des entreprises\",\"potentialAction\":[{\"@type\":\"SearchAction\",\"target\":{\"@type\":\"EntryPoint\",\"urlTemplate\":\"https:\/\/www.mediaplateforme.com\/fr\/?s={search_term_string}\"},\"query-input\":\"required name=search_term_string\"}],\"inLanguage\":\"fr-FR\"},{\"@type\":\"Person\",\"@id\":\"https:\/\/www.mediaplateforme.com\/fr\/#\/schema\/person\/89833db382b5db2c76b094bc902aa12a\",\"name\":\"Mediaplateforme\",\"image\":{\"@type\":\"ImageObject\",\"inLanguage\":\"fr-FR\",\"@id\":\"https:\/\/www.mediaplateforme.com\/fr\/#\/schema\/person\/image\/\",\"url\":\"https:\/\/secure.gravatar.com\/avatar\/6c9c02e8928cc65d54bf75157f7b3a2d06d7ad0494ca0951f679552ff03b34c1?s=96&d=mm&r=g\",\"contentUrl\":\"https:\/\/secure.gravatar.com\/avatar\/6c9c02e8928cc65d54bf75157f7b3a2d06d7ad0494ca0951f679552ff03b34c1?s=96&d=mm&r=g\",\"caption\":\"Mediaplateforme\"},\"sameAs\":[\"https:\/\/www.mediaplateforme.com\"],\"url\":\"https:\/\/www.mediaplateforme.com\/fr\/author\/mohamedladib\/\"}]}<\/script>\n<!-- \/ Yoast SEO plugin. -->","yoast_head_json":{"title":"ALPINE ARRIVE AU MAROC AVEC DEUX POINTS DE VENTES \u00c0 CASABLANCA ET MARRAKECH - MEDIA PLATEFORME | FR","description":"Alpine, la marque sportive iconique de Renault Group s\u2019implante au Maroc et ouvre deux centres \u00e0 Casablanca et \u00e0 Marrakech .","robots":{"index":"index","follow":"follow","max-snippet":"max-snippet:-1","max-image-preview":"max-image-preview:large","max-video-preview":"max-video-preview:-1"},"canonical":"https:\/\/www.mediaplateforme.com\/fr\/alpine-arrive-au-maroc-avec-deux-points-de-ventes-a-casablanca-et-marrakech\/","og_locale":"fr_FR","og_type":"article","og_title":"ALPINE ARRIVE AU MAROC AVEC DEUX POINTS DE VENTES \u00c0 CASABLANCA ET MARRAKECH - MEDIA PLATEFORME | FR","og_description":"Alpine, la marque sportive iconique de Renault Group s\u2019implante au Maroc et ouvre deux centres \u00e0 Casablanca et \u00e0 Marrakech .","og_url":"https:\/\/www.mediaplateforme.com\/fr\/alpine-arrive-au-maroc-avec-deux-points-de-ventes-a-casablanca-et-marrakech\/","og_site_name":"MEDIA PLATEFORME | FR","article_published_time":"2023-10-18T16:52:08+00:00","og_image":[{"width":2000,"height":1333,"url":"https:\/\/www.mediaplateforme.com\/fr\/wp-content\/uploads\/sites\/5\/2023\/10\/Gamme_-_Nouvelle_Alpine_A110.jpg","type":"image\/jpeg"}],"author":"Mediaplateforme","twitter_card":"summary_large_image","twitter_misc":{"\u00c9crit par":"Mediaplateforme","Dur\u00e9e de lecture estim\u00e9e":"4 minutes"},"schema":{"@context":"https:\/\/schema.org","@graph":[{"@type":"WebPage","@id":"https:\/\/www.mediaplateforme.com\/fr\/alpine-arrive-au-maroc-avec-deux-points-de-ventes-a-casablanca-et-marrakech\/","url":"https:\/\/www.mediaplateforme.com\/fr\/alpine-arrive-au-maroc-avec-deux-points-de-ventes-a-casablanca-et-marrakech\/","name":"ALPINE ARRIVE AU MAROC AVEC DEUX POINTS DE VENTES \u00c0 CASABLANCA ET MARRAKECH - MEDIA PLATEFORME | FR","isPartOf":{"@id":"https:\/\/www.mediaplateforme.com\/fr\/#website"},"datePublished":"2023-10-18T16:52:08+00:00","dateModified":"2023-10-18T16:52:08+00:00","author":{"@id":"https:\/\/www.mediaplateforme.com\/fr\/#\/schema\/person\/89833db382b5db2c76b094bc902aa12a"},"description":"Alpine, la marque sportive iconique de Renault Group s\u2019implante au Maroc et ouvre deux centres \u00e0 Casablanca et \u00e0 Marrakech .","breadcrumb":{"@id":"https:\/\/www.mediaplateforme.com\/fr\/alpine-arrive-au-maroc-avec-deux-points-de-ventes-a-casablanca-et-marrakech\/#breadcrumb"},"inLanguage":"fr-FR","potentialAction":[{"@type":"ReadAction","target":["https:\/\/www.mediaplateforme.com\/fr\/alpine-arrive-au-maroc-avec-deux-points-de-ventes-a-casablanca-et-marrakech\/"]}]},{"@type":"BreadcrumbList","@id":"https:\/\/www.mediaplateforme.com\/fr\/alpine-arrive-au-maroc-avec-deux-points-de-ventes-a-casablanca-et-marrakech\/#breadcrumb","itemListElement":[{"@type":"ListItem","position":1,"name":"\u0627\u0644\u0631\u0626\u064a\u0633\u064a\u0629","item":"https:\/\/www.mediaplateforme.com\/fr\/"},{"@type":"ListItem","position":2,"name":"ALPINE ARRIVE AU MAROC AVEC DEUX POINTS DE VENTES \u00c0 CASABLANCA ET MARRAKECH"}]},{"@type":"WebSite","@id":"https:\/\/www.mediaplateforme.com\/fr\/#website","url":"https:\/\/www.mediaplateforme.com\/fr\/","name":"MEDIA PLATEFORME | FR","description":"Mediaplateforme sp\u00e9cialis\u00e9 dans la communication institutions publiques et des entreprises","potentialAction":[{"@type":"SearchAction","target":{"@type":"EntryPoint","urlTemplate":"https:\/\/www.mediaplateforme.com\/fr\/?s={search_term_string}"},"query-input":"required name=search_term_string"}],"inLanguage":"fr-FR"},{"@type":"Person","@id":"https:\/\/www.mediaplateforme.com\/fr\/#\/schema\/person\/89833db382b5db2c76b094bc902aa12a","name":"Mediaplateforme","image":{"@type":"ImageObject","inLanguage":"fr-FR","@id":"https:\/\/www.mediaplateforme.com\/fr\/#\/schema\/person\/image\/","url":"https:\/\/secure.gravatar.com\/avatar\/6c9c02e8928cc65d54bf75157f7b3a2d06d7ad0494ca0951f679552ff03b34c1?s=96&d=mm&r=g","contentUrl":"https:\/\/secure.gravatar.com\/avatar\/6c9c02e8928cc65d54bf75157f7b3a2d06d7ad0494ca0951f679552ff03b34c1?s=96&d=mm&r=g","caption":"Mediaplateforme"},"sameAs":["https:\/\/www.mediaplateforme.com"],"url":"https:\/\/www.mediaplateforme.com\/fr\/author\/mohamedladib\/"}]}},"_links":{"self":[{"href":"https:\/\/www.mediaplateforme.com\/fr\/wp-json\/wp\/v2\/posts\/4332","targetHints":{"allow":["GET"]}}],"collection":[{"href":"https:\/\/www.mediaplateforme.com\/fr\/wp-json\/wp\/v2\/posts"}],"about":[{"href":"https:\/\/www.mediaplateforme.com\/fr\/wp-json\/wp\/v2\/types\/post"}],"author":[{"embeddable":true,"href":"https:\/\/www.mediaplateforme.com\/fr\/wp-json\/wp\/v2\/users\/1"}],"replies":[{"embeddable":true,"href":"https:\/\/www.mediaplateforme.com\/fr\/wp-json\/wp\/v2\/comments?post=4332"}],"version-history":[{"count":1,"href":"https:\/\/www.mediaplateforme.com\/fr\/wp-json\/wp\/v2\/posts\/4332\/revisions"}],"predecessor-version":[{"id":4335,"href":"https:\/\/www.mediaplateforme.com\/fr\/wp-json\/wp\/v2\/posts\/4332\/revisions\/4335"}],"wp:featuredmedia":[{"embeddable":true,"href":"https:\/\/www.mediaplateforme.com\/fr\/wp-json\/wp\/v2\/media\/4334"}],"wp:attachment":[{"href":"https:\/\/www.mediaplateforme.com\/fr\/wp-json\/wp\/v2\/media?parent=4332"}],"wp:term":[{"taxonomy":"category","embeddable":true,"href":"https:\/\/www.mediaplateforme.com\/fr\/wp-json\/wp\/v2\/categories?post=4332"},{"taxonomy":"post_tag","embeddable":true,"href":"https:\/\/www.mediaplateforme.com\/fr\/wp-json\/wp\/v2\/tags?post=4332"}],"curies":[{"name":"wp","href":"https:\/\/api.w.org\/{rel}","templated":true}]}}