{"id":4329,"date":"2023-10-18T17:34:27","date_gmt":"2023-10-18T16:34:27","guid":{"rendered":"https:\/\/www.mediaplateforme.com\/fr\/?p=4329"},"modified":"2023-10-18T17:34:27","modified_gmt":"2023-10-18T16:34:27","slug":"le-maroc-a-travers-les-yeux-de-jamal-belahrach-nouveau-livre-disponible","status":"publish","type":"post","link":"https:\/\/www.mediaplateforme.com\/fr\/le-maroc-a-travers-les-yeux-de-jamal-belahrach-nouveau-livre-disponible\/","title":{"rendered":"Le Maroc \u00e0 travers les yeux de Jamal Belahrach : Nouveau livre disponible"},"content":{"rendered":"<p style=\"font-weight: 400;\">Le nouveau livre de Jamal Belahrach, intitul\u00e9 \u00ab Toujours envie de Maroc, malgr\u00e9 tout \u00bb, est d\u00e9sormais disponible en librairies. Publi\u00e9 par les \u00e9ditions Sochepress, cet ouvrage offre une perspective intime sur les exp\u00e9riences et r\u00e9flexions de l&rsquo;auteur au sujet du Maroc, son pays natal.<\/p>\n<p style=\"font-weight: 400;\">\n<p style=\"font-weight: 400;\">\u00c0 travers le prisme autobiographique, Jamal Belahrach retrace les \u00e9tapes marquantes de sa vie, les d\u00e9fis rencontr\u00e9s et les moments d&rsquo;introspection. Sans fard ni artifice, il partage ses sentiments complexes : entre l&rsquo;amour profond pour le Maroc et les challenges qu&rsquo;il a d\u00fb affronter. Le titre, \u00ab Toujours envie de Maroc, malgr\u00e9 tout \u00bb, est le reflet de cette dualit\u00e9, exprimant un attachement sinc\u00e8re \u00e0 sa terre, malgr\u00e9 les obstacles et les interrogations.<\/p>\n<p style=\"font-weight: 400;\">\n<p style=\"font-weight: 400;\">En filigrane, Jamal Belahrach soul\u00e8ve des questions cruciales sur l&rsquo;acceptation de la diff\u00e9rence, l&rsquo;int\u00e9gration de la diaspora et la vision d&rsquo;un Maroc inclusif. Son r\u00e9cit, loin d&rsquo;\u00eatre une simple narration, est un appel subtil \u00e0 la compr\u00e9hension mutuelle et \u00e0 la coh\u00e9sion.<\/p>\n<p style=\"font-weight: 400;\">\n<p style=\"font-weight: 400;\">Le parcours de Jamal enrichit ind\u00e9niablement son r\u00e9cit. N\u00e9 \u00e0 Casablanca, il a pass\u00e9 plusieurs ann\u00e9es en France avant de choisir de retourner au Maroc en 1997. Il a su se d\u00e9marquer par son professionnalisme, en occupant des postes cl\u00e9s comme PDG de Manpower Maghreb, puis CEO de Manpower DOM-TOM. En 2016, il a rejoint l\u2019OCP en tant que DGA, s&rsquo;occupant notamment du P\u00f4le Capital Humain, Communication et RSE. Depuis 2019, il conseille des dirigeants sur les transformations internes et externes de leurs organisations. En 2022, sa comp\u00e9tence a \u00e9t\u00e9 reconnue une nouvelle fois avec sa nomination comme membre expert du Conseil Sup\u00e9rieur de l\u2019\u00c9ducation, de la Formation et de la Recherche Scientifique (CSEFRS) par Sa Majest\u00e9 le Roi Mohammed VI.<\/p>\n<p style=\"font-weight: 400;\">\n<p style=\"font-weight: 400;\">Pour ceux qui sont curieux d&rsquo;en savoir plus sur les r\u00e9flexions et les sentiments d&rsquo;un homme vis-\u00e0-vis de son pays, ce livre est une lecture enrichissante.<\/p>\n<p style=\"font-weight: 400;\">\n<h4 style=\"font-weight: 400;\"><strong>A propos de Sochepress\u00a0:<\/strong><\/h4>\n<p style=\"font-weight: 400;\"><em>Fond\u00e9e en 1924, Sochepress a marqu\u00e9 l&rsquo;histoire culturelle du Maroc avec sa contribution notable \u00e0 la distribution de la presse et \u00e0 l\u2019\u00e9dition d&rsquo;ouvrages de r\u00e9f\u00e9rence. Alors qu&rsquo;elle s&rsquo;appr\u00eate \u00e0 c\u00e9l\u00e9brer son centenaire en 2024, Sochepress continue de se renouveler et de s&rsquo;adapter aux \u00e9volutions culturelles et sociales du Maroc. La maison s&rsquo;est distingu\u00e9e par sa capacit\u00e9 \u00e0 offrir une palette culturelle riche, multilingue et en r\u00e9sonance avec les aspirations du public marocain. En plus de sa contribution significative \u00e0 la distribution, Sochepress s&rsquo;affirme comme une maison d\u2019\u00e9dition majeure, mettant en lumi\u00e8re des auteurs marocains et valorisant le patrimoine du Royaume sous toutes ses formes.<\/em><\/p>\n","protected":false},"excerpt":{"rendered":"<p>Le nouveau livre de Jamal Belahrach, intitul\u00e9 \u00ab Toujours envie de Maroc, malgr\u00e9 tout \u00bb,<\/p>\n","protected":false},"author":1,"featured_media":4330,"comment_status":"open","ping_status":"open","sticky":false,"template":"","format":"standard","meta":{"_acf_changed":false,"footnotes":""},"categories":[2,3],"tags":[1382,1384,1383],"class_list":["post-4329","post","type-post","status-publish","format-standard","has-post-thumbnail","hentry","category-nouvelles","category-nouvelles-selectionnees","tag-jamal-belahrach","tag-malgre-tout","tag-toujours-envie-de-maroc"],"acf":[],"yoast_head":"<!-- This site is optimized with the Yoast SEO plugin v22.0 - https:\/\/yoast.com\/wordpress\/plugins\/seo\/ -->\n<title>Le Maroc \u00e0 travers les yeux de Jamal Belahrach : Nouveau livre disponible - MEDIA PLATEFORME | FR<\/title>\n<meta name=\"description\" content=\"Le nouveau livre de Jamal Belahrach, intitul\u00e9 \u00ab Toujours envie de Maroc, malgr\u00e9 tout \u00bb, est d\u00e9sormais disponible en librairies. Publi\u00e9 par\" \/>\n<meta name=\"robots\" content=\"index, follow, max-snippet:-1, max-image-preview:large, max-video-preview:-1\" \/>\n<link rel=\"canonical\" href=\"https:\/\/www.mediaplateforme.com\/fr\/le-maroc-a-travers-les-yeux-de-jamal-belahrach-nouveau-livre-disponible\/\" \/>\n<meta property=\"og:locale\" content=\"fr_FR\" \/>\n<meta property=\"og:type\" content=\"article\" \/>\n<meta property=\"og:title\" content=\"Le Maroc \u00e0 travers les yeux de Jamal Belahrach : Nouveau livre disponible - MEDIA PLATEFORME | FR\" \/>\n<meta property=\"og:description\" content=\"Le nouveau livre de Jamal Belahrach, intitul\u00e9 \u00ab Toujours envie de Maroc, malgr\u00e9 tout \u00bb, est d\u00e9sormais disponible en librairies. Publi\u00e9 par\" \/>\n<meta property=\"og:url\" content=\"https:\/\/www.mediaplateforme.com\/fr\/le-maroc-a-travers-les-yeux-de-jamal-belahrach-nouveau-livre-disponible\/\" \/>\n<meta property=\"og:site_name\" content=\"MEDIA PLATEFORME | FR\" \/>\n<meta property=\"article:published_time\" content=\"2023-10-18T16:34:27+00:00\" \/>\n<meta property=\"og:image\" content=\"https:\/\/www.mediaplateforme.com\/fr\/wp-content\/uploads\/sites\/5\/2023\/10\/Image-2023-1.jpeg\" \/>\n\t<meta property=\"og:image:width\" content=\"452\" \/>\n\t<meta property=\"og:image:height\" content=\"373\" \/>\n\t<meta property=\"og:image:type\" content=\"image\/jpeg\" \/>\n<meta name=\"author\" content=\"Mediaplateforme\" \/>\n<meta name=\"twitter:card\" content=\"summary_large_image\" \/>\n<meta name=\"twitter:label1\" content=\"\u00c9crit par\" \/>\n\t<meta name=\"twitter:data1\" content=\"Mediaplateforme\" \/>\n\t<meta name=\"twitter:label2\" content=\"Dur\u00e9e de lecture estim\u00e9e\" \/>\n\t<meta name=\"twitter:data2\" content=\"3 minutes\" \/>\n<script type=\"application\/ld+json\" class=\"yoast-schema-graph\">{\"@context\":\"https:\/\/schema.org\",\"@graph\":[{\"@type\":\"WebPage\",\"@id\":\"https:\/\/www.mediaplateforme.com\/fr\/le-maroc-a-travers-les-yeux-de-jamal-belahrach-nouveau-livre-disponible\/\",\"url\":\"https:\/\/www.mediaplateforme.com\/fr\/le-maroc-a-travers-les-yeux-de-jamal-belahrach-nouveau-livre-disponible\/\",\"name\":\"Le Maroc \u00e0 travers les yeux de Jamal Belahrach : Nouveau livre disponible - MEDIA PLATEFORME | FR\",\"isPartOf\":{\"@id\":\"https:\/\/www.mediaplateforme.com\/fr\/#website\"},\"datePublished\":\"2023-10-18T16:34:27+00:00\",\"dateModified\":\"2023-10-18T16:34:27+00:00\",\"author\":{\"@id\":\"https:\/\/www.mediaplateforme.com\/fr\/#\/schema\/person\/89833db382b5db2c76b094bc902aa12a\"},\"description\":\"Le nouveau livre de Jamal Belahrach, intitul\u00e9 \u00ab Toujours envie de Maroc, malgr\u00e9 tout \u00bb, est d\u00e9sormais disponible en librairies. Publi\u00e9 par\",\"breadcrumb\":{\"@id\":\"https:\/\/www.mediaplateforme.com\/fr\/le-maroc-a-travers-les-yeux-de-jamal-belahrach-nouveau-livre-disponible\/#breadcrumb\"},\"inLanguage\":\"fr-FR\",\"potentialAction\":[{\"@type\":\"ReadAction\",\"target\":[\"https:\/\/www.mediaplateforme.com\/fr\/le-maroc-a-travers-les-yeux-de-jamal-belahrach-nouveau-livre-disponible\/\"]}]},{\"@type\":\"BreadcrumbList\",\"@id\":\"https:\/\/www.mediaplateforme.com\/fr\/le-maroc-a-travers-les-yeux-de-jamal-belahrach-nouveau-livre-disponible\/#breadcrumb\",\"itemListElement\":[{\"@type\":\"ListItem\",\"position\":1,\"name\":\"\u0627\u0644\u0631\u0626\u064a\u0633\u064a\u0629\",\"item\":\"https:\/\/www.mediaplateforme.com\/fr\/\"},{\"@type\":\"ListItem\",\"position\":2,\"name\":\"Le Maroc \u00e0 travers les yeux de Jamal Belahrach : Nouveau livre disponible\"}]},{\"@type\":\"WebSite\",\"@id\":\"https:\/\/www.mediaplateforme.com\/fr\/#website\",\"url\":\"https:\/\/www.mediaplateforme.com\/fr\/\",\"name\":\"MEDIA PLATEFORME | FR\",\"description\":\"Mediaplateforme sp\u00e9cialis\u00e9 dans la communication institutions publiques et des entreprises\",\"potentialAction\":[{\"@type\":\"SearchAction\",\"target\":{\"@type\":\"EntryPoint\",\"urlTemplate\":\"https:\/\/www.mediaplateforme.com\/fr\/?s={search_term_string}\"},\"query-input\":\"required name=search_term_string\"}],\"inLanguage\":\"fr-FR\"},{\"@type\":\"Person\",\"@id\":\"https:\/\/www.mediaplateforme.com\/fr\/#\/schema\/person\/89833db382b5db2c76b094bc902aa12a\",\"name\":\"Mediaplateforme\",\"image\":{\"@type\":\"ImageObject\",\"inLanguage\":\"fr-FR\",\"@id\":\"https:\/\/www.mediaplateforme.com\/fr\/#\/schema\/person\/image\/\",\"url\":\"https:\/\/secure.gravatar.com\/avatar\/6c9c02e8928cc65d54bf75157f7b3a2d06d7ad0494ca0951f679552ff03b34c1?s=96&d=mm&r=g\",\"contentUrl\":\"https:\/\/secure.gravatar.com\/avatar\/6c9c02e8928cc65d54bf75157f7b3a2d06d7ad0494ca0951f679552ff03b34c1?s=96&d=mm&r=g\",\"caption\":\"Mediaplateforme\"},\"sameAs\":[\"https:\/\/www.mediaplateforme.com\"],\"url\":\"https:\/\/www.mediaplateforme.com\/fr\/author\/mohamedladib\/\"}]}<\/script>\n<!-- \/ Yoast SEO plugin. -->","yoast_head_json":{"title":"Le Maroc \u00e0 travers les yeux de Jamal Belahrach : Nouveau livre disponible - MEDIA PLATEFORME | FR","description":"Le nouveau livre de Jamal Belahrach, intitul\u00e9 \u00ab Toujours envie de Maroc, malgr\u00e9 tout \u00bb, est d\u00e9sormais disponible en librairies. Publi\u00e9 par","robots":{"index":"index","follow":"follow","max-snippet":"max-snippet:-1","max-image-preview":"max-image-preview:large","max-video-preview":"max-video-preview:-1"},"canonical":"https:\/\/www.mediaplateforme.com\/fr\/le-maroc-a-travers-les-yeux-de-jamal-belahrach-nouveau-livre-disponible\/","og_locale":"fr_FR","og_type":"article","og_title":"Le Maroc \u00e0 travers les yeux de Jamal Belahrach : Nouveau livre disponible - MEDIA PLATEFORME | FR","og_description":"Le nouveau livre de Jamal Belahrach, intitul\u00e9 \u00ab Toujours envie de Maroc, malgr\u00e9 tout \u00bb, est d\u00e9sormais disponible en librairies. Publi\u00e9 par","og_url":"https:\/\/www.mediaplateforme.com\/fr\/le-maroc-a-travers-les-yeux-de-jamal-belahrach-nouveau-livre-disponible\/","og_site_name":"MEDIA PLATEFORME | FR","article_published_time":"2023-10-18T16:34:27+00:00","og_image":[{"width":452,"height":373,"url":"https:\/\/www.mediaplateforme.com\/fr\/wp-content\/uploads\/sites\/5\/2023\/10\/Image-2023-1.jpeg","type":"image\/jpeg"}],"author":"Mediaplateforme","twitter_card":"summary_large_image","twitter_misc":{"\u00c9crit par":"Mediaplateforme","Dur\u00e9e de lecture estim\u00e9e":"3 minutes"},"schema":{"@context":"https:\/\/schema.org","@graph":[{"@type":"WebPage","@id":"https:\/\/www.mediaplateforme.com\/fr\/le-maroc-a-travers-les-yeux-de-jamal-belahrach-nouveau-livre-disponible\/","url":"https:\/\/www.mediaplateforme.com\/fr\/le-maroc-a-travers-les-yeux-de-jamal-belahrach-nouveau-livre-disponible\/","name":"Le Maroc \u00e0 travers les yeux de Jamal Belahrach : Nouveau livre disponible - MEDIA PLATEFORME | FR","isPartOf":{"@id":"https:\/\/www.mediaplateforme.com\/fr\/#website"},"datePublished":"2023-10-18T16:34:27+00:00","dateModified":"2023-10-18T16:34:27+00:00","author":{"@id":"https:\/\/www.mediaplateforme.com\/fr\/#\/schema\/person\/89833db382b5db2c76b094bc902aa12a"},"description":"Le nouveau livre de Jamal Belahrach, intitul\u00e9 \u00ab Toujours envie de Maroc, malgr\u00e9 tout \u00bb, est d\u00e9sormais disponible en librairies. Publi\u00e9 par","breadcrumb":{"@id":"https:\/\/www.mediaplateforme.com\/fr\/le-maroc-a-travers-les-yeux-de-jamal-belahrach-nouveau-livre-disponible\/#breadcrumb"},"inLanguage":"fr-FR","potentialAction":[{"@type":"ReadAction","target":["https:\/\/www.mediaplateforme.com\/fr\/le-maroc-a-travers-les-yeux-de-jamal-belahrach-nouveau-livre-disponible\/"]}]},{"@type":"BreadcrumbList","@id":"https:\/\/www.mediaplateforme.com\/fr\/le-maroc-a-travers-les-yeux-de-jamal-belahrach-nouveau-livre-disponible\/#breadcrumb","itemListElement":[{"@type":"ListItem","position":1,"name":"\u0627\u0644\u0631\u0626\u064a\u0633\u064a\u0629","item":"https:\/\/www.mediaplateforme.com\/fr\/"},{"@type":"ListItem","position":2,"name":"Le Maroc \u00e0 travers les yeux de Jamal Belahrach : Nouveau livre disponible"}]},{"@type":"WebSite","@id":"https:\/\/www.mediaplateforme.com\/fr\/#website","url":"https:\/\/www.mediaplateforme.com\/fr\/","name":"MEDIA PLATEFORME | FR","description":"Mediaplateforme sp\u00e9cialis\u00e9 dans la communication institutions publiques et des entreprises","potentialAction":[{"@type":"SearchAction","target":{"@type":"EntryPoint","urlTemplate":"https:\/\/www.mediaplateforme.com\/fr\/?s={search_term_string}"},"query-input":"required name=search_term_string"}],"inLanguage":"fr-FR"},{"@type":"Person","@id":"https:\/\/www.mediaplateforme.com\/fr\/#\/schema\/person\/89833db382b5db2c76b094bc902aa12a","name":"Mediaplateforme","image":{"@type":"ImageObject","inLanguage":"fr-FR","@id":"https:\/\/www.mediaplateforme.com\/fr\/#\/schema\/person\/image\/","url":"https:\/\/secure.gravatar.com\/avatar\/6c9c02e8928cc65d54bf75157f7b3a2d06d7ad0494ca0951f679552ff03b34c1?s=96&d=mm&r=g","contentUrl":"https:\/\/secure.gravatar.com\/avatar\/6c9c02e8928cc65d54bf75157f7b3a2d06d7ad0494ca0951f679552ff03b34c1?s=96&d=mm&r=g","caption":"Mediaplateforme"},"sameAs":["https:\/\/www.mediaplateforme.com"],"url":"https:\/\/www.mediaplateforme.com\/fr\/author\/mohamedladib\/"}]}},"_links":{"self":[{"href":"https:\/\/www.mediaplateforme.com\/fr\/wp-json\/wp\/v2\/posts\/4329","targetHints":{"allow":["GET"]}}],"collection":[{"href":"https:\/\/www.mediaplateforme.com\/fr\/wp-json\/wp\/v2\/posts"}],"about":[{"href":"https:\/\/www.mediaplateforme.com\/fr\/wp-json\/wp\/v2\/types\/post"}],"author":[{"embeddable":true,"href":"https:\/\/www.mediaplateforme.com\/fr\/wp-json\/wp\/v2\/users\/1"}],"replies":[{"embeddable":true,"href":"https:\/\/www.mediaplateforme.com\/fr\/wp-json\/wp\/v2\/comments?post=4329"}],"version-history":[{"count":1,"href":"https:\/\/www.mediaplateforme.com\/fr\/wp-json\/wp\/v2\/posts\/4329\/revisions"}],"predecessor-version":[{"id":4331,"href":"https:\/\/www.mediaplateforme.com\/fr\/wp-json\/wp\/v2\/posts\/4329\/revisions\/4331"}],"wp:featuredmedia":[{"embeddable":true,"href":"https:\/\/www.mediaplateforme.com\/fr\/wp-json\/wp\/v2\/media\/4330"}],"wp:attachment":[{"href":"https:\/\/www.mediaplateforme.com\/fr\/wp-json\/wp\/v2\/media?parent=4329"}],"wp:term":[{"taxonomy":"category","embeddable":true,"href":"https:\/\/www.mediaplateforme.com\/fr\/wp-json\/wp\/v2\/categories?post=4329"},{"taxonomy":"post_tag","embeddable":true,"href":"https:\/\/www.mediaplateforme.com\/fr\/wp-json\/wp\/v2\/tags?post=4329"}],"curies":[{"name":"wp","href":"https:\/\/api.w.org\/{rel}","templated":true}]}}