{"id":430,"date":"2022-07-06T16:29:36","date_gmt":"2022-07-06T15:29:36","guid":{"rendered":"https:\/\/www.mediaplateforme.com\/fr\/?p=430"},"modified":"2022-07-06T16:29:36","modified_gmt":"2022-07-06T15:29:36","slug":"sony-middle-east-africa-annonce-le-lancement-de-son-tout-nouveau-microphone-canon-compact-ecm-b10","status":"publish","type":"post","link":"https:\/\/www.mediaplateforme.com\/fr\/sony-middle-east-africa-annonce-le-lancement-de-son-tout-nouveau-microphone-canon-compact-ecm-b10\/","title":{"rendered":"Sony Middle East &#038; Africa annonce le lancement de son tout nouveau microphone-canon compact ECM-B10"},"content":{"rendered":"<p>Sony Middle East &amp; Africa vient d\u2019annoncer le lancement de l&rsquo;ECM-B10, un nouveau microphone-canon dont le traitement num\u00e9rique du signal sonore repose sur la technologie de formation de faisceaux. Ce nouveau microphone permet d&rsquo;obtenir une super-directivit\u00e9 de pointe au sein d\u2019un bo\u00eetier au format remarquablement compact.<\/p>\n<h3>Un microphone trois en un<\/h3>\n<p>L&rsquo;ECM-B10 applique un traitement num\u00e9rique du signal sonore recueilli par le biais de la formation de quatre faisceaux. Cela permet \u00e0 l&rsquo;utilisateur de personnaliser la mani\u00e8re avec laquelle chaque son est enregistr\u00e9, tout en am\u00e9liorant la sensibilit\u00e9 du microphone dans les diff\u00e9rentes directions de capture. Le microphone offre trois types de directivit\u00e9 au sein d\u2019un seul et m\u00eame produit, ce qui permet \u00e0 l&rsquo;utilisateur de \u00abswitcher\u00bb en toute simplicit\u00e9 du mode super-directionnel \u00e0 l&rsquo;unidirectionnel et \u00e0 l&rsquo;omnidirectionnel.<\/p>\n<p>Fort de sa super-directivit\u00e9 de premier plan, ce microphone recueille le son \u00e0 partir d&rsquo;une seule direction et supprime tous les autres sons provenant des autres directions. Cette super-directivit\u00e9 est id\u00e9ale pour les interviews et les vid\u00e9os face cam\u00e9ra, o\u00f9 la capture du son est concentr\u00e9e sur la zone se trouvant devant l&rsquo;appareil.<\/p>\n<p>L&rsquo;ECM-B10 offre \u00e9galement une sensibilit\u00e9 unidirectionnelle qui permet de supprimer le son provenant de l&rsquo;arri\u00e8re tout en collectant uniquement le son \u00e9manant de l&rsquo;avant. Cette option est parfaite pour enregistrer des conversations entre plusieurs personnes.<\/p>\n<p>Et pour plus de flexibilit\u00e9, l&rsquo;utilisateur peut \u00e9galement s\u00e9lectionner la sensibilit\u00e9 omnidirectionnelle, qui capte le son de mani\u00e8re \u00e9gale dans toutes les directions et est id\u00e9ale pour enregistrer les sons environnementaux.<\/p>\n<h3>Des enregistrements aussi limpides que du cristal<\/h3>\n<p>L&rsquo;ECM-B10 collecte des sons qui sont parfaitement cristallins et supprime efficacement les bruits parasites. Gr\u00e2ce au traitement num\u00e9rique du signal par le microphone lui-m\u00eame, l&rsquo;ECM-B10 est capable de r\u00e9duire efficacement le bruit pour une prise de son encore plus claire et de cr\u00e9er ainsi un flux de travail de post-production qui est encore plus efficace et qui n\u00e9cessite beaucoup moins de montages audio. L&rsquo;ECM-B10 s&rsquo;associe \u00e0 toutes les cam\u00e9ras qui sont \u00e9quip\u00e9es d&rsquo;une griffe MI (Multi Interface) analogique, ou encore \u00e0 des cam\u00e9ras dot\u00e9es d&rsquo;une interface audio num\u00e9rique qui traitent le son directement sous forme de signal num\u00e9rique afin de fournir un enregistrement sonore de haute qualit\u00e9 et sans la moindre d\u00e9gradation. En outre, la conception anti-chocs et anti-vibrations de ce microphone permet de supprimer efficacement les bruits de vibrations \u00e0 basse fr\u00e9quence, tandis que le fait que sa connectivit\u00e9 \u00e0 la cam\u00e9ra soit \u00abwireless\u00bb permet d\u2019\u00e9liminer les bruits \u00e9ventuels pouvant \u00eatre transmis par les c\u00e2bles. La pr\u00e9sence d\u2019une bonnette anti-vent sur le micro permet en outre de minimiser les bruits environnementaux, ce qui facilite la capture du son, m\u00eame lors de prises de vue en ext\u00e9rieur.<\/p>\n<p>Pour une polyvalence accrue, l&rsquo;ECM-B10 donne \u00e9galement acc\u00e8s aux r\u00e9glages audio suivants :<\/p>\n<p>&#8211; Commutateur ATT (att\u00e9nuateur) (0\/10\/20 dB).<\/p>\n<p>&#8211; Commutateur FILTER (noise cut \/ low cut \/ off).<\/p>\n<p>&#8211; Cadran AUDIO LEVEL avec commutateur AUTO\/MAN (manuel)<\/p>\n<p>&#8211; Commutateur DIGITAL\/ANALOG<\/p>\n<h3>Des caract\u00e9ristiques de premier plan<\/h3>\n<p>Le corps compact du microphone offre flexibilit\u00e9 optimale et mobilit\u00e9 de premier ordre, et ce m\u00eame en cas d&rsquo;utilisation de cardes et de poign\u00e9es. En connectant l&rsquo;ECM-B10 \u00e0 un appareil photo dot\u00e9 d\u2019une griffe MI, les utilisateurs vont \u00e9galement pouvoir b\u00e9n\u00e9ficier d&rsquo;une plus grande souplesse en termes de prise de vue, sans qu&rsquo;aucun c\u00e2ble ne vienne interf\u00e9rer avec l&rsquo;\u00e9cran \u00e0 ouverture lat\u00e9rale. L&rsquo;alimentation est fournie directement \u00e0 partir de l&rsquo;appareil photo et jusqu\u2019au microphone, ce qui permet aux utilisateurs de continuer \u00e0 filmer sans jamais se soucier de la batterie du microphone.<\/p>\n<p>Et pour obtenir des r\u00e9glages encore plus d\u00e9taill\u00e9s, les utilisateurs ont acc\u00e8s \u00e0 une gamme tr\u00e8s compl\u00e8te de r\u00e9glages audio disponibles \u00e0 l&rsquo;arri\u00e8re du microphone. Ils peuvent ainsi v\u00e9rifier l&rsquo;\u00e9tat des r\u00e9glages \u00e0 partir d&rsquo;un simple coup d&rsquo;\u0153il, ce qui permet d&rsquo;\u00e9viter tout r\u00e9glage accidentel et d&rsquo;avoir en permanence l&rsquo;esprit tranquille. Offrant une durabilit\u00e9 accrue, le design de l&rsquo;ECM-B10 est r\u00e9sistant \u00e0 la poussi\u00e8re et \u00e0 l&rsquo;humidit\u00e9 , ce qui lui permet d\u2019\u00eatre utilis\u00e9 en toute s\u00e9r\u00e9nit\u00e9 \u00e0 l\u2019ext\u00e9rieur, surtout lorsqu&rsquo;il est associ\u00e9 \u00e0 un bo\u00eetier et \u00e0 un objectif \u00e9galement r\u00e9sistants \u00e0 la poussi\u00e8re et \u00e0 l&rsquo;humidit\u00e9 .<\/p>\n<h3>Disponibilit\u00e9<\/h3>\n<p>Le nouvel ECM-B10 sera disponible aux \u00c9mirats Arabes Unis \u00e0 partir de juillet 2022.<\/p>\n<p>Des contenus passionnants tourn\u00e9s avec le nouvel ECM-B10 et d\u2019autres produits d&rsquo;imagerie de Sony sont disponibles sur https:\/\/alphauniverse-mea.com\/, un site qui permet d\u2019inspirer tous les fans et clients de la marque Sony \u03b1 &#8211; Alpha.<\/p>\n<p>&nbsp;<\/p>\n<p>&nbsp;<\/p>\n<p>&nbsp;<\/p>\n<p>&nbsp;<\/p>\n<p>&nbsp;<\/p>\n<p>&nbsp;<\/p>\n<p>&nbsp;<\/p>\n<p>&nbsp;<\/p>\n<p>&nbsp;<\/p>\n<p>&nbsp;<\/p>\n<p>&nbsp;<\/p>\n<p>&nbsp;<\/p>\n<p>&nbsp;<\/p>\n<p>&nbsp;<\/p>\n<p>&nbsp;<\/p>\n<p>&nbsp;<\/p>\n","protected":false},"excerpt":{"rendered":"<p>Sony Middle East &amp; Africa vient d\u2019annoncer le lancement de l&rsquo;ECM-B10, un nouveau microphone-canon dont<\/p>\n","protected":false},"author":1,"featured_media":438,"comment_status":"open","ping_status":"open","sticky":false,"template":"","format":"standard","meta":{"_acf_changed":false,"footnotes":""},"categories":[5,3],"tags":[189,188,190],"class_list":["post-430","post","type-post","status-publish","format-standard","has-post-thumbnail","hentry","category-tech","category-nouvelles-selectionnees","tag-ecm-b10","tag-sony","tag-sony-middle-east-africa"],"acf":[],"yoast_head":"<!-- This site is optimized with the Yoast SEO plugin v22.0 - https:\/\/yoast.com\/wordpress\/plugins\/seo\/ -->\n<title>Sony Middle East &amp; Africa annonce le lancement de son tout nouveau microphone-canon compact ECM-B10 - MEDIA PLATEFORME | FR<\/title>\n<meta name=\"description\" content=\"Sony Middle East &amp; Africa vient d\u2019annoncer le lancement de l&#039;ECM-B10, un nouveau microphone-canon dont le traitement num\u00e9rique du signal\" \/>\n<meta name=\"robots\" content=\"index, follow, max-snippet:-1, max-image-preview:large, max-video-preview:-1\" \/>\n<link rel=\"canonical\" href=\"https:\/\/www.mediaplateforme.com\/fr\/sony-middle-east-africa-annonce-le-lancement-de-son-tout-nouveau-microphone-canon-compact-ecm-b10\/\" \/>\n<meta property=\"og:locale\" content=\"fr_FR\" \/>\n<meta property=\"og:type\" content=\"article\" \/>\n<meta property=\"og:title\" content=\"Sony Middle East &amp; Africa annonce le lancement de son tout nouveau microphone-canon compact ECM-B10 - MEDIA PLATEFORME | FR\" \/>\n<meta property=\"og:description\" content=\"Sony Middle East &amp; Africa vient d\u2019annoncer le lancement de l&#039;ECM-B10, un nouveau microphone-canon dont le traitement num\u00e9rique du signal\" \/>\n<meta property=\"og:url\" content=\"https:\/\/www.mediaplateforme.com\/fr\/sony-middle-east-africa-annonce-le-lancement-de-son-tout-nouveau-microphone-canon-compact-ecm-b10\/\" \/>\n<meta property=\"og:site_name\" content=\"MEDIA PLATEFORME | FR\" \/>\n<meta property=\"article:published_time\" content=\"2022-07-06T15:29:36+00:00\" \/>\n<meta property=\"og:image\" content=\"https:\/\/www.mediaplateforme.com\/fr\/wp-content\/uploads\/sites\/5\/2022\/07\/VX9527_w_text_1080_1350-Mid.jpeg\" \/>\n\t<meta property=\"og:image:width\" content=\"960\" \/>\n\t<meta property=\"og:image:height\" content=\"1200\" \/>\n\t<meta property=\"og:image:type\" content=\"image\/jpeg\" \/>\n<meta name=\"author\" content=\"Mediaplateforme\" \/>\n<meta name=\"twitter:card\" content=\"summary_large_image\" \/>\n<meta name=\"twitter:label1\" content=\"\u00c9crit par\" \/>\n\t<meta name=\"twitter:data1\" content=\"Mediaplateforme\" \/>\n\t<meta name=\"twitter:label2\" content=\"Dur\u00e9e de lecture estim\u00e9e\" \/>\n\t<meta name=\"twitter:data2\" content=\"4 minutes\" \/>\n<script type=\"application\/ld+json\" class=\"yoast-schema-graph\">{\"@context\":\"https:\/\/schema.org\",\"@graph\":[{\"@type\":\"WebPage\",\"@id\":\"https:\/\/www.mediaplateforme.com\/fr\/sony-middle-east-africa-annonce-le-lancement-de-son-tout-nouveau-microphone-canon-compact-ecm-b10\/\",\"url\":\"https:\/\/www.mediaplateforme.com\/fr\/sony-middle-east-africa-annonce-le-lancement-de-son-tout-nouveau-microphone-canon-compact-ecm-b10\/\",\"name\":\"Sony Middle East & Africa annonce le lancement de son tout nouveau microphone-canon compact ECM-B10 - MEDIA PLATEFORME | FR\",\"isPartOf\":{\"@id\":\"https:\/\/www.mediaplateforme.com\/fr\/#website\"},\"datePublished\":\"2022-07-06T15:29:36+00:00\",\"dateModified\":\"2022-07-06T15:29:36+00:00\",\"author\":{\"@id\":\"https:\/\/www.mediaplateforme.com\/fr\/#\/schema\/person\/89833db382b5db2c76b094bc902aa12a\"},\"description\":\"Sony Middle East & Africa vient d\u2019annoncer le lancement de l'ECM-B10, un nouveau microphone-canon dont le traitement num\u00e9rique du signal\",\"breadcrumb\":{\"@id\":\"https:\/\/www.mediaplateforme.com\/fr\/sony-middle-east-africa-annonce-le-lancement-de-son-tout-nouveau-microphone-canon-compact-ecm-b10\/#breadcrumb\"},\"inLanguage\":\"fr-FR\",\"potentialAction\":[{\"@type\":\"ReadAction\",\"target\":[\"https:\/\/www.mediaplateforme.com\/fr\/sony-middle-east-africa-annonce-le-lancement-de-son-tout-nouveau-microphone-canon-compact-ecm-b10\/\"]}]},{\"@type\":\"BreadcrumbList\",\"@id\":\"https:\/\/www.mediaplateforme.com\/fr\/sony-middle-east-africa-annonce-le-lancement-de-son-tout-nouveau-microphone-canon-compact-ecm-b10\/#breadcrumb\",\"itemListElement\":[{\"@type\":\"ListItem\",\"position\":1,\"name\":\"\u0627\u0644\u0631\u0626\u064a\u0633\u064a\u0629\",\"item\":\"https:\/\/www.mediaplateforme.com\/fr\/\"},{\"@type\":\"ListItem\",\"position\":2,\"name\":\"Sony Middle East &#038; Africa annonce le lancement de son tout nouveau microphone-canon compact ECM-B10\"}]},{\"@type\":\"WebSite\",\"@id\":\"https:\/\/www.mediaplateforme.com\/fr\/#website\",\"url\":\"https:\/\/www.mediaplateforme.com\/fr\/\",\"name\":\"MEDIA PLATEFORME | FR\",\"description\":\"Mediaplateforme sp\u00e9cialis\u00e9 dans la communication institutions publiques et des entreprises\",\"potentialAction\":[{\"@type\":\"SearchAction\",\"target\":{\"@type\":\"EntryPoint\",\"urlTemplate\":\"https:\/\/www.mediaplateforme.com\/fr\/?s={search_term_string}\"},\"query-input\":\"required name=search_term_string\"}],\"inLanguage\":\"fr-FR\"},{\"@type\":\"Person\",\"@id\":\"https:\/\/www.mediaplateforme.com\/fr\/#\/schema\/person\/89833db382b5db2c76b094bc902aa12a\",\"name\":\"Mediaplateforme\",\"image\":{\"@type\":\"ImageObject\",\"inLanguage\":\"fr-FR\",\"@id\":\"https:\/\/www.mediaplateforme.com\/fr\/#\/schema\/person\/image\/\",\"url\":\"https:\/\/secure.gravatar.com\/avatar\/6c9c02e8928cc65d54bf75157f7b3a2d06d7ad0494ca0951f679552ff03b34c1?s=96&d=mm&r=g\",\"contentUrl\":\"https:\/\/secure.gravatar.com\/avatar\/6c9c02e8928cc65d54bf75157f7b3a2d06d7ad0494ca0951f679552ff03b34c1?s=96&d=mm&r=g\",\"caption\":\"Mediaplateforme\"},\"sameAs\":[\"https:\/\/www.mediaplateforme.com\"],\"url\":\"https:\/\/www.mediaplateforme.com\/fr\/author\/mohamedladib\/\"}]}<\/script>\n<!-- \/ Yoast SEO plugin. -->","yoast_head_json":{"title":"Sony Middle East & Africa annonce le lancement de son tout nouveau microphone-canon compact ECM-B10 - MEDIA PLATEFORME | FR","description":"Sony Middle East & Africa vient d\u2019annoncer le lancement de l'ECM-B10, un nouveau microphone-canon dont le traitement num\u00e9rique du signal","robots":{"index":"index","follow":"follow","max-snippet":"max-snippet:-1","max-image-preview":"max-image-preview:large","max-video-preview":"max-video-preview:-1"},"canonical":"https:\/\/www.mediaplateforme.com\/fr\/sony-middle-east-africa-annonce-le-lancement-de-son-tout-nouveau-microphone-canon-compact-ecm-b10\/","og_locale":"fr_FR","og_type":"article","og_title":"Sony Middle East & Africa annonce le lancement de son tout nouveau microphone-canon compact ECM-B10 - MEDIA PLATEFORME | FR","og_description":"Sony Middle East & Africa vient d\u2019annoncer le lancement de l'ECM-B10, un nouveau microphone-canon dont le traitement num\u00e9rique du signal","og_url":"https:\/\/www.mediaplateforme.com\/fr\/sony-middle-east-africa-annonce-le-lancement-de-son-tout-nouveau-microphone-canon-compact-ecm-b10\/","og_site_name":"MEDIA PLATEFORME | FR","article_published_time":"2022-07-06T15:29:36+00:00","og_image":[{"width":960,"height":1200,"url":"https:\/\/www.mediaplateforme.com\/fr\/wp-content\/uploads\/sites\/5\/2022\/07\/VX9527_w_text_1080_1350-Mid.jpeg","type":"image\/jpeg"}],"author":"Mediaplateforme","twitter_card":"summary_large_image","twitter_misc":{"\u00c9crit par":"Mediaplateforme","Dur\u00e9e de lecture estim\u00e9e":"4 minutes"},"schema":{"@context":"https:\/\/schema.org","@graph":[{"@type":"WebPage","@id":"https:\/\/www.mediaplateforme.com\/fr\/sony-middle-east-africa-annonce-le-lancement-de-son-tout-nouveau-microphone-canon-compact-ecm-b10\/","url":"https:\/\/www.mediaplateforme.com\/fr\/sony-middle-east-africa-annonce-le-lancement-de-son-tout-nouveau-microphone-canon-compact-ecm-b10\/","name":"Sony Middle East & Africa annonce le lancement de son tout nouveau microphone-canon compact ECM-B10 - MEDIA PLATEFORME | FR","isPartOf":{"@id":"https:\/\/www.mediaplateforme.com\/fr\/#website"},"datePublished":"2022-07-06T15:29:36+00:00","dateModified":"2022-07-06T15:29:36+00:00","author":{"@id":"https:\/\/www.mediaplateforme.com\/fr\/#\/schema\/person\/89833db382b5db2c76b094bc902aa12a"},"description":"Sony Middle East & Africa vient d\u2019annoncer le lancement de l'ECM-B10, un nouveau microphone-canon dont le traitement num\u00e9rique du signal","breadcrumb":{"@id":"https:\/\/www.mediaplateforme.com\/fr\/sony-middle-east-africa-annonce-le-lancement-de-son-tout-nouveau-microphone-canon-compact-ecm-b10\/#breadcrumb"},"inLanguage":"fr-FR","potentialAction":[{"@type":"ReadAction","target":["https:\/\/www.mediaplateforme.com\/fr\/sony-middle-east-africa-annonce-le-lancement-de-son-tout-nouveau-microphone-canon-compact-ecm-b10\/"]}]},{"@type":"BreadcrumbList","@id":"https:\/\/www.mediaplateforme.com\/fr\/sony-middle-east-africa-annonce-le-lancement-de-son-tout-nouveau-microphone-canon-compact-ecm-b10\/#breadcrumb","itemListElement":[{"@type":"ListItem","position":1,"name":"\u0627\u0644\u0631\u0626\u064a\u0633\u064a\u0629","item":"https:\/\/www.mediaplateforme.com\/fr\/"},{"@type":"ListItem","position":2,"name":"Sony Middle East &#038; Africa annonce le lancement de son tout nouveau microphone-canon compact ECM-B10"}]},{"@type":"WebSite","@id":"https:\/\/www.mediaplateforme.com\/fr\/#website","url":"https:\/\/www.mediaplateforme.com\/fr\/","name":"MEDIA PLATEFORME | FR","description":"Mediaplateforme sp\u00e9cialis\u00e9 dans la communication institutions publiques et des entreprises","potentialAction":[{"@type":"SearchAction","target":{"@type":"EntryPoint","urlTemplate":"https:\/\/www.mediaplateforme.com\/fr\/?s={search_term_string}"},"query-input":"required name=search_term_string"}],"inLanguage":"fr-FR"},{"@type":"Person","@id":"https:\/\/www.mediaplateforme.com\/fr\/#\/schema\/person\/89833db382b5db2c76b094bc902aa12a","name":"Mediaplateforme","image":{"@type":"ImageObject","inLanguage":"fr-FR","@id":"https:\/\/www.mediaplateforme.com\/fr\/#\/schema\/person\/image\/","url":"https:\/\/secure.gravatar.com\/avatar\/6c9c02e8928cc65d54bf75157f7b3a2d06d7ad0494ca0951f679552ff03b34c1?s=96&d=mm&r=g","contentUrl":"https:\/\/secure.gravatar.com\/avatar\/6c9c02e8928cc65d54bf75157f7b3a2d06d7ad0494ca0951f679552ff03b34c1?s=96&d=mm&r=g","caption":"Mediaplateforme"},"sameAs":["https:\/\/www.mediaplateforme.com"],"url":"https:\/\/www.mediaplateforme.com\/fr\/author\/mohamedladib\/"}]}},"_links":{"self":[{"href":"https:\/\/www.mediaplateforme.com\/fr\/wp-json\/wp\/v2\/posts\/430","targetHints":{"allow":["GET"]}}],"collection":[{"href":"https:\/\/www.mediaplateforme.com\/fr\/wp-json\/wp\/v2\/posts"}],"about":[{"href":"https:\/\/www.mediaplateforme.com\/fr\/wp-json\/wp\/v2\/types\/post"}],"author":[{"embeddable":true,"href":"https:\/\/www.mediaplateforme.com\/fr\/wp-json\/wp\/v2\/users\/1"}],"replies":[{"embeddable":true,"href":"https:\/\/www.mediaplateforme.com\/fr\/wp-json\/wp\/v2\/comments?post=430"}],"version-history":[{"count":1,"href":"https:\/\/www.mediaplateforme.com\/fr\/wp-json\/wp\/v2\/posts\/430\/revisions"}],"predecessor-version":[{"id":439,"href":"https:\/\/www.mediaplateforme.com\/fr\/wp-json\/wp\/v2\/posts\/430\/revisions\/439"}],"wp:featuredmedia":[{"embeddable":true,"href":"https:\/\/www.mediaplateforme.com\/fr\/wp-json\/wp\/v2\/media\/438"}],"wp:attachment":[{"href":"https:\/\/www.mediaplateforme.com\/fr\/wp-json\/wp\/v2\/media?parent=430"}],"wp:term":[{"taxonomy":"category","embeddable":true,"href":"https:\/\/www.mediaplateforme.com\/fr\/wp-json\/wp\/v2\/categories?post=430"},{"taxonomy":"post_tag","embeddable":true,"href":"https:\/\/www.mediaplateforme.com\/fr\/wp-json\/wp\/v2\/tags?post=430"}],"curies":[{"name":"wp","href":"https:\/\/api.w.org\/{rel}","templated":true}]}}