{"id":4260,"date":"2023-10-11T11:54:50","date_gmt":"2023-10-11T10:54:50","guid":{"rendered":"https:\/\/www.mediaplateforme.com\/fr\/?p=4260"},"modified":"2023-10-11T11:54:50","modified_gmt":"2023-10-11T10:54:50","slug":"stellantis-presentera-sa-strategie-et-sa-nouvelle-gamme-mondiale-de-vehicules-utilitaires-le-23-octobre-2023","status":"publish","type":"post","link":"https:\/\/www.mediaplateforme.com\/fr\/stellantis-presentera-sa-strategie-et-sa-nouvelle-gamme-mondiale-de-vehicules-utilitaires-le-23-octobre-2023\/","title":{"rendered":"Stellantis pr\u00e9sentera sa strat\u00e9gie et sa nouvelle gamme mondiale de v\u00e9hicules utilitaires le 23 octobre 2023"},"content":{"rendered":"<p style=\"font-weight: 400;\">\u00a0<a href=\"https:\/\/www.stellantis.com\/fr\" data-saferedirecturl=\"https:\/\/www.google.com\/url?q=https:\/\/www.stellantis.com\/fr&amp;source=gmail&amp;ust=1697106828821000&amp;usg=AOvVaw3aJatR62UQ_PfwC_gyNPBQ\">Stellantis N.V<\/a><a href=\"https:\/\/www.stellantis.com\/fr\" data-saferedirecturl=\"https:\/\/www.google.com\/url?q=https:\/\/www.stellantis.com\/fr&amp;source=gmail&amp;ust=1697106828821000&amp;usg=AOvVaw3aJatR62UQ_PfwC_gyNPBQ\">.<\/a>\u00a0a annonc\u00e9 aujourd\u2019hui qu\u2019elle pr\u00e9sentera sa nouvelle gamme de v\u00e9hicules utilitaires qui constituent le c\u0153ur de sa strat\u00e9gie commerciale mondiale, multimarque, le lundi 23 octobre 2023 \u00e0 15h00 CEST \/ 09h00 EDT.<\/p>\n<p style=\"font-weight: 400;\">Jean-Philippe Imparato, Head of Commercial Vehicles Business Unit, et Xavier Peugeot, Senior Vice President of Commercial Vehicles Business Unit, d\u00e9voileront les principaux mod\u00e8les en compagnie des CEO des marques Citro\u00ebn, FIAT, Opel, Peugeot, Ram et Vauxhall. L\u2019entit\u00e9 V\u00e9hicules utilitaires de Stellantis fait partie des sept business units d\u00e9finies dans le plan strat\u00e9gique Dare Forward 2030.<\/p>\n<p style=\"font-weight: 400;\">La diffusion de l\u2019\u00e9v\u00e9nement sera disponible \u00e0 15h00 CEST \/ 09h00 EDT sur la cha\u00eene YouTube de Stellantis :\u00a0<a href=\"https:\/\/www.youtube.com\/watch?v=-uLq9IZoo38.\" data-saferedirecturl=\"https:\/\/www.google.com\/url?q=https:\/\/www.youtube.com\/watch?v%3D-uLq9IZoo38.&amp;source=gmail&amp;ust=1697106828821000&amp;usg=AOvVaw3vhIWv7WvFnL78RGi-A0Er\">https:\/\/www.youtube.com\/watch?v=-uLq9IZoo38<\/a><a href=\"https:\/\/www.youtube.com\/watch?v=-uLq9IZoo38.\" data-saferedirecturl=\"https:\/\/www.google.com\/url?q=https:\/\/www.youtube.com\/watch?v%3D-uLq9IZoo38.&amp;source=gmail&amp;ust=1697106828821000&amp;usg=AOvVaw3vhIWv7WvFnL78RGi-A0Er\">.<\/a>\u00a0Les divers supports et informations seront publi\u00e9s sur le site Internet de Stellantis \u00e0 l\u2019adresse\u00a0<a href=\"http:\/\/www.stellantis.com\/\" data-saferedirecturl=\"https:\/\/www.google.com\/url?q=http:\/\/www.stellantis.com&amp;source=gmail&amp;ust=1697106828821000&amp;usg=AOvVaw3Y2_UCD5XP3jFY7oq4NMZI\">www.stellantis.com<\/a>\u00a0et \u00e9galement sur les sites m\u00e9dia de chaque marque.<\/p>\n<h4 style=\"font-weight: 400;\"><em>\u00c0 propos de Stellantis<\/em><\/h4>\n<p style=\"font-weight: 400;\"><em>Stellantis N.V. (NYSE : STLA \/ Euronext Milan : STLAM \/ Euronext Paris : STLAP) fait partie des principaux constructeurs automobiles et fournisseurs de services de mobilit\u00e9 internationaux. Abarth, Alfa Romeo, Chrysler, Citro\u00ebn, Dodge, DS Automobiles, Fiat, Jeep\u00ae, Lancia, Maserati, Opel, Peugeot, Ram, Vauxhall, Free2move et Leasys : embl\u00e9matiques et charg\u00e9es d\u2019histoire, nos marques insufflent la passion des visionnaires qui les ont fond\u00e9es et celle de nos clients actuels au c\u0153ur de leurs produits et services avant-gardistes. Notre objectif : devenir la plus grande tech company de mobilit\u00e9 durable, en termes de qualit\u00e9 et non de taille, tout en cr\u00e9ant encore plus de valeur pour l\u2019ensemble de nos partenaires et des communaut\u00e9s au sein desquelles nous op\u00e9rons.\u00a0Pour en savoir plus,\u00a0<a href=\"http:\/\/www.stellantis.com\/\" data-saferedirecturl=\"https:\/\/www.google.com\/url?q=http:\/\/www.stellantis.com&amp;source=gmail&amp;ust=1697106828821000&amp;usg=AOvVaw3Y2_UCD5XP3jFY7oq4NMZI\">www.stellantis.com<\/a>.<\/em><\/p>\n","protected":false},"excerpt":{"rendered":"<p>\u00a0Stellantis N.V.\u00a0a annonc\u00e9 aujourd\u2019hui qu\u2019elle pr\u00e9sentera sa nouvelle gamme de v\u00e9hicules utilitaires qui constituent le<\/p>\n","protected":false},"author":1,"featured_media":4261,"comment_status":"open","ping_status":"open","sticky":false,"template":"","format":"standard","meta":{"_acf_changed":false,"footnotes":""},"categories":[2,3],"tags":[265,1350],"class_list":["post-4260","post","type-post","status-publish","format-standard","has-post-thumbnail","hentry","category-nouvelles","category-nouvelles-selectionnees","tag-stellantis","tag-vehicules-utilitaires"],"acf":[],"yoast_head":"<!-- This site is optimized with the Yoast SEO plugin v22.0 - https:\/\/yoast.com\/wordpress\/plugins\/seo\/ -->\n<title>Stellantis pr\u00e9sentera sa strat\u00e9gie et sa nouvelle gamme mondiale de v\u00e9hicules utilitaires le 23 octobre 2023 - MEDIA PLATEFORME | FR<\/title>\n<meta name=\"description\" content=\"\u00a0Stellantis N.V.\u00a0a qu\u2019elle pr\u00e9sentera sa nouvelle gamme de v\u00e9hicules utilitaires qui constituent le c\u0153ur de sa strat\u00e9gie commerciale\" \/>\n<meta name=\"robots\" content=\"index, follow, max-snippet:-1, max-image-preview:large, max-video-preview:-1\" \/>\n<link rel=\"canonical\" href=\"https:\/\/www.mediaplateforme.com\/fr\/stellantis-presentera-sa-strategie-et-sa-nouvelle-gamme-mondiale-de-vehicules-utilitaires-le-23-octobre-2023\/\" \/>\n<meta property=\"og:locale\" content=\"fr_FR\" \/>\n<meta property=\"og:type\" content=\"article\" \/>\n<meta property=\"og:title\" content=\"Stellantis pr\u00e9sentera sa strat\u00e9gie et sa nouvelle gamme mondiale de v\u00e9hicules utilitaires le 23 octobre 2023 - MEDIA PLATEFORME | FR\" \/>\n<meta property=\"og:description\" content=\"\u00a0Stellantis N.V.\u00a0a qu\u2019elle pr\u00e9sentera sa nouvelle gamme de v\u00e9hicules utilitaires qui constituent le c\u0153ur de sa strat\u00e9gie commerciale\" \/>\n<meta property=\"og:url\" content=\"https:\/\/www.mediaplateforme.com\/fr\/stellantis-presentera-sa-strategie-et-sa-nouvelle-gamme-mondiale-de-vehicules-utilitaires-le-23-octobre-2023\/\" \/>\n<meta property=\"og:site_name\" content=\"MEDIA PLATEFORME | FR\" \/>\n<meta property=\"article:published_time\" content=\"2023-10-11T10:54:50+00:00\" \/>\n<meta property=\"og:image\" content=\"https:\/\/www.mediaplateforme.com\/fr\/wp-content\/uploads\/sites\/5\/2023\/10\/Stellantis-CVBU-Static-102523.jpg\" \/>\n\t<meta property=\"og:image:width\" content=\"1920\" \/>\n\t<meta property=\"og:image:height\" content=\"893\" \/>\n\t<meta property=\"og:image:type\" content=\"image\/jpeg\" \/>\n<meta name=\"author\" content=\"Mediaplateforme\" \/>\n<meta name=\"twitter:card\" content=\"summary_large_image\" \/>\n<meta name=\"twitter:label1\" content=\"\u00c9crit par\" \/>\n\t<meta name=\"twitter:data1\" content=\"Mediaplateforme\" \/>\n\t<meta name=\"twitter:label2\" content=\"Dur\u00e9e de lecture estim\u00e9e\" \/>\n\t<meta name=\"twitter:data2\" content=\"2 minutes\" \/>\n<script type=\"application\/ld+json\" class=\"yoast-schema-graph\">{\"@context\":\"https:\/\/schema.org\",\"@graph\":[{\"@type\":\"WebPage\",\"@id\":\"https:\/\/www.mediaplateforme.com\/fr\/stellantis-presentera-sa-strategie-et-sa-nouvelle-gamme-mondiale-de-vehicules-utilitaires-le-23-octobre-2023\/\",\"url\":\"https:\/\/www.mediaplateforme.com\/fr\/stellantis-presentera-sa-strategie-et-sa-nouvelle-gamme-mondiale-de-vehicules-utilitaires-le-23-octobre-2023\/\",\"name\":\"Stellantis pr\u00e9sentera sa strat\u00e9gie et sa nouvelle gamme mondiale de v\u00e9hicules utilitaires le 23 octobre 2023 - MEDIA PLATEFORME | FR\",\"isPartOf\":{\"@id\":\"https:\/\/www.mediaplateforme.com\/fr\/#website\"},\"datePublished\":\"2023-10-11T10:54:50+00:00\",\"dateModified\":\"2023-10-11T10:54:50+00:00\",\"author\":{\"@id\":\"https:\/\/www.mediaplateforme.com\/fr\/#\/schema\/person\/89833db382b5db2c76b094bc902aa12a\"},\"description\":\"\u00a0Stellantis N.V.\u00a0a qu\u2019elle pr\u00e9sentera sa nouvelle gamme de v\u00e9hicules utilitaires qui constituent le c\u0153ur de sa strat\u00e9gie commerciale\",\"breadcrumb\":{\"@id\":\"https:\/\/www.mediaplateforme.com\/fr\/stellantis-presentera-sa-strategie-et-sa-nouvelle-gamme-mondiale-de-vehicules-utilitaires-le-23-octobre-2023\/#breadcrumb\"},\"inLanguage\":\"fr-FR\",\"potentialAction\":[{\"@type\":\"ReadAction\",\"target\":[\"https:\/\/www.mediaplateforme.com\/fr\/stellantis-presentera-sa-strategie-et-sa-nouvelle-gamme-mondiale-de-vehicules-utilitaires-le-23-octobre-2023\/\"]}]},{\"@type\":\"BreadcrumbList\",\"@id\":\"https:\/\/www.mediaplateforme.com\/fr\/stellantis-presentera-sa-strategie-et-sa-nouvelle-gamme-mondiale-de-vehicules-utilitaires-le-23-octobre-2023\/#breadcrumb\",\"itemListElement\":[{\"@type\":\"ListItem\",\"position\":1,\"name\":\"\u0627\u0644\u0631\u0626\u064a\u0633\u064a\u0629\",\"item\":\"https:\/\/www.mediaplateforme.com\/fr\/\"},{\"@type\":\"ListItem\",\"position\":2,\"name\":\"Stellantis pr\u00e9sentera sa strat\u00e9gie et sa nouvelle gamme mondiale de v\u00e9hicules utilitaires le 23 octobre 2023\"}]},{\"@type\":\"WebSite\",\"@id\":\"https:\/\/www.mediaplateforme.com\/fr\/#website\",\"url\":\"https:\/\/www.mediaplateforme.com\/fr\/\",\"name\":\"MEDIA PLATEFORME | FR\",\"description\":\"Mediaplateforme sp\u00e9cialis\u00e9 dans la communication institutions publiques et des entreprises\",\"potentialAction\":[{\"@type\":\"SearchAction\",\"target\":{\"@type\":\"EntryPoint\",\"urlTemplate\":\"https:\/\/www.mediaplateforme.com\/fr\/?s={search_term_string}\"},\"query-input\":\"required name=search_term_string\"}],\"inLanguage\":\"fr-FR\"},{\"@type\":\"Person\",\"@id\":\"https:\/\/www.mediaplateforme.com\/fr\/#\/schema\/person\/89833db382b5db2c76b094bc902aa12a\",\"name\":\"Mediaplateforme\",\"image\":{\"@type\":\"ImageObject\",\"inLanguage\":\"fr-FR\",\"@id\":\"https:\/\/www.mediaplateforme.com\/fr\/#\/schema\/person\/image\/\",\"url\":\"https:\/\/secure.gravatar.com\/avatar\/6c9c02e8928cc65d54bf75157f7b3a2d06d7ad0494ca0951f679552ff03b34c1?s=96&d=mm&r=g\",\"contentUrl\":\"https:\/\/secure.gravatar.com\/avatar\/6c9c02e8928cc65d54bf75157f7b3a2d06d7ad0494ca0951f679552ff03b34c1?s=96&d=mm&r=g\",\"caption\":\"Mediaplateforme\"},\"sameAs\":[\"https:\/\/www.mediaplateforme.com\"],\"url\":\"https:\/\/www.mediaplateforme.com\/fr\/author\/mohamedladib\/\"}]}<\/script>\n<!-- \/ Yoast SEO plugin. -->","yoast_head_json":{"title":"Stellantis pr\u00e9sentera sa strat\u00e9gie et sa nouvelle gamme mondiale de v\u00e9hicules utilitaires le 23 octobre 2023 - MEDIA PLATEFORME | FR","description":"\u00a0Stellantis N.V.\u00a0a qu\u2019elle pr\u00e9sentera sa nouvelle gamme de v\u00e9hicules utilitaires qui constituent le c\u0153ur de sa strat\u00e9gie commerciale","robots":{"index":"index","follow":"follow","max-snippet":"max-snippet:-1","max-image-preview":"max-image-preview:large","max-video-preview":"max-video-preview:-1"},"canonical":"https:\/\/www.mediaplateforme.com\/fr\/stellantis-presentera-sa-strategie-et-sa-nouvelle-gamme-mondiale-de-vehicules-utilitaires-le-23-octobre-2023\/","og_locale":"fr_FR","og_type":"article","og_title":"Stellantis pr\u00e9sentera sa strat\u00e9gie et sa nouvelle gamme mondiale de v\u00e9hicules utilitaires le 23 octobre 2023 - MEDIA PLATEFORME | FR","og_description":"\u00a0Stellantis N.V.\u00a0a qu\u2019elle pr\u00e9sentera sa nouvelle gamme de v\u00e9hicules utilitaires qui constituent le c\u0153ur de sa strat\u00e9gie commerciale","og_url":"https:\/\/www.mediaplateforme.com\/fr\/stellantis-presentera-sa-strategie-et-sa-nouvelle-gamme-mondiale-de-vehicules-utilitaires-le-23-octobre-2023\/","og_site_name":"MEDIA PLATEFORME | FR","article_published_time":"2023-10-11T10:54:50+00:00","og_image":[{"width":1920,"height":893,"url":"https:\/\/www.mediaplateforme.com\/fr\/wp-content\/uploads\/sites\/5\/2023\/10\/Stellantis-CVBU-Static-102523.jpg","type":"image\/jpeg"}],"author":"Mediaplateforme","twitter_card":"summary_large_image","twitter_misc":{"\u00c9crit par":"Mediaplateforme","Dur\u00e9e de lecture estim\u00e9e":"2 minutes"},"schema":{"@context":"https:\/\/schema.org","@graph":[{"@type":"WebPage","@id":"https:\/\/www.mediaplateforme.com\/fr\/stellantis-presentera-sa-strategie-et-sa-nouvelle-gamme-mondiale-de-vehicules-utilitaires-le-23-octobre-2023\/","url":"https:\/\/www.mediaplateforme.com\/fr\/stellantis-presentera-sa-strategie-et-sa-nouvelle-gamme-mondiale-de-vehicules-utilitaires-le-23-octobre-2023\/","name":"Stellantis pr\u00e9sentera sa strat\u00e9gie et sa nouvelle gamme mondiale de v\u00e9hicules utilitaires le 23 octobre 2023 - MEDIA PLATEFORME | FR","isPartOf":{"@id":"https:\/\/www.mediaplateforme.com\/fr\/#website"},"datePublished":"2023-10-11T10:54:50+00:00","dateModified":"2023-10-11T10:54:50+00:00","author":{"@id":"https:\/\/www.mediaplateforme.com\/fr\/#\/schema\/person\/89833db382b5db2c76b094bc902aa12a"},"description":"\u00a0Stellantis N.V.\u00a0a qu\u2019elle pr\u00e9sentera sa nouvelle gamme de v\u00e9hicules utilitaires qui constituent le c\u0153ur de sa strat\u00e9gie commerciale","breadcrumb":{"@id":"https:\/\/www.mediaplateforme.com\/fr\/stellantis-presentera-sa-strategie-et-sa-nouvelle-gamme-mondiale-de-vehicules-utilitaires-le-23-octobre-2023\/#breadcrumb"},"inLanguage":"fr-FR","potentialAction":[{"@type":"ReadAction","target":["https:\/\/www.mediaplateforme.com\/fr\/stellantis-presentera-sa-strategie-et-sa-nouvelle-gamme-mondiale-de-vehicules-utilitaires-le-23-octobre-2023\/"]}]},{"@type":"BreadcrumbList","@id":"https:\/\/www.mediaplateforme.com\/fr\/stellantis-presentera-sa-strategie-et-sa-nouvelle-gamme-mondiale-de-vehicules-utilitaires-le-23-octobre-2023\/#breadcrumb","itemListElement":[{"@type":"ListItem","position":1,"name":"\u0627\u0644\u0631\u0626\u064a\u0633\u064a\u0629","item":"https:\/\/www.mediaplateforme.com\/fr\/"},{"@type":"ListItem","position":2,"name":"Stellantis pr\u00e9sentera sa strat\u00e9gie et sa nouvelle gamme mondiale de v\u00e9hicules utilitaires le 23 octobre 2023"}]},{"@type":"WebSite","@id":"https:\/\/www.mediaplateforme.com\/fr\/#website","url":"https:\/\/www.mediaplateforme.com\/fr\/","name":"MEDIA PLATEFORME | FR","description":"Mediaplateforme sp\u00e9cialis\u00e9 dans la communication institutions publiques et des entreprises","potentialAction":[{"@type":"SearchAction","target":{"@type":"EntryPoint","urlTemplate":"https:\/\/www.mediaplateforme.com\/fr\/?s={search_term_string}"},"query-input":"required name=search_term_string"}],"inLanguage":"fr-FR"},{"@type":"Person","@id":"https:\/\/www.mediaplateforme.com\/fr\/#\/schema\/person\/89833db382b5db2c76b094bc902aa12a","name":"Mediaplateforme","image":{"@type":"ImageObject","inLanguage":"fr-FR","@id":"https:\/\/www.mediaplateforme.com\/fr\/#\/schema\/person\/image\/","url":"https:\/\/secure.gravatar.com\/avatar\/6c9c02e8928cc65d54bf75157f7b3a2d06d7ad0494ca0951f679552ff03b34c1?s=96&d=mm&r=g","contentUrl":"https:\/\/secure.gravatar.com\/avatar\/6c9c02e8928cc65d54bf75157f7b3a2d06d7ad0494ca0951f679552ff03b34c1?s=96&d=mm&r=g","caption":"Mediaplateforme"},"sameAs":["https:\/\/www.mediaplateforme.com"],"url":"https:\/\/www.mediaplateforme.com\/fr\/author\/mohamedladib\/"}]}},"_links":{"self":[{"href":"https:\/\/www.mediaplateforme.com\/fr\/wp-json\/wp\/v2\/posts\/4260","targetHints":{"allow":["GET"]}}],"collection":[{"href":"https:\/\/www.mediaplateforme.com\/fr\/wp-json\/wp\/v2\/posts"}],"about":[{"href":"https:\/\/www.mediaplateforme.com\/fr\/wp-json\/wp\/v2\/types\/post"}],"author":[{"embeddable":true,"href":"https:\/\/www.mediaplateforme.com\/fr\/wp-json\/wp\/v2\/users\/1"}],"replies":[{"embeddable":true,"href":"https:\/\/www.mediaplateforme.com\/fr\/wp-json\/wp\/v2\/comments?post=4260"}],"version-history":[{"count":1,"href":"https:\/\/www.mediaplateforme.com\/fr\/wp-json\/wp\/v2\/posts\/4260\/revisions"}],"predecessor-version":[{"id":4262,"href":"https:\/\/www.mediaplateforme.com\/fr\/wp-json\/wp\/v2\/posts\/4260\/revisions\/4262"}],"wp:featuredmedia":[{"embeddable":true,"href":"https:\/\/www.mediaplateforme.com\/fr\/wp-json\/wp\/v2\/media\/4261"}],"wp:attachment":[{"href":"https:\/\/www.mediaplateforme.com\/fr\/wp-json\/wp\/v2\/media?parent=4260"}],"wp:term":[{"taxonomy":"category","embeddable":true,"href":"https:\/\/www.mediaplateforme.com\/fr\/wp-json\/wp\/v2\/categories?post=4260"},{"taxonomy":"post_tag","embeddable":true,"href":"https:\/\/www.mediaplateforme.com\/fr\/wp-json\/wp\/v2\/tags?post=4260"}],"curies":[{"name":"wp","href":"https:\/\/api.w.org\/{rel}","templated":true}]}}