{"id":4257,"date":"2023-10-11T11:46:37","date_gmt":"2023-10-11T10:46:37","guid":{"rendered":"https:\/\/www.mediaplateforme.com\/fr\/?p=4257"},"modified":"2023-10-11T11:46:37","modified_gmt":"2023-10-11T10:46:37","slug":"artefact-annonce-la-nomination-de-mederic-chomel-ex-cdo-dorange-france-en-tant-que-managing-partner-de-la-filiale-artefact-africa","status":"publish","type":"post","link":"https:\/\/www.mediaplateforme.com\/fr\/artefact-annonce-la-nomination-de-mederic-chomel-ex-cdo-dorange-france-en-tant-que-managing-partner-de-la-filiale-artefact-africa\/","title":{"rendered":"Artefact annonce la nomination de M\u00e9d\u00e9ric Chomel, ex-CDO d\u2019Orange France, en tant que Managing Partner de la filiale Artefact Africa"},"content":{"rendered":"<p>M\u00e9d\u00e9ric Chomel, expert en transformation des entreprises, rejoint la filiale africaine d\u2019Artefact dont le si\u00e8ge est situ\u00e9 \u00e0 Casablanca. Depuis l\u2019Afrique du Sud et en tant que Managing Partner, M\u00e9d\u00e9ric Chomel va s&rsquo;appuyer sur le succ\u00e8s du bureau marocain d&rsquo;Artefact pour d\u00e9velopper les activit\u00e9s de la soci\u00e9t\u00e9 sur le continent.<\/p>\n<p style=\"font-weight: 400;\"><strong>\u00a0<\/strong><\/p>\n<p style=\"font-weight: 400;\">M\u00e9d\u00e9ric Chomel a une longue exp\u00e9rience dans la mise en \u0153uvre de projets ax\u00e9s sur les donn\u00e9es. Dipl\u00f4m\u00e9 de l&rsquo;\u00c9cole polytechnique de Paris, il rejoint Artefact apr\u00e8s avoir pass\u00e9 12 ans aupr\u00e8s du g\u00e9ant des t\u00e9l\u00e9communications Orange o\u00f9 il a occup\u00e9 diverses fonctions en Europe, en Afrique et au Moyen-Orient. Il a travaill\u00e9 \u00e0 plusieurs reprises avec Artefact sur des projets de gouvernance de la data et a d\u00e9ploy\u00e9 des cas d\u2019usage dont l\u2019objectif \u00e9tait d\u2019am\u00e9liorer la satisfaction clients et la productivit\u00e9 des collaborateurs.<\/p>\n<p style=\"font-weight: 400;\">De 2020 \u00e0 2023, alors qu\u2019il \u00e9tait Chief Data Officer d\u2019Orange France, il a supervis\u00e9 la mise en \u0153uvre d&rsquo;un programme de transformation par les donn\u00e9es et l&rsquo;IA \u00e0 l&rsquo;\u00e9chelle de l&rsquo;entreprise. Ce programme comprenait notamment une application bas\u00e9e sur l&rsquo;IA permettant aux installateurs de la fibre de v\u00e9rifier la conformit\u00e9 de leurs interventions. Entre 2016 et 2020, il a occup\u00e9 le poste de chief digital and innovation officer, deputy strategy officer et secr\u00e9taire du conseil d&rsquo;administration d\u2019Orange en Jordanie. Il y a lanc\u00e9 Orange Money, solution de portefeuille \u00e9lectronique qui a remodel\u00e9 les services bancaires dans le pays, et a \u00e9galement mis en place une initiative visant \u00e0 am\u00e9liorer l&rsquo;exp\u00e9rience client digitale. Auparavant, il \u00e9tait directeur marketing d\u2019Orange Business Services au S\u00e9n\u00e9gal. Au cours de sa carri\u00e8re chez Orange, M\u00e9d\u00e9ric Chomel a supervis\u00e9 des projets qui ont g\u00e9n\u00e9r\u00e9 plus de 200 millions d&rsquo;euros de valeur commerciale.<\/p>\n<p style=\"font-weight: 400;\">Apr\u00e8s l\u2019Europe, l\u2019Asie, l\u2019Am\u00e9rique du Nord et l\u2019Am\u00e9rique Latine, Artefact a lanc\u00e9 sa filiale Artefact Africa en 2020 pour acc\u00e9l\u00e9rer sa croissance sur un continent dont le potentiel \u00e9conomique est immense et la transformation digitale tr\u00e8s rapide. Le groupe compte aujourd\u2019hui 1300 employ\u00e9s, dont une quarantaine en Afrique. Les bureaux d\u2019Artefact Africa, situ\u00e9s \u00e0 Casablanca au Maroc, rassemblent des data ing\u00e9nieurs,\u00a0<em>data scientists<\/em>\u00a0ou\u00a0<em>data analysts<\/em>\u00a0de haut niveau, qui collaborent avec les entit\u00e9s d&rsquo;Artefact du monde entier. Ces effectifs devraient doubler d\u2019ici \u00e0 2024. Artefact Africa compte parmi ses clients de grandes entreprises implant\u00e9es au Maroc dans divers secteurs, notamment les services bancaires, le\u00a0<em>retail<\/em>, l&rsquo;\u00e9nergie, les services publics et les t\u00e9l\u00e9communications.<\/p>\n<p style=\"font-weight: 400;\"><strong>Vincent Luciani, CEO et cofondateur d&rsquo;Artefact<\/strong>\u00a0d\u00e9clare : \u00ab\u00a0<em>Nous avons collabor\u00e9 \u00e9troitement avec M\u00e9d\u00e9ric sur plusieurs projets majeurs d\u2019Orange. Nous mesurons son expertise et tout ce qu\u2019il va apporter en rejoignant la famille Artefact. L&rsquo;Afrique est un continent \u00e0 fort potentiel pour nous : tout indique que les donn\u00e9es et l&rsquo;IA joueront un r\u00f4le central dans sa transformation. Les comp\u00e9tences, l&rsquo;exp\u00e9rience et l&rsquo;\u00e9nergie de M\u00e9d\u00e9ric vont nous aider \u00e0 consolider et poursuivre le travail d\u00e9j\u00e0 entrepris au Maroc, ainsi qu\u2019\u00e0 ouvrir de nouvelles opportunit\u00e9s en Afrique du Sud, au S\u00e9n\u00e9gal et d\u2019autres pays \u00e0 venir pour accompagner toujours plus d\u2019entreprises dans leur acc\u00e9l\u00e9ration business.\u00a0\u00bb<\/em><\/p>\n<p style=\"font-weight: 400;\">\n<p style=\"font-weight: 400;\">Selon\u00a0<strong>M\u00e9d\u00e9ric Chomel, Managing Partner d\u2019Artefact Africa<\/strong>\u00a0: \u00ab\u00a0<em>Au cours de ma carri\u00e8re chez Orange, j&rsquo;ai pu appr\u00e9cier les comp\u00e9tences \u00e0 la pointe des \u00e9quipes d&rsquo;Artefact, ainsi que leur engagement pour stimuler l&rsquo;innovation dans toutes leurs missions. A la recherche de mon prochain d\u00e9fi professionnel, j\u2019ai \u00e9t\u00e9 s\u00e9duit par l\u2019id\u00e9e de rejoindre Artefact et de travailler \u00e0 nouveau en Afrique, dont le dynamisme \u00e9conomique et culturel sont des facteurs d&rsquo;adoption rapide et continue des nouvelles technologies.\u201d<\/em><\/p>\n","protected":false},"excerpt":{"rendered":"<p>M\u00e9d\u00e9ric Chomel, expert en transformation des entreprises, rejoint la filiale africaine d\u2019Artefact dont le si\u00e8ge<\/p>\n","protected":false},"author":1,"featured_media":4258,"comment_status":"open","ping_status":"open","sticky":false,"template":"","format":"standard","meta":{"_acf_changed":false,"footnotes":""},"categories":[2,3],"tags":[1349],"class_list":["post-4257","post","type-post","status-publish","format-standard","has-post-thumbnail","hentry","category-nouvelles","category-nouvelles-selectionnees","tag-mederic-chomel"],"acf":[],"yoast_head":"<!-- This site is optimized with the Yoast SEO plugin v22.0 - https:\/\/yoast.com\/wordpress\/plugins\/seo\/ -->\n<title>Artefact annonce la nomination de M\u00e9d\u00e9ric Chomel, ex-CDO d\u2019Orange France, en tant que Managing Partner de la filiale Artefact Africa - MEDIA PLATEFORME | FR<\/title>\n<meta name=\"description\" content=\"M\u00e9d\u00e9ric Chomel, expert en transformation des entreprises, rejoint la filiale africaine d\u2019Artefact dont le si\u00e8ge est situ\u00e9 \u00e0 Casablanca.\" \/>\n<meta name=\"robots\" content=\"index, follow, max-snippet:-1, max-image-preview:large, max-video-preview:-1\" \/>\n<link rel=\"canonical\" href=\"https:\/\/www.mediaplateforme.com\/fr\/artefact-annonce-la-nomination-de-mederic-chomel-ex-cdo-dorange-france-en-tant-que-managing-partner-de-la-filiale-artefact-africa\/\" \/>\n<meta property=\"og:locale\" content=\"fr_FR\" \/>\n<meta property=\"og:type\" content=\"article\" \/>\n<meta property=\"og:title\" content=\"Artefact annonce la nomination de M\u00e9d\u00e9ric Chomel, ex-CDO d\u2019Orange France, en tant que Managing Partner de la filiale Artefact Africa - MEDIA PLATEFORME | FR\" \/>\n<meta property=\"og:description\" content=\"M\u00e9d\u00e9ric Chomel, expert en transformation des entreprises, rejoint la filiale africaine d\u2019Artefact dont le si\u00e8ge est situ\u00e9 \u00e0 Casablanca.\" \/>\n<meta property=\"og:url\" content=\"https:\/\/www.mediaplateforme.com\/fr\/artefact-annonce-la-nomination-de-mederic-chomel-ex-cdo-dorange-france-en-tant-que-managing-partner-de-la-filiale-artefact-africa\/\" \/>\n<meta property=\"og:site_name\" content=\"MEDIA PLATEFORME | FR\" \/>\n<meta property=\"article:published_time\" content=\"2023-10-11T10:46:37+00:00\" \/>\n<meta property=\"og:image\" content=\"https:\/\/www.mediaplateforme.com\/fr\/wp-content\/uploads\/sites\/5\/2023\/10\/Photo-Me\u0301de\u0301ric-Chomel.jpg\" \/>\n\t<meta property=\"og:image:width\" content=\"800\" \/>\n\t<meta property=\"og:image:height\" content=\"563\" \/>\n\t<meta property=\"og:image:type\" content=\"image\/jpeg\" \/>\n<meta name=\"author\" content=\"Mediaplateforme\" \/>\n<meta name=\"twitter:card\" content=\"summary_large_image\" \/>\n<meta name=\"twitter:label1\" content=\"\u00c9crit par\" \/>\n\t<meta name=\"twitter:data1\" content=\"Mediaplateforme\" \/>\n\t<meta name=\"twitter:label2\" content=\"Dur\u00e9e de lecture estim\u00e9e\" \/>\n\t<meta name=\"twitter:data2\" content=\"3 minutes\" \/>\n<script type=\"application\/ld+json\" class=\"yoast-schema-graph\">{\"@context\":\"https:\/\/schema.org\",\"@graph\":[{\"@type\":\"WebPage\",\"@id\":\"https:\/\/www.mediaplateforme.com\/fr\/artefact-annonce-la-nomination-de-mederic-chomel-ex-cdo-dorange-france-en-tant-que-managing-partner-de-la-filiale-artefact-africa\/\",\"url\":\"https:\/\/www.mediaplateforme.com\/fr\/artefact-annonce-la-nomination-de-mederic-chomel-ex-cdo-dorange-france-en-tant-que-managing-partner-de-la-filiale-artefact-africa\/\",\"name\":\"Artefact annonce la nomination de M\u00e9d\u00e9ric Chomel, ex-CDO d\u2019Orange France, en tant que Managing Partner de la filiale Artefact Africa - MEDIA PLATEFORME | FR\",\"isPartOf\":{\"@id\":\"https:\/\/www.mediaplateforme.com\/fr\/#website\"},\"datePublished\":\"2023-10-11T10:46:37+00:00\",\"dateModified\":\"2023-10-11T10:46:37+00:00\",\"author\":{\"@id\":\"https:\/\/www.mediaplateforme.com\/fr\/#\/schema\/person\/89833db382b5db2c76b094bc902aa12a\"},\"description\":\"M\u00e9d\u00e9ric Chomel, expert en transformation des entreprises, rejoint la filiale africaine d\u2019Artefact dont le si\u00e8ge est situ\u00e9 \u00e0 Casablanca.\",\"breadcrumb\":{\"@id\":\"https:\/\/www.mediaplateforme.com\/fr\/artefact-annonce-la-nomination-de-mederic-chomel-ex-cdo-dorange-france-en-tant-que-managing-partner-de-la-filiale-artefact-africa\/#breadcrumb\"},\"inLanguage\":\"fr-FR\",\"potentialAction\":[{\"@type\":\"ReadAction\",\"target\":[\"https:\/\/www.mediaplateforme.com\/fr\/artefact-annonce-la-nomination-de-mederic-chomel-ex-cdo-dorange-france-en-tant-que-managing-partner-de-la-filiale-artefact-africa\/\"]}]},{\"@type\":\"BreadcrumbList\",\"@id\":\"https:\/\/www.mediaplateforme.com\/fr\/artefact-annonce-la-nomination-de-mederic-chomel-ex-cdo-dorange-france-en-tant-que-managing-partner-de-la-filiale-artefact-africa\/#breadcrumb\",\"itemListElement\":[{\"@type\":\"ListItem\",\"position\":1,\"name\":\"\u0627\u0644\u0631\u0626\u064a\u0633\u064a\u0629\",\"item\":\"https:\/\/www.mediaplateforme.com\/fr\/\"},{\"@type\":\"ListItem\",\"position\":2,\"name\":\"Artefact annonce la nomination de M\u00e9d\u00e9ric Chomel, ex-CDO d\u2019Orange France, en tant que Managing Partner de la filiale Artefact Africa\"}]},{\"@type\":\"WebSite\",\"@id\":\"https:\/\/www.mediaplateforme.com\/fr\/#website\",\"url\":\"https:\/\/www.mediaplateforme.com\/fr\/\",\"name\":\"MEDIA PLATEFORME | FR\",\"description\":\"Mediaplateforme sp\u00e9cialis\u00e9 dans la communication institutions publiques et des entreprises\",\"potentialAction\":[{\"@type\":\"SearchAction\",\"target\":{\"@type\":\"EntryPoint\",\"urlTemplate\":\"https:\/\/www.mediaplateforme.com\/fr\/?s={search_term_string}\"},\"query-input\":\"required name=search_term_string\"}],\"inLanguage\":\"fr-FR\"},{\"@type\":\"Person\",\"@id\":\"https:\/\/www.mediaplateforme.com\/fr\/#\/schema\/person\/89833db382b5db2c76b094bc902aa12a\",\"name\":\"Mediaplateforme\",\"image\":{\"@type\":\"ImageObject\",\"inLanguage\":\"fr-FR\",\"@id\":\"https:\/\/www.mediaplateforme.com\/fr\/#\/schema\/person\/image\/\",\"url\":\"https:\/\/secure.gravatar.com\/avatar\/6c9c02e8928cc65d54bf75157f7b3a2d06d7ad0494ca0951f679552ff03b34c1?s=96&d=mm&r=g\",\"contentUrl\":\"https:\/\/secure.gravatar.com\/avatar\/6c9c02e8928cc65d54bf75157f7b3a2d06d7ad0494ca0951f679552ff03b34c1?s=96&d=mm&r=g\",\"caption\":\"Mediaplateforme\"},\"sameAs\":[\"https:\/\/www.mediaplateforme.com\"],\"url\":\"https:\/\/www.mediaplateforme.com\/fr\/author\/mohamedladib\/\"}]}<\/script>\n<!-- \/ Yoast SEO plugin. -->","yoast_head_json":{"title":"Artefact annonce la nomination de M\u00e9d\u00e9ric Chomel, ex-CDO d\u2019Orange France, en tant que Managing Partner de la filiale Artefact Africa - MEDIA PLATEFORME | FR","description":"M\u00e9d\u00e9ric Chomel, expert en transformation des entreprises, rejoint la filiale africaine d\u2019Artefact dont le si\u00e8ge est situ\u00e9 \u00e0 Casablanca.","robots":{"index":"index","follow":"follow","max-snippet":"max-snippet:-1","max-image-preview":"max-image-preview:large","max-video-preview":"max-video-preview:-1"},"canonical":"https:\/\/www.mediaplateforme.com\/fr\/artefact-annonce-la-nomination-de-mederic-chomel-ex-cdo-dorange-france-en-tant-que-managing-partner-de-la-filiale-artefact-africa\/","og_locale":"fr_FR","og_type":"article","og_title":"Artefact annonce la nomination de M\u00e9d\u00e9ric Chomel, ex-CDO d\u2019Orange France, en tant que Managing Partner de la filiale Artefact Africa - MEDIA PLATEFORME | FR","og_description":"M\u00e9d\u00e9ric Chomel, expert en transformation des entreprises, rejoint la filiale africaine d\u2019Artefact dont le si\u00e8ge est situ\u00e9 \u00e0 Casablanca.","og_url":"https:\/\/www.mediaplateforme.com\/fr\/artefact-annonce-la-nomination-de-mederic-chomel-ex-cdo-dorange-france-en-tant-que-managing-partner-de-la-filiale-artefact-africa\/","og_site_name":"MEDIA PLATEFORME | FR","article_published_time":"2023-10-11T10:46:37+00:00","og_image":[{"width":800,"height":563,"url":"https:\/\/www.mediaplateforme.com\/fr\/wp-content\/uploads\/sites\/5\/2023\/10\/Photo-Me\u0301de\u0301ric-Chomel.jpg","type":"image\/jpeg"}],"author":"Mediaplateforme","twitter_card":"summary_large_image","twitter_misc":{"\u00c9crit par":"Mediaplateforme","Dur\u00e9e de lecture estim\u00e9e":"3 minutes"},"schema":{"@context":"https:\/\/schema.org","@graph":[{"@type":"WebPage","@id":"https:\/\/www.mediaplateforme.com\/fr\/artefact-annonce-la-nomination-de-mederic-chomel-ex-cdo-dorange-france-en-tant-que-managing-partner-de-la-filiale-artefact-africa\/","url":"https:\/\/www.mediaplateforme.com\/fr\/artefact-annonce-la-nomination-de-mederic-chomel-ex-cdo-dorange-france-en-tant-que-managing-partner-de-la-filiale-artefact-africa\/","name":"Artefact annonce la nomination de M\u00e9d\u00e9ric Chomel, ex-CDO d\u2019Orange France, en tant que Managing Partner de la filiale Artefact Africa - MEDIA PLATEFORME | FR","isPartOf":{"@id":"https:\/\/www.mediaplateforme.com\/fr\/#website"},"datePublished":"2023-10-11T10:46:37+00:00","dateModified":"2023-10-11T10:46:37+00:00","author":{"@id":"https:\/\/www.mediaplateforme.com\/fr\/#\/schema\/person\/89833db382b5db2c76b094bc902aa12a"},"description":"M\u00e9d\u00e9ric Chomel, expert en transformation des entreprises, rejoint la filiale africaine d\u2019Artefact dont le si\u00e8ge est situ\u00e9 \u00e0 Casablanca.","breadcrumb":{"@id":"https:\/\/www.mediaplateforme.com\/fr\/artefact-annonce-la-nomination-de-mederic-chomel-ex-cdo-dorange-france-en-tant-que-managing-partner-de-la-filiale-artefact-africa\/#breadcrumb"},"inLanguage":"fr-FR","potentialAction":[{"@type":"ReadAction","target":["https:\/\/www.mediaplateforme.com\/fr\/artefact-annonce-la-nomination-de-mederic-chomel-ex-cdo-dorange-france-en-tant-que-managing-partner-de-la-filiale-artefact-africa\/"]}]},{"@type":"BreadcrumbList","@id":"https:\/\/www.mediaplateforme.com\/fr\/artefact-annonce-la-nomination-de-mederic-chomel-ex-cdo-dorange-france-en-tant-que-managing-partner-de-la-filiale-artefact-africa\/#breadcrumb","itemListElement":[{"@type":"ListItem","position":1,"name":"\u0627\u0644\u0631\u0626\u064a\u0633\u064a\u0629","item":"https:\/\/www.mediaplateforme.com\/fr\/"},{"@type":"ListItem","position":2,"name":"Artefact annonce la nomination de M\u00e9d\u00e9ric Chomel, ex-CDO d\u2019Orange France, en tant que Managing Partner de la filiale Artefact Africa"}]},{"@type":"WebSite","@id":"https:\/\/www.mediaplateforme.com\/fr\/#website","url":"https:\/\/www.mediaplateforme.com\/fr\/","name":"MEDIA PLATEFORME | FR","description":"Mediaplateforme sp\u00e9cialis\u00e9 dans la communication institutions publiques et des entreprises","potentialAction":[{"@type":"SearchAction","target":{"@type":"EntryPoint","urlTemplate":"https:\/\/www.mediaplateforme.com\/fr\/?s={search_term_string}"},"query-input":"required name=search_term_string"}],"inLanguage":"fr-FR"},{"@type":"Person","@id":"https:\/\/www.mediaplateforme.com\/fr\/#\/schema\/person\/89833db382b5db2c76b094bc902aa12a","name":"Mediaplateforme","image":{"@type":"ImageObject","inLanguage":"fr-FR","@id":"https:\/\/www.mediaplateforme.com\/fr\/#\/schema\/person\/image\/","url":"https:\/\/secure.gravatar.com\/avatar\/6c9c02e8928cc65d54bf75157f7b3a2d06d7ad0494ca0951f679552ff03b34c1?s=96&d=mm&r=g","contentUrl":"https:\/\/secure.gravatar.com\/avatar\/6c9c02e8928cc65d54bf75157f7b3a2d06d7ad0494ca0951f679552ff03b34c1?s=96&d=mm&r=g","caption":"Mediaplateforme"},"sameAs":["https:\/\/www.mediaplateforme.com"],"url":"https:\/\/www.mediaplateforme.com\/fr\/author\/mohamedladib\/"}]}},"_links":{"self":[{"href":"https:\/\/www.mediaplateforme.com\/fr\/wp-json\/wp\/v2\/posts\/4257","targetHints":{"allow":["GET"]}}],"collection":[{"href":"https:\/\/www.mediaplateforme.com\/fr\/wp-json\/wp\/v2\/posts"}],"about":[{"href":"https:\/\/www.mediaplateforme.com\/fr\/wp-json\/wp\/v2\/types\/post"}],"author":[{"embeddable":true,"href":"https:\/\/www.mediaplateforme.com\/fr\/wp-json\/wp\/v2\/users\/1"}],"replies":[{"embeddable":true,"href":"https:\/\/www.mediaplateforme.com\/fr\/wp-json\/wp\/v2\/comments?post=4257"}],"version-history":[{"count":1,"href":"https:\/\/www.mediaplateforme.com\/fr\/wp-json\/wp\/v2\/posts\/4257\/revisions"}],"predecessor-version":[{"id":4259,"href":"https:\/\/www.mediaplateforme.com\/fr\/wp-json\/wp\/v2\/posts\/4257\/revisions\/4259"}],"wp:featuredmedia":[{"embeddable":true,"href":"https:\/\/www.mediaplateforme.com\/fr\/wp-json\/wp\/v2\/media\/4258"}],"wp:attachment":[{"href":"https:\/\/www.mediaplateforme.com\/fr\/wp-json\/wp\/v2\/media?parent=4257"}],"wp:term":[{"taxonomy":"category","embeddable":true,"href":"https:\/\/www.mediaplateforme.com\/fr\/wp-json\/wp\/v2\/categories?post=4257"},{"taxonomy":"post_tag","embeddable":true,"href":"https:\/\/www.mediaplateforme.com\/fr\/wp-json\/wp\/v2\/tags?post=4257"}],"curies":[{"name":"wp","href":"https:\/\/api.w.org\/{rel}","templated":true}]}}