{"id":4242,"date":"2023-10-10T10:41:52","date_gmt":"2023-10-10T09:41:52","guid":{"rendered":"https:\/\/www.mediaplateforme.com\/fr\/?p=4242"},"modified":"2023-10-10T10:41:52","modified_gmt":"2023-10-10T09:41:52","slug":"signature-dun-protocole-daccord-entre-la-federation-royale-marocaine-de-golf-et-le-ra-une-nouvelle-ere-pour-le-golf-marocain","status":"publish","type":"post","link":"https:\/\/www.mediaplateforme.com\/fr\/signature-dun-protocole-daccord-entre-la-federation-royale-marocaine-de-golf-et-le-ra-une-nouvelle-ere-pour-le-golf-marocain\/","title":{"rendered":"Signature d\u2019un protocole d\u2019accord entre la F\u00e9d\u00e9ration Royale Marocaine de Golf et le R&#038;A : une nouvelle \u00e8re pour le golf marocain"},"content":{"rendered":"<p style=\"font-weight: 400;\">Pr\u00e9sid\u00e9e par<strong>\u00a0Son Altesse Royale le Prince Moulay Rachid<\/strong>, la F\u00e9d\u00e9ration Royale Marocaine de Golf (FRMG) a sign\u00e9 un protocole d\u2019accord pour le d\u00e9veloppement du golf avec le Royal &amp; Ancient (R&amp;A) en marge de la Ryder Cup, qui s&rsquo;est d\u00e9roul\u00e9e \u00e0\u00a0Rome, du 29 septembre au 1er octobre 2023.<\/p>\n<p style=\"font-weight: 400;\">\n<p style=\"font-weight: 400;\">Le protocole a \u00e9t\u00e9 sign\u00e9 par Ma\u00eetre Mustapha Zine, 1<sup>er<\/sup>\u00a0Vice-Pr\u00e9sident de la FRMG, en pr\u00e9sence de M. Riad Laissaoui, Pr\u00e9sident de la Commission des Jeunes Sportifs et M. David Toledano, Pr\u00e9sident de la Commission Relations Internationales ainsi que M. Phil Anderton, Directeur du D\u00e9veloppement au sein du Royal et Ancien.<\/p>\n<p style=\"font-weight: 400;\">\n<p style=\"font-weight: 400;\">Cet accord entre la FRMG et le R&amp;A d\u00e9taille une s\u00e9rie d&rsquo;initiatives et de programmes destin\u00e9s \u00e0 enrichir l&rsquo;\u00e9cosyst\u00e8me golfique du Maroc. Les axes principaux vis\u00e9s sont\u00a0:<\/p>\n<p style=\"font-weight: 400;\">\n<p style=\"font-weight: 400;\">&#8211;\u00a0\u00a0\u00a0\u00a0\u00a0\u00a0La promotion du golf comme outil de bien-\u00eatre physique et mental.<\/p>\n<p style=\"font-weight: 400;\">\n<p style=\"font-weight: 400;\">&#8211;\u00a0\u00a0\u00a0\u00a0\u00a0\u00a0L&rsquo;avenir du golf par le d\u00e9veloppement de programmes pour les jeunes, notamment en introduisant le golf dans les \u00e9tablissements scolaires et en organisant des comp\u00e9titions adapt\u00e9es.<\/p>\n<p style=\"font-weight: 400;\">&#8211;\u00a0\u00a0\u00a0\u00a0\u00a0\u00a0Le d\u00e9veloppement de programmes d\u00e9di\u00e9s \u00e0 la promotion du golf f\u00e9minin, mettant l&rsquo;accent sur la pratique, les \u00e9tudes et les carri\u00e8res dans le domaine.<\/p>\n<p style=\"font-weight: 400;\">&#8211;\u00a0\u00a0\u00a0\u00a0\u00a0\u00a0La digitalisation du golf avec l\u2019introduction de l\u2019initiative\u00a0<em>\u00ab\u00a0Learn to Play\u00a0\u00bb<\/em>\u00a0de Golf.Golf, au Maroc<\/p>\n<p style=\"font-weight: 400;\">\n<p style=\"font-weight: 400;\">Cet accord marque une collaboration renouvel\u00e9e entre la FRMG et le R&amp;A, deux institutions d\u00e9di\u00e9es \u00e0 la promotion du golf.<\/p>\n<p style=\"font-weight: 400;\">\n<h4 style=\"font-weight: 400;\"><strong><u>\u00c0 propos de la F\u00e9d\u00e9ration Royale Marocaine de Golf\u00a0\u00ab\u00a0FRMG\u00a0\u00bb :<\/u><\/strong><\/h4>\n<p style=\"font-weight: 400;\">Pr\u00e9sid\u00e9e par<strong>\u00a0Son Altesse Royale Le Prince Moulay Rachid\u00a0<\/strong>depuis janvier 2018, la F\u00e9d\u00e9ration Royale Marocaine de Golf \u00ab\u00a0FRMG\u00a0\u00bb, fond\u00e9e le 12 mars 1960, est une association sportive qui a pour objet l\u2019acc\u00e8s \u00e0 tous \u00e0 la pratique du golf, sous toutes ses formes. Elle veille au respect des r\u00e8gles de d\u00e9ontologie \u00e9dict\u00e9es par le mouvement sportif international, particuli\u00e8rement le R&amp;A, la F\u00e9d\u00e9ration Internationale de Golf et la Conf\u00e9d\u00e9ration Africaine de Golf.<\/p>\n<p style=\"font-weight: 400;\">Ses missions sont\u00a0:<\/p>\n<ul>\n<li style=\"font-weight: 400;\"><strong>La promotion et le d\u00e9veloppement de la pratique du golf\u00a0<\/strong><\/li>\n<li style=\"font-weight: 400;\"><strong>L\u2019organisation et la gestion des comp\u00e9titions\u00a0<\/strong><\/li>\n<li style=\"font-weight: 400;\"><strong>La r\u00e9glementation de la pratique du golf\u00a0<\/strong><\/li>\n<li style=\"font-weight: 400;\"><strong>La formation et la professionnalisation des m\u00e9tiers golfiques<\/strong><\/li>\n<li style=\"font-weight: 400;\"><strong>L\u2019accompagnement des joueurs professionnels\u00a0<\/strong><\/li>\n<li style=\"font-weight: 400;\"><strong>La gestion des golfeurs de Haut Niveau<\/strong><\/li>\n<\/ul>\n<p style=\"font-weight: 400;\">\n<p style=\"font-weight: 400;\">\n<h4 style=\"font-weight: 400;\"><strong><u>\u00c0 propos du Royal &amp; Ancient (R&amp;A)\u00a0:<\/u><\/strong><\/h4>\n<p style=\"font-weight: 400;\">Le Royal and Ancient a \u00e9t\u00e9 fond\u00e9 le 14 mai 1754. \u00c9voluant sur 250 ann\u00e9es color\u00e9es d&rsquo;histoire britannique, il est pass\u00e9 d&rsquo;une petite soci\u00e9t\u00e9 \u00e0 un club de 2 500 membres dans le monde.<\/p>\n<p style=\"font-weight: 400;\">Le R&amp;A est un groupe de soci\u00e9t\u00e9 qui a d\u00e9velopp\u00e9 trois domaines de responsabilit\u00e9 distincts &#8211; l&rsquo;administration des r\u00e8gles du golf en collaboration avec l&rsquo;USGA, la gestion de l&rsquo;Open et d&rsquo;autres \u00e9v\u00e9nements de golf cl\u00e9s, et le d\u00e9veloppement du jeu dans les nations de golf existantes et \u00e9mergentes.<\/p>\n","protected":false},"excerpt":{"rendered":"<p>Pr\u00e9sid\u00e9e par\u00a0Son Altesse Royale le Prince Moulay Rachid, la F\u00e9d\u00e9ration Royale Marocaine de Golf (FRMG)<\/p>\n","protected":false},"author":1,"featured_media":433,"comment_status":"open","ping_status":"open","sticky":false,"template":"","format":"standard","meta":{"_acf_changed":false,"footnotes":""},"categories":[3,796],"tags":[1149,1342,1148],"class_list":["post-4242","post","type-post","status-publish","format-standard","has-post-thumbnail","hentry","category-nouvelles-selectionnees","category-sport-business","tag-frmg","tag-la-federation-royale-marocaine-de-golf","tag-son-altesse-royale-le-prince-moulay-rachid"],"acf":[],"yoast_head":"<!-- This site is optimized with the Yoast SEO plugin v22.0 - https:\/\/yoast.com\/wordpress\/plugins\/seo\/ -->\n<title>Signature d\u2019un protocole d\u2019accord entre la F\u00e9d\u00e9ration Royale Marocaine de Golf et le R&amp;A : une nouvelle \u00e8re pour le golf marocain - MEDIA PLATEFORME | FR<\/title>\n<meta name=\"description\" content=\"Pr\u00e9sid\u00e9e par\u00a0Son Altesse Royale le Prince Moulay Rachid, la F\u00e9d\u00e9ration Royale Marocaine de Golf (FRMG) a sign\u00e9 un protocole d\u2019accord pour\" \/>\n<meta name=\"robots\" content=\"index, follow, max-snippet:-1, max-image-preview:large, max-video-preview:-1\" \/>\n<link rel=\"canonical\" href=\"https:\/\/www.mediaplateforme.com\/fr\/signature-dun-protocole-daccord-entre-la-federation-royale-marocaine-de-golf-et-le-ra-une-nouvelle-ere-pour-le-golf-marocain\/\" \/>\n<meta property=\"og:locale\" content=\"fr_FR\" \/>\n<meta property=\"og:type\" content=\"article\" \/>\n<meta property=\"og:title\" content=\"Signature d\u2019un protocole d\u2019accord entre la F\u00e9d\u00e9ration Royale Marocaine de Golf et le R&amp;A : une nouvelle \u00e8re pour le golf marocain - MEDIA PLATEFORME | FR\" \/>\n<meta property=\"og:description\" content=\"Pr\u00e9sid\u00e9e par\u00a0Son Altesse Royale le Prince Moulay Rachid, la F\u00e9d\u00e9ration Royale Marocaine de Golf (FRMG) a sign\u00e9 un protocole d\u2019accord pour\" \/>\n<meta property=\"og:url\" content=\"https:\/\/www.mediaplateforme.com\/fr\/signature-dun-protocole-daccord-entre-la-federation-royale-marocaine-de-golf-et-le-ra-une-nouvelle-ere-pour-le-golf-marocain\/\" \/>\n<meta property=\"og:site_name\" content=\"MEDIA PLATEFORME | FR\" \/>\n<meta property=\"article:published_time\" content=\"2023-10-10T09:41:52+00:00\" \/>\n<meta property=\"og:image\" content=\"https:\/\/www.mediaplateforme.com\/fr\/wp-content\/uploads\/sites\/5\/2022\/07\/madaef.jpg\" \/>\n\t<meta property=\"og:image:width\" content=\"753\" \/>\n\t<meta property=\"og:image:height\" content=\"496\" \/>\n\t<meta property=\"og:image:type\" content=\"image\/jpeg\" \/>\n<meta name=\"author\" content=\"Mediaplateforme\" \/>\n<meta name=\"twitter:card\" content=\"summary_large_image\" \/>\n<meta name=\"twitter:label1\" content=\"\u00c9crit par\" \/>\n\t<meta name=\"twitter:data1\" content=\"Mediaplateforme\" \/>\n\t<meta name=\"twitter:label2\" content=\"Dur\u00e9e de lecture estim\u00e9e\" \/>\n\t<meta name=\"twitter:data2\" content=\"3 minutes\" \/>\n<script type=\"application\/ld+json\" class=\"yoast-schema-graph\">{\"@context\":\"https:\/\/schema.org\",\"@graph\":[{\"@type\":\"WebPage\",\"@id\":\"https:\/\/www.mediaplateforme.com\/fr\/signature-dun-protocole-daccord-entre-la-federation-royale-marocaine-de-golf-et-le-ra-une-nouvelle-ere-pour-le-golf-marocain\/\",\"url\":\"https:\/\/www.mediaplateforme.com\/fr\/signature-dun-protocole-daccord-entre-la-federation-royale-marocaine-de-golf-et-le-ra-une-nouvelle-ere-pour-le-golf-marocain\/\",\"name\":\"Signature d\u2019un protocole d\u2019accord entre la F\u00e9d\u00e9ration Royale Marocaine de Golf et le R&A : une nouvelle \u00e8re pour le golf marocain - MEDIA PLATEFORME | FR\",\"isPartOf\":{\"@id\":\"https:\/\/www.mediaplateforme.com\/fr\/#website\"},\"datePublished\":\"2023-10-10T09:41:52+00:00\",\"dateModified\":\"2023-10-10T09:41:52+00:00\",\"author\":{\"@id\":\"https:\/\/www.mediaplateforme.com\/fr\/#\/schema\/person\/89833db382b5db2c76b094bc902aa12a\"},\"description\":\"Pr\u00e9sid\u00e9e par\u00a0Son Altesse Royale le Prince Moulay Rachid, la F\u00e9d\u00e9ration Royale Marocaine de Golf (FRMG) a sign\u00e9 un protocole d\u2019accord pour\",\"breadcrumb\":{\"@id\":\"https:\/\/www.mediaplateforme.com\/fr\/signature-dun-protocole-daccord-entre-la-federation-royale-marocaine-de-golf-et-le-ra-une-nouvelle-ere-pour-le-golf-marocain\/#breadcrumb\"},\"inLanguage\":\"fr-FR\",\"potentialAction\":[{\"@type\":\"ReadAction\",\"target\":[\"https:\/\/www.mediaplateforme.com\/fr\/signature-dun-protocole-daccord-entre-la-federation-royale-marocaine-de-golf-et-le-ra-une-nouvelle-ere-pour-le-golf-marocain\/\"]}]},{\"@type\":\"BreadcrumbList\",\"@id\":\"https:\/\/www.mediaplateforme.com\/fr\/signature-dun-protocole-daccord-entre-la-federation-royale-marocaine-de-golf-et-le-ra-une-nouvelle-ere-pour-le-golf-marocain\/#breadcrumb\",\"itemListElement\":[{\"@type\":\"ListItem\",\"position\":1,\"name\":\"\u0627\u0644\u0631\u0626\u064a\u0633\u064a\u0629\",\"item\":\"https:\/\/www.mediaplateforme.com\/fr\/\"},{\"@type\":\"ListItem\",\"position\":2,\"name\":\"Signature d\u2019un protocole d\u2019accord entre la F\u00e9d\u00e9ration Royale Marocaine de Golf et le R&#038;A : une nouvelle \u00e8re pour le golf marocain\"}]},{\"@type\":\"WebSite\",\"@id\":\"https:\/\/www.mediaplateforme.com\/fr\/#website\",\"url\":\"https:\/\/www.mediaplateforme.com\/fr\/\",\"name\":\"MEDIA PLATEFORME | FR\",\"description\":\"Mediaplateforme sp\u00e9cialis\u00e9 dans la communication institutions publiques et des entreprises\",\"potentialAction\":[{\"@type\":\"SearchAction\",\"target\":{\"@type\":\"EntryPoint\",\"urlTemplate\":\"https:\/\/www.mediaplateforme.com\/fr\/?s={search_term_string}\"},\"query-input\":\"required name=search_term_string\"}],\"inLanguage\":\"fr-FR\"},{\"@type\":\"Person\",\"@id\":\"https:\/\/www.mediaplateforme.com\/fr\/#\/schema\/person\/89833db382b5db2c76b094bc902aa12a\",\"name\":\"Mediaplateforme\",\"image\":{\"@type\":\"ImageObject\",\"inLanguage\":\"fr-FR\",\"@id\":\"https:\/\/www.mediaplateforme.com\/fr\/#\/schema\/person\/image\/\",\"url\":\"https:\/\/secure.gravatar.com\/avatar\/6c9c02e8928cc65d54bf75157f7b3a2d06d7ad0494ca0951f679552ff03b34c1?s=96&d=mm&r=g\",\"contentUrl\":\"https:\/\/secure.gravatar.com\/avatar\/6c9c02e8928cc65d54bf75157f7b3a2d06d7ad0494ca0951f679552ff03b34c1?s=96&d=mm&r=g\",\"caption\":\"Mediaplateforme\"},\"sameAs\":[\"https:\/\/www.mediaplateforme.com\"],\"url\":\"https:\/\/www.mediaplateforme.com\/fr\/author\/mohamedladib\/\"}]}<\/script>\n<!-- \/ Yoast SEO plugin. -->","yoast_head_json":{"title":"Signature d\u2019un protocole d\u2019accord entre la F\u00e9d\u00e9ration Royale Marocaine de Golf et le R&A : une nouvelle \u00e8re pour le golf marocain - MEDIA PLATEFORME | FR","description":"Pr\u00e9sid\u00e9e par\u00a0Son Altesse Royale le Prince Moulay Rachid, la F\u00e9d\u00e9ration Royale Marocaine de Golf (FRMG) a sign\u00e9 un protocole d\u2019accord pour","robots":{"index":"index","follow":"follow","max-snippet":"max-snippet:-1","max-image-preview":"max-image-preview:large","max-video-preview":"max-video-preview:-1"},"canonical":"https:\/\/www.mediaplateforme.com\/fr\/signature-dun-protocole-daccord-entre-la-federation-royale-marocaine-de-golf-et-le-ra-une-nouvelle-ere-pour-le-golf-marocain\/","og_locale":"fr_FR","og_type":"article","og_title":"Signature d\u2019un protocole d\u2019accord entre la F\u00e9d\u00e9ration Royale Marocaine de Golf et le R&A : une nouvelle \u00e8re pour le golf marocain - MEDIA PLATEFORME | FR","og_description":"Pr\u00e9sid\u00e9e par\u00a0Son Altesse Royale le Prince Moulay Rachid, la F\u00e9d\u00e9ration Royale Marocaine de Golf (FRMG) a sign\u00e9 un protocole d\u2019accord pour","og_url":"https:\/\/www.mediaplateforme.com\/fr\/signature-dun-protocole-daccord-entre-la-federation-royale-marocaine-de-golf-et-le-ra-une-nouvelle-ere-pour-le-golf-marocain\/","og_site_name":"MEDIA PLATEFORME | FR","article_published_time":"2023-10-10T09:41:52+00:00","og_image":[{"width":753,"height":496,"url":"https:\/\/www.mediaplateforme.com\/fr\/wp-content\/uploads\/sites\/5\/2022\/07\/madaef.jpg","type":"image\/jpeg"}],"author":"Mediaplateforme","twitter_card":"summary_large_image","twitter_misc":{"\u00c9crit par":"Mediaplateforme","Dur\u00e9e de lecture estim\u00e9e":"3 minutes"},"schema":{"@context":"https:\/\/schema.org","@graph":[{"@type":"WebPage","@id":"https:\/\/www.mediaplateforme.com\/fr\/signature-dun-protocole-daccord-entre-la-federation-royale-marocaine-de-golf-et-le-ra-une-nouvelle-ere-pour-le-golf-marocain\/","url":"https:\/\/www.mediaplateforme.com\/fr\/signature-dun-protocole-daccord-entre-la-federation-royale-marocaine-de-golf-et-le-ra-une-nouvelle-ere-pour-le-golf-marocain\/","name":"Signature d\u2019un protocole d\u2019accord entre la F\u00e9d\u00e9ration Royale Marocaine de Golf et le R&A : une nouvelle \u00e8re pour le golf marocain - MEDIA PLATEFORME | FR","isPartOf":{"@id":"https:\/\/www.mediaplateforme.com\/fr\/#website"},"datePublished":"2023-10-10T09:41:52+00:00","dateModified":"2023-10-10T09:41:52+00:00","author":{"@id":"https:\/\/www.mediaplateforme.com\/fr\/#\/schema\/person\/89833db382b5db2c76b094bc902aa12a"},"description":"Pr\u00e9sid\u00e9e par\u00a0Son Altesse Royale le Prince Moulay Rachid, la F\u00e9d\u00e9ration Royale Marocaine de Golf (FRMG) a sign\u00e9 un protocole d\u2019accord pour","breadcrumb":{"@id":"https:\/\/www.mediaplateforme.com\/fr\/signature-dun-protocole-daccord-entre-la-federation-royale-marocaine-de-golf-et-le-ra-une-nouvelle-ere-pour-le-golf-marocain\/#breadcrumb"},"inLanguage":"fr-FR","potentialAction":[{"@type":"ReadAction","target":["https:\/\/www.mediaplateforme.com\/fr\/signature-dun-protocole-daccord-entre-la-federation-royale-marocaine-de-golf-et-le-ra-une-nouvelle-ere-pour-le-golf-marocain\/"]}]},{"@type":"BreadcrumbList","@id":"https:\/\/www.mediaplateforme.com\/fr\/signature-dun-protocole-daccord-entre-la-federation-royale-marocaine-de-golf-et-le-ra-une-nouvelle-ere-pour-le-golf-marocain\/#breadcrumb","itemListElement":[{"@type":"ListItem","position":1,"name":"\u0627\u0644\u0631\u0626\u064a\u0633\u064a\u0629","item":"https:\/\/www.mediaplateforme.com\/fr\/"},{"@type":"ListItem","position":2,"name":"Signature d\u2019un protocole d\u2019accord entre la F\u00e9d\u00e9ration Royale Marocaine de Golf et le R&#038;A : une nouvelle \u00e8re pour le golf marocain"}]},{"@type":"WebSite","@id":"https:\/\/www.mediaplateforme.com\/fr\/#website","url":"https:\/\/www.mediaplateforme.com\/fr\/","name":"MEDIA PLATEFORME | FR","description":"Mediaplateforme sp\u00e9cialis\u00e9 dans la communication institutions publiques et des entreprises","potentialAction":[{"@type":"SearchAction","target":{"@type":"EntryPoint","urlTemplate":"https:\/\/www.mediaplateforme.com\/fr\/?s={search_term_string}"},"query-input":"required name=search_term_string"}],"inLanguage":"fr-FR"},{"@type":"Person","@id":"https:\/\/www.mediaplateforme.com\/fr\/#\/schema\/person\/89833db382b5db2c76b094bc902aa12a","name":"Mediaplateforme","image":{"@type":"ImageObject","inLanguage":"fr-FR","@id":"https:\/\/www.mediaplateforme.com\/fr\/#\/schema\/person\/image\/","url":"https:\/\/secure.gravatar.com\/avatar\/6c9c02e8928cc65d54bf75157f7b3a2d06d7ad0494ca0951f679552ff03b34c1?s=96&d=mm&r=g","contentUrl":"https:\/\/secure.gravatar.com\/avatar\/6c9c02e8928cc65d54bf75157f7b3a2d06d7ad0494ca0951f679552ff03b34c1?s=96&d=mm&r=g","caption":"Mediaplateforme"},"sameAs":["https:\/\/www.mediaplateforme.com"],"url":"https:\/\/www.mediaplateforme.com\/fr\/author\/mohamedladib\/"}]}},"_links":{"self":[{"href":"https:\/\/www.mediaplateforme.com\/fr\/wp-json\/wp\/v2\/posts\/4242","targetHints":{"allow":["GET"]}}],"collection":[{"href":"https:\/\/www.mediaplateforme.com\/fr\/wp-json\/wp\/v2\/posts"}],"about":[{"href":"https:\/\/www.mediaplateforme.com\/fr\/wp-json\/wp\/v2\/types\/post"}],"author":[{"embeddable":true,"href":"https:\/\/www.mediaplateforme.com\/fr\/wp-json\/wp\/v2\/users\/1"}],"replies":[{"embeddable":true,"href":"https:\/\/www.mediaplateforme.com\/fr\/wp-json\/wp\/v2\/comments?post=4242"}],"version-history":[{"count":1,"href":"https:\/\/www.mediaplateforme.com\/fr\/wp-json\/wp\/v2\/posts\/4242\/revisions"}],"predecessor-version":[{"id":4243,"href":"https:\/\/www.mediaplateforme.com\/fr\/wp-json\/wp\/v2\/posts\/4242\/revisions\/4243"}],"wp:featuredmedia":[{"embeddable":true,"href":"https:\/\/www.mediaplateforme.com\/fr\/wp-json\/wp\/v2\/media\/433"}],"wp:attachment":[{"href":"https:\/\/www.mediaplateforme.com\/fr\/wp-json\/wp\/v2\/media?parent=4242"}],"wp:term":[{"taxonomy":"category","embeddable":true,"href":"https:\/\/www.mediaplateforme.com\/fr\/wp-json\/wp\/v2\/categories?post=4242"},{"taxonomy":"post_tag","embeddable":true,"href":"https:\/\/www.mediaplateforme.com\/fr\/wp-json\/wp\/v2\/tags?post=4242"}],"curies":[{"name":"wp","href":"https:\/\/api.w.org\/{rel}","templated":true}]}}