{"id":4180,"date":"2023-09-25T18:34:30","date_gmt":"2023-09-25T17:34:30","guid":{"rendered":"https:\/\/www.mediaplateforme.com\/fr\/?p=4180"},"modified":"2023-09-25T18:34:30","modified_gmt":"2023-09-25T17:34:30","slug":"meditelecom-sengage-pour-les-victimes-du-seisme","status":"publish","type":"post","link":"https:\/\/www.mediaplateforme.com\/fr\/meditelecom-sengage-pour-les-victimes-du-seisme\/","title":{"rendered":"MEDITELECOM s\u2019engage pour les victimes du s\u00e9isme"},"content":{"rendered":"<p>D\u00e8s les premie\u0300res heures qui ont suivi la trage\u0301die qui a frapp\u00e9 la r\u00e9gion d\u2019Al Haouz le 8 septembre dernier, Orange Maroc s\u2019est rapidement mobilise\u0301.<\/p>\n<p>Fide\u0300le a\u0300 son engagement d\u2019ope\u0301rateur citoyen, l\u2019action d\u2019Orange Maroc se d\u00e9ploie sur trois axes\u00a0: le besoin urgent de connectivit\u00e9, le soutien aux autorit\u00e9s locales et associations de terrain, la contribution au Fonds sp\u00e9cial de solidarit\u00e9.<\/p>\n<p>Imm\u00e9diatement apr\u00e8s le s\u00e9isme, les \u00e9quipes techniques d\u2019Orange Maroc ont \u00e9t\u00e9 pr\u00e9sentes \u00e0 travers la zone touch\u00e9e pour r\u00e9tablir le r\u00e9seau redonnant aux populations sinistr\u00e9es les moyens de se reconnecter au monde. Des unite\u0301s-relais mobiles, install\u00e9es notamment pr\u00e8s de l\u2019h\u00f4pital militaire de Marrakech, Chichaoua, Tahanaout et de l\u2019h\u00f4pital militaire d\u2019Asni, ont permis de r\u00e9pondre aux besoins de communication des \u00e9quipes m\u00e9dicales.<\/p>\n<p>Orange Maroc ainsi que l\u2019ensemble des<a href=\"https:\/\/www.mediaplateforme.com\/fr\/signature-dune-convention-cadre-de-partenariat-entre-le-ministere-de-lenseignement-superieur-de-la-recherche-scientifique-et-de-linnovation-et-orange-maroc\/\"> filiales du groupe<\/a> \u00e0 travers le monde ont offert des communications gratuites et ont mis en place un dispositif de collecte de don en num\u00e9raire et en nature pour l\u2019ensemble des collaborateurs. Les besoins ont \u00e9t\u00e9 recueillis aupr\u00e8s des autorit\u00e9s locales et des associations avec lesquelles elle collabore depuis deux d\u00e9cennies et pr\u00e9sentes sur place.<\/p>\n<p>Avec le soutien de ses partenaires associatifs et des collaborateurs b\u00e9n\u00e9voles de l\u2019entreprise, la Fondation Orange Maroc a proc\u00e9d\u00e9 \u00e0 l\u2019acheminement de convois solidaires (couvertures, oreillers, matelas, v\u00eatements chauds, produits d\u2019hygi\u00e8ne, denr\u00e9es alimentaires, etc.), et d\u00e9ploy\u00e9\u0301 des caravanes ludo \u00e9ducatives destin\u00e9es aux enfants de plusieurs villages de la r\u00e9gion \u00a0\u00a0\u00a0\u00a0\u00a0\u00a0\u00a0\u00a0\u00a0\u00a0\u00a0\u00a0\u00a0d\u2019Al Haouz.<\/p>\n<p>Enfin, Orange Maroc contribue a\u0300 la phase de reconstruction post s\u00e9isme par un don d\u2019un montant de 20 millions de dirhams au Fonds sp\u00e9cial 126 pour la gestion des effets du tremblement de terre.<\/p>\n<p>Au-del\u00e0 de la mobilisation d\u2019urgence, MEDITELECOM-Orange Maroc continuera \u00e0 agir et participera au mieux de ses moyens technologiques et humains \u00e0 la phase de reconstruction en collaboration avec tout son \u00e9cosyst\u00e8me de partenaires publics et priv\u00e9s tout en se conformant aux directives gouvernementales.<\/p>\n","protected":false},"excerpt":{"rendered":"<p>D\u00e8s les premie\u0300res heures qui ont suivi la trage\u0301die qui a frapp\u00e9 la r\u00e9gion d\u2019Al<\/p>\n","protected":false},"author":1,"featured_media":2395,"comment_status":"open","ping_status":"open","sticky":false,"template":"","format":"standard","meta":{"_acf_changed":false,"footnotes":""},"categories":[2,3],"tags":[],"class_list":["post-4180","post","type-post","status-publish","format-standard","has-post-thumbnail","hentry","category-nouvelles","category-nouvelles-selectionnees"],"acf":[],"yoast_head":"<!-- This site is optimized with the Yoast SEO plugin v22.0 - https:\/\/yoast.com\/wordpress\/plugins\/seo\/ -->\n<title>MEDITELECOM s\u2019engage pour les victimes du s\u00e9isme - MEDIA PLATEFORME | FR<\/title>\n<meta name=\"description\" content=\"D\u00e8s les premie\u0300res heures qui ont suivi la trage\u0301die qui a frapp\u00e9 la r\u00e9gion d\u2019Al Haouz le 8 septembre dernier, Orange Maroc s\u2019est rapidement mobilise\u0301.\" \/>\n<meta name=\"robots\" content=\"index, follow, max-snippet:-1, max-image-preview:large, max-video-preview:-1\" \/>\n<link rel=\"canonical\" href=\"https:\/\/www.mediaplateforme.com\/fr\/meditelecom-sengage-pour-les-victimes-du-seisme\/\" \/>\n<meta property=\"og:locale\" content=\"fr_FR\" \/>\n<meta property=\"og:type\" content=\"article\" \/>\n<meta property=\"og:title\" content=\"MEDITELECOM s\u2019engage pour les victimes du s\u00e9isme - MEDIA PLATEFORME | FR\" \/>\n<meta property=\"og:description\" content=\"D\u00e8s les premie\u0300res heures qui ont suivi la trage\u0301die qui a frapp\u00e9 la r\u00e9gion d\u2019Al Haouz le 8 septembre dernier, Orange Maroc s\u2019est rapidement mobilise\u0301.\" \/>\n<meta property=\"og:url\" content=\"https:\/\/www.mediaplateforme.com\/fr\/meditelecom-sengage-pour-les-victimes-du-seisme\/\" \/>\n<meta property=\"og:site_name\" content=\"MEDIA PLATEFORME | FR\" \/>\n<meta property=\"article:published_time\" content=\"2023-09-25T17:34:30+00:00\" \/>\n<meta property=\"og:image\" content=\"https:\/\/www.mediaplateforme.com\/fr\/wp-content\/uploads\/sites\/5\/2023\/03\/\u0639\u0631\u0648\u0636-\u0627\u0648\u0631\u0646\u062c.webp\" \/>\n\t<meta property=\"og:image:width\" content=\"665\" \/>\n\t<meta property=\"og:image:height\" content=\"382\" \/>\n\t<meta property=\"og:image:type\" content=\"image\/webp\" \/>\n<meta name=\"author\" content=\"Mediaplateforme\" \/>\n<meta name=\"twitter:card\" content=\"summary_large_image\" \/>\n<meta name=\"twitter:label1\" content=\"\u00c9crit par\" \/>\n\t<meta name=\"twitter:data1\" content=\"Mediaplateforme\" \/>\n\t<meta name=\"twitter:label2\" content=\"Dur\u00e9e de lecture estim\u00e9e\" \/>\n\t<meta name=\"twitter:data2\" content=\"2 minutes\" \/>\n<script type=\"application\/ld+json\" class=\"yoast-schema-graph\">{\"@context\":\"https:\/\/schema.org\",\"@graph\":[{\"@type\":\"WebPage\",\"@id\":\"https:\/\/www.mediaplateforme.com\/fr\/meditelecom-sengage-pour-les-victimes-du-seisme\/\",\"url\":\"https:\/\/www.mediaplateforme.com\/fr\/meditelecom-sengage-pour-les-victimes-du-seisme\/\",\"name\":\"MEDITELECOM s\u2019engage pour les victimes du s\u00e9isme - MEDIA PLATEFORME | FR\",\"isPartOf\":{\"@id\":\"https:\/\/www.mediaplateforme.com\/fr\/#website\"},\"datePublished\":\"2023-09-25T17:34:30+00:00\",\"dateModified\":\"2023-09-25T17:34:30+00:00\",\"author\":{\"@id\":\"https:\/\/www.mediaplateforme.com\/fr\/#\/schema\/person\/89833db382b5db2c76b094bc902aa12a\"},\"description\":\"D\u00e8s les premie\u0300res heures qui ont suivi la trage\u0301die qui a frapp\u00e9 la r\u00e9gion d\u2019Al Haouz le 8 septembre dernier, Orange Maroc s\u2019est rapidement mobilise\u0301.\",\"breadcrumb\":{\"@id\":\"https:\/\/www.mediaplateforme.com\/fr\/meditelecom-sengage-pour-les-victimes-du-seisme\/#breadcrumb\"},\"inLanguage\":\"fr-FR\",\"potentialAction\":[{\"@type\":\"ReadAction\",\"target\":[\"https:\/\/www.mediaplateforme.com\/fr\/meditelecom-sengage-pour-les-victimes-du-seisme\/\"]}]},{\"@type\":\"BreadcrumbList\",\"@id\":\"https:\/\/www.mediaplateforme.com\/fr\/meditelecom-sengage-pour-les-victimes-du-seisme\/#breadcrumb\",\"itemListElement\":[{\"@type\":\"ListItem\",\"position\":1,\"name\":\"\u0627\u0644\u0631\u0626\u064a\u0633\u064a\u0629\",\"item\":\"https:\/\/www.mediaplateforme.com\/fr\/\"},{\"@type\":\"ListItem\",\"position\":2,\"name\":\"MEDITELECOM s\u2019engage pour les victimes du s\u00e9isme\"}]},{\"@type\":\"WebSite\",\"@id\":\"https:\/\/www.mediaplateforme.com\/fr\/#website\",\"url\":\"https:\/\/www.mediaplateforme.com\/fr\/\",\"name\":\"MEDIA PLATEFORME | FR\",\"description\":\"Mediaplateforme sp\u00e9cialis\u00e9 dans la communication institutions publiques et des entreprises\",\"potentialAction\":[{\"@type\":\"SearchAction\",\"target\":{\"@type\":\"EntryPoint\",\"urlTemplate\":\"https:\/\/www.mediaplateforme.com\/fr\/?s={search_term_string}\"},\"query-input\":\"required name=search_term_string\"}],\"inLanguage\":\"fr-FR\"},{\"@type\":\"Person\",\"@id\":\"https:\/\/www.mediaplateforme.com\/fr\/#\/schema\/person\/89833db382b5db2c76b094bc902aa12a\",\"name\":\"Mediaplateforme\",\"image\":{\"@type\":\"ImageObject\",\"inLanguage\":\"fr-FR\",\"@id\":\"https:\/\/www.mediaplateforme.com\/fr\/#\/schema\/person\/image\/\",\"url\":\"https:\/\/secure.gravatar.com\/avatar\/6c9c02e8928cc65d54bf75157f7b3a2d06d7ad0494ca0951f679552ff03b34c1?s=96&d=mm&r=g\",\"contentUrl\":\"https:\/\/secure.gravatar.com\/avatar\/6c9c02e8928cc65d54bf75157f7b3a2d06d7ad0494ca0951f679552ff03b34c1?s=96&d=mm&r=g\",\"caption\":\"Mediaplateforme\"},\"sameAs\":[\"https:\/\/www.mediaplateforme.com\"],\"url\":\"https:\/\/www.mediaplateforme.com\/fr\/author\/mohamedladib\/\"}]}<\/script>\n<!-- \/ Yoast SEO plugin. -->","yoast_head_json":{"title":"MEDITELECOM s\u2019engage pour les victimes du s\u00e9isme - MEDIA PLATEFORME | FR","description":"D\u00e8s les premie\u0300res heures qui ont suivi la trage\u0301die qui a frapp\u00e9 la r\u00e9gion d\u2019Al Haouz le 8 septembre dernier, Orange Maroc s\u2019est rapidement mobilise\u0301.","robots":{"index":"index","follow":"follow","max-snippet":"max-snippet:-1","max-image-preview":"max-image-preview:large","max-video-preview":"max-video-preview:-1"},"canonical":"https:\/\/www.mediaplateforme.com\/fr\/meditelecom-sengage-pour-les-victimes-du-seisme\/","og_locale":"fr_FR","og_type":"article","og_title":"MEDITELECOM s\u2019engage pour les victimes du s\u00e9isme - MEDIA PLATEFORME | FR","og_description":"D\u00e8s les premie\u0300res heures qui ont suivi la trage\u0301die qui a frapp\u00e9 la r\u00e9gion d\u2019Al Haouz le 8 septembre dernier, Orange Maroc s\u2019est rapidement mobilise\u0301.","og_url":"https:\/\/www.mediaplateforme.com\/fr\/meditelecom-sengage-pour-les-victimes-du-seisme\/","og_site_name":"MEDIA PLATEFORME | FR","article_published_time":"2023-09-25T17:34:30+00:00","og_image":[{"width":665,"height":382,"url":"https:\/\/www.mediaplateforme.com\/fr\/wp-content\/uploads\/sites\/5\/2023\/03\/\u0639\u0631\u0648\u0636-\u0627\u0648\u0631\u0646\u062c.webp","type":"image\/webp"}],"author":"Mediaplateforme","twitter_card":"summary_large_image","twitter_misc":{"\u00c9crit par":"Mediaplateforme","Dur\u00e9e de lecture estim\u00e9e":"2 minutes"},"schema":{"@context":"https:\/\/schema.org","@graph":[{"@type":"WebPage","@id":"https:\/\/www.mediaplateforme.com\/fr\/meditelecom-sengage-pour-les-victimes-du-seisme\/","url":"https:\/\/www.mediaplateforme.com\/fr\/meditelecom-sengage-pour-les-victimes-du-seisme\/","name":"MEDITELECOM s\u2019engage pour les victimes du s\u00e9isme - MEDIA PLATEFORME | FR","isPartOf":{"@id":"https:\/\/www.mediaplateforme.com\/fr\/#website"},"datePublished":"2023-09-25T17:34:30+00:00","dateModified":"2023-09-25T17:34:30+00:00","author":{"@id":"https:\/\/www.mediaplateforme.com\/fr\/#\/schema\/person\/89833db382b5db2c76b094bc902aa12a"},"description":"D\u00e8s les premie\u0300res heures qui ont suivi la trage\u0301die qui a frapp\u00e9 la r\u00e9gion d\u2019Al Haouz le 8 septembre dernier, Orange Maroc s\u2019est rapidement mobilise\u0301.","breadcrumb":{"@id":"https:\/\/www.mediaplateforme.com\/fr\/meditelecom-sengage-pour-les-victimes-du-seisme\/#breadcrumb"},"inLanguage":"fr-FR","potentialAction":[{"@type":"ReadAction","target":["https:\/\/www.mediaplateforme.com\/fr\/meditelecom-sengage-pour-les-victimes-du-seisme\/"]}]},{"@type":"BreadcrumbList","@id":"https:\/\/www.mediaplateforme.com\/fr\/meditelecom-sengage-pour-les-victimes-du-seisme\/#breadcrumb","itemListElement":[{"@type":"ListItem","position":1,"name":"\u0627\u0644\u0631\u0626\u064a\u0633\u064a\u0629","item":"https:\/\/www.mediaplateforme.com\/fr\/"},{"@type":"ListItem","position":2,"name":"MEDITELECOM s\u2019engage pour les victimes du s\u00e9isme"}]},{"@type":"WebSite","@id":"https:\/\/www.mediaplateforme.com\/fr\/#website","url":"https:\/\/www.mediaplateforme.com\/fr\/","name":"MEDIA PLATEFORME | FR","description":"Mediaplateforme sp\u00e9cialis\u00e9 dans la communication institutions publiques et des entreprises","potentialAction":[{"@type":"SearchAction","target":{"@type":"EntryPoint","urlTemplate":"https:\/\/www.mediaplateforme.com\/fr\/?s={search_term_string}"},"query-input":"required name=search_term_string"}],"inLanguage":"fr-FR"},{"@type":"Person","@id":"https:\/\/www.mediaplateforme.com\/fr\/#\/schema\/person\/89833db382b5db2c76b094bc902aa12a","name":"Mediaplateforme","image":{"@type":"ImageObject","inLanguage":"fr-FR","@id":"https:\/\/www.mediaplateforme.com\/fr\/#\/schema\/person\/image\/","url":"https:\/\/secure.gravatar.com\/avatar\/6c9c02e8928cc65d54bf75157f7b3a2d06d7ad0494ca0951f679552ff03b34c1?s=96&d=mm&r=g","contentUrl":"https:\/\/secure.gravatar.com\/avatar\/6c9c02e8928cc65d54bf75157f7b3a2d06d7ad0494ca0951f679552ff03b34c1?s=96&d=mm&r=g","caption":"Mediaplateforme"},"sameAs":["https:\/\/www.mediaplateforme.com"],"url":"https:\/\/www.mediaplateforme.com\/fr\/author\/mohamedladib\/"}]}},"_links":{"self":[{"href":"https:\/\/www.mediaplateforme.com\/fr\/wp-json\/wp\/v2\/posts\/4180","targetHints":{"allow":["GET"]}}],"collection":[{"href":"https:\/\/www.mediaplateforme.com\/fr\/wp-json\/wp\/v2\/posts"}],"about":[{"href":"https:\/\/www.mediaplateforme.com\/fr\/wp-json\/wp\/v2\/types\/post"}],"author":[{"embeddable":true,"href":"https:\/\/www.mediaplateforme.com\/fr\/wp-json\/wp\/v2\/users\/1"}],"replies":[{"embeddable":true,"href":"https:\/\/www.mediaplateforme.com\/fr\/wp-json\/wp\/v2\/comments?post=4180"}],"version-history":[{"count":1,"href":"https:\/\/www.mediaplateforme.com\/fr\/wp-json\/wp\/v2\/posts\/4180\/revisions"}],"predecessor-version":[{"id":4181,"href":"https:\/\/www.mediaplateforme.com\/fr\/wp-json\/wp\/v2\/posts\/4180\/revisions\/4181"}],"wp:featuredmedia":[{"embeddable":true,"href":"https:\/\/www.mediaplateforme.com\/fr\/wp-json\/wp\/v2\/media\/2395"}],"wp:attachment":[{"href":"https:\/\/www.mediaplateforme.com\/fr\/wp-json\/wp\/v2\/media?parent=4180"}],"wp:term":[{"taxonomy":"category","embeddable":true,"href":"https:\/\/www.mediaplateforme.com\/fr\/wp-json\/wp\/v2\/categories?post=4180"},{"taxonomy":"post_tag","embeddable":true,"href":"https:\/\/www.mediaplateforme.com\/fr\/wp-json\/wp\/v2\/tags?post=4180"}],"curies":[{"name":"wp","href":"https:\/\/api.w.org\/{rel}","templated":true}]}}