{"id":4177,"date":"2023-09-23T16:22:08","date_gmt":"2023-09-23T15:22:08","guid":{"rendered":"https:\/\/www.mediaplateforme.com\/fr\/?p=4177"},"modified":"2023-09-23T16:22:08","modified_gmt":"2023-09-23T15:22:08","slug":"ntla9awfmarrakech-nouveau-cri-de-ralliement-de-lonmt","status":"publish","type":"post","link":"https:\/\/www.mediaplateforme.com\/fr\/ntla9awfmarrakech-nouveau-cri-de-ralliement-de-lonmt\/","title":{"rendered":"\u00abNtla9awfMarrakech\u00bb,   nouveau cri de ralliement de L\u2019ONMT"},"content":{"rendered":"<p>\u00e9cho au mouvement extraordinaire de solidarit\u00e9 de l\u2019ensemble des marocains, l\u2019Office National Marocain du Tourisme lance une grande campagne de communication nationale pour inciter chaque marocain \u00e0 se retrouver \u00e0 Marrakech \u00e0 l\u2019occasion de l\u2019A\u00efd Mawlid et pour les prochaines vacances scolaires d\u2019octobre.<\/p>\n<p>Intitul\u00e9e \u00ab Ntla9awfMarrakech \u00bb et diffus\u00e9e sous la marque \u00ab Ntla9awfbladna \u00bb, cette campagne in\u00e9dite vise \u00e0 perp\u00e9tuer le mouvement de solidarit\u00e9 des marocains en les incitant \u00e0 venir \u00e0 Marrakech et \u00e0 partager un moment de vie avec les marrakchis dans cette p\u00e9riode particuli\u00e8re.<\/p>\n<p>Cette campagne de promotion du tourisme interne r\u00e9alis\u00e9e au pied lev\u00e9 par l\u2019ONMT intervient \u00e0 un moment important pour la relance de l\u2019activit\u00e9 touristique du pays. Un moment d\u2019autant plus crucial que les professionnels du secteur ont \u00e9mis le besoin d\u2019une campagne forte pour assurer la prochaine saison.<\/p>\n<p>Le d\u00e9ploiement de cette campagne se fera d\u00e8s aujourd\u2019hui, samedi 23 septembre sur les r\u00e9seaux sociaux et les chaines de t\u00e9l\u00e9visions nationales et sera suivie d\u00e8s lundi par un dispositif de communication sur la presse online et papier afin d\u2019assurer un rayonnement optimal \u00e0 la veille de l\u2019A\u00efd Mawlid et pour les vacances scolaires qui suivent en octobre.<\/p>\n<p>V\u00e9ritable source d\u2019inspiration, la marque \u00ab Ntla9awfbladna \u00bb porte des valeurs d\u2019Alt\u00e9rit\u00e9, de Partage, de Durabilit\u00e9, et d\u2019Inclusion. Ces m\u00eames valeurs qui font la fiert\u00e9 et la singularit\u00e9 de tout marocain et qui ont permis ce magnifique \u00e9lan de solidarit\u00e9 \u00e0 travers tout le pays au lendemain des \u00e9v\u00e8nements.<\/p>\n<p>L\u2019ONMT continuera d\u2019amorcer toutes les actions qui s\u2019imposent tant au point national qu\u2019international pour limiter les incidences et retrouver l\u2019embellie dans laquelle le secteur du tourisme \u00e9tait engag\u00e9.<\/p>\n<p>&nbsp;<\/p>\n<p>&nbsp;<\/p>\n<p>&nbsp;<\/p>\n<p>&nbsp;<\/p>\n<p>&nbsp;<\/p>\n","protected":false},"excerpt":{"rendered":"<p>\u00e9cho au mouvement extraordinaire de solidarit\u00e9 de l\u2019ensemble des marocains, l\u2019Office National Marocain du Tourisme<\/p>\n","protected":false},"author":1,"featured_media":4178,"comment_status":"open","ping_status":"open","sticky":false,"template":"","format":"standard","meta":{"_acf_changed":false,"footnotes":""},"categories":[2,3],"tags":[187,1317],"class_list":["post-4177","post","type-post","status-publish","format-standard","has-post-thumbnail","hentry","category-nouvelles","category-nouvelles-selectionnees","tag-lonmt","tag-ntla9awfmarrakech"],"acf":[],"yoast_head":"<!-- This site is optimized with the Yoast SEO plugin v22.0 - https:\/\/yoast.com\/wordpress\/plugins\/seo\/ -->\n<title>\u00abNtla9awfMarrakech\u00bb,  nouveau cri de ralliement de L\u2019ONMT - MEDIA PLATEFORME | FR<\/title>\n<meta name=\"description\" content=\"\u00a0\u00e9cho au mouvement extraordinaire de solidarit\u00e9 de l\u2019ensemble des marocains, l\u2019Office National Marocain du Tourisme lance une\" \/>\n<meta name=\"robots\" content=\"index, follow, max-snippet:-1, max-image-preview:large, max-video-preview:-1\" \/>\n<link rel=\"canonical\" href=\"https:\/\/www.mediaplateforme.com\/fr\/ntla9awfmarrakech-nouveau-cri-de-ralliement-de-lonmt\/\" \/>\n<meta property=\"og:locale\" content=\"fr_FR\" \/>\n<meta property=\"og:type\" content=\"article\" \/>\n<meta property=\"og:title\" content=\"\u00abNtla9awfMarrakech\u00bb,  nouveau cri de ralliement de L\u2019ONMT - MEDIA PLATEFORME | FR\" \/>\n<meta property=\"og:description\" content=\"\u00a0\u00e9cho au mouvement extraordinaire de solidarit\u00e9 de l\u2019ensemble des marocains, l\u2019Office National Marocain du Tourisme lance une\" \/>\n<meta property=\"og:url\" content=\"https:\/\/www.mediaplateforme.com\/fr\/ntla9awfmarrakech-nouveau-cri-de-ralliement-de-lonmt\/\" \/>\n<meta property=\"og:site_name\" content=\"MEDIA PLATEFORME | FR\" \/>\n<meta property=\"article:published_time\" content=\"2023-09-23T15:22:08+00:00\" \/>\n<meta property=\"og:image\" content=\"https:\/\/www.mediaplateforme.com\/fr\/wp-content\/uploads\/sites\/5\/2023\/09\/Ntla9awfmarrakech.jpeg\" \/>\n\t<meta property=\"og:image:width\" content=\"887\" \/>\n\t<meta property=\"og:image:height\" content=\"888\" \/>\n\t<meta property=\"og:image:type\" content=\"image\/jpeg\" \/>\n<meta name=\"author\" content=\"Mediaplateforme\" \/>\n<meta name=\"twitter:card\" content=\"summary_large_image\" \/>\n<meta name=\"twitter:label1\" content=\"\u00c9crit par\" \/>\n\t<meta name=\"twitter:data1\" content=\"Mediaplateforme\" \/>\n\t<meta name=\"twitter:label2\" content=\"Dur\u00e9e de lecture estim\u00e9e\" \/>\n\t<meta name=\"twitter:data2\" content=\"2 minutes\" \/>\n<script type=\"application\/ld+json\" class=\"yoast-schema-graph\">{\"@context\":\"https:\/\/schema.org\",\"@graph\":[{\"@type\":\"WebPage\",\"@id\":\"https:\/\/www.mediaplateforme.com\/fr\/ntla9awfmarrakech-nouveau-cri-de-ralliement-de-lonmt\/\",\"url\":\"https:\/\/www.mediaplateforme.com\/fr\/ntla9awfmarrakech-nouveau-cri-de-ralliement-de-lonmt\/\",\"name\":\"\u00abNtla9awfMarrakech\u00bb, nouveau cri de ralliement de L\u2019ONMT - MEDIA PLATEFORME | FR\",\"isPartOf\":{\"@id\":\"https:\/\/www.mediaplateforme.com\/fr\/#website\"},\"datePublished\":\"2023-09-23T15:22:08+00:00\",\"dateModified\":\"2023-09-23T15:22:08+00:00\",\"author\":{\"@id\":\"https:\/\/www.mediaplateforme.com\/fr\/#\/schema\/person\/89833db382b5db2c76b094bc902aa12a\"},\"description\":\"\u00a0\u00e9cho au mouvement extraordinaire de solidarit\u00e9 de l\u2019ensemble des marocains, l\u2019Office National Marocain du Tourisme lance une\",\"breadcrumb\":{\"@id\":\"https:\/\/www.mediaplateforme.com\/fr\/ntla9awfmarrakech-nouveau-cri-de-ralliement-de-lonmt\/#breadcrumb\"},\"inLanguage\":\"fr-FR\",\"potentialAction\":[{\"@type\":\"ReadAction\",\"target\":[\"https:\/\/www.mediaplateforme.com\/fr\/ntla9awfmarrakech-nouveau-cri-de-ralliement-de-lonmt\/\"]}]},{\"@type\":\"BreadcrumbList\",\"@id\":\"https:\/\/www.mediaplateforme.com\/fr\/ntla9awfmarrakech-nouveau-cri-de-ralliement-de-lonmt\/#breadcrumb\",\"itemListElement\":[{\"@type\":\"ListItem\",\"position\":1,\"name\":\"\u0627\u0644\u0631\u0626\u064a\u0633\u064a\u0629\",\"item\":\"https:\/\/www.mediaplateforme.com\/fr\/\"},{\"@type\":\"ListItem\",\"position\":2,\"name\":\"\u00abNtla9awfMarrakech\u00bb, nouveau cri de ralliement de L\u2019ONMT\"}]},{\"@type\":\"WebSite\",\"@id\":\"https:\/\/www.mediaplateforme.com\/fr\/#website\",\"url\":\"https:\/\/www.mediaplateforme.com\/fr\/\",\"name\":\"MEDIA PLATEFORME | FR\",\"description\":\"Mediaplateforme sp\u00e9cialis\u00e9 dans la communication institutions publiques et des entreprises\",\"potentialAction\":[{\"@type\":\"SearchAction\",\"target\":{\"@type\":\"EntryPoint\",\"urlTemplate\":\"https:\/\/www.mediaplateforme.com\/fr\/?s={search_term_string}\"},\"query-input\":\"required name=search_term_string\"}],\"inLanguage\":\"fr-FR\"},{\"@type\":\"Person\",\"@id\":\"https:\/\/www.mediaplateforme.com\/fr\/#\/schema\/person\/89833db382b5db2c76b094bc902aa12a\",\"name\":\"Mediaplateforme\",\"image\":{\"@type\":\"ImageObject\",\"inLanguage\":\"fr-FR\",\"@id\":\"https:\/\/www.mediaplateforme.com\/fr\/#\/schema\/person\/image\/\",\"url\":\"https:\/\/secure.gravatar.com\/avatar\/6c9c02e8928cc65d54bf75157f7b3a2d06d7ad0494ca0951f679552ff03b34c1?s=96&d=mm&r=g\",\"contentUrl\":\"https:\/\/secure.gravatar.com\/avatar\/6c9c02e8928cc65d54bf75157f7b3a2d06d7ad0494ca0951f679552ff03b34c1?s=96&d=mm&r=g\",\"caption\":\"Mediaplateforme\"},\"sameAs\":[\"https:\/\/www.mediaplateforme.com\"],\"url\":\"https:\/\/www.mediaplateforme.com\/fr\/author\/mohamedladib\/\"}]}<\/script>\n<!-- \/ Yoast SEO plugin. -->","yoast_head_json":{"title":"\u00abNtla9awfMarrakech\u00bb,  nouveau cri de ralliement de L\u2019ONMT - MEDIA PLATEFORME | FR","description":"\u00a0\u00e9cho au mouvement extraordinaire de solidarit\u00e9 de l\u2019ensemble des marocains, l\u2019Office National Marocain du Tourisme lance une","robots":{"index":"index","follow":"follow","max-snippet":"max-snippet:-1","max-image-preview":"max-image-preview:large","max-video-preview":"max-video-preview:-1"},"canonical":"https:\/\/www.mediaplateforme.com\/fr\/ntla9awfmarrakech-nouveau-cri-de-ralliement-de-lonmt\/","og_locale":"fr_FR","og_type":"article","og_title":"\u00abNtla9awfMarrakech\u00bb,  nouveau cri de ralliement de L\u2019ONMT - MEDIA PLATEFORME | FR","og_description":"\u00a0\u00e9cho au mouvement extraordinaire de solidarit\u00e9 de l\u2019ensemble des marocains, l\u2019Office National Marocain du Tourisme lance une","og_url":"https:\/\/www.mediaplateforme.com\/fr\/ntla9awfmarrakech-nouveau-cri-de-ralliement-de-lonmt\/","og_site_name":"MEDIA PLATEFORME | FR","article_published_time":"2023-09-23T15:22:08+00:00","og_image":[{"width":887,"height":888,"url":"https:\/\/www.mediaplateforme.com\/fr\/wp-content\/uploads\/sites\/5\/2023\/09\/Ntla9awfmarrakech.jpeg","type":"image\/jpeg"}],"author":"Mediaplateforme","twitter_card":"summary_large_image","twitter_misc":{"\u00c9crit par":"Mediaplateforme","Dur\u00e9e de lecture estim\u00e9e":"2 minutes"},"schema":{"@context":"https:\/\/schema.org","@graph":[{"@type":"WebPage","@id":"https:\/\/www.mediaplateforme.com\/fr\/ntla9awfmarrakech-nouveau-cri-de-ralliement-de-lonmt\/","url":"https:\/\/www.mediaplateforme.com\/fr\/ntla9awfmarrakech-nouveau-cri-de-ralliement-de-lonmt\/","name":"\u00abNtla9awfMarrakech\u00bb, nouveau cri de ralliement de L\u2019ONMT - MEDIA PLATEFORME | FR","isPartOf":{"@id":"https:\/\/www.mediaplateforme.com\/fr\/#website"},"datePublished":"2023-09-23T15:22:08+00:00","dateModified":"2023-09-23T15:22:08+00:00","author":{"@id":"https:\/\/www.mediaplateforme.com\/fr\/#\/schema\/person\/89833db382b5db2c76b094bc902aa12a"},"description":"\u00a0\u00e9cho au mouvement extraordinaire de solidarit\u00e9 de l\u2019ensemble des marocains, l\u2019Office National Marocain du Tourisme lance une","breadcrumb":{"@id":"https:\/\/www.mediaplateforme.com\/fr\/ntla9awfmarrakech-nouveau-cri-de-ralliement-de-lonmt\/#breadcrumb"},"inLanguage":"fr-FR","potentialAction":[{"@type":"ReadAction","target":["https:\/\/www.mediaplateforme.com\/fr\/ntla9awfmarrakech-nouveau-cri-de-ralliement-de-lonmt\/"]}]},{"@type":"BreadcrumbList","@id":"https:\/\/www.mediaplateforme.com\/fr\/ntla9awfmarrakech-nouveau-cri-de-ralliement-de-lonmt\/#breadcrumb","itemListElement":[{"@type":"ListItem","position":1,"name":"\u0627\u0644\u0631\u0626\u064a\u0633\u064a\u0629","item":"https:\/\/www.mediaplateforme.com\/fr\/"},{"@type":"ListItem","position":2,"name":"\u00abNtla9awfMarrakech\u00bb, nouveau cri de ralliement de L\u2019ONMT"}]},{"@type":"WebSite","@id":"https:\/\/www.mediaplateforme.com\/fr\/#website","url":"https:\/\/www.mediaplateforme.com\/fr\/","name":"MEDIA PLATEFORME | FR","description":"Mediaplateforme sp\u00e9cialis\u00e9 dans la communication institutions publiques et des entreprises","potentialAction":[{"@type":"SearchAction","target":{"@type":"EntryPoint","urlTemplate":"https:\/\/www.mediaplateforme.com\/fr\/?s={search_term_string}"},"query-input":"required name=search_term_string"}],"inLanguage":"fr-FR"},{"@type":"Person","@id":"https:\/\/www.mediaplateforme.com\/fr\/#\/schema\/person\/89833db382b5db2c76b094bc902aa12a","name":"Mediaplateforme","image":{"@type":"ImageObject","inLanguage":"fr-FR","@id":"https:\/\/www.mediaplateforme.com\/fr\/#\/schema\/person\/image\/","url":"https:\/\/secure.gravatar.com\/avatar\/6c9c02e8928cc65d54bf75157f7b3a2d06d7ad0494ca0951f679552ff03b34c1?s=96&d=mm&r=g","contentUrl":"https:\/\/secure.gravatar.com\/avatar\/6c9c02e8928cc65d54bf75157f7b3a2d06d7ad0494ca0951f679552ff03b34c1?s=96&d=mm&r=g","caption":"Mediaplateforme"},"sameAs":["https:\/\/www.mediaplateforme.com"],"url":"https:\/\/www.mediaplateforme.com\/fr\/author\/mohamedladib\/"}]}},"_links":{"self":[{"href":"https:\/\/www.mediaplateforme.com\/fr\/wp-json\/wp\/v2\/posts\/4177","targetHints":{"allow":["GET"]}}],"collection":[{"href":"https:\/\/www.mediaplateforme.com\/fr\/wp-json\/wp\/v2\/posts"}],"about":[{"href":"https:\/\/www.mediaplateforme.com\/fr\/wp-json\/wp\/v2\/types\/post"}],"author":[{"embeddable":true,"href":"https:\/\/www.mediaplateforme.com\/fr\/wp-json\/wp\/v2\/users\/1"}],"replies":[{"embeddable":true,"href":"https:\/\/www.mediaplateforme.com\/fr\/wp-json\/wp\/v2\/comments?post=4177"}],"version-history":[{"count":1,"href":"https:\/\/www.mediaplateforme.com\/fr\/wp-json\/wp\/v2\/posts\/4177\/revisions"}],"predecessor-version":[{"id":4179,"href":"https:\/\/www.mediaplateforme.com\/fr\/wp-json\/wp\/v2\/posts\/4177\/revisions\/4179"}],"wp:featuredmedia":[{"embeddable":true,"href":"https:\/\/www.mediaplateforme.com\/fr\/wp-json\/wp\/v2\/media\/4178"}],"wp:attachment":[{"href":"https:\/\/www.mediaplateforme.com\/fr\/wp-json\/wp\/v2\/media?parent=4177"}],"wp:term":[{"taxonomy":"category","embeddable":true,"href":"https:\/\/www.mediaplateforme.com\/fr\/wp-json\/wp\/v2\/categories?post=4177"},{"taxonomy":"post_tag","embeddable":true,"href":"https:\/\/www.mediaplateforme.com\/fr\/wp-json\/wp\/v2\/tags?post=4177"}],"curies":[{"name":"wp","href":"https:\/\/api.w.org\/{rel}","templated":true}]}}