{"id":4169,"date":"2023-09-22T13:00:59","date_gmt":"2023-09-22T12:00:59","guid":{"rendered":"https:\/\/www.mediaplateforme.com\/fr\/?p=4169"},"modified":"2023-09-22T13:00:59","modified_gmt":"2023-09-22T12:00:59","slug":"soufiane-idrissi-kaitouni-nomme-country-manager-de-babel-maroc","status":"publish","type":"post","link":"https:\/\/www.mediaplateforme.com\/fr\/soufiane-idrissi-kaitouni-nomme-country-manager-de-babel-maroc\/","title":{"rendered":"Soufiane Idrissi Kaitouni nomm\u00e9 country manager de Babel Maroc"},"content":{"rendered":"<p>L\u2019ancien directeur d\u00e9l\u00e9gu\u00e9 de l\u2019APEBI (f\u00e9d\u00e9ration marocaine des technologies de l\u2019information) franchi une nouvelle \u00e9tape de son parcours professionel et prend la direction de la filiale marocaine de la multinationale BABEL sp\u00e9cialis\u00e9e dans les solutions et services de transformation digitale.<\/p>\n<p>&nbsp;<\/p>\n<p>Apr\u00e8s un passage en tant que Directeur de Missions chez le sp\u00e9cialiste marocain de la cybers\u00e9curit\u00e9 Dataprotect, il retourne dan l\u2019\u00e9cosyst\u00e8me multinational en qualit\u00e9 de Country Manager de BABEL au Maroc et devra piloter une \u00e9quipe d\u2019experts en Transformation Digitale, Innovation et D\u00e9veloppement Applicatif.<\/p>\n<p>&nbsp;<\/p>\n<p>Ses challenges sont nombreux car l\u2019ESN espagnole poss\u00e8de une feuille de route ambitieuse \u00e0 l\u2019horizon 2025. Il devra mettre \u00e0 l\u2019\u00e9preuve son exp\u00e9rience en conseil technologique pour stimuler la croissance internationale de l&rsquo;entreprise et son positionnement au Maroc mais aussi en Afrique sub-saharienne.<\/p>\n<p>&nbsp;<\/p>\n<p>Soufiane est un cadre avec une grande exp\u00e9rience dans le conseil et le d\u00e9veloppement commercial sur le march\u00e9 africain, sp\u00e9cialis\u00e9 dans des domaines tels que la Banque Digitale, l&rsquo;Open Banking ou la cybers\u00e9curit\u00e9. Tout au long de sa carri\u00e8re et avant son arriv\u00e9e chez Babel, Soufiane a occup\u00e9 des postes de direction en tant que Sales Manager chez l\u2019\u00e9diteur SopraBanking Software et directeur du d\u00e9veloppement commercial chez GFI Maroc (Inetum).<\/p>\n<p>&nbsp;<\/p>\n<p>Dipl\u00f4m\u00e9 en 2000 de l\u2019ISCAE (1\u00e8re \u00e9cole de commerce Afrique) avec une sp\u00e9cialisation en Bourse et March\u00e9s financiers, il fait ses armes aupr\u00e8s de Mitsui &amp; Co \u00e0 Casablanca, une multinationale japonaise et rejoint Lecce en Italie en 2004 pour suivre les cours d\u2019un Master en e-Business Management and Leadership \u00e0 la Scuola Superiore ISUFI. Apr\u00e8s quelques ann\u00e9es en tant que consultant dans des entreprises italiennes, il rentre au Maroc pour devenir le directeur d\u00e9l\u00e9gu\u00e9 de l\u2019APEBI (f\u00e9d\u00e9ration marocaine des technologies de l\u2019information) et embrasser une carri\u00e8re orient\u00e9e vers le Maroc et l\u2019Afrique.<\/p>\n<p>&nbsp;<\/p>\n<p>D\u2019apr\u00e8s Tony Olivo, CEO Babel, \u00ab\u00a0Soufiane est un acteur cl\u00e9 dans l&rsquo;objectif de Babel d&rsquo;acc\u00e9l\u00e9rer son expansion internationale dans des pays strat\u00e9giques, tels que le Maroc, qui est en phase d\u2019essor en mati\u00e8re de transformation digitale o\u00f9 nous avons une grande capacit\u00e9 \u00e0 cro\u00eetre et \u00e0 consolider notre position en tant qu&rsquo;entreprise technologique de premier plan\u00a0\u00bb.<\/p>\n","protected":false},"excerpt":{"rendered":"<p>L\u2019ancien directeur d\u00e9l\u00e9gu\u00e9 de l\u2019APEBI (f\u00e9d\u00e9ration marocaine des technologies de l\u2019information) franchi une nouvelle \u00e9tape<\/p>\n","protected":false},"author":1,"featured_media":4170,"comment_status":"open","ping_status":"open","sticky":false,"template":"","format":"standard","meta":{"_acf_changed":false,"footnotes":""},"categories":[5,3],"tags":[1314,1316,1315],"class_list":["post-4169","post","type-post","status-publish","format-standard","has-post-thumbnail","hentry","category-tech","category-nouvelles-selectionnees","tag-apebi","tag-babel-maroc","tag-soufiane-idrissi"],"acf":[],"yoast_head":"<!-- This site is optimized with the Yoast SEO plugin v22.0 - https:\/\/yoast.com\/wordpress\/plugins\/seo\/ -->\n<title>Soufiane Idrissi Kaitouni nomm\u00e9 country manager de Babel Maroc - MEDIA PLATEFORME | FR<\/title>\n<meta name=\"description\" content=\"l\u2019APEBI (f\u00e9d\u00e9ration marocaine des technologies de l\u2019information) franchi une nouvelle \u00e9tape de son parcours professionel et prend la dire\" \/>\n<meta name=\"robots\" content=\"index, follow, max-snippet:-1, max-image-preview:large, max-video-preview:-1\" \/>\n<link rel=\"canonical\" href=\"https:\/\/www.mediaplateforme.com\/fr\/soufiane-idrissi-kaitouni-nomme-country-manager-de-babel-maroc\/\" \/>\n<meta property=\"og:locale\" content=\"fr_FR\" \/>\n<meta property=\"og:type\" content=\"article\" \/>\n<meta property=\"og:title\" content=\"Soufiane Idrissi Kaitouni nomm\u00e9 country manager de Babel Maroc - MEDIA PLATEFORME | FR\" \/>\n<meta property=\"og:description\" content=\"l\u2019APEBI (f\u00e9d\u00e9ration marocaine des technologies de l\u2019information) franchi une nouvelle \u00e9tape de son parcours professionel et prend la dire\" \/>\n<meta property=\"og:url\" content=\"https:\/\/www.mediaplateforme.com\/fr\/soufiane-idrissi-kaitouni-nomme-country-manager-de-babel-maroc\/\" \/>\n<meta property=\"og:site_name\" content=\"MEDIA PLATEFORME | FR\" \/>\n<meta property=\"article:published_time\" content=\"2023-09-22T12:00:59+00:00\" \/>\n<meta property=\"og:image\" content=\"https:\/\/www.mediaplateforme.com\/fr\/wp-content\/uploads\/sites\/5\/2023\/09\/IMG_0705-scaled.jpg\" \/>\n\t<meta property=\"og:image:width\" content=\"2560\" \/>\n\t<meta property=\"og:image:height\" content=\"2009\" \/>\n\t<meta property=\"og:image:type\" content=\"image\/jpeg\" \/>\n<meta name=\"author\" content=\"Mediaplateforme\" \/>\n<meta name=\"twitter:card\" content=\"summary_large_image\" \/>\n<meta name=\"twitter:label1\" content=\"\u00c9crit par\" \/>\n\t<meta name=\"twitter:data1\" content=\"Mediaplateforme\" \/>\n\t<meta name=\"twitter:label2\" content=\"Dur\u00e9e de lecture estim\u00e9e\" \/>\n\t<meta name=\"twitter:data2\" content=\"2 minutes\" \/>\n<script type=\"application\/ld+json\" class=\"yoast-schema-graph\">{\"@context\":\"https:\/\/schema.org\",\"@graph\":[{\"@type\":\"WebPage\",\"@id\":\"https:\/\/www.mediaplateforme.com\/fr\/soufiane-idrissi-kaitouni-nomme-country-manager-de-babel-maroc\/\",\"url\":\"https:\/\/www.mediaplateforme.com\/fr\/soufiane-idrissi-kaitouni-nomme-country-manager-de-babel-maroc\/\",\"name\":\"Soufiane Idrissi Kaitouni nomm\u00e9 country manager de Babel Maroc - MEDIA PLATEFORME | FR\",\"isPartOf\":{\"@id\":\"https:\/\/www.mediaplateforme.com\/fr\/#website\"},\"datePublished\":\"2023-09-22T12:00:59+00:00\",\"dateModified\":\"2023-09-22T12:00:59+00:00\",\"author\":{\"@id\":\"https:\/\/www.mediaplateforme.com\/fr\/#\/schema\/person\/89833db382b5db2c76b094bc902aa12a\"},\"description\":\"l\u2019APEBI (f\u00e9d\u00e9ration marocaine des technologies de l\u2019information) franchi une nouvelle \u00e9tape de son parcours professionel et prend la dire\",\"breadcrumb\":{\"@id\":\"https:\/\/www.mediaplateforme.com\/fr\/soufiane-idrissi-kaitouni-nomme-country-manager-de-babel-maroc\/#breadcrumb\"},\"inLanguage\":\"fr-FR\",\"potentialAction\":[{\"@type\":\"ReadAction\",\"target\":[\"https:\/\/www.mediaplateforme.com\/fr\/soufiane-idrissi-kaitouni-nomme-country-manager-de-babel-maroc\/\"]}]},{\"@type\":\"BreadcrumbList\",\"@id\":\"https:\/\/www.mediaplateforme.com\/fr\/soufiane-idrissi-kaitouni-nomme-country-manager-de-babel-maroc\/#breadcrumb\",\"itemListElement\":[{\"@type\":\"ListItem\",\"position\":1,\"name\":\"\u0627\u0644\u0631\u0626\u064a\u0633\u064a\u0629\",\"item\":\"https:\/\/www.mediaplateforme.com\/fr\/\"},{\"@type\":\"ListItem\",\"position\":2,\"name\":\"Soufiane Idrissi Kaitouni nomm\u00e9 country manager de Babel Maroc\"}]},{\"@type\":\"WebSite\",\"@id\":\"https:\/\/www.mediaplateforme.com\/fr\/#website\",\"url\":\"https:\/\/www.mediaplateforme.com\/fr\/\",\"name\":\"MEDIA PLATEFORME | FR\",\"description\":\"Mediaplateforme sp\u00e9cialis\u00e9 dans la communication institutions publiques et des entreprises\",\"potentialAction\":[{\"@type\":\"SearchAction\",\"target\":{\"@type\":\"EntryPoint\",\"urlTemplate\":\"https:\/\/www.mediaplateforme.com\/fr\/?s={search_term_string}\"},\"query-input\":\"required name=search_term_string\"}],\"inLanguage\":\"fr-FR\"},{\"@type\":\"Person\",\"@id\":\"https:\/\/www.mediaplateforme.com\/fr\/#\/schema\/person\/89833db382b5db2c76b094bc902aa12a\",\"name\":\"Mediaplateforme\",\"image\":{\"@type\":\"ImageObject\",\"inLanguage\":\"fr-FR\",\"@id\":\"https:\/\/www.mediaplateforme.com\/fr\/#\/schema\/person\/image\/\",\"url\":\"https:\/\/secure.gravatar.com\/avatar\/6c9c02e8928cc65d54bf75157f7b3a2d06d7ad0494ca0951f679552ff03b34c1?s=96&d=mm&r=g\",\"contentUrl\":\"https:\/\/secure.gravatar.com\/avatar\/6c9c02e8928cc65d54bf75157f7b3a2d06d7ad0494ca0951f679552ff03b34c1?s=96&d=mm&r=g\",\"caption\":\"Mediaplateforme\"},\"sameAs\":[\"https:\/\/www.mediaplateforme.com\"],\"url\":\"https:\/\/www.mediaplateforme.com\/fr\/author\/mohamedladib\/\"}]}<\/script>\n<!-- \/ Yoast SEO plugin. -->","yoast_head_json":{"title":"Soufiane Idrissi Kaitouni nomm\u00e9 country manager de Babel Maroc - MEDIA PLATEFORME | FR","description":"l\u2019APEBI (f\u00e9d\u00e9ration marocaine des technologies de l\u2019information) franchi une nouvelle \u00e9tape de son parcours professionel et prend la dire","robots":{"index":"index","follow":"follow","max-snippet":"max-snippet:-1","max-image-preview":"max-image-preview:large","max-video-preview":"max-video-preview:-1"},"canonical":"https:\/\/www.mediaplateforme.com\/fr\/soufiane-idrissi-kaitouni-nomme-country-manager-de-babel-maroc\/","og_locale":"fr_FR","og_type":"article","og_title":"Soufiane Idrissi Kaitouni nomm\u00e9 country manager de Babel Maroc - MEDIA PLATEFORME | FR","og_description":"l\u2019APEBI (f\u00e9d\u00e9ration marocaine des technologies de l\u2019information) franchi une nouvelle \u00e9tape de son parcours professionel et prend la dire","og_url":"https:\/\/www.mediaplateforme.com\/fr\/soufiane-idrissi-kaitouni-nomme-country-manager-de-babel-maroc\/","og_site_name":"MEDIA PLATEFORME | FR","article_published_time":"2023-09-22T12:00:59+00:00","og_image":[{"width":2560,"height":2009,"url":"https:\/\/www.mediaplateforme.com\/fr\/wp-content\/uploads\/sites\/5\/2023\/09\/IMG_0705-scaled.jpg","type":"image\/jpeg"}],"author":"Mediaplateforme","twitter_card":"summary_large_image","twitter_misc":{"\u00c9crit par":"Mediaplateforme","Dur\u00e9e de lecture estim\u00e9e":"2 minutes"},"schema":{"@context":"https:\/\/schema.org","@graph":[{"@type":"WebPage","@id":"https:\/\/www.mediaplateforme.com\/fr\/soufiane-idrissi-kaitouni-nomme-country-manager-de-babel-maroc\/","url":"https:\/\/www.mediaplateforme.com\/fr\/soufiane-idrissi-kaitouni-nomme-country-manager-de-babel-maroc\/","name":"Soufiane Idrissi Kaitouni nomm\u00e9 country manager de Babel Maroc - MEDIA PLATEFORME | FR","isPartOf":{"@id":"https:\/\/www.mediaplateforme.com\/fr\/#website"},"datePublished":"2023-09-22T12:00:59+00:00","dateModified":"2023-09-22T12:00:59+00:00","author":{"@id":"https:\/\/www.mediaplateforme.com\/fr\/#\/schema\/person\/89833db382b5db2c76b094bc902aa12a"},"description":"l\u2019APEBI (f\u00e9d\u00e9ration marocaine des technologies de l\u2019information) franchi une nouvelle \u00e9tape de son parcours professionel et prend la dire","breadcrumb":{"@id":"https:\/\/www.mediaplateforme.com\/fr\/soufiane-idrissi-kaitouni-nomme-country-manager-de-babel-maroc\/#breadcrumb"},"inLanguage":"fr-FR","potentialAction":[{"@type":"ReadAction","target":["https:\/\/www.mediaplateforme.com\/fr\/soufiane-idrissi-kaitouni-nomme-country-manager-de-babel-maroc\/"]}]},{"@type":"BreadcrumbList","@id":"https:\/\/www.mediaplateforme.com\/fr\/soufiane-idrissi-kaitouni-nomme-country-manager-de-babel-maroc\/#breadcrumb","itemListElement":[{"@type":"ListItem","position":1,"name":"\u0627\u0644\u0631\u0626\u064a\u0633\u064a\u0629","item":"https:\/\/www.mediaplateforme.com\/fr\/"},{"@type":"ListItem","position":2,"name":"Soufiane Idrissi Kaitouni nomm\u00e9 country manager de Babel Maroc"}]},{"@type":"WebSite","@id":"https:\/\/www.mediaplateforme.com\/fr\/#website","url":"https:\/\/www.mediaplateforme.com\/fr\/","name":"MEDIA PLATEFORME | FR","description":"Mediaplateforme sp\u00e9cialis\u00e9 dans la communication institutions publiques et des entreprises","potentialAction":[{"@type":"SearchAction","target":{"@type":"EntryPoint","urlTemplate":"https:\/\/www.mediaplateforme.com\/fr\/?s={search_term_string}"},"query-input":"required name=search_term_string"}],"inLanguage":"fr-FR"},{"@type":"Person","@id":"https:\/\/www.mediaplateforme.com\/fr\/#\/schema\/person\/89833db382b5db2c76b094bc902aa12a","name":"Mediaplateforme","image":{"@type":"ImageObject","inLanguage":"fr-FR","@id":"https:\/\/www.mediaplateforme.com\/fr\/#\/schema\/person\/image\/","url":"https:\/\/secure.gravatar.com\/avatar\/6c9c02e8928cc65d54bf75157f7b3a2d06d7ad0494ca0951f679552ff03b34c1?s=96&d=mm&r=g","contentUrl":"https:\/\/secure.gravatar.com\/avatar\/6c9c02e8928cc65d54bf75157f7b3a2d06d7ad0494ca0951f679552ff03b34c1?s=96&d=mm&r=g","caption":"Mediaplateforme"},"sameAs":["https:\/\/www.mediaplateforme.com"],"url":"https:\/\/www.mediaplateforme.com\/fr\/author\/mohamedladib\/"}]}},"_links":{"self":[{"href":"https:\/\/www.mediaplateforme.com\/fr\/wp-json\/wp\/v2\/posts\/4169","targetHints":{"allow":["GET"]}}],"collection":[{"href":"https:\/\/www.mediaplateforme.com\/fr\/wp-json\/wp\/v2\/posts"}],"about":[{"href":"https:\/\/www.mediaplateforme.com\/fr\/wp-json\/wp\/v2\/types\/post"}],"author":[{"embeddable":true,"href":"https:\/\/www.mediaplateforme.com\/fr\/wp-json\/wp\/v2\/users\/1"}],"replies":[{"embeddable":true,"href":"https:\/\/www.mediaplateforme.com\/fr\/wp-json\/wp\/v2\/comments?post=4169"}],"version-history":[{"count":1,"href":"https:\/\/www.mediaplateforme.com\/fr\/wp-json\/wp\/v2\/posts\/4169\/revisions"}],"predecessor-version":[{"id":4171,"href":"https:\/\/www.mediaplateforme.com\/fr\/wp-json\/wp\/v2\/posts\/4169\/revisions\/4171"}],"wp:featuredmedia":[{"embeddable":true,"href":"https:\/\/www.mediaplateforme.com\/fr\/wp-json\/wp\/v2\/media\/4170"}],"wp:attachment":[{"href":"https:\/\/www.mediaplateforme.com\/fr\/wp-json\/wp\/v2\/media?parent=4169"}],"wp:term":[{"taxonomy":"category","embeddable":true,"href":"https:\/\/www.mediaplateforme.com\/fr\/wp-json\/wp\/v2\/categories?post=4169"},{"taxonomy":"post_tag","embeddable":true,"href":"https:\/\/www.mediaplateforme.com\/fr\/wp-json\/wp\/v2\/tags?post=4169"}],"curies":[{"name":"wp","href":"https:\/\/api.w.org\/{rel}","templated":true}]}}