{"id":4163,"date":"2023-09-21T11:58:26","date_gmt":"2023-09-21T10:58:26","guid":{"rendered":"https:\/\/www.mediaplateforme.com\/fr\/?p=4163"},"modified":"2023-09-21T11:58:46","modified_gmt":"2023-09-21T10:58:46","slug":"tetra-pak-se-mobilise-pour-soutenir-les-populations-touchees-par-le-seisme","status":"publish","type":"post","link":"https:\/\/www.mediaplateforme.com\/fr\/tetra-pak-se-mobilise-pour-soutenir-les-populations-touchees-par-le-seisme\/","title":{"rendered":"TETRA PAK SE MOBILISE POUR SOUTENIR LES POPULATIONS TOUCH\u00c9ES PAR LE S\u00c9ISME"},"content":{"rendered":"<p style=\"font-weight: 400;\">Le r\u00e9cent s\u00e9isme qui a secou\u00e9 la r\u00e9gion d&rsquo;Al Haouz a laiss\u00e9 une empreinte ind\u00e9l\u00e9bile dans nos c\u0153urs, \u00e0 la fois en raison des pertes humaines d\u00e9vastatrices et des dommages mat\u00e9riels consid\u00e9rables qu&rsquo;il a engendr\u00e9s. Face \u00e0 cette trag\u00e9die, Tetra Pak apporte sa contribution \u00e0 l\u2019\u00e9lan de solidarit\u00e9 national.<\/p>\n<p style=\"font-weight: 400;\">En tant que leader mondial de l&#8217;emballage alimentaire durable, et d\u00e8s les premiers jours suivants la catastrophe, Tetra Pak a pris la d\u00e9cision de soutenir activement les efforts d\u2019aide en faisant don d&rsquo;unit\u00e9s de lait UHT en partenariat avec ses clients laitiers, \u00e0 la population sinistr\u00e9e de la r\u00e9gion d&rsquo;Al Haouz. Ces produits \u00e0 longue conservation fourniront un pr\u00e9cieux soutien nutritionnel \u00e0 ceux qui en ont besoin.<\/p>\n<p style=\"font-weight: 400;\">De plus, Tetra Pak s&rsquo;est associ\u00e9e \u00e0 l&rsquo;organisation humanitaire \u00e0 but non lucratif du Croissant-Rouge marocain pour venir en aide aux pr\u00e8s de 200 personnes de la r\u00e9gion de Taroudant dont les logements ont \u00e9t\u00e9 d\u00e9truits par le tremblement de terre. Ensemble, ils \u0153uvreront \u00e0 la fourniture de maisons pr\u00e9fabriqu\u00e9es, offrant ainsi un abri s\u00fbr contre le froid et temporaire \u00e0 ceux qui ont perdu leurs foyers.<\/p>\n<p style=\"font-weight: 400;\">En parall\u00e8le, les collaborateurs de Tetra Pak ont souhait\u00e9 participer personnellement et volontairement \u00e0 ces actions en apportant leur contribution et en visitant certains douars de la r\u00e9gion de Taroudant. Nous saluons avec fiert\u00e9 leur mobilisation et exemplarit\u00e9 pour apporter leur aide aux populations sinistr\u00e9s dans cette p\u00e9riode difficile.<\/p>\n<p style=\"font-weight: 400;\">Alors que nous exprimons notre profonde tristesse envers toutes les personnes touch\u00e9es par cette trag\u00e9die, nous tenons \u00e9galement \u00e0 t\u00e9moigner notre gratitude envers les courageux sauveteurs, les organisations de secours et les b\u00e9n\u00e9voles qui \u0153uvrent sans rel\u00e2che sur le terrain. Le Royaume du Maroc fait preuve de r\u00e9silience face \u00e0 l&rsquo;adversit\u00e9, et Tetra Pak est fier de contribuer activement \u00e0 cette d\u00e9monstration de solidarit\u00e9.<\/p>\n<h4 style=\"font-weight: 400;\"><strong>A propos de Tetra Pak\u00ae\u00a0:<\/strong><\/h4>\n<p style=\"font-weight: 400;\">Tetra\u00a0Pak\u00a0est un <a href=\"https:\/\/www.tetrapak.com\/maghreb\">leader mondial de la transformation alimentaire<\/a> et des solutions d&#8217;emballage. En \u00e9troite collaboration avec nos clients et nos fournisseurs, nous fournissons des produits s\u00fbrs, innovants et respectueux de l&rsquo;environnement qui r\u00e9pondent chaque jour aux besoins de centaines de millions de personnes dans plus de 160 pays. Avec plus de 25 000 employ\u00e9s dans le monde entier, nous croyons en un leadership industriel responsable et en une approche durable des affaires. Notre promesse, \u00ab\u00a0PROTEGE CE QUI EST BON\u2122\u00a0\u00bb, refl\u00e8te notre vision qui consiste \u00e0 nous engager \u00e0 rendre les aliments s\u00fbrs et disponibles, partout.<\/p>\n","protected":false},"excerpt":{"rendered":"<p>Le r\u00e9cent s\u00e9isme qui a secou\u00e9 la r\u00e9gion d&rsquo;Al Haouz a laiss\u00e9 une empreinte ind\u00e9l\u00e9bile<\/p>\n","protected":false},"author":1,"featured_media":4060,"comment_status":"open","ping_status":"open","sticky":false,"template":"","format":"standard","meta":{"_acf_changed":false,"footnotes":""},"categories":[2,3],"tags":[1310,1276,1311],"class_list":["post-4163","post","type-post","status-publish","format-standard","has-post-thumbnail","hentry","category-nouvelles","category-nouvelles-selectionnees","tag-al-haouz","tag-seisme","tag-tetra-pak"],"acf":[],"yoast_head":"<!-- This site is optimized with the Yoast SEO plugin v22.0 - https:\/\/yoast.com\/wordpress\/plugins\/seo\/ -->\n<title>TETRA PAK SE MOBILISE POUR SOUTENIR LES POPULATIONS TOUCH\u00c9ES PAR LE S\u00c9ISME - MEDIA PLATEFORME | FR<\/title>\n<meta name=\"description\" content=\"Le r\u00e9cent s\u00e9isme qui a secou\u00e9 la r\u00e9gion d&#039;Al Haouz a laiss\u00e9 une empreinte ind\u00e9l\u00e9bile dans nos c\u0153urs, \u00e0 la fois en raison pertes humaine\" \/>\n<meta name=\"robots\" content=\"index, follow, max-snippet:-1, max-image-preview:large, max-video-preview:-1\" \/>\n<link rel=\"canonical\" href=\"https:\/\/www.mediaplateforme.com\/fr\/tetra-pak-se-mobilise-pour-soutenir-les-populations-touchees-par-le-seisme\/\" \/>\n<meta property=\"og:locale\" content=\"fr_FR\" \/>\n<meta property=\"og:type\" content=\"article\" \/>\n<meta property=\"og:title\" content=\"TETRA PAK SE MOBILISE POUR SOUTENIR LES POPULATIONS TOUCH\u00c9ES PAR LE S\u00c9ISME - MEDIA PLATEFORME | FR\" \/>\n<meta property=\"og:description\" content=\"Le r\u00e9cent s\u00e9isme qui a secou\u00e9 la r\u00e9gion d&#039;Al Haouz a laiss\u00e9 une empreinte ind\u00e9l\u00e9bile dans nos c\u0153urs, \u00e0 la fois en raison pertes humaine\" \/>\n<meta property=\"og:url\" content=\"https:\/\/www.mediaplateforme.com\/fr\/tetra-pak-se-mobilise-pour-soutenir-les-populations-touchees-par-le-seisme\/\" \/>\n<meta property=\"og:site_name\" content=\"MEDIA PLATEFORME | FR\" \/>\n<meta property=\"article:published_time\" content=\"2023-09-21T10:58:26+00:00\" \/>\n<meta property=\"article:modified_time\" content=\"2023-09-21T10:58:46+00:00\" \/>\n<meta property=\"og:image\" content=\"https:\/\/www.mediaplateforme.com\/fr\/wp-content\/uploads\/sites\/5\/2023\/09\/\u0627\u0644\u0645\u0628\u0627\u062f\u0631\u0627\u062a-\u0627\u0644\u0625\u0646\u0633\u0627\u0646\u064a\u0629-\u0644\u0636\u062d\u0627\u064a\u0627-\u0627\u0644\u0632\u0644\u0632\u0627\u0644.jpeg\" \/>\n\t<meta property=\"og:image:width\" content=\"880\" \/>\n\t<meta property=\"og:image:height\" content=\"530\" \/>\n\t<meta property=\"og:image:type\" content=\"image\/jpeg\" \/>\n<meta name=\"author\" content=\"Mediaplateforme\" \/>\n<meta name=\"twitter:card\" content=\"summary_large_image\" \/>\n<meta name=\"twitter:label1\" content=\"\u00c9crit par\" \/>\n\t<meta name=\"twitter:data1\" content=\"Mediaplateforme\" \/>\n\t<meta name=\"twitter:label2\" content=\"Dur\u00e9e de lecture estim\u00e9e\" \/>\n\t<meta name=\"twitter:data2\" content=\"3 minutes\" \/>\n<script type=\"application\/ld+json\" class=\"yoast-schema-graph\">{\"@context\":\"https:\/\/schema.org\",\"@graph\":[{\"@type\":\"WebPage\",\"@id\":\"https:\/\/www.mediaplateforme.com\/fr\/tetra-pak-se-mobilise-pour-soutenir-les-populations-touchees-par-le-seisme\/\",\"url\":\"https:\/\/www.mediaplateforme.com\/fr\/tetra-pak-se-mobilise-pour-soutenir-les-populations-touchees-par-le-seisme\/\",\"name\":\"TETRA PAK SE MOBILISE POUR SOUTENIR LES POPULATIONS TOUCH\u00c9ES PAR LE S\u00c9ISME - MEDIA PLATEFORME | FR\",\"isPartOf\":{\"@id\":\"https:\/\/www.mediaplateforme.com\/fr\/#website\"},\"datePublished\":\"2023-09-21T10:58:26+00:00\",\"dateModified\":\"2023-09-21T10:58:46+00:00\",\"author\":{\"@id\":\"https:\/\/www.mediaplateforme.com\/fr\/#\/schema\/person\/89833db382b5db2c76b094bc902aa12a\"},\"description\":\"Le r\u00e9cent s\u00e9isme qui a secou\u00e9 la r\u00e9gion d'Al Haouz a laiss\u00e9 une empreinte ind\u00e9l\u00e9bile dans nos c\u0153urs, \u00e0 la fois en raison pertes humaine\",\"breadcrumb\":{\"@id\":\"https:\/\/www.mediaplateforme.com\/fr\/tetra-pak-se-mobilise-pour-soutenir-les-populations-touchees-par-le-seisme\/#breadcrumb\"},\"inLanguage\":\"fr-FR\",\"potentialAction\":[{\"@type\":\"ReadAction\",\"target\":[\"https:\/\/www.mediaplateforme.com\/fr\/tetra-pak-se-mobilise-pour-soutenir-les-populations-touchees-par-le-seisme\/\"]}]},{\"@type\":\"BreadcrumbList\",\"@id\":\"https:\/\/www.mediaplateforme.com\/fr\/tetra-pak-se-mobilise-pour-soutenir-les-populations-touchees-par-le-seisme\/#breadcrumb\",\"itemListElement\":[{\"@type\":\"ListItem\",\"position\":1,\"name\":\"\u0627\u0644\u0631\u0626\u064a\u0633\u064a\u0629\",\"item\":\"https:\/\/www.mediaplateforme.com\/fr\/\"},{\"@type\":\"ListItem\",\"position\":2,\"name\":\"TETRA PAK SE MOBILISE POUR SOUTENIR LES POPULATIONS TOUCH\u00c9ES PAR LE S\u00c9ISME\"}]},{\"@type\":\"WebSite\",\"@id\":\"https:\/\/www.mediaplateforme.com\/fr\/#website\",\"url\":\"https:\/\/www.mediaplateforme.com\/fr\/\",\"name\":\"MEDIA PLATEFORME | FR\",\"description\":\"Mediaplateforme sp\u00e9cialis\u00e9 dans la communication institutions publiques et des entreprises\",\"potentialAction\":[{\"@type\":\"SearchAction\",\"target\":{\"@type\":\"EntryPoint\",\"urlTemplate\":\"https:\/\/www.mediaplateforme.com\/fr\/?s={search_term_string}\"},\"query-input\":\"required name=search_term_string\"}],\"inLanguage\":\"fr-FR\"},{\"@type\":\"Person\",\"@id\":\"https:\/\/www.mediaplateforme.com\/fr\/#\/schema\/person\/89833db382b5db2c76b094bc902aa12a\",\"name\":\"Mediaplateforme\",\"image\":{\"@type\":\"ImageObject\",\"inLanguage\":\"fr-FR\",\"@id\":\"https:\/\/www.mediaplateforme.com\/fr\/#\/schema\/person\/image\/\",\"url\":\"https:\/\/secure.gravatar.com\/avatar\/6c9c02e8928cc65d54bf75157f7b3a2d06d7ad0494ca0951f679552ff03b34c1?s=96&d=mm&r=g\",\"contentUrl\":\"https:\/\/secure.gravatar.com\/avatar\/6c9c02e8928cc65d54bf75157f7b3a2d06d7ad0494ca0951f679552ff03b34c1?s=96&d=mm&r=g\",\"caption\":\"Mediaplateforme\"},\"sameAs\":[\"https:\/\/www.mediaplateforme.com\"],\"url\":\"https:\/\/www.mediaplateforme.com\/fr\/author\/mohamedladib\/\"}]}<\/script>\n<!-- \/ Yoast SEO plugin. -->","yoast_head_json":{"title":"TETRA PAK SE MOBILISE POUR SOUTENIR LES POPULATIONS TOUCH\u00c9ES PAR LE S\u00c9ISME - MEDIA PLATEFORME | FR","description":"Le r\u00e9cent s\u00e9isme qui a secou\u00e9 la r\u00e9gion d'Al Haouz a laiss\u00e9 une empreinte ind\u00e9l\u00e9bile dans nos c\u0153urs, \u00e0 la fois en raison pertes humaine","robots":{"index":"index","follow":"follow","max-snippet":"max-snippet:-1","max-image-preview":"max-image-preview:large","max-video-preview":"max-video-preview:-1"},"canonical":"https:\/\/www.mediaplateforme.com\/fr\/tetra-pak-se-mobilise-pour-soutenir-les-populations-touchees-par-le-seisme\/","og_locale":"fr_FR","og_type":"article","og_title":"TETRA PAK SE MOBILISE POUR SOUTENIR LES POPULATIONS TOUCH\u00c9ES PAR LE S\u00c9ISME - MEDIA PLATEFORME | FR","og_description":"Le r\u00e9cent s\u00e9isme qui a secou\u00e9 la r\u00e9gion d'Al Haouz a laiss\u00e9 une empreinte ind\u00e9l\u00e9bile dans nos c\u0153urs, \u00e0 la fois en raison pertes humaine","og_url":"https:\/\/www.mediaplateforme.com\/fr\/tetra-pak-se-mobilise-pour-soutenir-les-populations-touchees-par-le-seisme\/","og_site_name":"MEDIA PLATEFORME | FR","article_published_time":"2023-09-21T10:58:26+00:00","article_modified_time":"2023-09-21T10:58:46+00:00","og_image":[{"width":880,"height":530,"url":"https:\/\/www.mediaplateforme.com\/fr\/wp-content\/uploads\/sites\/5\/2023\/09\/\u0627\u0644\u0645\u0628\u0627\u062f\u0631\u0627\u062a-\u0627\u0644\u0625\u0646\u0633\u0627\u0646\u064a\u0629-\u0644\u0636\u062d\u0627\u064a\u0627-\u0627\u0644\u0632\u0644\u0632\u0627\u0644.jpeg","type":"image\/jpeg"}],"author":"Mediaplateforme","twitter_card":"summary_large_image","twitter_misc":{"\u00c9crit par":"Mediaplateforme","Dur\u00e9e de lecture estim\u00e9e":"3 minutes"},"schema":{"@context":"https:\/\/schema.org","@graph":[{"@type":"WebPage","@id":"https:\/\/www.mediaplateforme.com\/fr\/tetra-pak-se-mobilise-pour-soutenir-les-populations-touchees-par-le-seisme\/","url":"https:\/\/www.mediaplateforme.com\/fr\/tetra-pak-se-mobilise-pour-soutenir-les-populations-touchees-par-le-seisme\/","name":"TETRA PAK SE MOBILISE POUR SOUTENIR LES POPULATIONS TOUCH\u00c9ES PAR LE S\u00c9ISME - MEDIA PLATEFORME | FR","isPartOf":{"@id":"https:\/\/www.mediaplateforme.com\/fr\/#website"},"datePublished":"2023-09-21T10:58:26+00:00","dateModified":"2023-09-21T10:58:46+00:00","author":{"@id":"https:\/\/www.mediaplateforme.com\/fr\/#\/schema\/person\/89833db382b5db2c76b094bc902aa12a"},"description":"Le r\u00e9cent s\u00e9isme qui a secou\u00e9 la r\u00e9gion d'Al Haouz a laiss\u00e9 une empreinte ind\u00e9l\u00e9bile dans nos c\u0153urs, \u00e0 la fois en raison pertes humaine","breadcrumb":{"@id":"https:\/\/www.mediaplateforme.com\/fr\/tetra-pak-se-mobilise-pour-soutenir-les-populations-touchees-par-le-seisme\/#breadcrumb"},"inLanguage":"fr-FR","potentialAction":[{"@type":"ReadAction","target":["https:\/\/www.mediaplateforme.com\/fr\/tetra-pak-se-mobilise-pour-soutenir-les-populations-touchees-par-le-seisme\/"]}]},{"@type":"BreadcrumbList","@id":"https:\/\/www.mediaplateforme.com\/fr\/tetra-pak-se-mobilise-pour-soutenir-les-populations-touchees-par-le-seisme\/#breadcrumb","itemListElement":[{"@type":"ListItem","position":1,"name":"\u0627\u0644\u0631\u0626\u064a\u0633\u064a\u0629","item":"https:\/\/www.mediaplateforme.com\/fr\/"},{"@type":"ListItem","position":2,"name":"TETRA PAK SE MOBILISE POUR SOUTENIR LES POPULATIONS TOUCH\u00c9ES PAR LE S\u00c9ISME"}]},{"@type":"WebSite","@id":"https:\/\/www.mediaplateforme.com\/fr\/#website","url":"https:\/\/www.mediaplateforme.com\/fr\/","name":"MEDIA PLATEFORME | FR","description":"Mediaplateforme sp\u00e9cialis\u00e9 dans la communication institutions publiques et des entreprises","potentialAction":[{"@type":"SearchAction","target":{"@type":"EntryPoint","urlTemplate":"https:\/\/www.mediaplateforme.com\/fr\/?s={search_term_string}"},"query-input":"required name=search_term_string"}],"inLanguage":"fr-FR"},{"@type":"Person","@id":"https:\/\/www.mediaplateforme.com\/fr\/#\/schema\/person\/89833db382b5db2c76b094bc902aa12a","name":"Mediaplateforme","image":{"@type":"ImageObject","inLanguage":"fr-FR","@id":"https:\/\/www.mediaplateforme.com\/fr\/#\/schema\/person\/image\/","url":"https:\/\/secure.gravatar.com\/avatar\/6c9c02e8928cc65d54bf75157f7b3a2d06d7ad0494ca0951f679552ff03b34c1?s=96&d=mm&r=g","contentUrl":"https:\/\/secure.gravatar.com\/avatar\/6c9c02e8928cc65d54bf75157f7b3a2d06d7ad0494ca0951f679552ff03b34c1?s=96&d=mm&r=g","caption":"Mediaplateforme"},"sameAs":["https:\/\/www.mediaplateforme.com"],"url":"https:\/\/www.mediaplateforme.com\/fr\/author\/mohamedladib\/"}]}},"_links":{"self":[{"href":"https:\/\/www.mediaplateforme.com\/fr\/wp-json\/wp\/v2\/posts\/4163","targetHints":{"allow":["GET"]}}],"collection":[{"href":"https:\/\/www.mediaplateforme.com\/fr\/wp-json\/wp\/v2\/posts"}],"about":[{"href":"https:\/\/www.mediaplateforme.com\/fr\/wp-json\/wp\/v2\/types\/post"}],"author":[{"embeddable":true,"href":"https:\/\/www.mediaplateforme.com\/fr\/wp-json\/wp\/v2\/users\/1"}],"replies":[{"embeddable":true,"href":"https:\/\/www.mediaplateforme.com\/fr\/wp-json\/wp\/v2\/comments?post=4163"}],"version-history":[{"count":2,"href":"https:\/\/www.mediaplateforme.com\/fr\/wp-json\/wp\/v2\/posts\/4163\/revisions"}],"predecessor-version":[{"id":4165,"href":"https:\/\/www.mediaplateforme.com\/fr\/wp-json\/wp\/v2\/posts\/4163\/revisions\/4165"}],"wp:featuredmedia":[{"embeddable":true,"href":"https:\/\/www.mediaplateforme.com\/fr\/wp-json\/wp\/v2\/media\/4060"}],"wp:attachment":[{"href":"https:\/\/www.mediaplateforme.com\/fr\/wp-json\/wp\/v2\/media?parent=4163"}],"wp:term":[{"taxonomy":"category","embeddable":true,"href":"https:\/\/www.mediaplateforme.com\/fr\/wp-json\/wp\/v2\/categories?post=4163"},{"taxonomy":"post_tag","embeddable":true,"href":"https:\/\/www.mediaplateforme.com\/fr\/wp-json\/wp\/v2\/tags?post=4163"}],"curies":[{"name":"wp","href":"https:\/\/api.w.org\/{rel}","templated":true}]}}