{"id":4123,"date":"2023-09-19T11:06:31","date_gmt":"2023-09-19T10:06:31","guid":{"rendered":"https:\/\/www.mediaplateforme.com\/fr\/?p=4123"},"modified":"2023-09-19T11:06:31","modified_gmt":"2023-09-19T10:06:31","slug":"sony-annonce-le-lancement-de-sa-nouvelle-camera-burano","status":"publish","type":"post","link":"https:\/\/www.mediaplateforme.com\/fr\/sony-annonce-le-lancement-de-sa-nouvelle-camera-burano\/","title":{"rendered":"Sony annonce le lancement de sa nouvelle cam\u00e9ra \u00ab\u00a0BURANO\u00a0\u00bb"},"content":{"rendered":"<p style=\"font-weight: 400;\">Sony Moyen-Orient et Afrique a le plaisir d&rsquo;annoncer le lancement de sa toute nouvelle cam\u00e9ra\u00a0<a href=\"https:\/\/pro.sony\/fr_FR\/products\/digital-cinema-cameras\/burano\" data-saferedirecturl=\"https:\/\/www.google.com\/url?q=https:\/\/pro.sony\/fr_FR\/products\/digital-cinema-cameras\/burano&amp;source=gmail&amp;ust=1695204144641000&amp;usg=AOvVaw0dDdpXjMjW6Sv_npI-4rqd\">BURANO<\/a>. Il s&rsquo;agit de la toute derni\u00e8re-n\u00e9e de la s\u00e9rie CineAlta qui comprend des cam\u00e9ras cin\u00e9ma num\u00e9riques haut de gamme. La nouvelle cam\u00e9ra BURANO est dot\u00e9e du m\u00eame capteur chromatique qui \u00e9quipe les cam\u00e9ras Sony VENICE 2 et qui est sp\u00e9cialement con\u00e7u pour permettre un maximum de mobilit\u00e9. Cette cam\u00e9ra de pointe, qui associe une qualit\u00e9 d&rsquo;image exceptionnelle \u00e0 une mobilit\u00e9 de premier ordre, est la toute premi\u00e8re cam\u00e9ra cin\u00e9ma num\u00e9rique au monde \u00e0 \u00eatre dot\u00e9e d&rsquo;une monture PL et \u00e0 disposer d&rsquo;un syst\u00e8me de stabilisation d&rsquo;image int\u00e9gr\u00e9. De plus, son bo\u00eetier compact re\u00e7oit, pour la premi\u00e8re fois, une structure de filtre ND \u00e9lectroniquement variable qui est beaucoup plus mince qu&rsquo;auparavant. Il int\u00e8gre \u00e9galement un m\u00e9canisme de stabilisation optique de l&rsquo;image ultra-avanc\u00e9 et in\u00e9dit. En retirant la monture d&rsquo;objectif PL, la cam\u00e9ra peut \u00eatre utilis\u00e9e avec des objectifs E-mount, en plus d\u2019\u00eatre capable de prendre en charge la mise au point automatique hybride rapide et la mise au point automatique de reconnaissance de sujet. Ce qui la rend id\u00e9ale pour capturer des sujets en mouvement rapide.<\/p>\n<h4 style=\"font-weight: 400;\"><strong>Principales caract\u00e9ristiques : Un tr\u00e8s puissant capteur plein format 8,6K<\/strong><\/h4>\n<p style=\"font-weight: 400;\">Int\u00e9grant la fameuse technologie de gestion des couleurs qui \u00e9quipe les cam\u00e9ras VENICE, la BURANO s&rsquo;arme d&rsquo;un capteur plein format 8,6K qui reprend la plupart des sp\u00e9cifications des cam\u00e9ras VENICE 2, ce qui lui permet d&rsquo;\u00eatre extr\u00eamement polyvalente. Son capteur offre une sensibilit\u00e9 de base double (de 800 et de 3200 ISO), en plus d&rsquo;une plage dynamique de 16 diaphragmes qui permet d&rsquo;obtenir des images \u00e9poustouflantes m\u00eame dans les conditions d&rsquo;\u00e9clairage les plus difficiles.<\/p>\n<p style=\"font-weight: 400;\">Comme toutes les cam\u00e9ras de la gamme Cinema plein format de Sony, la BURANO a la capacit\u00e9 de filmer en plein format, mais aussi en mode Super 35. Elle dispose \u00e9galement d&rsquo;une fonction de d\u00e9sanamorphisation pour les objectifs anamorphiques. Elle est en outre capable d&rsquo;enregistrer \u00e0 des cadences allant jusqu&rsquo;\u00e0 8K \u00e0 30 images par seconde, 6K \u00e0 60 images par seconde ou 4K \u00e0 120 images par seconde.<\/p>\n<p style=\"font-weight: 400;\">La BURANO arbore un corps compact et l\u00e9ger pour une grande mobilit\u00e9. Son corps est environ 32 mm plus court et 1,4 kg plus l\u00e9ger qu\u2019une cam\u00e9ra Sony VENICE 2. La BURANO est log\u00e9e dans un ch\u00e2ssis en magn\u00e9sium robuste, ce qui la rend adapt\u00e9e aux tournages dans les environnements les plus exigeants. Les mat\u00e9riaux de la cam\u00e9ra et des sacs d&rsquo;accessoires sont principalement constitu\u00e9s de cellulose d&rsquo;origine v\u00e9g\u00e9tale (au lieu du plastique), ce qui souligne une nouvelle fois l&rsquo;engagement de Sony en faveur de l\u2019environnement. Elle re\u00e7oit aussi un coussin en p\u00e2te moul\u00e9e qui est utilis\u00e9 sur la cam\u00e9ra comme mat\u00e9riau de rembourrage, \u00e9vitant ainsi l&rsquo;utilisation de polystyr\u00e8ne expans\u00e9.<\/p>\n<h4 style=\"font-weight: 400;\"><strong>Stabilisation optique int\u00e9gr\u00e9e de haute qualit\u00e9<\/strong><\/h4>\n<p style=\"font-weight: 400;\">La BURANO est la premi\u00e8re cam\u00e9ra cin\u00e9ma num\u00e9rique au monde avec monture PL \u00e0 prendre en charge la stabilisation d&rsquo;image int\u00e9gr\u00e9e. Gr\u00e2ce \u00e0 un m\u00e9canisme de stabilisation d&rsquo;image nouvellement d\u00e9velopp\u00e9 et \u00e0 un algorithme de contr\u00f4le qui tire parti de la technologie avanc\u00e9e de stabilisation d&rsquo;image d\u00e9velopp\u00e9e pour la s\u00e9rie Sony Alpha\u2122 des appareils photo sans miroir \u00e0 objectifs interchangeables, les mouvements ind\u00e9sirables de la cam\u00e9ra, tels que ceux survenant lors de prises de vue \u00e0 main lev\u00e9e ou en marchant, peuvent \u00eatre corrig\u00e9s lors de la prise de vue avec un objectif E-mount ou PL-mount.<\/p>\n<h4 style=\"font-weight: 400;\"><strong>Filtre ND variable pour un contr\u00f4le accru et une optimisation de l&rsquo;exposition<\/strong><\/h4>\n<p style=\"font-weight: 400;\">La BURANO est \u00e9quip\u00e9e d&rsquo;un filtre ND \u00e9lectronique variable de 0,6 \u00e0 2,1, permettant ainsi d\u2019op\u00e9rer des ajustements faciles en fonction des diverses conditions d&rsquo;\u00e9clairage. De plus, son filtre ND \u00e9lectronique variable permet de contr\u00f4ler la profondeur du champ et de s&rsquo;adapter \u00e0 l&rsquo;exposition.<\/p>\n<h4 style=\"font-weight: 400;\"><strong>Objectifs E-mount pour un choix \u00e9tendu<\/strong><\/h4>\n<p style=\"font-weight: 400;\">Plus de 70 objectifs E-mount peuvent \u00eatre utilis\u00e9s sur cette cam\u00e9ra qui offre, en plus, la possibilit\u00e9 de profiter de tous les avantages de la fonction de stabilisation d&rsquo;image de haute qualit\u00e9 d\u00e9velopp\u00e9e avec Alpha\u2122. Cette cam\u00e9ra permet en outre de profiter du syst\u00e8me de mise au point automatique hybride rapide qui combine tous les avantages de la d\u00e9tection de phase et de la m\u00e9thode de d\u00e9tection de contraste.\u00a0 Elle permet aussi d\u2019exploiter le syst\u00e8me de mise au point automatique de reconnaissance de sujet de haute pr\u00e9cision gr\u00e2ce \u00e0 l&rsquo;IA. Il est important enfin de souligner que l&rsquo;utilisation d&rsquo;un objectif E-mount est de nature \u00e0 r\u00e9duire consid\u00e9rablement le poids et la taille de la cam\u00e9ra.<\/p>\n<h4 style=\"font-weight: 400;\"><strong>Une conception de bo\u00eetier mise \u00e0 jour pour une plus grande ergonomie<\/strong><\/h4>\n<p style=\"font-weight: 400;\">La BURANO int\u00e8gre plusieurs am\u00e9liorations de conception bas\u00e9es sur les retours de la communaut\u00e9 cin\u00e9matographique. Par exemple, tous les boutons du menu sont positionn\u00e9s du c\u00f4t\u00e9 de l&rsquo;op\u00e9rateur de cam\u00e9ra. De plus, les t\u00e9moins lumineux sont plac\u00e9s \u00e0 trois emplacements afin de faciliter, au maximum, la v\u00e9rification de l&rsquo;\u00e9tat de la prise de vue par les op\u00e9rateurs. Le moniteur LCD multifonction de 3,5 pouces peut \u00eatre utilis\u00e9 comme viseur, pour la mise au point tactile ou le contr\u00f4le du menu. La BURANO est \u00e9galement pourvue d&rsquo;une poign\u00e9e robuste (en option) en forme de T, d&rsquo;un bras de viseur, de deux entr\u00e9es audio XLR \u00e0 3 broches et d&rsquo;une prise casque (mini-jack st\u00e9r\u00e9o), pratique pour les prises de vue en solo.<\/p>\n<h4 style=\"font-weight: 400;\"><strong>Diff\u00e9rents formats d&rsquo;enregistrement pour une flexibilit\u00e9 accrue<\/strong><\/h4>\n<p style=\"font-weight: 400;\">La BURANO est capable d\u2019enregistrer en HD ou en 8K, et ce en fonction de la r\u00e9solution, du format d&rsquo;image et du codec. La BURANO prend en charge plusieurs formats d&rsquo;enregistrement internes, tels que le nouveau\u00a0<a href=\"https:\/\/pro.sony\/en_SG\/technology\/xavc?cmp=scl-f23-pse-90263\" data-saferedirecturl=\"https:\/\/www.google.com\/url?q=https:\/\/pro.sony\/en_SG\/technology\/xavc?cmp%3Dscl-f23-pse-90263&amp;source=gmail&amp;ust=1695204144641000&amp;usg=AOvVaw3Br6rg8aXcpucs5pc2cTgn\">XAVC H\u2122<\/a>\u00a0pour la 8K, qui utilise le codec MPEG-H HEVC\/H.265 \u00e0 haute efficacit\u00e9 de compression. D&rsquo;autres formats d&rsquo;enregistrement incluent le XAVC et le X-OCN LT. Le X-OCN est le format RAW compress\u00e9 original de Sony qui permet d\u2019enregistrer avec des donn\u00e9es lin\u00e9aires 16 bits, offrant ainsi aux cin\u00e9astes plus de libert\u00e9 dans la post-production pour ce qui est de l&rsquo;\u00e9talonnage des couleurs. Le X-OCN LT est capable de r\u00e9duire le temps de transfert des fichiers et la taille de stockage, rendant les flux de travail de post-production beaucoup plus efficaces que les versions standard des donn\u00e9es RAW.<\/p>\n<p style=\"font-weight: 400;\">La BURANO est \u00e9galement \u00e9quip\u00e9e de deux nouveaux emplacements de carte m\u00e9moire CFexpress de type B. Elle est en outre capable de prendre en charge le VPG400 et de maintenir ainsi un enregistrement \u00e0 haut d\u00e9bit de donn\u00e9es vid\u00e9o, y compris le X-OCN LT 8K. Il convient de souligner que Sony sortira bient\u00f4t de nouvelles cartes m\u00e9moire CFexpress de type B compatibles, CEB-G1920T (1920 Go)\/CEB-G960T (960 Go).<\/p>\n<h4 style=\"font-weight: 400;\"><strong>Un \u00e9cosyst\u00e8me de production \u00e0 la fois polyvalent et efficace<\/strong><\/h4>\n<p style=\"font-weight: 400;\">La BURANO prend en charge divers modes d&rsquo;enregistrement logarithmique, notamment S-Gamut3 et S-Gamut.Cine, qui sont des espaces colorim\u00e9triques couvrant un gamut de couleurs sup\u00e9rieur \u00e0 BT.2020 et DCI-P3. La BURANO peut reproduire les m\u00eames couleurs que toutes les cam\u00e9ras de la gamme Cin\u00e9ma de Sony, y compris les VENICE 2.<\/p>\n<p style=\"font-weight: 400;\">La BURANO est livr\u00e9e avec quatre nouveaux filtres cin\u00e9matographiques : Chaud, Froid, Vintage, Bleu-vert et Orange, en plus de prendre en charge les tables de correspondance (LUTs) standard de l&rsquo;industrie s709 et 709 (800%).<\/p>\n<p style=\"font-weight: 400;\">De plus, et \u00e0 l\u2019instar de la s\u00e9rie VENICE entre autres, la BURANO peut \u00eatre utilis\u00e9e pour la production virtuelle avec des \u00e9crans LED grand format tels que le Crystal LED VERONA de Sony. La cam\u00e9ra est \u00e9galement dot\u00e9e de la synchronisation g\u00e9n\u00e9rique.<\/p>\n<p style=\"font-weight: 400;\">Sony sortira s\u00e9par\u00e9ment la t\u00e9l\u00e9commande Grip GP-VR100 pour cam\u00e9ras BURANO. Cette t\u00e9l\u00e9commande permettra de contr\u00f4ler le levier de zoom et le bouton de d\u00e9marrage\/arr\u00eat de l&rsquo;enregistrement, particuli\u00e8rement utile dans les configurations de tournage en solo.<\/p>\n<p style=\"font-weight: 400;\">Il est \u00e0 noter que la BURANO sera capable de prendre en charge le protocole S700 via Ethernet ainsi qu&rsquo;une fonction de d\u00e9sanamorphisation 1,5x lors de l\u2019utilisation d\u2019un objectif anamorphique, et ce \u00e0 partir de juillet 2024 ou ult\u00e9rieurement. De plus, des mises \u00e0 jour suppl\u00e9mentaires bas\u00e9es sur les retours et les suggestions des utilisateurs seront d\u00e9ploy\u00e9es \u00e0 l&rsquo;avenir.<\/p>\n<h4 style=\"font-weight: 400;\"><strong>Am\u00e9lioration continue de la gamme Cin\u00e9ma, tant au niveau mat\u00e9riel que logiciel<\/strong><\/h4>\n<p style=\"font-weight: 400;\"><a href=\"https:\/\/www.sony-asia.com\/electronics\/cinema-line\" data-saferedirecturl=\"https:\/\/www.google.com\/url?q=https:\/\/www.sony-asia.com\/electronics\/cinema-line&amp;source=gmail&amp;ust=1695204144641000&amp;usg=AOvVaw0adqNbIG2TbObL9Pm4yKAx\">La gamme Cin\u00e9ma<\/a>\u00a0est une s\u00e9rie de produits de cam\u00e9ras destin\u00e9e aux cr\u00e9ateurs de contenu, qui permet non seulement d\u2019obtenir ce rendu cin\u00e9matographique qui est tant convoit\u00e9, mais aussi de b\u00e9n\u00e9ficier d\u2019une convivialit\u00e9 et d\u2019une fiabilit\u00e9 am\u00e9lior\u00e9es qui permettent de r\u00e9pondre aux divers besoins des cr\u00e9ateurs les plus exigeants. Destin\u00e9e \u00e0 \u00e9voluer en permanence, la gamme Cinema comprend actuellement les cam\u00e9ras haut de gamme CineAlta VENICE, VENICE 2, BURANO, ainsi que les diff\u00e9rents mod\u00e8les FX, FR7 et PTZ. Du point de vue logiciel, la nouvelle application mobile, Monitor &amp; Control, faisant partie du Sony Creators\u2019 Cloud, est parfaitement compatible avec les mod\u00e8les FX3, FX30, entre autres. Con\u00e7ue en pensant aux cr\u00e9ateurs visuels, cette application permet m\u00eame de r\u00e9aliser des surveillances vid\u00e9o sans fil, en plus d\u2019\u00eatre capable de prendre en charge la d\u00e9termination de l&rsquo;exposition de haute pr\u00e9cision, et ce gr\u00e2ce \u00e0 l&rsquo;utilisation de faux couleurs et de moniteurs d&rsquo;ondes. Elle permet enfin de profiter de mises au point intuitives avec des cam\u00e9ras compatibles, et ce \u00e0 partir de l&rsquo;\u00e9cran d&rsquo;un smartphone ou d&rsquo;une tablette.<\/p>\n<h4 style=\"font-weight: 400;\"><strong>Disponibilit\u00e9<\/strong><\/h4>\n<p style=\"font-weight: 400;\">La BURANO, les cartes m\u00e9moire CFexpress de type B, CEB-G1920T (1920 Go)\/CEB-G960T (960 Go) et la nouvelle t\u00e9l\u00e9commande Grip GP-VR100 (vendue s\u00e9par\u00e9ment) seront disponibles aux \u00c9mirats arabes unis \u00e0 partir de novembre 2023.<\/p>\n","protected":false},"excerpt":{"rendered":"<p>Sony Moyen-Orient et Afrique a le plaisir d&rsquo;annoncer le lancement de sa toute nouvelle cam\u00e9ra\u00a0BURANO.<\/p>\n","protected":false},"author":1,"featured_media":4124,"comment_status":"open","ping_status":"open","sticky":false,"template":"","format":"standard","meta":{"_acf_changed":false,"footnotes":""},"categories":[5,3],"tags":[1297],"class_list":["post-4123","post","type-post","status-publish","format-standard","has-post-thumbnail","hentry","category-tech","category-nouvelles-selectionnees","tag-sony-moyen-orient-et-afrique"],"acf":[],"yoast_head":"<!-- This site is optimized with the Yoast SEO plugin v22.0 - https:\/\/yoast.com\/wordpress\/plugins\/seo\/ -->\n<title>Sony annonce le lancement de sa nouvelle cam\u00e9ra &quot;BURANO&quot; - MEDIA PLATEFORME | FR<\/title>\n<meta name=\"description\" content=\"Sony Moyen-Orient et Afrique a le plaisir d&#039;annoncer le lancement de sa toute nouvelle cam\u00e9ra\u00a0BURANO. Il s&#039;agit de la toute derni\u00e8re-n\u00e9e\" \/>\n<meta name=\"robots\" content=\"index, follow, max-snippet:-1, max-image-preview:large, max-video-preview:-1\" \/>\n<link rel=\"canonical\" href=\"https:\/\/www.mediaplateforme.com\/fr\/sony-annonce-le-lancement-de-sa-nouvelle-camera-burano\/\" \/>\n<meta property=\"og:locale\" content=\"fr_FR\" \/>\n<meta property=\"og:type\" content=\"article\" \/>\n<meta property=\"og:title\" content=\"Sony annonce le lancement de sa nouvelle cam\u00e9ra &quot;BURANO&quot; - MEDIA PLATEFORME | FR\" \/>\n<meta property=\"og:description\" content=\"Sony Moyen-Orient et Afrique a le plaisir d&#039;annoncer le lancement de sa toute nouvelle cam\u00e9ra\u00a0BURANO. Il s&#039;agit de la toute derni\u00e8re-n\u00e9e\" \/>\n<meta property=\"og:url\" content=\"https:\/\/www.mediaplateforme.com\/fr\/sony-annonce-le-lancement-de-sa-nouvelle-camera-burano\/\" \/>\n<meta property=\"og:site_name\" content=\"MEDIA PLATEFORME | FR\" \/>\n<meta property=\"article:published_time\" content=\"2023-09-19T10:06:31+00:00\" \/>\n<meta property=\"og:image\" content=\"https:\/\/www.mediaplateforme.com\/fr\/wp-content\/uploads\/sites\/5\/2023\/09\/CX96800_28_image_loupe-Mid.jpg\" \/>\n\t<meta property=\"og:image:width\" content=\"1200\" \/>\n\t<meta property=\"og:image:height\" content=\"900\" \/>\n\t<meta property=\"og:image:type\" content=\"image\/jpeg\" \/>\n<meta name=\"author\" content=\"Mediaplateforme\" \/>\n<meta name=\"twitter:card\" content=\"summary_large_image\" \/>\n<meta name=\"twitter:label1\" content=\"\u00c9crit par\" \/>\n\t<meta name=\"twitter:data1\" content=\"Mediaplateforme\" \/>\n\t<meta name=\"twitter:label2\" content=\"Dur\u00e9e de lecture estim\u00e9e\" \/>\n\t<meta name=\"twitter:data2\" content=\"8 minutes\" \/>\n<script type=\"application\/ld+json\" class=\"yoast-schema-graph\">{\"@context\":\"https:\/\/schema.org\",\"@graph\":[{\"@type\":\"WebPage\",\"@id\":\"https:\/\/www.mediaplateforme.com\/fr\/sony-annonce-le-lancement-de-sa-nouvelle-camera-burano\/\",\"url\":\"https:\/\/www.mediaplateforme.com\/fr\/sony-annonce-le-lancement-de-sa-nouvelle-camera-burano\/\",\"name\":\"Sony annonce le lancement de sa nouvelle cam\u00e9ra \\\"BURANO\\\" - MEDIA PLATEFORME | FR\",\"isPartOf\":{\"@id\":\"https:\/\/www.mediaplateforme.com\/fr\/#website\"},\"datePublished\":\"2023-09-19T10:06:31+00:00\",\"dateModified\":\"2023-09-19T10:06:31+00:00\",\"author\":{\"@id\":\"https:\/\/www.mediaplateforme.com\/fr\/#\/schema\/person\/89833db382b5db2c76b094bc902aa12a\"},\"description\":\"Sony Moyen-Orient et Afrique a le plaisir d'annoncer le lancement de sa toute nouvelle cam\u00e9ra\u00a0BURANO. Il s'agit de la toute derni\u00e8re-n\u00e9e\",\"breadcrumb\":{\"@id\":\"https:\/\/www.mediaplateforme.com\/fr\/sony-annonce-le-lancement-de-sa-nouvelle-camera-burano\/#breadcrumb\"},\"inLanguage\":\"fr-FR\",\"potentialAction\":[{\"@type\":\"ReadAction\",\"target\":[\"https:\/\/www.mediaplateforme.com\/fr\/sony-annonce-le-lancement-de-sa-nouvelle-camera-burano\/\"]}]},{\"@type\":\"BreadcrumbList\",\"@id\":\"https:\/\/www.mediaplateforme.com\/fr\/sony-annonce-le-lancement-de-sa-nouvelle-camera-burano\/#breadcrumb\",\"itemListElement\":[{\"@type\":\"ListItem\",\"position\":1,\"name\":\"\u0627\u0644\u0631\u0626\u064a\u0633\u064a\u0629\",\"item\":\"https:\/\/www.mediaplateforme.com\/fr\/\"},{\"@type\":\"ListItem\",\"position\":2,\"name\":\"Sony annonce le lancement de sa nouvelle cam\u00e9ra &#8220;BURANO&#8221;\"}]},{\"@type\":\"WebSite\",\"@id\":\"https:\/\/www.mediaplateforme.com\/fr\/#website\",\"url\":\"https:\/\/www.mediaplateforme.com\/fr\/\",\"name\":\"MEDIA PLATEFORME | FR\",\"description\":\"Mediaplateforme sp\u00e9cialis\u00e9 dans la communication institutions publiques et des entreprises\",\"potentialAction\":[{\"@type\":\"SearchAction\",\"target\":{\"@type\":\"EntryPoint\",\"urlTemplate\":\"https:\/\/www.mediaplateforme.com\/fr\/?s={search_term_string}\"},\"query-input\":\"required name=search_term_string\"}],\"inLanguage\":\"fr-FR\"},{\"@type\":\"Person\",\"@id\":\"https:\/\/www.mediaplateforme.com\/fr\/#\/schema\/person\/89833db382b5db2c76b094bc902aa12a\",\"name\":\"Mediaplateforme\",\"image\":{\"@type\":\"ImageObject\",\"inLanguage\":\"fr-FR\",\"@id\":\"https:\/\/www.mediaplateforme.com\/fr\/#\/schema\/person\/image\/\",\"url\":\"https:\/\/secure.gravatar.com\/avatar\/6c9c02e8928cc65d54bf75157f7b3a2d06d7ad0494ca0951f679552ff03b34c1?s=96&d=mm&r=g\",\"contentUrl\":\"https:\/\/secure.gravatar.com\/avatar\/6c9c02e8928cc65d54bf75157f7b3a2d06d7ad0494ca0951f679552ff03b34c1?s=96&d=mm&r=g\",\"caption\":\"Mediaplateforme\"},\"sameAs\":[\"https:\/\/www.mediaplateforme.com\"],\"url\":\"https:\/\/www.mediaplateforme.com\/fr\/author\/mohamedladib\/\"}]}<\/script>\n<!-- \/ Yoast SEO plugin. -->","yoast_head_json":{"title":"Sony annonce le lancement de sa nouvelle cam\u00e9ra \"BURANO\" - MEDIA PLATEFORME | FR","description":"Sony Moyen-Orient et Afrique a le plaisir d'annoncer le lancement de sa toute nouvelle cam\u00e9ra\u00a0BURANO. Il s'agit de la toute derni\u00e8re-n\u00e9e","robots":{"index":"index","follow":"follow","max-snippet":"max-snippet:-1","max-image-preview":"max-image-preview:large","max-video-preview":"max-video-preview:-1"},"canonical":"https:\/\/www.mediaplateforme.com\/fr\/sony-annonce-le-lancement-de-sa-nouvelle-camera-burano\/","og_locale":"fr_FR","og_type":"article","og_title":"Sony annonce le lancement de sa nouvelle cam\u00e9ra \"BURANO\" - MEDIA PLATEFORME | FR","og_description":"Sony Moyen-Orient et Afrique a le plaisir d'annoncer le lancement de sa toute nouvelle cam\u00e9ra\u00a0BURANO. Il s'agit de la toute derni\u00e8re-n\u00e9e","og_url":"https:\/\/www.mediaplateforme.com\/fr\/sony-annonce-le-lancement-de-sa-nouvelle-camera-burano\/","og_site_name":"MEDIA PLATEFORME | FR","article_published_time":"2023-09-19T10:06:31+00:00","og_image":[{"width":1200,"height":900,"url":"https:\/\/www.mediaplateforme.com\/fr\/wp-content\/uploads\/sites\/5\/2023\/09\/CX96800_28_image_loupe-Mid.jpg","type":"image\/jpeg"}],"author":"Mediaplateforme","twitter_card":"summary_large_image","twitter_misc":{"\u00c9crit par":"Mediaplateforme","Dur\u00e9e de lecture estim\u00e9e":"8 minutes"},"schema":{"@context":"https:\/\/schema.org","@graph":[{"@type":"WebPage","@id":"https:\/\/www.mediaplateforme.com\/fr\/sony-annonce-le-lancement-de-sa-nouvelle-camera-burano\/","url":"https:\/\/www.mediaplateforme.com\/fr\/sony-annonce-le-lancement-de-sa-nouvelle-camera-burano\/","name":"Sony annonce le lancement de sa nouvelle cam\u00e9ra \"BURANO\" - MEDIA PLATEFORME | FR","isPartOf":{"@id":"https:\/\/www.mediaplateforme.com\/fr\/#website"},"datePublished":"2023-09-19T10:06:31+00:00","dateModified":"2023-09-19T10:06:31+00:00","author":{"@id":"https:\/\/www.mediaplateforme.com\/fr\/#\/schema\/person\/89833db382b5db2c76b094bc902aa12a"},"description":"Sony Moyen-Orient et Afrique a le plaisir d'annoncer le lancement de sa toute nouvelle cam\u00e9ra\u00a0BURANO. Il s'agit de la toute derni\u00e8re-n\u00e9e","breadcrumb":{"@id":"https:\/\/www.mediaplateforme.com\/fr\/sony-annonce-le-lancement-de-sa-nouvelle-camera-burano\/#breadcrumb"},"inLanguage":"fr-FR","potentialAction":[{"@type":"ReadAction","target":["https:\/\/www.mediaplateforme.com\/fr\/sony-annonce-le-lancement-de-sa-nouvelle-camera-burano\/"]}]},{"@type":"BreadcrumbList","@id":"https:\/\/www.mediaplateforme.com\/fr\/sony-annonce-le-lancement-de-sa-nouvelle-camera-burano\/#breadcrumb","itemListElement":[{"@type":"ListItem","position":1,"name":"\u0627\u0644\u0631\u0626\u064a\u0633\u064a\u0629","item":"https:\/\/www.mediaplateforme.com\/fr\/"},{"@type":"ListItem","position":2,"name":"Sony annonce le lancement de sa nouvelle cam\u00e9ra &#8220;BURANO&#8221;"}]},{"@type":"WebSite","@id":"https:\/\/www.mediaplateforme.com\/fr\/#website","url":"https:\/\/www.mediaplateforme.com\/fr\/","name":"MEDIA PLATEFORME | FR","description":"Mediaplateforme sp\u00e9cialis\u00e9 dans la communication institutions publiques et des entreprises","potentialAction":[{"@type":"SearchAction","target":{"@type":"EntryPoint","urlTemplate":"https:\/\/www.mediaplateforme.com\/fr\/?s={search_term_string}"},"query-input":"required name=search_term_string"}],"inLanguage":"fr-FR"},{"@type":"Person","@id":"https:\/\/www.mediaplateforme.com\/fr\/#\/schema\/person\/89833db382b5db2c76b094bc902aa12a","name":"Mediaplateforme","image":{"@type":"ImageObject","inLanguage":"fr-FR","@id":"https:\/\/www.mediaplateforme.com\/fr\/#\/schema\/person\/image\/","url":"https:\/\/secure.gravatar.com\/avatar\/6c9c02e8928cc65d54bf75157f7b3a2d06d7ad0494ca0951f679552ff03b34c1?s=96&d=mm&r=g","contentUrl":"https:\/\/secure.gravatar.com\/avatar\/6c9c02e8928cc65d54bf75157f7b3a2d06d7ad0494ca0951f679552ff03b34c1?s=96&d=mm&r=g","caption":"Mediaplateforme"},"sameAs":["https:\/\/www.mediaplateforme.com"],"url":"https:\/\/www.mediaplateforme.com\/fr\/author\/mohamedladib\/"}]}},"_links":{"self":[{"href":"https:\/\/www.mediaplateforme.com\/fr\/wp-json\/wp\/v2\/posts\/4123","targetHints":{"allow":["GET"]}}],"collection":[{"href":"https:\/\/www.mediaplateforme.com\/fr\/wp-json\/wp\/v2\/posts"}],"about":[{"href":"https:\/\/www.mediaplateforme.com\/fr\/wp-json\/wp\/v2\/types\/post"}],"author":[{"embeddable":true,"href":"https:\/\/www.mediaplateforme.com\/fr\/wp-json\/wp\/v2\/users\/1"}],"replies":[{"embeddable":true,"href":"https:\/\/www.mediaplateforme.com\/fr\/wp-json\/wp\/v2\/comments?post=4123"}],"version-history":[{"count":1,"href":"https:\/\/www.mediaplateforme.com\/fr\/wp-json\/wp\/v2\/posts\/4123\/revisions"}],"predecessor-version":[{"id":4125,"href":"https:\/\/www.mediaplateforme.com\/fr\/wp-json\/wp\/v2\/posts\/4123\/revisions\/4125"}],"wp:featuredmedia":[{"embeddable":true,"href":"https:\/\/www.mediaplateforme.com\/fr\/wp-json\/wp\/v2\/media\/4124"}],"wp:attachment":[{"href":"https:\/\/www.mediaplateforme.com\/fr\/wp-json\/wp\/v2\/media?parent=4123"}],"wp:term":[{"taxonomy":"category","embeddable":true,"href":"https:\/\/www.mediaplateforme.com\/fr\/wp-json\/wp\/v2\/categories?post=4123"},{"taxonomy":"post_tag","embeddable":true,"href":"https:\/\/www.mediaplateforme.com\/fr\/wp-json\/wp\/v2\/tags?post=4123"}],"curies":[{"name":"wp","href":"https:\/\/api.w.org\/{rel}","templated":true}]}}