{"id":4120,"date":"2023-09-18T18:21:25","date_gmt":"2023-09-18T17:21:25","guid":{"rendered":"https:\/\/www.mediaplateforme.com\/fr\/?p=4120"},"modified":"2023-09-18T18:21:25","modified_gmt":"2023-09-18T17:21:25","slug":"drc-agribusiness-forum-la-revanche-du-sol-sur-le-sous-sol","status":"publish","type":"post","link":"https:\/\/www.mediaplateforme.com\/fr\/drc-agribusiness-forum-la-revanche-du-sol-sur-le-sous-sol\/","title":{"rendered":"DRC Agribusiness Forum : \u00ab\u00a0La revanche du sol sur le sous-sol\u00a0\u00bb"},"content":{"rendered":"<p>Le Minist\u00e8re des Finances et le Minist\u00e8re de l\u2019Agriculture de la R\u00e9publique D\u00e9mocratique du Congo (RDC), en collaboration avec la Soci\u00e9t\u00e9 financi\u00e8re internationale (IFC), la Banque Africaine de D\u00e9veloppement (BAD), et One Africa Forums, annoncent l&rsquo;organisation d&rsquo;un \u00e9v\u00e9nement pionnier les 4 et 5 octobre \u00e0 Kinshasa : le DRC Agribusiness Forum.<\/p>\n<h4>Un \u00c9v\u00e9nement Soutenu par des Figures de Poids<\/h4>\n<p>L&rsquo;\u00e9v\u00e9nement est soutenu par des personnalit\u00e9s importantes telles que Son Excellence\u00a0Monsieur F\u00e9lix-Antoine Tshisekedi Tshilombo, Pr\u00e9sident de la RDC, S\u00e9rgio Pimenta, VicePr\u00e9sident de l&rsquo;IFC pour l&rsquo;Afrique, et Adesina Akinwunmi, Pr\u00e9sident de la BAD. Le forum pr\u00e9voit de r\u00e9unir plus de 500 professionnels sp\u00e9cialis\u00e9s, responsables gouvernementaux, organismes de financement et investisseurs du secteur.<\/p>\n<h4>Le Th\u00e8me : \u00ab\u00a0La revanche du sol sur le sous-sol\u00a0\u00bb<\/h4>\n<p>Ce th\u00e8me, \u00e9nonc\u00e9 par le Pr\u00e9sident F\u00e9lix Tshisekedi lors d\u2019une r\u00e9union du Conseil des Ministres, met en avant le potentiel d&rsquo;investissement dans le secteur de l&rsquo;agribusiness en RDC. Il annonce la mise en \u0153uvre d\u2019un Conseil Consultatif Pr\u00e9sidentiel pour le Pacte National de l\u2019Agriculture et de l\u2019Alimentation (CCP-PNAA).<\/p>\n<h4>Le Potentiel Agricole de la RDC<\/h4>\n<p>Souvent connue pour ses vastes ressources naturelles enfouies sous terre, la RDC reconna\u00eet \u00e9galement le potentiel exceptionnel de son secteur agricole, qui contribue \u00e0 environ 20% du PIB et emploie pr\u00e8s de 70% de la population. Le forum vise \u00e0 mettre en lumi\u00e8re ce potentiel et \u00e0 stimuler des investissements strat\u00e9giques dans le secteur.<\/p>\n<h4>Vers un Avenir Meilleur<\/h4>\n<p>\u00ab\u00a0Dans un contexte mondial marqu\u00e9 par les crises \u00e9cologiques et s\u00e9curitaires, la RDC a d\u00e9cid\u00e9 de placer l&rsquo;agriculture au c\u0153ur de son d\u00e9veloppement \u00e9conomique. Ce forum est une occasion unique de mettre en exergue le mod\u00e8le agricole congolais\u00a0\u00bb, ont d\u00e9clar\u00e9 les organisateurs.<\/p>\n","protected":false},"excerpt":{"rendered":"<p>Le Minist\u00e8re des Finances et le Minist\u00e8re de l\u2019Agriculture de la R\u00e9publique D\u00e9mocratique du Congo<\/p>\n","protected":false},"author":1,"featured_media":4121,"comment_status":"open","ping_status":"open","sticky":false,"template":"","format":"standard","meta":{"_acf_changed":false,"footnotes":""},"categories":[2,3],"tags":[429,1296],"class_list":["post-4120","post","type-post","status-publish","format-standard","has-post-thumbnail","hentry","category-nouvelles","category-nouvelles-selectionnees","tag-congo","tag-drc-agribusiness-forum"],"acf":[],"yoast_head":"<!-- This site is optimized with the Yoast SEO plugin v22.0 - https:\/\/yoast.com\/wordpress\/plugins\/seo\/ -->\n<title>DRC Agribusiness Forum : &quot;La revanche du sol sur le sous-sol&quot; - MEDIA PLATEFORME | FR<\/title>\n<meta name=\"description\" content=\"Le Minist\u00e8re des Finances et le Minist\u00e8re de l\u2019Agriculture de la R\u00e9publique D\u00e9mocratique du Congo (RDC), en collaboration avec la Soci\u00e9t\u00e9\" \/>\n<meta name=\"robots\" content=\"index, follow, max-snippet:-1, max-image-preview:large, max-video-preview:-1\" \/>\n<link rel=\"canonical\" href=\"https:\/\/www.mediaplateforme.com\/fr\/drc-agribusiness-forum-la-revanche-du-sol-sur-le-sous-sol\/\" \/>\n<meta property=\"og:locale\" content=\"fr_FR\" \/>\n<meta property=\"og:type\" content=\"article\" \/>\n<meta property=\"og:title\" content=\"DRC Agribusiness Forum : &quot;La revanche du sol sur le sous-sol&quot; - MEDIA PLATEFORME | FR\" \/>\n<meta property=\"og:description\" content=\"Le Minist\u00e8re des Finances et le Minist\u00e8re de l\u2019Agriculture de la R\u00e9publique D\u00e9mocratique du Congo (RDC), en collaboration avec la Soci\u00e9t\u00e9\" \/>\n<meta property=\"og:url\" content=\"https:\/\/www.mediaplateforme.com\/fr\/drc-agribusiness-forum-la-revanche-du-sol-sur-le-sous-sol\/\" \/>\n<meta property=\"og:site_name\" content=\"MEDIA PLATEFORME | FR\" \/>\n<meta property=\"article:published_time\" content=\"2023-09-18T17:21:25+00:00\" \/>\n<meta property=\"og:image\" content=\"https:\/\/www.mediaplateforme.com\/fr\/wp-content\/uploads\/sites\/5\/2023\/09\/africa.jpg\" \/>\n\t<meta property=\"og:image:width\" content=\"967\" \/>\n\t<meta property=\"og:image:height\" content=\"557\" \/>\n\t<meta property=\"og:image:type\" content=\"image\/jpeg\" \/>\n<meta name=\"author\" content=\"Mediaplateforme\" \/>\n<meta name=\"twitter:card\" content=\"summary_large_image\" \/>\n<meta name=\"twitter:label1\" content=\"\u00c9crit par\" \/>\n\t<meta name=\"twitter:data1\" content=\"Mediaplateforme\" \/>\n\t<meta name=\"twitter:label2\" content=\"Dur\u00e9e de lecture estim\u00e9e\" \/>\n\t<meta name=\"twitter:data2\" content=\"2 minutes\" \/>\n<script type=\"application\/ld+json\" class=\"yoast-schema-graph\">{\"@context\":\"https:\/\/schema.org\",\"@graph\":[{\"@type\":\"WebPage\",\"@id\":\"https:\/\/www.mediaplateforme.com\/fr\/drc-agribusiness-forum-la-revanche-du-sol-sur-le-sous-sol\/\",\"url\":\"https:\/\/www.mediaplateforme.com\/fr\/drc-agribusiness-forum-la-revanche-du-sol-sur-le-sous-sol\/\",\"name\":\"DRC Agribusiness Forum : \\\"La revanche du sol sur le sous-sol\\\" - MEDIA PLATEFORME | FR\",\"isPartOf\":{\"@id\":\"https:\/\/www.mediaplateforme.com\/fr\/#website\"},\"datePublished\":\"2023-09-18T17:21:25+00:00\",\"dateModified\":\"2023-09-18T17:21:25+00:00\",\"author\":{\"@id\":\"https:\/\/www.mediaplateforme.com\/fr\/#\/schema\/person\/89833db382b5db2c76b094bc902aa12a\"},\"description\":\"Le Minist\u00e8re des Finances et le Minist\u00e8re de l\u2019Agriculture de la R\u00e9publique D\u00e9mocratique du Congo (RDC), en collaboration avec la Soci\u00e9t\u00e9\",\"breadcrumb\":{\"@id\":\"https:\/\/www.mediaplateforme.com\/fr\/drc-agribusiness-forum-la-revanche-du-sol-sur-le-sous-sol\/#breadcrumb\"},\"inLanguage\":\"fr-FR\",\"potentialAction\":[{\"@type\":\"ReadAction\",\"target\":[\"https:\/\/www.mediaplateforme.com\/fr\/drc-agribusiness-forum-la-revanche-du-sol-sur-le-sous-sol\/\"]}]},{\"@type\":\"BreadcrumbList\",\"@id\":\"https:\/\/www.mediaplateforme.com\/fr\/drc-agribusiness-forum-la-revanche-du-sol-sur-le-sous-sol\/#breadcrumb\",\"itemListElement\":[{\"@type\":\"ListItem\",\"position\":1,\"name\":\"\u0627\u0644\u0631\u0626\u064a\u0633\u064a\u0629\",\"item\":\"https:\/\/www.mediaplateforme.com\/fr\/\"},{\"@type\":\"ListItem\",\"position\":2,\"name\":\"DRC Agribusiness Forum : &#8220;La revanche du sol sur le sous-sol&#8221;\"}]},{\"@type\":\"WebSite\",\"@id\":\"https:\/\/www.mediaplateforme.com\/fr\/#website\",\"url\":\"https:\/\/www.mediaplateforme.com\/fr\/\",\"name\":\"MEDIA PLATEFORME | FR\",\"description\":\"Mediaplateforme sp\u00e9cialis\u00e9 dans la communication institutions publiques et des entreprises\",\"potentialAction\":[{\"@type\":\"SearchAction\",\"target\":{\"@type\":\"EntryPoint\",\"urlTemplate\":\"https:\/\/www.mediaplateforme.com\/fr\/?s={search_term_string}\"},\"query-input\":\"required name=search_term_string\"}],\"inLanguage\":\"fr-FR\"},{\"@type\":\"Person\",\"@id\":\"https:\/\/www.mediaplateforme.com\/fr\/#\/schema\/person\/89833db382b5db2c76b094bc902aa12a\",\"name\":\"Mediaplateforme\",\"image\":{\"@type\":\"ImageObject\",\"inLanguage\":\"fr-FR\",\"@id\":\"https:\/\/www.mediaplateforme.com\/fr\/#\/schema\/person\/image\/\",\"url\":\"https:\/\/secure.gravatar.com\/avatar\/6c9c02e8928cc65d54bf75157f7b3a2d06d7ad0494ca0951f679552ff03b34c1?s=96&d=mm&r=g\",\"contentUrl\":\"https:\/\/secure.gravatar.com\/avatar\/6c9c02e8928cc65d54bf75157f7b3a2d06d7ad0494ca0951f679552ff03b34c1?s=96&d=mm&r=g\",\"caption\":\"Mediaplateforme\"},\"sameAs\":[\"https:\/\/www.mediaplateforme.com\"],\"url\":\"https:\/\/www.mediaplateforme.com\/fr\/author\/mohamedladib\/\"}]}<\/script>\n<!-- \/ Yoast SEO plugin. -->","yoast_head_json":{"title":"DRC Agribusiness Forum : \"La revanche du sol sur le sous-sol\" - MEDIA PLATEFORME | FR","description":"Le Minist\u00e8re des Finances et le Minist\u00e8re de l\u2019Agriculture de la R\u00e9publique D\u00e9mocratique du Congo (RDC), en collaboration avec la Soci\u00e9t\u00e9","robots":{"index":"index","follow":"follow","max-snippet":"max-snippet:-1","max-image-preview":"max-image-preview:large","max-video-preview":"max-video-preview:-1"},"canonical":"https:\/\/www.mediaplateforme.com\/fr\/drc-agribusiness-forum-la-revanche-du-sol-sur-le-sous-sol\/","og_locale":"fr_FR","og_type":"article","og_title":"DRC Agribusiness Forum : \"La revanche du sol sur le sous-sol\" - MEDIA PLATEFORME | FR","og_description":"Le Minist\u00e8re des Finances et le Minist\u00e8re de l\u2019Agriculture de la R\u00e9publique D\u00e9mocratique du Congo (RDC), en collaboration avec la Soci\u00e9t\u00e9","og_url":"https:\/\/www.mediaplateforme.com\/fr\/drc-agribusiness-forum-la-revanche-du-sol-sur-le-sous-sol\/","og_site_name":"MEDIA PLATEFORME | FR","article_published_time":"2023-09-18T17:21:25+00:00","og_image":[{"width":967,"height":557,"url":"https:\/\/www.mediaplateforme.com\/fr\/wp-content\/uploads\/sites\/5\/2023\/09\/africa.jpg","type":"image\/jpeg"}],"author":"Mediaplateforme","twitter_card":"summary_large_image","twitter_misc":{"\u00c9crit par":"Mediaplateforme","Dur\u00e9e de lecture estim\u00e9e":"2 minutes"},"schema":{"@context":"https:\/\/schema.org","@graph":[{"@type":"WebPage","@id":"https:\/\/www.mediaplateforme.com\/fr\/drc-agribusiness-forum-la-revanche-du-sol-sur-le-sous-sol\/","url":"https:\/\/www.mediaplateforme.com\/fr\/drc-agribusiness-forum-la-revanche-du-sol-sur-le-sous-sol\/","name":"DRC Agribusiness Forum : \"La revanche du sol sur le sous-sol\" - MEDIA PLATEFORME | FR","isPartOf":{"@id":"https:\/\/www.mediaplateforme.com\/fr\/#website"},"datePublished":"2023-09-18T17:21:25+00:00","dateModified":"2023-09-18T17:21:25+00:00","author":{"@id":"https:\/\/www.mediaplateforme.com\/fr\/#\/schema\/person\/89833db382b5db2c76b094bc902aa12a"},"description":"Le Minist\u00e8re des Finances et le Minist\u00e8re de l\u2019Agriculture de la R\u00e9publique D\u00e9mocratique du Congo (RDC), en collaboration avec la Soci\u00e9t\u00e9","breadcrumb":{"@id":"https:\/\/www.mediaplateforme.com\/fr\/drc-agribusiness-forum-la-revanche-du-sol-sur-le-sous-sol\/#breadcrumb"},"inLanguage":"fr-FR","potentialAction":[{"@type":"ReadAction","target":["https:\/\/www.mediaplateforme.com\/fr\/drc-agribusiness-forum-la-revanche-du-sol-sur-le-sous-sol\/"]}]},{"@type":"BreadcrumbList","@id":"https:\/\/www.mediaplateforme.com\/fr\/drc-agribusiness-forum-la-revanche-du-sol-sur-le-sous-sol\/#breadcrumb","itemListElement":[{"@type":"ListItem","position":1,"name":"\u0627\u0644\u0631\u0626\u064a\u0633\u064a\u0629","item":"https:\/\/www.mediaplateforme.com\/fr\/"},{"@type":"ListItem","position":2,"name":"DRC Agribusiness Forum : &#8220;La revanche du sol sur le sous-sol&#8221;"}]},{"@type":"WebSite","@id":"https:\/\/www.mediaplateforme.com\/fr\/#website","url":"https:\/\/www.mediaplateforme.com\/fr\/","name":"MEDIA PLATEFORME | FR","description":"Mediaplateforme sp\u00e9cialis\u00e9 dans la communication institutions publiques et des entreprises","potentialAction":[{"@type":"SearchAction","target":{"@type":"EntryPoint","urlTemplate":"https:\/\/www.mediaplateforme.com\/fr\/?s={search_term_string}"},"query-input":"required name=search_term_string"}],"inLanguage":"fr-FR"},{"@type":"Person","@id":"https:\/\/www.mediaplateforme.com\/fr\/#\/schema\/person\/89833db382b5db2c76b094bc902aa12a","name":"Mediaplateforme","image":{"@type":"ImageObject","inLanguage":"fr-FR","@id":"https:\/\/www.mediaplateforme.com\/fr\/#\/schema\/person\/image\/","url":"https:\/\/secure.gravatar.com\/avatar\/6c9c02e8928cc65d54bf75157f7b3a2d06d7ad0494ca0951f679552ff03b34c1?s=96&d=mm&r=g","contentUrl":"https:\/\/secure.gravatar.com\/avatar\/6c9c02e8928cc65d54bf75157f7b3a2d06d7ad0494ca0951f679552ff03b34c1?s=96&d=mm&r=g","caption":"Mediaplateforme"},"sameAs":["https:\/\/www.mediaplateforme.com"],"url":"https:\/\/www.mediaplateforme.com\/fr\/author\/mohamedladib\/"}]}},"_links":{"self":[{"href":"https:\/\/www.mediaplateforme.com\/fr\/wp-json\/wp\/v2\/posts\/4120","targetHints":{"allow":["GET"]}}],"collection":[{"href":"https:\/\/www.mediaplateforme.com\/fr\/wp-json\/wp\/v2\/posts"}],"about":[{"href":"https:\/\/www.mediaplateforme.com\/fr\/wp-json\/wp\/v2\/types\/post"}],"author":[{"embeddable":true,"href":"https:\/\/www.mediaplateforme.com\/fr\/wp-json\/wp\/v2\/users\/1"}],"replies":[{"embeddable":true,"href":"https:\/\/www.mediaplateforme.com\/fr\/wp-json\/wp\/v2\/comments?post=4120"}],"version-history":[{"count":1,"href":"https:\/\/www.mediaplateforme.com\/fr\/wp-json\/wp\/v2\/posts\/4120\/revisions"}],"predecessor-version":[{"id":4122,"href":"https:\/\/www.mediaplateforme.com\/fr\/wp-json\/wp\/v2\/posts\/4120\/revisions\/4122"}],"wp:featuredmedia":[{"embeddable":true,"href":"https:\/\/www.mediaplateforme.com\/fr\/wp-json\/wp\/v2\/media\/4121"}],"wp:attachment":[{"href":"https:\/\/www.mediaplateforme.com\/fr\/wp-json\/wp\/v2\/media?parent=4120"}],"wp:term":[{"taxonomy":"category","embeddable":true,"href":"https:\/\/www.mediaplateforme.com\/fr\/wp-json\/wp\/v2\/categories?post=4120"},{"taxonomy":"post_tag","embeddable":true,"href":"https:\/\/www.mediaplateforme.com\/fr\/wp-json\/wp\/v2\/tags?post=4120"}],"curies":[{"name":"wp","href":"https:\/\/api.w.org\/{rel}","templated":true}]}}