{"id":4117,"date":"2023-09-18T18:15:05","date_gmt":"2023-09-18T17:15:05","guid":{"rendered":"https:\/\/www.mediaplateforme.com\/fr\/?p=4117"},"modified":"2023-09-18T18:15:05","modified_gmt":"2023-09-18T17:15:05","slug":"frs-vend-la-filiale-frs-iberia-maroc-a-dfds","status":"publish","type":"post","link":"https:\/\/www.mediaplateforme.com\/fr\/frs-vend-la-filiale-frs-iberia-maroc-a-dfds\/","title":{"rendered":"FRS vend la filiale FRS Iberia\/Maroc \u00e0 DFDS"},"content":{"rendered":"<p><strong>La compagnie maritime internationale FRS, bas\u00e9e \u00e0 Flensbourg, se s\u00e9pare de sa filiale FRS Iberia\/Maroc. \u00c0 l&rsquo;avenir, les liaisons maritimes entre l&rsquo;Espagne et le Maroc seront exploit\u00e9es par la compagnie maritime danoise DFDS.<\/strong><\/p>\n<p>Cr\u00e9\u00e9e en 2000, FRS Iberia\/Maroc est aujourd&rsquo;hui <a href=\"https:\/\/www.mediaplateforme.com\/fr\/frs-iberia-artemis\/\">la seule compagnie maritime q<\/a>ui exploite tous les ports du d\u00e9troit de Gibraltar. Elle utilise actuellement cinq catamarans rapides, deux ferrys classiques et un ferry RoRo.<\/p>\n<p>Malgr\u00e9 une forte concurrence, l&rsquo;activit\u00e9 de FRS Iberia\/Maroc a connu un succ\u00e8s extraordinaire en deux d\u00e9cennies. Avec l&rsquo;essor \u00e9conomique du Maroc et la consolidation du march\u00e9 commun entre les deux pays, le volume de transports annuels de FRS Iberia\/Maroc a augment\u00e9. En 2023, 1,9 million de passagers et 370 000 v\u00e9hicules sont attendus. La soci\u00e9t\u00e9 est d\u00e9sormais l\u2019une des leaders du march\u00e9 des ferrys entre l&rsquo;Espagne et le Maroc, forte de son expertise dans l&rsquo;exploitation des ferrys rapides et du transport de marchandises.<\/p>\n<p>Plus t\u00f4t cette ann\u00e9e, la soci\u00e9t\u00e9 familiale bas\u00e9e \u00e0 Flensbourg a cherch\u00e9 \u00e0 s&rsquo;associer \u00e0 un partenaire tout aussi solide pour soutenir davantage la croissance de cette marque. DFDS, la compagnie maritime danoise bas\u00e9e \u00e0 Copenhague, s&rsquo;est r\u00e9v\u00e9l\u00e9e \u00eatre un alli\u00e9 solide. Principalement active dans le trafic de ferrys en Europe du Nord, elle l&rsquo;est \u00e9galement r\u00e9cemment dans la r\u00e9gion m\u00e9diterran\u00e9enne. Tout comme FRS, DFDS (Det Forenede Dampskibs-Selskab) est une compagnie maritime avec une longue tradition, dont les origines remontent \u00e0 1866.<\/p>\n<p>Au cours des n\u00e9gociations, il est apparu que la vente compl\u00e8te de FRS Iberia\/Maroc \u00e9tait l&rsquo;\u00e9tape la plus logique pour les deux entreprises. En cons\u00e9quence, FRS c\u00e8de d\u00e9sormais sa filiale aux mains expertes de DFDS. La prestigieuse soci\u00e9t\u00e9 danoise continuera d&rsquo;exploiter le service de ferry dans le d\u00e9troit de Gibraltar, tout en conservant les employ\u00e9s locaux exp\u00e9riment\u00e9s et en maintenant les standards de qualit\u00e9 \u00e9lev\u00e9s.<\/p>\n<p>G\u00f6tz Becker, CEO de FRS Flensbourg, a construit la filiale espagnole en 2001 et a v\u00e9cu avec sa famille \u00e0 Tarifa pendant quatre ans. \u00ab\u00a0Nous sommes \u00e9troitement li\u00e9s \u00e0 nos employ\u00e9s, nos amis et nos navires au Maroc et en Espagne\u00a0\u00bb, d\u00e9clare Becker. \u00ab\u00a0Et nous sommes heureux d&rsquo;avoir trouv\u00e9 en DFDS un partenaire qui continuera \u00e0 g\u00e9rer l&rsquo;entreprise de mani\u00e8re \u00e9prouv\u00e9e. Les 750 employ\u00e9s de FRS Iberia\/Maroc resteront chez DFDS.\u00a0\u00bb<\/p>\n<p>Ronny Moriana Glindemann, directeur g\u00e9n\u00e9ral de FRS Iberia\/Maroc, a soulign\u00e9 que cette int\u00e9gration repr\u00e9sente une excellente plateforme pour le d\u00e9veloppement futur des services aux passagers et au fret.<\/p>\n<p>DFDS, leader du secteur des ferrys et de la logistique, dispose d&rsquo;une flotte impressionnante de plus de 75 navires modernes et d&rsquo;une infrastructure de liaisons de ferrys de classe mondiale dans plus de 20 pays. Avec une \u00e9quipe remarquable de 12 300 employ\u00e9s et un chiffre d&rsquo;affaires annuel de 3,6 milliards d&rsquo;euros, DFDS est id\u00e9alement plac\u00e9e pour soutenir FRS Iberia\/Maroc dans sa qu\u00eate de croissance.<\/p>\n<p>Ronny Moriana Glindemann a mis en \u00e9vidence l&rsquo;enthousiasme de l&rsquo;ensemble de la direction de FRS Iberia\/Maroc qui travaille avec une grande \u00e9nergie pour une int\u00e9gration sans faille : \u00ab\u00a0L&rsquo;avenir offre des opportunit\u00e9s passionnantes pour \u00e9lever les services et l&rsquo;exp\u00e9rience client \u00e0 un niveau sup\u00e9rieur.\u00a0\u00bb<\/p>\n<p>La transaction est soumise \u00e0 l&rsquo;approbation des autorit\u00e9s de la concurrence espagnole et marocaine comp\u00e9tentes. Le montant de l&rsquo;achat demeurera confidentiel entre les parties.<\/p>\n","protected":false},"excerpt":{"rendered":"<p>La compagnie maritime internationale FRS, bas\u00e9e \u00e0 Flensbourg, se s\u00e9pare de sa filiale FRS Iberia\/Maroc.<\/p>\n","protected":false},"author":1,"featured_media":4118,"comment_status":"open","ping_status":"open","sticky":false,"template":"","format":"standard","meta":{"_acf_changed":false,"footnotes":""},"categories":[2,3],"tags":[1028,1295],"class_list":["post-4117","post","type-post","status-publish","format-standard","has-post-thumbnail","hentry","category-nouvelles","category-nouvelles-selectionnees","tag-frs","tag-frs-iberia-maroc"],"acf":[],"yoast_head":"<!-- This site is optimized with the Yoast SEO plugin v22.0 - https:\/\/yoast.com\/wordpress\/plugins\/seo\/ -->\n<title>FRS vend la filiale FRS Iberia\/Maroc \u00e0 DFDS - MEDIA PLATEFORME | FR<\/title>\n<meta name=\"description\" content=\"La compagnie maritime internationale FRS, bas\u00e9e \u00e0 Flensbourg, se s\u00e9pare de sa filiale FRS Iberia\/Maroc. \u00c0 l&#039;avenir, les liaisons DFDS.\" \/>\n<meta name=\"robots\" content=\"index, follow, max-snippet:-1, max-image-preview:large, max-video-preview:-1\" \/>\n<link rel=\"canonical\" href=\"https:\/\/www.mediaplateforme.com\/fr\/frs-vend-la-filiale-frs-iberia-maroc-a-dfds\/\" \/>\n<meta property=\"og:locale\" content=\"fr_FR\" \/>\n<meta property=\"og:type\" content=\"article\" \/>\n<meta property=\"og:title\" content=\"FRS vend la filiale FRS Iberia\/Maroc \u00e0 DFDS - MEDIA PLATEFORME | FR\" \/>\n<meta property=\"og:description\" content=\"La compagnie maritime internationale FRS, bas\u00e9e \u00e0 Flensbourg, se s\u00e9pare de sa filiale FRS Iberia\/Maroc. \u00c0 l&#039;avenir, les liaisons DFDS.\" \/>\n<meta property=\"og:url\" content=\"https:\/\/www.mediaplateforme.com\/fr\/frs-vend-la-filiale-frs-iberia-maroc-a-dfds\/\" \/>\n<meta property=\"og:site_name\" content=\"MEDIA PLATEFORME | FR\" \/>\n<meta property=\"article:published_time\" content=\"2023-09-18T17:15:05+00:00\" \/>\n<meta property=\"og:image\" content=\"https:\/\/www.mediaplateforme.com\/fr\/wp-content\/uploads\/sites\/5\/2023\/09\/bbb.jpg\" \/>\n\t<meta property=\"og:image:width\" content=\"1175\" \/>\n\t<meta property=\"og:image:height\" content=\"773\" \/>\n\t<meta property=\"og:image:type\" content=\"image\/jpeg\" \/>\n<meta name=\"author\" content=\"Mediaplateforme\" \/>\n<meta name=\"twitter:card\" content=\"summary_large_image\" \/>\n<meta name=\"twitter:label1\" content=\"\u00c9crit par\" \/>\n\t<meta name=\"twitter:data1\" content=\"Mediaplateforme\" \/>\n\t<meta name=\"twitter:label2\" content=\"Dur\u00e9e de lecture estim\u00e9e\" \/>\n\t<meta name=\"twitter:data2\" content=\"3 minutes\" \/>\n<script type=\"application\/ld+json\" class=\"yoast-schema-graph\">{\"@context\":\"https:\/\/schema.org\",\"@graph\":[{\"@type\":\"WebPage\",\"@id\":\"https:\/\/www.mediaplateforme.com\/fr\/frs-vend-la-filiale-frs-iberia-maroc-a-dfds\/\",\"url\":\"https:\/\/www.mediaplateforme.com\/fr\/frs-vend-la-filiale-frs-iberia-maroc-a-dfds\/\",\"name\":\"FRS vend la filiale FRS Iberia\/Maroc \u00e0 DFDS - MEDIA PLATEFORME | FR\",\"isPartOf\":{\"@id\":\"https:\/\/www.mediaplateforme.com\/fr\/#website\"},\"datePublished\":\"2023-09-18T17:15:05+00:00\",\"dateModified\":\"2023-09-18T17:15:05+00:00\",\"author\":{\"@id\":\"https:\/\/www.mediaplateforme.com\/fr\/#\/schema\/person\/89833db382b5db2c76b094bc902aa12a\"},\"description\":\"La compagnie maritime internationale FRS, bas\u00e9e \u00e0 Flensbourg, se s\u00e9pare de sa filiale FRS Iberia\/Maroc. \u00c0 l'avenir, les liaisons DFDS.\",\"breadcrumb\":{\"@id\":\"https:\/\/www.mediaplateforme.com\/fr\/frs-vend-la-filiale-frs-iberia-maroc-a-dfds\/#breadcrumb\"},\"inLanguage\":\"fr-FR\",\"potentialAction\":[{\"@type\":\"ReadAction\",\"target\":[\"https:\/\/www.mediaplateforme.com\/fr\/frs-vend-la-filiale-frs-iberia-maroc-a-dfds\/\"]}]},{\"@type\":\"BreadcrumbList\",\"@id\":\"https:\/\/www.mediaplateforme.com\/fr\/frs-vend-la-filiale-frs-iberia-maroc-a-dfds\/#breadcrumb\",\"itemListElement\":[{\"@type\":\"ListItem\",\"position\":1,\"name\":\"\u0627\u0644\u0631\u0626\u064a\u0633\u064a\u0629\",\"item\":\"https:\/\/www.mediaplateforme.com\/fr\/\"},{\"@type\":\"ListItem\",\"position\":2,\"name\":\"FRS vend la filiale FRS Iberia\/Maroc \u00e0 DFDS\"}]},{\"@type\":\"WebSite\",\"@id\":\"https:\/\/www.mediaplateforme.com\/fr\/#website\",\"url\":\"https:\/\/www.mediaplateforme.com\/fr\/\",\"name\":\"MEDIA PLATEFORME | FR\",\"description\":\"Mediaplateforme sp\u00e9cialis\u00e9 dans la communication institutions publiques et des entreprises\",\"potentialAction\":[{\"@type\":\"SearchAction\",\"target\":{\"@type\":\"EntryPoint\",\"urlTemplate\":\"https:\/\/www.mediaplateforme.com\/fr\/?s={search_term_string}\"},\"query-input\":\"required name=search_term_string\"}],\"inLanguage\":\"fr-FR\"},{\"@type\":\"Person\",\"@id\":\"https:\/\/www.mediaplateforme.com\/fr\/#\/schema\/person\/89833db382b5db2c76b094bc902aa12a\",\"name\":\"Mediaplateforme\",\"image\":{\"@type\":\"ImageObject\",\"inLanguage\":\"fr-FR\",\"@id\":\"https:\/\/www.mediaplateforme.com\/fr\/#\/schema\/person\/image\/\",\"url\":\"https:\/\/secure.gravatar.com\/avatar\/6c9c02e8928cc65d54bf75157f7b3a2d06d7ad0494ca0951f679552ff03b34c1?s=96&d=mm&r=g\",\"contentUrl\":\"https:\/\/secure.gravatar.com\/avatar\/6c9c02e8928cc65d54bf75157f7b3a2d06d7ad0494ca0951f679552ff03b34c1?s=96&d=mm&r=g\",\"caption\":\"Mediaplateforme\"},\"sameAs\":[\"https:\/\/www.mediaplateforme.com\"],\"url\":\"https:\/\/www.mediaplateforme.com\/fr\/author\/mohamedladib\/\"}]}<\/script>\n<!-- \/ Yoast SEO plugin. -->","yoast_head_json":{"title":"FRS vend la filiale FRS Iberia\/Maroc \u00e0 DFDS - MEDIA PLATEFORME | FR","description":"La compagnie maritime internationale FRS, bas\u00e9e \u00e0 Flensbourg, se s\u00e9pare de sa filiale FRS Iberia\/Maroc. \u00c0 l'avenir, les liaisons DFDS.","robots":{"index":"index","follow":"follow","max-snippet":"max-snippet:-1","max-image-preview":"max-image-preview:large","max-video-preview":"max-video-preview:-1"},"canonical":"https:\/\/www.mediaplateforme.com\/fr\/frs-vend-la-filiale-frs-iberia-maroc-a-dfds\/","og_locale":"fr_FR","og_type":"article","og_title":"FRS vend la filiale FRS Iberia\/Maroc \u00e0 DFDS - MEDIA PLATEFORME | FR","og_description":"La compagnie maritime internationale FRS, bas\u00e9e \u00e0 Flensbourg, se s\u00e9pare de sa filiale FRS Iberia\/Maroc. \u00c0 l'avenir, les liaisons DFDS.","og_url":"https:\/\/www.mediaplateforme.com\/fr\/frs-vend-la-filiale-frs-iberia-maroc-a-dfds\/","og_site_name":"MEDIA PLATEFORME | FR","article_published_time":"2023-09-18T17:15:05+00:00","og_image":[{"width":1175,"height":773,"url":"https:\/\/www.mediaplateforme.com\/fr\/wp-content\/uploads\/sites\/5\/2023\/09\/bbb.jpg","type":"image\/jpeg"}],"author":"Mediaplateforme","twitter_card":"summary_large_image","twitter_misc":{"\u00c9crit par":"Mediaplateforme","Dur\u00e9e de lecture estim\u00e9e":"3 minutes"},"schema":{"@context":"https:\/\/schema.org","@graph":[{"@type":"WebPage","@id":"https:\/\/www.mediaplateforme.com\/fr\/frs-vend-la-filiale-frs-iberia-maroc-a-dfds\/","url":"https:\/\/www.mediaplateforme.com\/fr\/frs-vend-la-filiale-frs-iberia-maroc-a-dfds\/","name":"FRS vend la filiale FRS Iberia\/Maroc \u00e0 DFDS - MEDIA PLATEFORME | FR","isPartOf":{"@id":"https:\/\/www.mediaplateforme.com\/fr\/#website"},"datePublished":"2023-09-18T17:15:05+00:00","dateModified":"2023-09-18T17:15:05+00:00","author":{"@id":"https:\/\/www.mediaplateforme.com\/fr\/#\/schema\/person\/89833db382b5db2c76b094bc902aa12a"},"description":"La compagnie maritime internationale FRS, bas\u00e9e \u00e0 Flensbourg, se s\u00e9pare de sa filiale FRS Iberia\/Maroc. \u00c0 l'avenir, les liaisons DFDS.","breadcrumb":{"@id":"https:\/\/www.mediaplateforme.com\/fr\/frs-vend-la-filiale-frs-iberia-maroc-a-dfds\/#breadcrumb"},"inLanguage":"fr-FR","potentialAction":[{"@type":"ReadAction","target":["https:\/\/www.mediaplateforme.com\/fr\/frs-vend-la-filiale-frs-iberia-maroc-a-dfds\/"]}]},{"@type":"BreadcrumbList","@id":"https:\/\/www.mediaplateforme.com\/fr\/frs-vend-la-filiale-frs-iberia-maroc-a-dfds\/#breadcrumb","itemListElement":[{"@type":"ListItem","position":1,"name":"\u0627\u0644\u0631\u0626\u064a\u0633\u064a\u0629","item":"https:\/\/www.mediaplateforme.com\/fr\/"},{"@type":"ListItem","position":2,"name":"FRS vend la filiale FRS Iberia\/Maroc \u00e0 DFDS"}]},{"@type":"WebSite","@id":"https:\/\/www.mediaplateforme.com\/fr\/#website","url":"https:\/\/www.mediaplateforme.com\/fr\/","name":"MEDIA PLATEFORME | FR","description":"Mediaplateforme sp\u00e9cialis\u00e9 dans la communication institutions publiques et des entreprises","potentialAction":[{"@type":"SearchAction","target":{"@type":"EntryPoint","urlTemplate":"https:\/\/www.mediaplateforme.com\/fr\/?s={search_term_string}"},"query-input":"required name=search_term_string"}],"inLanguage":"fr-FR"},{"@type":"Person","@id":"https:\/\/www.mediaplateforme.com\/fr\/#\/schema\/person\/89833db382b5db2c76b094bc902aa12a","name":"Mediaplateforme","image":{"@type":"ImageObject","inLanguage":"fr-FR","@id":"https:\/\/www.mediaplateforme.com\/fr\/#\/schema\/person\/image\/","url":"https:\/\/secure.gravatar.com\/avatar\/6c9c02e8928cc65d54bf75157f7b3a2d06d7ad0494ca0951f679552ff03b34c1?s=96&d=mm&r=g","contentUrl":"https:\/\/secure.gravatar.com\/avatar\/6c9c02e8928cc65d54bf75157f7b3a2d06d7ad0494ca0951f679552ff03b34c1?s=96&d=mm&r=g","caption":"Mediaplateforme"},"sameAs":["https:\/\/www.mediaplateforme.com"],"url":"https:\/\/www.mediaplateforme.com\/fr\/author\/mohamedladib\/"}]}},"_links":{"self":[{"href":"https:\/\/www.mediaplateforme.com\/fr\/wp-json\/wp\/v2\/posts\/4117","targetHints":{"allow":["GET"]}}],"collection":[{"href":"https:\/\/www.mediaplateforme.com\/fr\/wp-json\/wp\/v2\/posts"}],"about":[{"href":"https:\/\/www.mediaplateforme.com\/fr\/wp-json\/wp\/v2\/types\/post"}],"author":[{"embeddable":true,"href":"https:\/\/www.mediaplateforme.com\/fr\/wp-json\/wp\/v2\/users\/1"}],"replies":[{"embeddable":true,"href":"https:\/\/www.mediaplateforme.com\/fr\/wp-json\/wp\/v2\/comments?post=4117"}],"version-history":[{"count":1,"href":"https:\/\/www.mediaplateforme.com\/fr\/wp-json\/wp\/v2\/posts\/4117\/revisions"}],"predecessor-version":[{"id":4119,"href":"https:\/\/www.mediaplateforme.com\/fr\/wp-json\/wp\/v2\/posts\/4117\/revisions\/4119"}],"wp:featuredmedia":[{"embeddable":true,"href":"https:\/\/www.mediaplateforme.com\/fr\/wp-json\/wp\/v2\/media\/4118"}],"wp:attachment":[{"href":"https:\/\/www.mediaplateforme.com\/fr\/wp-json\/wp\/v2\/media?parent=4117"}],"wp:term":[{"taxonomy":"category","embeddable":true,"href":"https:\/\/www.mediaplateforme.com\/fr\/wp-json\/wp\/v2\/categories?post=4117"},{"taxonomy":"post_tag","embeddable":true,"href":"https:\/\/www.mediaplateforme.com\/fr\/wp-json\/wp\/v2\/tags?post=4117"}],"curies":[{"name":"wp","href":"https:\/\/api.w.org\/{rel}","templated":true}]}}