{"id":4112,"date":"2023-09-16T09:58:46","date_gmt":"2023-09-16T08:58:46","guid":{"rendered":"https:\/\/www.mediaplateforme.com\/fr\/?p=4112"},"modified":"2023-09-16T09:58:46","modified_gmt":"2023-09-16T08:58:46","slug":"bim-maroc-sengage-a-soutenir-les-regions-touchees-par-le-seisme","status":"publish","type":"post","link":"https:\/\/www.mediaplateforme.com\/fr\/bim-maroc-sengage-a-soutenir-les-regions-touchees-par-le-seisme\/","title":{"rendered":"BIM Maroc s\u2019engage \u00e0 soutenir les r\u00e9gions touch\u00e9es par le s\u00e9isme"},"content":{"rendered":"<p>Suite au s\u00e9isme d\u00e9vastateur qui a touch\u00e9 plusieurs villes du Maroc, en particulier la r\u00e9gion de Al Haouz, BIM Maroc exprime son soutien in\u00e9branlable \u00e0 l&rsquo;ensemble de la population marocaine et adresse ses plus profondes condol\u00e9ances aux familles des victimes.<\/p>\n<p>BIM Maroc s\u2019est inscrite dans l\u2019\u00e9lan de <a href=\"https:\/\/www.mediaplateforme.com\/fr\/la-federation-marocaine-de-lassurance-exprime-sa-solidarite-suite-au-seisme-tragique-dal-haouz\/\">solidarit\u00e9<\/a> dont l\u2019ensemble des marocain.e.s ont fait preuve suite \u00e0 cette trag\u00e9die, et ce \u00e0 travers\u00a0:<\/p>\n<ul>\n<li>L\u2019appel de l\u2019ensemble de ses collaboratrices et collaborateurs \u00e0 participer \u00e0 l\u2019action de don de sang.<\/li>\n<li>Un don en nature de pr\u00e8s de 40 tonnes de denr\u00e9es alimentaires le lendemain du s\u00e9isme afin de faciliter l\u2019acc\u00e8s aux personnes touch\u00e9es \u00e0 des produits alimentaires essentiels.<\/li>\n<\/ul>\n<p>BIM Maroc s\u2019engage \u00e0 effectuer un don suppl\u00e9mentaire de produits de premi\u00e8re n\u00e9cessit\u00e9, sur une dur\u00e9e de 3 mois, \u00e0 raison d\u2019une livraison par semaine, en coordination avec la Fondation Mohamed V et les autorit\u00e9s locales, afin de r\u00e9pondre aux besoins sp\u00e9cifiques de la population.\u00a0 L&rsquo;ensemble des collaboratrices et collaborateurs de BIM Maroc confirment leur volont\u00e9 de contribuer \u00e0 toute action de terrain au besoin.<\/p>\n<p>BIM Maroc continue de travailler sur d\u2019autres initiatives solidaires et d\u2019\u00e9changer avec ses partenaires de la soci\u00e9t\u00e9 civile afin d\u2019accompagner la strat\u00e9gie de reconstruction des zones sinistr\u00e9es et assurer un r\u00e9tablissement progressif de la communaut\u00e9.<\/p>\n","protected":false},"excerpt":{"rendered":"<p>Suite au s\u00e9isme d\u00e9vastateur qui a touch\u00e9 plusieurs villes du Maroc, en particulier la r\u00e9gion<\/p>\n","protected":false},"author":1,"featured_media":4113,"comment_status":"open","ping_status":"open","sticky":false,"template":"","format":"standard","meta":{"_acf_changed":false,"footnotes":""},"categories":[2,3],"tags":[1292,1285],"class_list":["post-4112","post","type-post","status-publish","format-standard","has-post-thumbnail","hentry","category-nouvelles","category-nouvelles-selectionnees","tag-bim-maroc","tag-seisme-dal-haouz"],"acf":[],"yoast_head":"<!-- This site is optimized with the Yoast SEO plugin v22.0 - https:\/\/yoast.com\/wordpress\/plugins\/seo\/ -->\n<title>BIM Maroc s\u2019engage \u00e0 soutenir les r\u00e9gions touch\u00e9es par le s\u00e9isme - MEDIA PLATEFORME | FR<\/title>\n<meta name=\"description\" content=\"Suite au s\u00e9isme d\u00e9vastateur qui a touch\u00e9 plusieurs villes du Maroc, en particulier la r\u00e9gion de Al Haouz, BIM Maroc exprime son soutien\" \/>\n<meta name=\"robots\" content=\"index, follow, max-snippet:-1, max-image-preview:large, max-video-preview:-1\" \/>\n<link rel=\"canonical\" href=\"https:\/\/www.mediaplateforme.com\/fr\/bim-maroc-sengage-a-soutenir-les-regions-touchees-par-le-seisme\/\" \/>\n<meta property=\"og:locale\" content=\"fr_FR\" \/>\n<meta property=\"og:type\" content=\"article\" \/>\n<meta property=\"og:title\" content=\"BIM Maroc s\u2019engage \u00e0 soutenir les r\u00e9gions touch\u00e9es par le s\u00e9isme - MEDIA PLATEFORME | FR\" \/>\n<meta property=\"og:description\" content=\"Suite au s\u00e9isme d\u00e9vastateur qui a touch\u00e9 plusieurs villes du Maroc, en particulier la r\u00e9gion de Al Haouz, BIM Maroc exprime son soutien\" \/>\n<meta property=\"og:url\" content=\"https:\/\/www.mediaplateforme.com\/fr\/bim-maroc-sengage-a-soutenir-les-regions-touchees-par-le-seisme\/\" \/>\n<meta property=\"og:site_name\" content=\"MEDIA PLATEFORME | FR\" \/>\n<meta property=\"article:published_time\" content=\"2023-09-16T08:58:46+00:00\" \/>\n<meta property=\"og:image\" content=\"https:\/\/www.mediaplateforme.com\/fr\/wp-content\/uploads\/sites\/5\/2023\/09\/BIM-Maroc.jpeg\" \/>\n\t<meta property=\"og:image:width\" content=\"1600\" \/>\n\t<meta property=\"og:image:height\" content=\"1200\" \/>\n\t<meta property=\"og:image:type\" content=\"image\/jpeg\" \/>\n<meta name=\"author\" content=\"Mediaplateforme\" \/>\n<meta name=\"twitter:card\" content=\"summary_large_image\" \/>\n<meta name=\"twitter:label1\" content=\"\u00c9crit par\" \/>\n\t<meta name=\"twitter:data1\" content=\"Mediaplateforme\" \/>\n\t<meta name=\"twitter:label2\" content=\"Dur\u00e9e de lecture estim\u00e9e\" \/>\n\t<meta name=\"twitter:data2\" content=\"2 minutes\" \/>\n<script type=\"application\/ld+json\" class=\"yoast-schema-graph\">{\"@context\":\"https:\/\/schema.org\",\"@graph\":[{\"@type\":\"WebPage\",\"@id\":\"https:\/\/www.mediaplateforme.com\/fr\/bim-maroc-sengage-a-soutenir-les-regions-touchees-par-le-seisme\/\",\"url\":\"https:\/\/www.mediaplateforme.com\/fr\/bim-maroc-sengage-a-soutenir-les-regions-touchees-par-le-seisme\/\",\"name\":\"BIM Maroc s\u2019engage \u00e0 soutenir les r\u00e9gions touch\u00e9es par le s\u00e9isme - MEDIA PLATEFORME | FR\",\"isPartOf\":{\"@id\":\"https:\/\/www.mediaplateforme.com\/fr\/#website\"},\"datePublished\":\"2023-09-16T08:58:46+00:00\",\"dateModified\":\"2023-09-16T08:58:46+00:00\",\"author\":{\"@id\":\"https:\/\/www.mediaplateforme.com\/fr\/#\/schema\/person\/89833db382b5db2c76b094bc902aa12a\"},\"description\":\"Suite au s\u00e9isme d\u00e9vastateur qui a touch\u00e9 plusieurs villes du Maroc, en particulier la r\u00e9gion de Al Haouz, BIM Maroc exprime son soutien\",\"breadcrumb\":{\"@id\":\"https:\/\/www.mediaplateforme.com\/fr\/bim-maroc-sengage-a-soutenir-les-regions-touchees-par-le-seisme\/#breadcrumb\"},\"inLanguage\":\"fr-FR\",\"potentialAction\":[{\"@type\":\"ReadAction\",\"target\":[\"https:\/\/www.mediaplateforme.com\/fr\/bim-maroc-sengage-a-soutenir-les-regions-touchees-par-le-seisme\/\"]}]},{\"@type\":\"BreadcrumbList\",\"@id\":\"https:\/\/www.mediaplateforme.com\/fr\/bim-maroc-sengage-a-soutenir-les-regions-touchees-par-le-seisme\/#breadcrumb\",\"itemListElement\":[{\"@type\":\"ListItem\",\"position\":1,\"name\":\"\u0627\u0644\u0631\u0626\u064a\u0633\u064a\u0629\",\"item\":\"https:\/\/www.mediaplateforme.com\/fr\/\"},{\"@type\":\"ListItem\",\"position\":2,\"name\":\"BIM Maroc s\u2019engage \u00e0 soutenir les r\u00e9gions touch\u00e9es par le s\u00e9isme\"}]},{\"@type\":\"WebSite\",\"@id\":\"https:\/\/www.mediaplateforme.com\/fr\/#website\",\"url\":\"https:\/\/www.mediaplateforme.com\/fr\/\",\"name\":\"MEDIA PLATEFORME | FR\",\"description\":\"Mediaplateforme sp\u00e9cialis\u00e9 dans la communication institutions publiques et des entreprises\",\"potentialAction\":[{\"@type\":\"SearchAction\",\"target\":{\"@type\":\"EntryPoint\",\"urlTemplate\":\"https:\/\/www.mediaplateforme.com\/fr\/?s={search_term_string}\"},\"query-input\":\"required name=search_term_string\"}],\"inLanguage\":\"fr-FR\"},{\"@type\":\"Person\",\"@id\":\"https:\/\/www.mediaplateforme.com\/fr\/#\/schema\/person\/89833db382b5db2c76b094bc902aa12a\",\"name\":\"Mediaplateforme\",\"image\":{\"@type\":\"ImageObject\",\"inLanguage\":\"fr-FR\",\"@id\":\"https:\/\/www.mediaplateforme.com\/fr\/#\/schema\/person\/image\/\",\"url\":\"https:\/\/secure.gravatar.com\/avatar\/6c9c02e8928cc65d54bf75157f7b3a2d06d7ad0494ca0951f679552ff03b34c1?s=96&d=mm&r=g\",\"contentUrl\":\"https:\/\/secure.gravatar.com\/avatar\/6c9c02e8928cc65d54bf75157f7b3a2d06d7ad0494ca0951f679552ff03b34c1?s=96&d=mm&r=g\",\"caption\":\"Mediaplateforme\"},\"sameAs\":[\"https:\/\/www.mediaplateforme.com\"],\"url\":\"https:\/\/www.mediaplateforme.com\/fr\/author\/mohamedladib\/\"}]}<\/script>\n<!-- \/ Yoast SEO plugin. -->","yoast_head_json":{"title":"BIM Maroc s\u2019engage \u00e0 soutenir les r\u00e9gions touch\u00e9es par le s\u00e9isme - MEDIA PLATEFORME | FR","description":"Suite au s\u00e9isme d\u00e9vastateur qui a touch\u00e9 plusieurs villes du Maroc, en particulier la r\u00e9gion de Al Haouz, BIM Maroc exprime son soutien","robots":{"index":"index","follow":"follow","max-snippet":"max-snippet:-1","max-image-preview":"max-image-preview:large","max-video-preview":"max-video-preview:-1"},"canonical":"https:\/\/www.mediaplateforme.com\/fr\/bim-maroc-sengage-a-soutenir-les-regions-touchees-par-le-seisme\/","og_locale":"fr_FR","og_type":"article","og_title":"BIM Maroc s\u2019engage \u00e0 soutenir les r\u00e9gions touch\u00e9es par le s\u00e9isme - MEDIA PLATEFORME | FR","og_description":"Suite au s\u00e9isme d\u00e9vastateur qui a touch\u00e9 plusieurs villes du Maroc, en particulier la r\u00e9gion de Al Haouz, BIM Maroc exprime son soutien","og_url":"https:\/\/www.mediaplateforme.com\/fr\/bim-maroc-sengage-a-soutenir-les-regions-touchees-par-le-seisme\/","og_site_name":"MEDIA PLATEFORME | FR","article_published_time":"2023-09-16T08:58:46+00:00","og_image":[{"width":1600,"height":1200,"url":"https:\/\/www.mediaplateforme.com\/fr\/wp-content\/uploads\/sites\/5\/2023\/09\/BIM-Maroc.jpeg","type":"image\/jpeg"}],"author":"Mediaplateforme","twitter_card":"summary_large_image","twitter_misc":{"\u00c9crit par":"Mediaplateforme","Dur\u00e9e de lecture estim\u00e9e":"2 minutes"},"schema":{"@context":"https:\/\/schema.org","@graph":[{"@type":"WebPage","@id":"https:\/\/www.mediaplateforme.com\/fr\/bim-maroc-sengage-a-soutenir-les-regions-touchees-par-le-seisme\/","url":"https:\/\/www.mediaplateforme.com\/fr\/bim-maroc-sengage-a-soutenir-les-regions-touchees-par-le-seisme\/","name":"BIM Maroc s\u2019engage \u00e0 soutenir les r\u00e9gions touch\u00e9es par le s\u00e9isme - MEDIA PLATEFORME | FR","isPartOf":{"@id":"https:\/\/www.mediaplateforme.com\/fr\/#website"},"datePublished":"2023-09-16T08:58:46+00:00","dateModified":"2023-09-16T08:58:46+00:00","author":{"@id":"https:\/\/www.mediaplateforme.com\/fr\/#\/schema\/person\/89833db382b5db2c76b094bc902aa12a"},"description":"Suite au s\u00e9isme d\u00e9vastateur qui a touch\u00e9 plusieurs villes du Maroc, en particulier la r\u00e9gion de Al Haouz, BIM Maroc exprime son soutien","breadcrumb":{"@id":"https:\/\/www.mediaplateforme.com\/fr\/bim-maroc-sengage-a-soutenir-les-regions-touchees-par-le-seisme\/#breadcrumb"},"inLanguage":"fr-FR","potentialAction":[{"@type":"ReadAction","target":["https:\/\/www.mediaplateforme.com\/fr\/bim-maroc-sengage-a-soutenir-les-regions-touchees-par-le-seisme\/"]}]},{"@type":"BreadcrumbList","@id":"https:\/\/www.mediaplateforme.com\/fr\/bim-maroc-sengage-a-soutenir-les-regions-touchees-par-le-seisme\/#breadcrumb","itemListElement":[{"@type":"ListItem","position":1,"name":"\u0627\u0644\u0631\u0626\u064a\u0633\u064a\u0629","item":"https:\/\/www.mediaplateforme.com\/fr\/"},{"@type":"ListItem","position":2,"name":"BIM Maroc s\u2019engage \u00e0 soutenir les r\u00e9gions touch\u00e9es par le s\u00e9isme"}]},{"@type":"WebSite","@id":"https:\/\/www.mediaplateforme.com\/fr\/#website","url":"https:\/\/www.mediaplateforme.com\/fr\/","name":"MEDIA PLATEFORME | FR","description":"Mediaplateforme sp\u00e9cialis\u00e9 dans la communication institutions publiques et des entreprises","potentialAction":[{"@type":"SearchAction","target":{"@type":"EntryPoint","urlTemplate":"https:\/\/www.mediaplateforme.com\/fr\/?s={search_term_string}"},"query-input":"required name=search_term_string"}],"inLanguage":"fr-FR"},{"@type":"Person","@id":"https:\/\/www.mediaplateforme.com\/fr\/#\/schema\/person\/89833db382b5db2c76b094bc902aa12a","name":"Mediaplateforme","image":{"@type":"ImageObject","inLanguage":"fr-FR","@id":"https:\/\/www.mediaplateforme.com\/fr\/#\/schema\/person\/image\/","url":"https:\/\/secure.gravatar.com\/avatar\/6c9c02e8928cc65d54bf75157f7b3a2d06d7ad0494ca0951f679552ff03b34c1?s=96&d=mm&r=g","contentUrl":"https:\/\/secure.gravatar.com\/avatar\/6c9c02e8928cc65d54bf75157f7b3a2d06d7ad0494ca0951f679552ff03b34c1?s=96&d=mm&r=g","caption":"Mediaplateforme"},"sameAs":["https:\/\/www.mediaplateforme.com"],"url":"https:\/\/www.mediaplateforme.com\/fr\/author\/mohamedladib\/"}]}},"_links":{"self":[{"href":"https:\/\/www.mediaplateforme.com\/fr\/wp-json\/wp\/v2\/posts\/4112","targetHints":{"allow":["GET"]}}],"collection":[{"href":"https:\/\/www.mediaplateforme.com\/fr\/wp-json\/wp\/v2\/posts"}],"about":[{"href":"https:\/\/www.mediaplateforme.com\/fr\/wp-json\/wp\/v2\/types\/post"}],"author":[{"embeddable":true,"href":"https:\/\/www.mediaplateforme.com\/fr\/wp-json\/wp\/v2\/users\/1"}],"replies":[{"embeddable":true,"href":"https:\/\/www.mediaplateforme.com\/fr\/wp-json\/wp\/v2\/comments?post=4112"}],"version-history":[{"count":1,"href":"https:\/\/www.mediaplateforme.com\/fr\/wp-json\/wp\/v2\/posts\/4112\/revisions"}],"predecessor-version":[{"id":4114,"href":"https:\/\/www.mediaplateforme.com\/fr\/wp-json\/wp\/v2\/posts\/4112\/revisions\/4114"}],"wp:featuredmedia":[{"embeddable":true,"href":"https:\/\/www.mediaplateforme.com\/fr\/wp-json\/wp\/v2\/media\/4113"}],"wp:attachment":[{"href":"https:\/\/www.mediaplateforme.com\/fr\/wp-json\/wp\/v2\/media?parent=4112"}],"wp:term":[{"taxonomy":"category","embeddable":true,"href":"https:\/\/www.mediaplateforme.com\/fr\/wp-json\/wp\/v2\/categories?post=4112"},{"taxonomy":"post_tag","embeddable":true,"href":"https:\/\/www.mediaplateforme.com\/fr\/wp-json\/wp\/v2\/tags?post=4112"}],"curies":[{"name":"wp","href":"https:\/\/api.w.org\/{rel}","templated":true}]}}