{"id":4099,"date":"2023-09-15T11:01:00","date_gmt":"2023-09-15T10:01:00","guid":{"rendered":"https:\/\/www.mediaplateforme.com\/fr\/?p=4099"},"modified":"2023-09-15T11:01:00","modified_gmt":"2023-09-15T10:01:00","slug":"sa-majeste-le-roi-fait-don-de-1-milliard-de-dirhams-au-fonds-special-seisme","status":"publish","type":"post","link":"https:\/\/www.mediaplateforme.com\/fr\/sa-majeste-le-roi-fait-don-de-1-milliard-de-dirhams-au-fonds-special-seisme\/","title":{"rendered":"Sa Majest\u00e9 le Roi fait don de 1 milliard de dirhams au fonds sp\u00e9cial s\u00e9isme"},"content":{"rendered":"<p>Sur proposition de son actionnaire principal\u00a0<strong>Sa Majest\u00e9 Le Roi Mohammed VI<\/strong>, le Conseil d\u2019Administration d\u2019<strong>Al Mada<\/strong>\u00a0a d\u00e9cid\u00e9 d\u2019accorder une contribution financi\u00e8re au\u00a0<strong>fonds sp\u00e9cial\u00a0<\/strong>pour la gestion des effets du<strong>\u00a0tremblement de terre<\/strong>\u00a0ayant touch\u00e9 le Royaume du Maroc, sous la forme d\u2019un don de 1 milliard de Dirhams.<br \/>\nCe don sera vers\u00e9 au compte sp\u00e9cial cr\u00e9\u00e9 sous\u00a0<strong>Hautes Instructions royales<\/strong>\u00a0le 11 septembre 2023 en vue de recueillir les initiatives solidaires face \u00e0 cette catastrophe naturelle sans pr\u00e9c\u00e9dent.<\/p>\n","protected":false},"excerpt":{"rendered":"<p>Sur proposition de son actionnaire principal\u00a0Sa Majest\u00e9 Le Roi Mohammed VI, le Conseil d\u2019Administration d\u2019Al<\/p>\n","protected":false},"author":1,"featured_media":4076,"comment_status":"open","ping_status":"open","sticky":false,"template":"","format":"standard","meta":{"_acf_changed":false,"footnotes":""},"categories":[2,3],"tags":[1284],"class_list":["post-4099","post","type-post","status-publish","format-standard","has-post-thumbnail","hentry","category-nouvelles","category-nouvelles-selectionnees","tag-sa-majeste-le-roi-mohammed-vi"],"acf":[],"yoast_head":"<!-- This site is optimized with the Yoast SEO plugin v22.0 - https:\/\/yoast.com\/wordpress\/plugins\/seo\/ -->\n<title>Sa Majest\u00e9 le Roi fait don de 1 milliard de dirhams au fonds sp\u00e9cial s\u00e9isme - MEDIA PLATEFORME | FR<\/title>\n<meta name=\"description\" content=\"Sur proposition de son actionnaire principal\u00a0Sa Majest\u00e9 Le Roi Mohammed VI, le Conseil d\u2019Administration d\u2019Al Mada\u00a0a d\u00e9cid\u00e9 d\u2019accorder une\" \/>\n<meta name=\"robots\" content=\"index, follow, max-snippet:-1, max-image-preview:large, max-video-preview:-1\" \/>\n<link rel=\"canonical\" href=\"https:\/\/www.mediaplateforme.com\/fr\/sa-majeste-le-roi-fait-don-de-1-milliard-de-dirhams-au-fonds-special-seisme\/\" \/>\n<meta property=\"og:locale\" content=\"fr_FR\" \/>\n<meta property=\"og:type\" content=\"article\" \/>\n<meta property=\"og:title\" content=\"Sa Majest\u00e9 le Roi fait don de 1 milliard de dirhams au fonds sp\u00e9cial s\u00e9isme - MEDIA PLATEFORME | FR\" \/>\n<meta property=\"og:description\" content=\"Sur proposition de son actionnaire principal\u00a0Sa Majest\u00e9 Le Roi Mohammed VI, le Conseil d\u2019Administration d\u2019Al Mada\u00a0a d\u00e9cid\u00e9 d\u2019accorder une\" \/>\n<meta property=\"og:url\" content=\"https:\/\/www.mediaplateforme.com\/fr\/sa-majeste-le-roi-fait-don-de-1-milliard-de-dirhams-au-fonds-special-seisme\/\" \/>\n<meta property=\"og:site_name\" content=\"MEDIA PLATEFORME | FR\" \/>\n<meta property=\"article:published_time\" content=\"2023-09-15T10:01:00+00:00\" \/>\n<meta property=\"og:image\" content=\"https:\/\/www.mediaplateforme.com\/fr\/wp-content\/uploads\/sites\/5\/2023\/09\/3b00d31abdcdd1154f1bf6d92c7f8676.jpg\" \/>\n\t<meta property=\"og:image:width\" content=\"780\" \/>\n\t<meta property=\"og:image:height\" content=\"468\" \/>\n\t<meta property=\"og:image:type\" content=\"image\/jpeg\" \/>\n<meta name=\"author\" content=\"Mediaplateforme\" \/>\n<meta name=\"twitter:card\" content=\"summary_large_image\" \/>\n<meta name=\"twitter:label1\" content=\"\u00c9crit par\" \/>\n\t<meta name=\"twitter:data1\" content=\"Mediaplateforme\" \/>\n\t<meta name=\"twitter:label2\" content=\"Dur\u00e9e de lecture estim\u00e9e\" \/>\n\t<meta name=\"twitter:data2\" content=\"1 minute\" \/>\n<script type=\"application\/ld+json\" class=\"yoast-schema-graph\">{\"@context\":\"https:\/\/schema.org\",\"@graph\":[{\"@type\":\"WebPage\",\"@id\":\"https:\/\/www.mediaplateforme.com\/fr\/sa-majeste-le-roi-fait-don-de-1-milliard-de-dirhams-au-fonds-special-seisme\/\",\"url\":\"https:\/\/www.mediaplateforme.com\/fr\/sa-majeste-le-roi-fait-don-de-1-milliard-de-dirhams-au-fonds-special-seisme\/\",\"name\":\"Sa Majest\u00e9 le Roi fait don de 1 milliard de dirhams au fonds sp\u00e9cial s\u00e9isme - MEDIA PLATEFORME | FR\",\"isPartOf\":{\"@id\":\"https:\/\/www.mediaplateforme.com\/fr\/#website\"},\"datePublished\":\"2023-09-15T10:01:00+00:00\",\"dateModified\":\"2023-09-15T10:01:00+00:00\",\"author\":{\"@id\":\"https:\/\/www.mediaplateforme.com\/fr\/#\/schema\/person\/89833db382b5db2c76b094bc902aa12a\"},\"description\":\"Sur proposition de son actionnaire principal\u00a0Sa Majest\u00e9 Le Roi Mohammed VI, le Conseil d\u2019Administration d\u2019Al Mada\u00a0a d\u00e9cid\u00e9 d\u2019accorder une\",\"breadcrumb\":{\"@id\":\"https:\/\/www.mediaplateforme.com\/fr\/sa-majeste-le-roi-fait-don-de-1-milliard-de-dirhams-au-fonds-special-seisme\/#breadcrumb\"},\"inLanguage\":\"fr-FR\",\"potentialAction\":[{\"@type\":\"ReadAction\",\"target\":[\"https:\/\/www.mediaplateforme.com\/fr\/sa-majeste-le-roi-fait-don-de-1-milliard-de-dirhams-au-fonds-special-seisme\/\"]}]},{\"@type\":\"BreadcrumbList\",\"@id\":\"https:\/\/www.mediaplateforme.com\/fr\/sa-majeste-le-roi-fait-don-de-1-milliard-de-dirhams-au-fonds-special-seisme\/#breadcrumb\",\"itemListElement\":[{\"@type\":\"ListItem\",\"position\":1,\"name\":\"\u0627\u0644\u0631\u0626\u064a\u0633\u064a\u0629\",\"item\":\"https:\/\/www.mediaplateforme.com\/fr\/\"},{\"@type\":\"ListItem\",\"position\":2,\"name\":\"Sa Majest\u00e9 le Roi fait don de 1 milliard de dirhams au fonds sp\u00e9cial s\u00e9isme\"}]},{\"@type\":\"WebSite\",\"@id\":\"https:\/\/www.mediaplateforme.com\/fr\/#website\",\"url\":\"https:\/\/www.mediaplateforme.com\/fr\/\",\"name\":\"MEDIA PLATEFORME | FR\",\"description\":\"Mediaplateforme sp\u00e9cialis\u00e9 dans la communication institutions publiques et des entreprises\",\"potentialAction\":[{\"@type\":\"SearchAction\",\"target\":{\"@type\":\"EntryPoint\",\"urlTemplate\":\"https:\/\/www.mediaplateforme.com\/fr\/?s={search_term_string}\"},\"query-input\":\"required name=search_term_string\"}],\"inLanguage\":\"fr-FR\"},{\"@type\":\"Person\",\"@id\":\"https:\/\/www.mediaplateforme.com\/fr\/#\/schema\/person\/89833db382b5db2c76b094bc902aa12a\",\"name\":\"Mediaplateforme\",\"image\":{\"@type\":\"ImageObject\",\"inLanguage\":\"fr-FR\",\"@id\":\"https:\/\/www.mediaplateforme.com\/fr\/#\/schema\/person\/image\/\",\"url\":\"https:\/\/secure.gravatar.com\/avatar\/6c9c02e8928cc65d54bf75157f7b3a2d06d7ad0494ca0951f679552ff03b34c1?s=96&d=mm&r=g\",\"contentUrl\":\"https:\/\/secure.gravatar.com\/avatar\/6c9c02e8928cc65d54bf75157f7b3a2d06d7ad0494ca0951f679552ff03b34c1?s=96&d=mm&r=g\",\"caption\":\"Mediaplateforme\"},\"sameAs\":[\"https:\/\/www.mediaplateforme.com\"],\"url\":\"https:\/\/www.mediaplateforme.com\/fr\/author\/mohamedladib\/\"}]}<\/script>\n<!-- \/ Yoast SEO plugin. -->","yoast_head_json":{"title":"Sa Majest\u00e9 le Roi fait don de 1 milliard de dirhams au fonds sp\u00e9cial s\u00e9isme - MEDIA PLATEFORME | FR","description":"Sur proposition de son actionnaire principal\u00a0Sa Majest\u00e9 Le Roi Mohammed VI, le Conseil d\u2019Administration d\u2019Al Mada\u00a0a d\u00e9cid\u00e9 d\u2019accorder une","robots":{"index":"index","follow":"follow","max-snippet":"max-snippet:-1","max-image-preview":"max-image-preview:large","max-video-preview":"max-video-preview:-1"},"canonical":"https:\/\/www.mediaplateforme.com\/fr\/sa-majeste-le-roi-fait-don-de-1-milliard-de-dirhams-au-fonds-special-seisme\/","og_locale":"fr_FR","og_type":"article","og_title":"Sa Majest\u00e9 le Roi fait don de 1 milliard de dirhams au fonds sp\u00e9cial s\u00e9isme - MEDIA PLATEFORME | FR","og_description":"Sur proposition de son actionnaire principal\u00a0Sa Majest\u00e9 Le Roi Mohammed VI, le Conseil d\u2019Administration d\u2019Al Mada\u00a0a d\u00e9cid\u00e9 d\u2019accorder une","og_url":"https:\/\/www.mediaplateforme.com\/fr\/sa-majeste-le-roi-fait-don-de-1-milliard-de-dirhams-au-fonds-special-seisme\/","og_site_name":"MEDIA PLATEFORME | FR","article_published_time":"2023-09-15T10:01:00+00:00","og_image":[{"width":780,"height":468,"url":"https:\/\/www.mediaplateforme.com\/fr\/wp-content\/uploads\/sites\/5\/2023\/09\/3b00d31abdcdd1154f1bf6d92c7f8676.jpg","type":"image\/jpeg"}],"author":"Mediaplateforme","twitter_card":"summary_large_image","twitter_misc":{"\u00c9crit par":"Mediaplateforme","Dur\u00e9e de lecture estim\u00e9e":"1 minute"},"schema":{"@context":"https:\/\/schema.org","@graph":[{"@type":"WebPage","@id":"https:\/\/www.mediaplateforme.com\/fr\/sa-majeste-le-roi-fait-don-de-1-milliard-de-dirhams-au-fonds-special-seisme\/","url":"https:\/\/www.mediaplateforme.com\/fr\/sa-majeste-le-roi-fait-don-de-1-milliard-de-dirhams-au-fonds-special-seisme\/","name":"Sa Majest\u00e9 le Roi fait don de 1 milliard de dirhams au fonds sp\u00e9cial s\u00e9isme - MEDIA PLATEFORME | FR","isPartOf":{"@id":"https:\/\/www.mediaplateforme.com\/fr\/#website"},"datePublished":"2023-09-15T10:01:00+00:00","dateModified":"2023-09-15T10:01:00+00:00","author":{"@id":"https:\/\/www.mediaplateforme.com\/fr\/#\/schema\/person\/89833db382b5db2c76b094bc902aa12a"},"description":"Sur proposition de son actionnaire principal\u00a0Sa Majest\u00e9 Le Roi Mohammed VI, le Conseil d\u2019Administration d\u2019Al Mada\u00a0a d\u00e9cid\u00e9 d\u2019accorder une","breadcrumb":{"@id":"https:\/\/www.mediaplateforme.com\/fr\/sa-majeste-le-roi-fait-don-de-1-milliard-de-dirhams-au-fonds-special-seisme\/#breadcrumb"},"inLanguage":"fr-FR","potentialAction":[{"@type":"ReadAction","target":["https:\/\/www.mediaplateforme.com\/fr\/sa-majeste-le-roi-fait-don-de-1-milliard-de-dirhams-au-fonds-special-seisme\/"]}]},{"@type":"BreadcrumbList","@id":"https:\/\/www.mediaplateforme.com\/fr\/sa-majeste-le-roi-fait-don-de-1-milliard-de-dirhams-au-fonds-special-seisme\/#breadcrumb","itemListElement":[{"@type":"ListItem","position":1,"name":"\u0627\u0644\u0631\u0626\u064a\u0633\u064a\u0629","item":"https:\/\/www.mediaplateforme.com\/fr\/"},{"@type":"ListItem","position":2,"name":"Sa Majest\u00e9 le Roi fait don de 1 milliard de dirhams au fonds sp\u00e9cial s\u00e9isme"}]},{"@type":"WebSite","@id":"https:\/\/www.mediaplateforme.com\/fr\/#website","url":"https:\/\/www.mediaplateforme.com\/fr\/","name":"MEDIA PLATEFORME | FR","description":"Mediaplateforme sp\u00e9cialis\u00e9 dans la communication institutions publiques et des entreprises","potentialAction":[{"@type":"SearchAction","target":{"@type":"EntryPoint","urlTemplate":"https:\/\/www.mediaplateforme.com\/fr\/?s={search_term_string}"},"query-input":"required name=search_term_string"}],"inLanguage":"fr-FR"},{"@type":"Person","@id":"https:\/\/www.mediaplateforme.com\/fr\/#\/schema\/person\/89833db382b5db2c76b094bc902aa12a","name":"Mediaplateforme","image":{"@type":"ImageObject","inLanguage":"fr-FR","@id":"https:\/\/www.mediaplateforme.com\/fr\/#\/schema\/person\/image\/","url":"https:\/\/secure.gravatar.com\/avatar\/6c9c02e8928cc65d54bf75157f7b3a2d06d7ad0494ca0951f679552ff03b34c1?s=96&d=mm&r=g","contentUrl":"https:\/\/secure.gravatar.com\/avatar\/6c9c02e8928cc65d54bf75157f7b3a2d06d7ad0494ca0951f679552ff03b34c1?s=96&d=mm&r=g","caption":"Mediaplateforme"},"sameAs":["https:\/\/www.mediaplateforme.com"],"url":"https:\/\/www.mediaplateforme.com\/fr\/author\/mohamedladib\/"}]}},"_links":{"self":[{"href":"https:\/\/www.mediaplateforme.com\/fr\/wp-json\/wp\/v2\/posts\/4099","targetHints":{"allow":["GET"]}}],"collection":[{"href":"https:\/\/www.mediaplateforme.com\/fr\/wp-json\/wp\/v2\/posts"}],"about":[{"href":"https:\/\/www.mediaplateforme.com\/fr\/wp-json\/wp\/v2\/types\/post"}],"author":[{"embeddable":true,"href":"https:\/\/www.mediaplateforme.com\/fr\/wp-json\/wp\/v2\/users\/1"}],"replies":[{"embeddable":true,"href":"https:\/\/www.mediaplateforme.com\/fr\/wp-json\/wp\/v2\/comments?post=4099"}],"version-history":[{"count":1,"href":"https:\/\/www.mediaplateforme.com\/fr\/wp-json\/wp\/v2\/posts\/4099\/revisions"}],"predecessor-version":[{"id":4100,"href":"https:\/\/www.mediaplateforme.com\/fr\/wp-json\/wp\/v2\/posts\/4099\/revisions\/4100"}],"wp:featuredmedia":[{"embeddable":true,"href":"https:\/\/www.mediaplateforme.com\/fr\/wp-json\/wp\/v2\/media\/4076"}],"wp:attachment":[{"href":"https:\/\/www.mediaplateforme.com\/fr\/wp-json\/wp\/v2\/media?parent=4099"}],"wp:term":[{"taxonomy":"category","embeddable":true,"href":"https:\/\/www.mediaplateforme.com\/fr\/wp-json\/wp\/v2\/categories?post=4099"},{"taxonomy":"post_tag","embeddable":true,"href":"https:\/\/www.mediaplateforme.com\/fr\/wp-json\/wp\/v2\/tags?post=4099"}],"curies":[{"name":"wp","href":"https:\/\/api.w.org\/{rel}","templated":true}]}}