{"id":4092,"date":"2023-09-13T14:01:18","date_gmt":"2023-09-13T13:01:18","guid":{"rendered":"https:\/\/www.mediaplateforme.com\/fr\/?p=4092"},"modified":"2023-09-13T14:01:18","modified_gmt":"2023-09-13T13:01:18","slug":"credit-du-maroc-se-mobilise-et-met-lensemble-de-ses-canaux-a-la-disposition-des-donneurs","status":"publish","type":"post","link":"https:\/\/www.mediaplateforme.com\/fr\/credit-du-maroc-se-mobilise-et-met-lensemble-de-ses-canaux-a-la-disposition-des-donneurs\/","title":{"rendered":"Cr\u00e9dit du Maroc se mobilise et met l\u2019ensemble de ses canaux  \u00e0 la disposition des donneurs"},"content":{"rendered":"<p>Face au tremblement de terre qui a secou\u00e9 notre cher pays dans la nuit du 8 septembre dernier, causant des pertes humaines et mat\u00e9rielles cons\u00e9quentes, et conform\u00e9ment aux hautes instructions de Sa Majest\u00e9 le Roi Que Dieu l\u2019Assiste, Cr\u00e9dit du Maroc se mobilise pour apporter son soutien aux sinistr\u00e9s.<\/p>\n<p>Cr\u00e9dit du Maroc met l\u2019ensemble de ses <a href=\"https:\/\/www.mediaplateforme.com\/fr\/credit-du-maroc-poursuite-de-la-dynamique-commerciale-et-financiere\/\">canaux<\/a> \u00e0 la disposition des donneurs, particuliers ou entreprises, qu\u2019ils soient clients de Cr\u00e9dit du Maroc ou non, pour faire leurs dons sur le compte sp\u00e9cial cr\u00e9\u00e9 \u00e0 cette occasion.<\/p>\n<p>L\u2019ensemble des op\u00e9rations de dons effectu\u00e9es sur le \u2018Fonds sp\u00e9cial pour la gestion des effets du tremblement de terre ayant touch\u00e9 le Royaume du Maroc\u2019 seront ex\u00e9cut\u00e9es gratuitement pour l\u2019ensemble des donneurs, clients et non clients.<\/p>\n<p>Les \u00e9quipes de Cr\u00e9dit du Maroc, anim\u00e9es par des valeurs de solidarit\u00e9, d\u2019engagement et de responsabilit\u00e9, restent mobilis\u00e9es pour servir et accompagner nos concitoyens dans ces moments difficiles.<\/p>\n","protected":false},"excerpt":{"rendered":"<p>Face au tremblement de terre qui a secou\u00e9 notre cher pays dans la nuit du<\/p>\n","protected":false},"author":1,"featured_media":3067,"comment_status":"open","ping_status":"open","sticky":false,"template":"","format":"standard","meta":{"_acf_changed":false,"footnotes":""},"categories":[2,3],"tags":[922,1276,1285],"class_list":["post-4092","post","type-post","status-publish","format-standard","has-post-thumbnail","hentry","category-nouvelles","category-nouvelles-selectionnees","tag-credit-du-maroc","tag-seisme","tag-seisme-dal-haouz"],"acf":[],"yoast_head":"<!-- This site is optimized with the Yoast SEO plugin v22.0 - https:\/\/yoast.com\/wordpress\/plugins\/seo\/ -->\n<title>Cr\u00e9dit du Maroc se mobilise et met l\u2019ensemble de ses canaux \u00e0 la disposition des donneurs - MEDIA PLATEFORME | FR<\/title>\n<meta name=\"description\" content=\"Face au tremblement de terre qui a secou\u00e9 notre cher pays pertes Cr\u00e9dit du Maroc se mobilise pour apporter son soutien aux sinistr\u00e9s\" \/>\n<meta name=\"robots\" content=\"index, follow, max-snippet:-1, max-image-preview:large, max-video-preview:-1\" \/>\n<link rel=\"canonical\" href=\"https:\/\/www.mediaplateforme.com\/fr\/credit-du-maroc-se-mobilise-et-met-lensemble-de-ses-canaux-a-la-disposition-des-donneurs\/\" \/>\n<meta property=\"og:locale\" content=\"fr_FR\" \/>\n<meta property=\"og:type\" content=\"article\" \/>\n<meta property=\"og:title\" content=\"Cr\u00e9dit du Maroc se mobilise et met l\u2019ensemble de ses canaux \u00e0 la disposition des donneurs - MEDIA PLATEFORME | FR\" \/>\n<meta property=\"og:description\" content=\"Face au tremblement de terre qui a secou\u00e9 notre cher pays pertes Cr\u00e9dit du Maroc se mobilise pour apporter son soutien aux sinistr\u00e9s\" \/>\n<meta property=\"og:url\" content=\"https:\/\/www.mediaplateforme.com\/fr\/credit-du-maroc-se-mobilise-et-met-lensemble-de-ses-canaux-a-la-disposition-des-donneurs\/\" \/>\n<meta property=\"og:site_name\" content=\"MEDIA PLATEFORME | FR\" \/>\n<meta property=\"article:published_time\" content=\"2023-09-13T13:01:18+00:00\" \/>\n<meta property=\"og:image\" content=\"https:\/\/www.mediaplateforme.com\/fr\/wp-content\/uploads\/sites\/5\/2023\/05\/cdm-credit-du-maroc.webp\" \/>\n\t<meta property=\"og:image:width\" content=\"1200\" \/>\n\t<meta property=\"og:image:height\" content=\"800\" \/>\n\t<meta property=\"og:image:type\" content=\"image\/webp\" \/>\n<meta name=\"author\" content=\"Mediaplateforme\" \/>\n<meta name=\"twitter:card\" content=\"summary_large_image\" \/>\n<meta name=\"twitter:label1\" content=\"\u00c9crit par\" \/>\n\t<meta name=\"twitter:data1\" content=\"Mediaplateforme\" \/>\n\t<meta name=\"twitter:label2\" content=\"Dur\u00e9e de lecture estim\u00e9e\" \/>\n\t<meta name=\"twitter:data2\" content=\"1 minute\" \/>\n<script type=\"application\/ld+json\" class=\"yoast-schema-graph\">{\"@context\":\"https:\/\/schema.org\",\"@graph\":[{\"@type\":\"WebPage\",\"@id\":\"https:\/\/www.mediaplateforme.com\/fr\/credit-du-maroc-se-mobilise-et-met-lensemble-de-ses-canaux-a-la-disposition-des-donneurs\/\",\"url\":\"https:\/\/www.mediaplateforme.com\/fr\/credit-du-maroc-se-mobilise-et-met-lensemble-de-ses-canaux-a-la-disposition-des-donneurs\/\",\"name\":\"Cr\u00e9dit du Maroc se mobilise et met l\u2019ensemble de ses canaux \u00e0 la disposition des donneurs - MEDIA PLATEFORME | FR\",\"isPartOf\":{\"@id\":\"https:\/\/www.mediaplateforme.com\/fr\/#website\"},\"datePublished\":\"2023-09-13T13:01:18+00:00\",\"dateModified\":\"2023-09-13T13:01:18+00:00\",\"author\":{\"@id\":\"https:\/\/www.mediaplateforme.com\/fr\/#\/schema\/person\/89833db382b5db2c76b094bc902aa12a\"},\"description\":\"Face au tremblement de terre qui a secou\u00e9 notre cher pays pertes Cr\u00e9dit du Maroc se mobilise pour apporter son soutien aux sinistr\u00e9s\",\"breadcrumb\":{\"@id\":\"https:\/\/www.mediaplateforme.com\/fr\/credit-du-maroc-se-mobilise-et-met-lensemble-de-ses-canaux-a-la-disposition-des-donneurs\/#breadcrumb\"},\"inLanguage\":\"fr-FR\",\"potentialAction\":[{\"@type\":\"ReadAction\",\"target\":[\"https:\/\/www.mediaplateforme.com\/fr\/credit-du-maroc-se-mobilise-et-met-lensemble-de-ses-canaux-a-la-disposition-des-donneurs\/\"]}]},{\"@type\":\"BreadcrumbList\",\"@id\":\"https:\/\/www.mediaplateforme.com\/fr\/credit-du-maroc-se-mobilise-et-met-lensemble-de-ses-canaux-a-la-disposition-des-donneurs\/#breadcrumb\",\"itemListElement\":[{\"@type\":\"ListItem\",\"position\":1,\"name\":\"\u0627\u0644\u0631\u0626\u064a\u0633\u064a\u0629\",\"item\":\"https:\/\/www.mediaplateforme.com\/fr\/\"},{\"@type\":\"ListItem\",\"position\":2,\"name\":\"Cr\u00e9dit du Maroc se mobilise et met l\u2019ensemble de ses canaux \u00e0 la disposition des donneurs\"}]},{\"@type\":\"WebSite\",\"@id\":\"https:\/\/www.mediaplateforme.com\/fr\/#website\",\"url\":\"https:\/\/www.mediaplateforme.com\/fr\/\",\"name\":\"MEDIA PLATEFORME | FR\",\"description\":\"Mediaplateforme sp\u00e9cialis\u00e9 dans la communication institutions publiques et des entreprises\",\"potentialAction\":[{\"@type\":\"SearchAction\",\"target\":{\"@type\":\"EntryPoint\",\"urlTemplate\":\"https:\/\/www.mediaplateforme.com\/fr\/?s={search_term_string}\"},\"query-input\":\"required name=search_term_string\"}],\"inLanguage\":\"fr-FR\"},{\"@type\":\"Person\",\"@id\":\"https:\/\/www.mediaplateforme.com\/fr\/#\/schema\/person\/89833db382b5db2c76b094bc902aa12a\",\"name\":\"Mediaplateforme\",\"image\":{\"@type\":\"ImageObject\",\"inLanguage\":\"fr-FR\",\"@id\":\"https:\/\/www.mediaplateforme.com\/fr\/#\/schema\/person\/image\/\",\"url\":\"https:\/\/secure.gravatar.com\/avatar\/6c9c02e8928cc65d54bf75157f7b3a2d06d7ad0494ca0951f679552ff03b34c1?s=96&d=mm&r=g\",\"contentUrl\":\"https:\/\/secure.gravatar.com\/avatar\/6c9c02e8928cc65d54bf75157f7b3a2d06d7ad0494ca0951f679552ff03b34c1?s=96&d=mm&r=g\",\"caption\":\"Mediaplateforme\"},\"sameAs\":[\"https:\/\/www.mediaplateforme.com\"],\"url\":\"https:\/\/www.mediaplateforme.com\/fr\/author\/mohamedladib\/\"}]}<\/script>\n<!-- \/ Yoast SEO plugin. -->","yoast_head_json":{"title":"Cr\u00e9dit du Maroc se mobilise et met l\u2019ensemble de ses canaux \u00e0 la disposition des donneurs - MEDIA PLATEFORME | FR","description":"Face au tremblement de terre qui a secou\u00e9 notre cher pays pertes Cr\u00e9dit du Maroc se mobilise pour apporter son soutien aux sinistr\u00e9s","robots":{"index":"index","follow":"follow","max-snippet":"max-snippet:-1","max-image-preview":"max-image-preview:large","max-video-preview":"max-video-preview:-1"},"canonical":"https:\/\/www.mediaplateforme.com\/fr\/credit-du-maroc-se-mobilise-et-met-lensemble-de-ses-canaux-a-la-disposition-des-donneurs\/","og_locale":"fr_FR","og_type":"article","og_title":"Cr\u00e9dit du Maroc se mobilise et met l\u2019ensemble de ses canaux \u00e0 la disposition des donneurs - MEDIA PLATEFORME | FR","og_description":"Face au tremblement de terre qui a secou\u00e9 notre cher pays pertes Cr\u00e9dit du Maroc se mobilise pour apporter son soutien aux sinistr\u00e9s","og_url":"https:\/\/www.mediaplateforme.com\/fr\/credit-du-maroc-se-mobilise-et-met-lensemble-de-ses-canaux-a-la-disposition-des-donneurs\/","og_site_name":"MEDIA PLATEFORME | FR","article_published_time":"2023-09-13T13:01:18+00:00","og_image":[{"width":1200,"height":800,"url":"https:\/\/www.mediaplateforme.com\/fr\/wp-content\/uploads\/sites\/5\/2023\/05\/cdm-credit-du-maroc.webp","type":"image\/webp"}],"author":"Mediaplateforme","twitter_card":"summary_large_image","twitter_misc":{"\u00c9crit par":"Mediaplateforme","Dur\u00e9e de lecture estim\u00e9e":"1 minute"},"schema":{"@context":"https:\/\/schema.org","@graph":[{"@type":"WebPage","@id":"https:\/\/www.mediaplateforme.com\/fr\/credit-du-maroc-se-mobilise-et-met-lensemble-de-ses-canaux-a-la-disposition-des-donneurs\/","url":"https:\/\/www.mediaplateforme.com\/fr\/credit-du-maroc-se-mobilise-et-met-lensemble-de-ses-canaux-a-la-disposition-des-donneurs\/","name":"Cr\u00e9dit du Maroc se mobilise et met l\u2019ensemble de ses canaux \u00e0 la disposition des donneurs - MEDIA PLATEFORME | FR","isPartOf":{"@id":"https:\/\/www.mediaplateforme.com\/fr\/#website"},"datePublished":"2023-09-13T13:01:18+00:00","dateModified":"2023-09-13T13:01:18+00:00","author":{"@id":"https:\/\/www.mediaplateforme.com\/fr\/#\/schema\/person\/89833db382b5db2c76b094bc902aa12a"},"description":"Face au tremblement de terre qui a secou\u00e9 notre cher pays pertes Cr\u00e9dit du Maroc se mobilise pour apporter son soutien aux sinistr\u00e9s","breadcrumb":{"@id":"https:\/\/www.mediaplateforme.com\/fr\/credit-du-maroc-se-mobilise-et-met-lensemble-de-ses-canaux-a-la-disposition-des-donneurs\/#breadcrumb"},"inLanguage":"fr-FR","potentialAction":[{"@type":"ReadAction","target":["https:\/\/www.mediaplateforme.com\/fr\/credit-du-maroc-se-mobilise-et-met-lensemble-de-ses-canaux-a-la-disposition-des-donneurs\/"]}]},{"@type":"BreadcrumbList","@id":"https:\/\/www.mediaplateforme.com\/fr\/credit-du-maroc-se-mobilise-et-met-lensemble-de-ses-canaux-a-la-disposition-des-donneurs\/#breadcrumb","itemListElement":[{"@type":"ListItem","position":1,"name":"\u0627\u0644\u0631\u0626\u064a\u0633\u064a\u0629","item":"https:\/\/www.mediaplateforme.com\/fr\/"},{"@type":"ListItem","position":2,"name":"Cr\u00e9dit du Maroc se mobilise et met l\u2019ensemble de ses canaux \u00e0 la disposition des donneurs"}]},{"@type":"WebSite","@id":"https:\/\/www.mediaplateforme.com\/fr\/#website","url":"https:\/\/www.mediaplateforme.com\/fr\/","name":"MEDIA PLATEFORME | FR","description":"Mediaplateforme sp\u00e9cialis\u00e9 dans la communication institutions publiques et des entreprises","potentialAction":[{"@type":"SearchAction","target":{"@type":"EntryPoint","urlTemplate":"https:\/\/www.mediaplateforme.com\/fr\/?s={search_term_string}"},"query-input":"required name=search_term_string"}],"inLanguage":"fr-FR"},{"@type":"Person","@id":"https:\/\/www.mediaplateforme.com\/fr\/#\/schema\/person\/89833db382b5db2c76b094bc902aa12a","name":"Mediaplateforme","image":{"@type":"ImageObject","inLanguage":"fr-FR","@id":"https:\/\/www.mediaplateforme.com\/fr\/#\/schema\/person\/image\/","url":"https:\/\/secure.gravatar.com\/avatar\/6c9c02e8928cc65d54bf75157f7b3a2d06d7ad0494ca0951f679552ff03b34c1?s=96&d=mm&r=g","contentUrl":"https:\/\/secure.gravatar.com\/avatar\/6c9c02e8928cc65d54bf75157f7b3a2d06d7ad0494ca0951f679552ff03b34c1?s=96&d=mm&r=g","caption":"Mediaplateforme"},"sameAs":["https:\/\/www.mediaplateforme.com"],"url":"https:\/\/www.mediaplateforme.com\/fr\/author\/mohamedladib\/"}]}},"_links":{"self":[{"href":"https:\/\/www.mediaplateforme.com\/fr\/wp-json\/wp\/v2\/posts\/4092","targetHints":{"allow":["GET"]}}],"collection":[{"href":"https:\/\/www.mediaplateforme.com\/fr\/wp-json\/wp\/v2\/posts"}],"about":[{"href":"https:\/\/www.mediaplateforme.com\/fr\/wp-json\/wp\/v2\/types\/post"}],"author":[{"embeddable":true,"href":"https:\/\/www.mediaplateforme.com\/fr\/wp-json\/wp\/v2\/users\/1"}],"replies":[{"embeddable":true,"href":"https:\/\/www.mediaplateforme.com\/fr\/wp-json\/wp\/v2\/comments?post=4092"}],"version-history":[{"count":1,"href":"https:\/\/www.mediaplateforme.com\/fr\/wp-json\/wp\/v2\/posts\/4092\/revisions"}],"predecessor-version":[{"id":4093,"href":"https:\/\/www.mediaplateforme.com\/fr\/wp-json\/wp\/v2\/posts\/4092\/revisions\/4093"}],"wp:featuredmedia":[{"embeddable":true,"href":"https:\/\/www.mediaplateforme.com\/fr\/wp-json\/wp\/v2\/media\/3067"}],"wp:attachment":[{"href":"https:\/\/www.mediaplateforme.com\/fr\/wp-json\/wp\/v2\/media?parent=4092"}],"wp:term":[{"taxonomy":"category","embeddable":true,"href":"https:\/\/www.mediaplateforme.com\/fr\/wp-json\/wp\/v2\/categories?post=4092"},{"taxonomy":"post_tag","embeddable":true,"href":"https:\/\/www.mediaplateforme.com\/fr\/wp-json\/wp\/v2\/tags?post=4092"}],"curies":[{"name":"wp","href":"https:\/\/api.w.org\/{rel}","templated":true}]}}