{"id":4086,"date":"2023-09-13T13:51:28","date_gmt":"2023-09-13T12:51:28","guid":{"rendered":"https:\/\/www.mediaplateforme.com\/fr\/?p=4086"},"modified":"2023-09-13T13:52:12","modified_gmt":"2023-09-13T12:52:12","slug":"nt3awnou-3la-lkheir-centrale-danone-annonce-un-don-de-1-million-de-produits-laitiers","status":"publish","type":"post","link":"https:\/\/www.mediaplateforme.com\/fr\/nt3awnou-3la-lkheir-centrale-danone-annonce-un-don-de-1-million-de-produits-laitiers\/","title":{"rendered":"NT3awnou 3la L\u2019kheir: Centrale Danone annonce un don de 1 million de produits laitiers"},"content":{"rendered":"<p>\u00c0 la suite du s\u00e9isme qui a frapp\u00e9 la r\u00e9gion d&rsquo;Al Haouz, Centrale Danone apporte son soutien aux familles sinistr\u00e9es en annon\u00e7ant un don de 1 million d\u2019unit\u00e9s compos\u00e9s de lait, de fromage et de produits laitiers.<\/p>\n<p>En partenariat avec la Fondation Mohamed V pour la Solidarit\u00e9, l\u2019association El Baraka Angels ainsi que d\u2019autres associations, Centrale Danone met \u00e0 disposition 1 million d\u2019unit\u00e9s compos\u00e9s de lait, de fromage et de produits laitiers, pr\u00eats \u00e0 \u00eatre achemin\u00e9s vers les zones les plus touch\u00e9es par le s\u00e9isme. Cette contribution vise \u00e0 r\u00e9pondre aux besoins alimentaires imm\u00e9diats des familles sinistr\u00e9es.<\/p>\n<p><img loading=\"lazy\" decoding=\"async\" class=\"size-medium wp-image-4087 aligncenter\" src=\"https:\/\/www.mediaplateforme.com\/fr\/wp-content\/uploads\/sites\/5\/2023\/09\/DANON.00_01_21_23.Still015-169x300.jpg\" alt=\"\" width=\"169\" height=\"300\" srcset=\"https:\/\/www.mediaplateforme.com\/fr\/wp-content\/uploads\/sites\/5\/2023\/09\/DANON.00_01_21_23.Still015-169x300.jpg 169w, https:\/\/www.mediaplateforme.com\/fr\/wp-content\/uploads\/sites\/5\/2023\/09\/DANON.00_01_21_23.Still015-576x1024.jpg 576w, https:\/\/www.mediaplateforme.com\/fr\/wp-content\/uploads\/sites\/5\/2023\/09\/DANON.00_01_21_23.Still015-768x1365.jpg 768w, https:\/\/www.mediaplateforme.com\/fr\/wp-content\/uploads\/sites\/5\/2023\/09\/DANON.00_01_21_23.Still015-864x1536.jpg 864w, https:\/\/www.mediaplateforme.com\/fr\/wp-content\/uploads\/sites\/5\/2023\/09\/DANON.00_01_21_23.Still015.jpg 1080w\" sizes=\"auto, (max-width: 169px) 100vw, 169px\" \/><\/p>\n<p>Mme Nathalie Alquier, PDG de Centrale Danone, d\u00e9clare : \u00ab\u00a0Face \u00e0 la trag\u00e9die qui a touch\u00e9 Al Haouz, nous adressons nos plus sinc\u00e8res condol\u00e9ances aux familles des victimes. Il est essentiel de manifester notre solidarit\u00e9 en ces moments difficiles. Notre premi\u00e8re initiative, appuy\u00e9e par l&rsquo;expertise logistique et le r\u00e9seau d&rsquo;associations-partenaires de Centrale Danone, vise \u00e0 apporter soutien aux familles sinistr\u00e9es. Cette action va \u00eatre maintenue tout au long de la dur\u00e9e de cette crise\u00a0\u00bb<\/p>\n<p>Dans un \u00e9lan spontan\u00e9, et en alignement avec les repr\u00e9sentants du personnel de l\u2019entreprise, les collaborateurs de Centrale Danone contribuent par l\u2019\u00e9quivalent d\u2019une journ\u00e9e de travail au fonds 126 d&rsquo;affectation sp\u00e9cial d\u00e9di\u00e9 \u00e0 la gestion des cons\u00e9quences du s\u00e9isme, cr\u00e9e \u00e0 cet effet conform\u00e9ment aux instructions royales.<\/p>\n<p>Un montant \u00e9quivalent de la contribution des employ\u00e9s sera vers\u00e9 par Centrale Danone au fonds.<\/p>\n<p>Centrale Danone s&rsquo;engage \u00e0 poursuivre activement son soutien aux efforts de solidarit\u00e9 nationale pour apporter assistance aux familles sinistr\u00e9es d&rsquo;Al Haouz, pendant cette phase ainsi que dans la phase de reconstruction, en coordination avec les autorit\u00e9s et les associations-partenaires.<\/p>\n<h4>\u00c0 propos de Centrale Danone<\/h4>\n<p>Centrale Danone vise \u00e0 inspirer des habitudes alimentaires et de consommation plus saines et plus durables, en ligne avec sa mission d\u2019entreprise : apporter la sant\u00e9 par l\u2019alimentation au plus grand nombre. Pour en savoir plus : <a href=\"http:\/\/www.corporate.danone.ma\">www.corporate.danone.ma <\/a><\/p>\n<p>&nbsp;<\/p>\n","protected":false},"excerpt":{"rendered":"<p>\u00c0 la suite du s\u00e9isme qui a frapp\u00e9 la r\u00e9gion d&rsquo;Al Haouz, Centrale Danone apporte<\/p>\n","protected":false},"author":1,"featured_media":4089,"comment_status":"open","ping_status":"open","sticky":false,"template":"","format":"standard","meta":{"_acf_changed":false,"footnotes":""},"categories":[2,3],"tags":[1128,1283,1276],"class_list":["post-4086","post","type-post","status-publish","format-standard","has-post-thumbnail","hentry","category-nouvelles","category-nouvelles-selectionnees","tag-centrale-danone","tag-le-seisme-dal-haouz","tag-seisme"],"acf":[],"yoast_head":"<!-- This site is optimized with the Yoast SEO plugin v22.0 - https:\/\/yoast.com\/wordpress\/plugins\/seo\/ -->\n<title>NT3awnou 3la L\u2019kheir: Centrale Danone annonce un don de 1 million de produits laitiers - MEDIA PLATEFORME | FR<\/title>\n<meta name=\"description\" content=\"\u00c0 la suite du s\u00e9isme qui a frapp\u00e9 la r\u00e9gion d&#039;Al Haouz, Centrale Danone apporte son soutien aux familles sinistr\u00e9es en annon\u00e7ant un don de\" \/>\n<meta name=\"robots\" content=\"index, follow, max-snippet:-1, max-image-preview:large, max-video-preview:-1\" \/>\n<link rel=\"canonical\" href=\"https:\/\/www.mediaplateforme.com\/fr\/nt3awnou-3la-lkheir-centrale-danone-annonce-un-don-de-1-million-de-produits-laitiers\/\" \/>\n<meta property=\"og:locale\" content=\"fr_FR\" \/>\n<meta property=\"og:type\" content=\"article\" \/>\n<meta property=\"og:title\" content=\"NT3awnou 3la L\u2019kheir: Centrale Danone annonce un don de 1 million de produits laitiers - MEDIA PLATEFORME | FR\" \/>\n<meta property=\"og:description\" content=\"\u00c0 la suite du s\u00e9isme qui a frapp\u00e9 la r\u00e9gion d&#039;Al Haouz, Centrale Danone apporte son soutien aux familles sinistr\u00e9es en annon\u00e7ant un don de\" \/>\n<meta property=\"og:url\" content=\"https:\/\/www.mediaplateforme.com\/fr\/nt3awnou-3la-lkheir-centrale-danone-annonce-un-don-de-1-million-de-produits-laitiers\/\" \/>\n<meta property=\"og:site_name\" content=\"MEDIA PLATEFORME | FR\" \/>\n<meta property=\"article:published_time\" content=\"2023-09-13T12:51:28+00:00\" \/>\n<meta property=\"article:modified_time\" content=\"2023-09-13T12:52:12+00:00\" \/>\n<meta property=\"og:image\" content=\"https:\/\/www.mediaplateforme.com\/fr\/wp-content\/uploads\/sites\/5\/2023\/09\/Logo-Centrale-Danone.png\" \/>\n\t<meta property=\"og:image:width\" content=\"814\" \/>\n\t<meta property=\"og:image:height\" content=\"614\" \/>\n\t<meta property=\"og:image:type\" content=\"image\/png\" \/>\n<meta name=\"author\" content=\"Mediaplateforme\" \/>\n<meta name=\"twitter:card\" content=\"summary_large_image\" \/>\n<meta name=\"twitter:label1\" content=\"\u00c9crit par\" \/>\n\t<meta name=\"twitter:data1\" content=\"Mediaplateforme\" \/>\n\t<meta name=\"twitter:label2\" content=\"Dur\u00e9e de lecture estim\u00e9e\" \/>\n\t<meta name=\"twitter:data2\" content=\"2 minutes\" \/>\n<script type=\"application\/ld+json\" class=\"yoast-schema-graph\">{\"@context\":\"https:\/\/schema.org\",\"@graph\":[{\"@type\":\"WebPage\",\"@id\":\"https:\/\/www.mediaplateforme.com\/fr\/nt3awnou-3la-lkheir-centrale-danone-annonce-un-don-de-1-million-de-produits-laitiers\/\",\"url\":\"https:\/\/www.mediaplateforme.com\/fr\/nt3awnou-3la-lkheir-centrale-danone-annonce-un-don-de-1-million-de-produits-laitiers\/\",\"name\":\"NT3awnou 3la L\u2019kheir: Centrale Danone annonce un don de 1 million de produits laitiers - MEDIA PLATEFORME | FR\",\"isPartOf\":{\"@id\":\"https:\/\/www.mediaplateforme.com\/fr\/#website\"},\"datePublished\":\"2023-09-13T12:51:28+00:00\",\"dateModified\":\"2023-09-13T12:52:12+00:00\",\"author\":{\"@id\":\"https:\/\/www.mediaplateforme.com\/fr\/#\/schema\/person\/89833db382b5db2c76b094bc902aa12a\"},\"description\":\"\u00c0 la suite du s\u00e9isme qui a frapp\u00e9 la r\u00e9gion d'Al Haouz, Centrale Danone apporte son soutien aux familles sinistr\u00e9es en annon\u00e7ant un don de\",\"breadcrumb\":{\"@id\":\"https:\/\/www.mediaplateforme.com\/fr\/nt3awnou-3la-lkheir-centrale-danone-annonce-un-don-de-1-million-de-produits-laitiers\/#breadcrumb\"},\"inLanguage\":\"fr-FR\",\"potentialAction\":[{\"@type\":\"ReadAction\",\"target\":[\"https:\/\/www.mediaplateforme.com\/fr\/nt3awnou-3la-lkheir-centrale-danone-annonce-un-don-de-1-million-de-produits-laitiers\/\"]}]},{\"@type\":\"BreadcrumbList\",\"@id\":\"https:\/\/www.mediaplateforme.com\/fr\/nt3awnou-3la-lkheir-centrale-danone-annonce-un-don-de-1-million-de-produits-laitiers\/#breadcrumb\",\"itemListElement\":[{\"@type\":\"ListItem\",\"position\":1,\"name\":\"\u0627\u0644\u0631\u0626\u064a\u0633\u064a\u0629\",\"item\":\"https:\/\/www.mediaplateforme.com\/fr\/\"},{\"@type\":\"ListItem\",\"position\":2,\"name\":\"NT3awnou 3la L\u2019kheir: Centrale Danone annonce un don de 1 million de produits laitiers\"}]},{\"@type\":\"WebSite\",\"@id\":\"https:\/\/www.mediaplateforme.com\/fr\/#website\",\"url\":\"https:\/\/www.mediaplateforme.com\/fr\/\",\"name\":\"MEDIA PLATEFORME | FR\",\"description\":\"Mediaplateforme sp\u00e9cialis\u00e9 dans la communication institutions publiques et des entreprises\",\"potentialAction\":[{\"@type\":\"SearchAction\",\"target\":{\"@type\":\"EntryPoint\",\"urlTemplate\":\"https:\/\/www.mediaplateforme.com\/fr\/?s={search_term_string}\"},\"query-input\":\"required name=search_term_string\"}],\"inLanguage\":\"fr-FR\"},{\"@type\":\"Person\",\"@id\":\"https:\/\/www.mediaplateforme.com\/fr\/#\/schema\/person\/89833db382b5db2c76b094bc902aa12a\",\"name\":\"Mediaplateforme\",\"image\":{\"@type\":\"ImageObject\",\"inLanguage\":\"fr-FR\",\"@id\":\"https:\/\/www.mediaplateforme.com\/fr\/#\/schema\/person\/image\/\",\"url\":\"https:\/\/secure.gravatar.com\/avatar\/6c9c02e8928cc65d54bf75157f7b3a2d06d7ad0494ca0951f679552ff03b34c1?s=96&d=mm&r=g\",\"contentUrl\":\"https:\/\/secure.gravatar.com\/avatar\/6c9c02e8928cc65d54bf75157f7b3a2d06d7ad0494ca0951f679552ff03b34c1?s=96&d=mm&r=g\",\"caption\":\"Mediaplateforme\"},\"sameAs\":[\"https:\/\/www.mediaplateforme.com\"],\"url\":\"https:\/\/www.mediaplateforme.com\/fr\/author\/mohamedladib\/\"}]}<\/script>\n<!-- \/ Yoast SEO plugin. -->","yoast_head_json":{"title":"NT3awnou 3la L\u2019kheir: Centrale Danone annonce un don de 1 million de produits laitiers - MEDIA PLATEFORME | FR","description":"\u00c0 la suite du s\u00e9isme qui a frapp\u00e9 la r\u00e9gion d'Al Haouz, Centrale Danone apporte son soutien aux familles sinistr\u00e9es en annon\u00e7ant un don de","robots":{"index":"index","follow":"follow","max-snippet":"max-snippet:-1","max-image-preview":"max-image-preview:large","max-video-preview":"max-video-preview:-1"},"canonical":"https:\/\/www.mediaplateforme.com\/fr\/nt3awnou-3la-lkheir-centrale-danone-annonce-un-don-de-1-million-de-produits-laitiers\/","og_locale":"fr_FR","og_type":"article","og_title":"NT3awnou 3la L\u2019kheir: Centrale Danone annonce un don de 1 million de produits laitiers - MEDIA PLATEFORME | FR","og_description":"\u00c0 la suite du s\u00e9isme qui a frapp\u00e9 la r\u00e9gion d'Al Haouz, Centrale Danone apporte son soutien aux familles sinistr\u00e9es en annon\u00e7ant un don de","og_url":"https:\/\/www.mediaplateforme.com\/fr\/nt3awnou-3la-lkheir-centrale-danone-annonce-un-don-de-1-million-de-produits-laitiers\/","og_site_name":"MEDIA PLATEFORME | FR","article_published_time":"2023-09-13T12:51:28+00:00","article_modified_time":"2023-09-13T12:52:12+00:00","og_image":[{"width":814,"height":614,"url":"https:\/\/www.mediaplateforme.com\/fr\/wp-content\/uploads\/sites\/5\/2023\/09\/Logo-Centrale-Danone.png","type":"image\/png"}],"author":"Mediaplateforme","twitter_card":"summary_large_image","twitter_misc":{"\u00c9crit par":"Mediaplateforme","Dur\u00e9e de lecture estim\u00e9e":"2 minutes"},"schema":{"@context":"https:\/\/schema.org","@graph":[{"@type":"WebPage","@id":"https:\/\/www.mediaplateforme.com\/fr\/nt3awnou-3la-lkheir-centrale-danone-annonce-un-don-de-1-million-de-produits-laitiers\/","url":"https:\/\/www.mediaplateforme.com\/fr\/nt3awnou-3la-lkheir-centrale-danone-annonce-un-don-de-1-million-de-produits-laitiers\/","name":"NT3awnou 3la L\u2019kheir: Centrale Danone annonce un don de 1 million de produits laitiers - MEDIA PLATEFORME | FR","isPartOf":{"@id":"https:\/\/www.mediaplateforme.com\/fr\/#website"},"datePublished":"2023-09-13T12:51:28+00:00","dateModified":"2023-09-13T12:52:12+00:00","author":{"@id":"https:\/\/www.mediaplateforme.com\/fr\/#\/schema\/person\/89833db382b5db2c76b094bc902aa12a"},"description":"\u00c0 la suite du s\u00e9isme qui a frapp\u00e9 la r\u00e9gion d'Al Haouz, Centrale Danone apporte son soutien aux familles sinistr\u00e9es en annon\u00e7ant un don de","breadcrumb":{"@id":"https:\/\/www.mediaplateforme.com\/fr\/nt3awnou-3la-lkheir-centrale-danone-annonce-un-don-de-1-million-de-produits-laitiers\/#breadcrumb"},"inLanguage":"fr-FR","potentialAction":[{"@type":"ReadAction","target":["https:\/\/www.mediaplateforme.com\/fr\/nt3awnou-3la-lkheir-centrale-danone-annonce-un-don-de-1-million-de-produits-laitiers\/"]}]},{"@type":"BreadcrumbList","@id":"https:\/\/www.mediaplateforme.com\/fr\/nt3awnou-3la-lkheir-centrale-danone-annonce-un-don-de-1-million-de-produits-laitiers\/#breadcrumb","itemListElement":[{"@type":"ListItem","position":1,"name":"\u0627\u0644\u0631\u0626\u064a\u0633\u064a\u0629","item":"https:\/\/www.mediaplateforme.com\/fr\/"},{"@type":"ListItem","position":2,"name":"NT3awnou 3la L\u2019kheir: Centrale Danone annonce un don de 1 million de produits laitiers"}]},{"@type":"WebSite","@id":"https:\/\/www.mediaplateforme.com\/fr\/#website","url":"https:\/\/www.mediaplateforme.com\/fr\/","name":"MEDIA PLATEFORME | FR","description":"Mediaplateforme sp\u00e9cialis\u00e9 dans la communication institutions publiques et des entreprises","potentialAction":[{"@type":"SearchAction","target":{"@type":"EntryPoint","urlTemplate":"https:\/\/www.mediaplateforme.com\/fr\/?s={search_term_string}"},"query-input":"required name=search_term_string"}],"inLanguage":"fr-FR"},{"@type":"Person","@id":"https:\/\/www.mediaplateforme.com\/fr\/#\/schema\/person\/89833db382b5db2c76b094bc902aa12a","name":"Mediaplateforme","image":{"@type":"ImageObject","inLanguage":"fr-FR","@id":"https:\/\/www.mediaplateforme.com\/fr\/#\/schema\/person\/image\/","url":"https:\/\/secure.gravatar.com\/avatar\/6c9c02e8928cc65d54bf75157f7b3a2d06d7ad0494ca0951f679552ff03b34c1?s=96&d=mm&r=g","contentUrl":"https:\/\/secure.gravatar.com\/avatar\/6c9c02e8928cc65d54bf75157f7b3a2d06d7ad0494ca0951f679552ff03b34c1?s=96&d=mm&r=g","caption":"Mediaplateforme"},"sameAs":["https:\/\/www.mediaplateforme.com"],"url":"https:\/\/www.mediaplateforme.com\/fr\/author\/mohamedladib\/"}]}},"_links":{"self":[{"href":"https:\/\/www.mediaplateforme.com\/fr\/wp-json\/wp\/v2\/posts\/4086","targetHints":{"allow":["GET"]}}],"collection":[{"href":"https:\/\/www.mediaplateforme.com\/fr\/wp-json\/wp\/v2\/posts"}],"about":[{"href":"https:\/\/www.mediaplateforme.com\/fr\/wp-json\/wp\/v2\/types\/post"}],"author":[{"embeddable":true,"href":"https:\/\/www.mediaplateforme.com\/fr\/wp-json\/wp\/v2\/users\/1"}],"replies":[{"embeddable":true,"href":"https:\/\/www.mediaplateforme.com\/fr\/wp-json\/wp\/v2\/comments?post=4086"}],"version-history":[{"count":2,"href":"https:\/\/www.mediaplateforme.com\/fr\/wp-json\/wp\/v2\/posts\/4086\/revisions"}],"predecessor-version":[{"id":4091,"href":"https:\/\/www.mediaplateforme.com\/fr\/wp-json\/wp\/v2\/posts\/4086\/revisions\/4091"}],"wp:featuredmedia":[{"embeddable":true,"href":"https:\/\/www.mediaplateforme.com\/fr\/wp-json\/wp\/v2\/media\/4089"}],"wp:attachment":[{"href":"https:\/\/www.mediaplateforme.com\/fr\/wp-json\/wp\/v2\/media?parent=4086"}],"wp:term":[{"taxonomy":"category","embeddable":true,"href":"https:\/\/www.mediaplateforme.com\/fr\/wp-json\/wp\/v2\/categories?post=4086"},{"taxonomy":"post_tag","embeddable":true,"href":"https:\/\/www.mediaplateforme.com\/fr\/wp-json\/wp\/v2\/tags?post=4086"}],"curies":[{"name":"wp","href":"https:\/\/api.w.org\/{rel}","templated":true}]}}