{"id":4083,"date":"2023-09-13T12:29:33","date_gmt":"2023-09-13T11:29:33","guid":{"rendered":"https:\/\/www.mediaplateforme.com\/fr\/?p=4083"},"modified":"2023-09-13T12:29:33","modified_gmt":"2023-09-13T11:29:33","slug":"indrive-annule-temporairement-les-frais-de-service-a-marrakech-pour-soutenir-la-communaute-locale-apres-le-tremblement-de-terre","status":"publish","type":"post","link":"https:\/\/www.mediaplateforme.com\/fr\/indrive-annule-temporairement-les-frais-de-service-a-marrakech-pour-soutenir-la-communaute-locale-apres-le-tremblement-de-terre\/","title":{"rendered":"inDrive annule temporairement les frais de service \u00e0 Marrakech pour soutenir la communaut\u00e9 locale apr\u00e8s le tremblement de terre."},"content":{"rendered":"<p style=\"font-weight: 400;\">Par solidarit\u00e9 avec le peuple marocain suite au <a href=\"https:\/\/www.mediaplateforme.com\/fr\/la-federation-marocaine-de-lassurance-exprime-sa-solidarite-suite-au-seisme-tragique-dal-haouz\/\">tremblement de terre d<\/a>\u00e9vastateur, inDrive, la plateforme mondiale de mobilit\u00e9 et de services urbains, annonce qu&rsquo;elle ne pr\u00e9l\u00e8vera pas de frais de commission dans la ville de Marrakech pendant une semaine.<\/p>\n<p style=\"font-weight: 400;\">\n<p style=\"font-weight: 400;\">Hamza Madrani, repr\u00e9sentant du d\u00e9veloppement commercial au Maroc, a d\u00e9clar\u00e9: \u00ab\u00a0Nos condol\u00e9ances au peuple marocain. En tant qu&rsquo;entreprise, nous sommes d\u00e9sol\u00e9s de cette perte et de ce \u00e0 quoi les gens sont confront\u00e9s. \u00c0 cet \u00e9gard, nous avons d\u00e9cid\u00e9 de suspendre la mon\u00e9tisation \u00e0 Marrakech en guise de solidarit\u00e9 avec le peuple marocain et en particulier avec les habitants de Marrakech, qui sont les plus touch\u00e9s par le tremblement de terre\u00a0\u00bb.<\/p>\n<p style=\"font-weight: 400;\">\n<p style=\"font-weight: 400;\">Madrani a ajout\u00e9 : \u00ab\u00a0cette initiative vise \u00e0 aider les conducteurs qui ont \u00e9t\u00e9 touch\u00e9s par le tremblement de terre, ou leurs proches, en leur permettant de gagner plus en cette p\u00e9riode difficile\u00a0\u00bb.<\/p>\n","protected":false},"excerpt":{"rendered":"<p>Par solidarit\u00e9 avec le peuple marocain suite au tremblement de terre d\u00e9vastateur, inDrive, la plateforme<\/p>\n","protected":false},"author":1,"featured_media":3604,"comment_status":"open","ping_status":"open","sticky":false,"template":"","format":"standard","meta":{"_acf_changed":false,"footnotes":""},"categories":[5,3],"tags":[1144],"class_list":["post-4083","post","type-post","status-publish","format-standard","has-post-thumbnail","hentry","category-tech","category-nouvelles-selectionnees","tag-indrive"],"acf":[],"yoast_head":"<!-- This site is optimized with the Yoast SEO plugin v22.0 - https:\/\/yoast.com\/wordpress\/plugins\/seo\/ -->\n<title>inDrive annule temporairement les frais de service \u00e0 Marrakech pour soutenir la communaut\u00e9 locale apr\u00e8s le tremblement de terre. - MEDIA PLATEFORME | FR<\/title>\n<meta name=\"description\" content=\"Par solidarit\u00e9 avec le peuple marocain suite au tremblement de terre d\u00e9vastateur, inDrive, la plateforme mondiale de mobilit\u00e9 et ,\" \/>\n<meta name=\"robots\" content=\"index, follow, max-snippet:-1, max-image-preview:large, max-video-preview:-1\" \/>\n<link rel=\"canonical\" href=\"https:\/\/www.mediaplateforme.com\/fr\/indrive-annule-temporairement-les-frais-de-service-a-marrakech-pour-soutenir-la-communaute-locale-apres-le-tremblement-de-terre\/\" \/>\n<meta property=\"og:locale\" content=\"fr_FR\" \/>\n<meta property=\"og:type\" content=\"article\" \/>\n<meta property=\"og:title\" content=\"inDrive annule temporairement les frais de service \u00e0 Marrakech pour soutenir la communaut\u00e9 locale apr\u00e8s le tremblement de terre. - MEDIA PLATEFORME | FR\" \/>\n<meta property=\"og:description\" content=\"Par solidarit\u00e9 avec le peuple marocain suite au tremblement de terre d\u00e9vastateur, inDrive, la plateforme mondiale de mobilit\u00e9 et ,\" \/>\n<meta property=\"og:url\" content=\"https:\/\/www.mediaplateforme.com\/fr\/indrive-annule-temporairement-les-frais-de-service-a-marrakech-pour-soutenir-la-communaute-locale-apres-le-tremblement-de-terre\/\" \/>\n<meta property=\"og:site_name\" content=\"MEDIA PLATEFORME | FR\" \/>\n<meta property=\"article:published_time\" content=\"2023-09-13T11:29:33+00:00\" \/>\n<meta property=\"og:image\" content=\"https:\/\/www.mediaplateforme.com\/fr\/wp-content\/uploads\/sites\/5\/2023\/07\/1665860175_inDriver-transportation-app-announced-an-international-switch-for-Android-and.jpg\" \/>\n\t<meta property=\"og:image:width\" content=\"1200\" \/>\n\t<meta property=\"og:image:height\" content=\"628\" \/>\n\t<meta property=\"og:image:type\" content=\"image\/jpeg\" \/>\n<meta name=\"author\" content=\"Mediaplateforme\" \/>\n<meta name=\"twitter:card\" content=\"summary_large_image\" \/>\n<meta name=\"twitter:label1\" content=\"\u00c9crit par\" \/>\n\t<meta name=\"twitter:data1\" content=\"Mediaplateforme\" \/>\n\t<meta name=\"twitter:label2\" content=\"Dur\u00e9e de lecture estim\u00e9e\" \/>\n\t<meta name=\"twitter:data2\" content=\"1 minute\" \/>\n<script type=\"application\/ld+json\" class=\"yoast-schema-graph\">{\"@context\":\"https:\/\/schema.org\",\"@graph\":[{\"@type\":\"WebPage\",\"@id\":\"https:\/\/www.mediaplateforme.com\/fr\/indrive-annule-temporairement-les-frais-de-service-a-marrakech-pour-soutenir-la-communaute-locale-apres-le-tremblement-de-terre\/\",\"url\":\"https:\/\/www.mediaplateforme.com\/fr\/indrive-annule-temporairement-les-frais-de-service-a-marrakech-pour-soutenir-la-communaute-locale-apres-le-tremblement-de-terre\/\",\"name\":\"inDrive annule temporairement les frais de service \u00e0 Marrakech pour soutenir la communaut\u00e9 locale apr\u00e8s le tremblement de terre. - MEDIA PLATEFORME | FR\",\"isPartOf\":{\"@id\":\"https:\/\/www.mediaplateforme.com\/fr\/#website\"},\"datePublished\":\"2023-09-13T11:29:33+00:00\",\"dateModified\":\"2023-09-13T11:29:33+00:00\",\"author\":{\"@id\":\"https:\/\/www.mediaplateforme.com\/fr\/#\/schema\/person\/89833db382b5db2c76b094bc902aa12a\"},\"description\":\"Par solidarit\u00e9 avec le peuple marocain suite au tremblement de terre d\u00e9vastateur, inDrive, la plateforme mondiale de mobilit\u00e9 et ,\",\"breadcrumb\":{\"@id\":\"https:\/\/www.mediaplateforme.com\/fr\/indrive-annule-temporairement-les-frais-de-service-a-marrakech-pour-soutenir-la-communaute-locale-apres-le-tremblement-de-terre\/#breadcrumb\"},\"inLanguage\":\"fr-FR\",\"potentialAction\":[{\"@type\":\"ReadAction\",\"target\":[\"https:\/\/www.mediaplateforme.com\/fr\/indrive-annule-temporairement-les-frais-de-service-a-marrakech-pour-soutenir-la-communaute-locale-apres-le-tremblement-de-terre\/\"]}]},{\"@type\":\"BreadcrumbList\",\"@id\":\"https:\/\/www.mediaplateforme.com\/fr\/indrive-annule-temporairement-les-frais-de-service-a-marrakech-pour-soutenir-la-communaute-locale-apres-le-tremblement-de-terre\/#breadcrumb\",\"itemListElement\":[{\"@type\":\"ListItem\",\"position\":1,\"name\":\"\u0627\u0644\u0631\u0626\u064a\u0633\u064a\u0629\",\"item\":\"https:\/\/www.mediaplateforme.com\/fr\/\"},{\"@type\":\"ListItem\",\"position\":2,\"name\":\"inDrive annule temporairement les frais de service \u00e0 Marrakech pour soutenir la communaut\u00e9 locale apr\u00e8s le tremblement de terre.\"}]},{\"@type\":\"WebSite\",\"@id\":\"https:\/\/www.mediaplateforme.com\/fr\/#website\",\"url\":\"https:\/\/www.mediaplateforme.com\/fr\/\",\"name\":\"MEDIA PLATEFORME | FR\",\"description\":\"Mediaplateforme sp\u00e9cialis\u00e9 dans la communication institutions publiques et des entreprises\",\"potentialAction\":[{\"@type\":\"SearchAction\",\"target\":{\"@type\":\"EntryPoint\",\"urlTemplate\":\"https:\/\/www.mediaplateforme.com\/fr\/?s={search_term_string}\"},\"query-input\":\"required name=search_term_string\"}],\"inLanguage\":\"fr-FR\"},{\"@type\":\"Person\",\"@id\":\"https:\/\/www.mediaplateforme.com\/fr\/#\/schema\/person\/89833db382b5db2c76b094bc902aa12a\",\"name\":\"Mediaplateforme\",\"image\":{\"@type\":\"ImageObject\",\"inLanguage\":\"fr-FR\",\"@id\":\"https:\/\/www.mediaplateforme.com\/fr\/#\/schema\/person\/image\/\",\"url\":\"https:\/\/secure.gravatar.com\/avatar\/6c9c02e8928cc65d54bf75157f7b3a2d06d7ad0494ca0951f679552ff03b34c1?s=96&d=mm&r=g\",\"contentUrl\":\"https:\/\/secure.gravatar.com\/avatar\/6c9c02e8928cc65d54bf75157f7b3a2d06d7ad0494ca0951f679552ff03b34c1?s=96&d=mm&r=g\",\"caption\":\"Mediaplateforme\"},\"sameAs\":[\"https:\/\/www.mediaplateforme.com\"],\"url\":\"https:\/\/www.mediaplateforme.com\/fr\/author\/mohamedladib\/\"}]}<\/script>\n<!-- \/ Yoast SEO plugin. -->","yoast_head_json":{"title":"inDrive annule temporairement les frais de service \u00e0 Marrakech pour soutenir la communaut\u00e9 locale apr\u00e8s le tremblement de terre. - MEDIA PLATEFORME | FR","description":"Par solidarit\u00e9 avec le peuple marocain suite au tremblement de terre d\u00e9vastateur, inDrive, la plateforme mondiale de mobilit\u00e9 et ,","robots":{"index":"index","follow":"follow","max-snippet":"max-snippet:-1","max-image-preview":"max-image-preview:large","max-video-preview":"max-video-preview:-1"},"canonical":"https:\/\/www.mediaplateforme.com\/fr\/indrive-annule-temporairement-les-frais-de-service-a-marrakech-pour-soutenir-la-communaute-locale-apres-le-tremblement-de-terre\/","og_locale":"fr_FR","og_type":"article","og_title":"inDrive annule temporairement les frais de service \u00e0 Marrakech pour soutenir la communaut\u00e9 locale apr\u00e8s le tremblement de terre. - MEDIA PLATEFORME | FR","og_description":"Par solidarit\u00e9 avec le peuple marocain suite au tremblement de terre d\u00e9vastateur, inDrive, la plateforme mondiale de mobilit\u00e9 et ,","og_url":"https:\/\/www.mediaplateforme.com\/fr\/indrive-annule-temporairement-les-frais-de-service-a-marrakech-pour-soutenir-la-communaute-locale-apres-le-tremblement-de-terre\/","og_site_name":"MEDIA PLATEFORME | FR","article_published_time":"2023-09-13T11:29:33+00:00","og_image":[{"width":1200,"height":628,"url":"https:\/\/www.mediaplateforme.com\/fr\/wp-content\/uploads\/sites\/5\/2023\/07\/1665860175_inDriver-transportation-app-announced-an-international-switch-for-Android-and.jpg","type":"image\/jpeg"}],"author":"Mediaplateforme","twitter_card":"summary_large_image","twitter_misc":{"\u00c9crit par":"Mediaplateforme","Dur\u00e9e de lecture estim\u00e9e":"1 minute"},"schema":{"@context":"https:\/\/schema.org","@graph":[{"@type":"WebPage","@id":"https:\/\/www.mediaplateforme.com\/fr\/indrive-annule-temporairement-les-frais-de-service-a-marrakech-pour-soutenir-la-communaute-locale-apres-le-tremblement-de-terre\/","url":"https:\/\/www.mediaplateforme.com\/fr\/indrive-annule-temporairement-les-frais-de-service-a-marrakech-pour-soutenir-la-communaute-locale-apres-le-tremblement-de-terre\/","name":"inDrive annule temporairement les frais de service \u00e0 Marrakech pour soutenir la communaut\u00e9 locale apr\u00e8s le tremblement de terre. - MEDIA PLATEFORME | FR","isPartOf":{"@id":"https:\/\/www.mediaplateforme.com\/fr\/#website"},"datePublished":"2023-09-13T11:29:33+00:00","dateModified":"2023-09-13T11:29:33+00:00","author":{"@id":"https:\/\/www.mediaplateforme.com\/fr\/#\/schema\/person\/89833db382b5db2c76b094bc902aa12a"},"description":"Par solidarit\u00e9 avec le peuple marocain suite au tremblement de terre d\u00e9vastateur, inDrive, la plateforme mondiale de mobilit\u00e9 et ,","breadcrumb":{"@id":"https:\/\/www.mediaplateforme.com\/fr\/indrive-annule-temporairement-les-frais-de-service-a-marrakech-pour-soutenir-la-communaute-locale-apres-le-tremblement-de-terre\/#breadcrumb"},"inLanguage":"fr-FR","potentialAction":[{"@type":"ReadAction","target":["https:\/\/www.mediaplateforme.com\/fr\/indrive-annule-temporairement-les-frais-de-service-a-marrakech-pour-soutenir-la-communaute-locale-apres-le-tremblement-de-terre\/"]}]},{"@type":"BreadcrumbList","@id":"https:\/\/www.mediaplateforme.com\/fr\/indrive-annule-temporairement-les-frais-de-service-a-marrakech-pour-soutenir-la-communaute-locale-apres-le-tremblement-de-terre\/#breadcrumb","itemListElement":[{"@type":"ListItem","position":1,"name":"\u0627\u0644\u0631\u0626\u064a\u0633\u064a\u0629","item":"https:\/\/www.mediaplateforme.com\/fr\/"},{"@type":"ListItem","position":2,"name":"inDrive annule temporairement les frais de service \u00e0 Marrakech pour soutenir la communaut\u00e9 locale apr\u00e8s le tremblement de terre."}]},{"@type":"WebSite","@id":"https:\/\/www.mediaplateforme.com\/fr\/#website","url":"https:\/\/www.mediaplateforme.com\/fr\/","name":"MEDIA PLATEFORME | FR","description":"Mediaplateforme sp\u00e9cialis\u00e9 dans la communication institutions publiques et des entreprises","potentialAction":[{"@type":"SearchAction","target":{"@type":"EntryPoint","urlTemplate":"https:\/\/www.mediaplateforme.com\/fr\/?s={search_term_string}"},"query-input":"required name=search_term_string"}],"inLanguage":"fr-FR"},{"@type":"Person","@id":"https:\/\/www.mediaplateforme.com\/fr\/#\/schema\/person\/89833db382b5db2c76b094bc902aa12a","name":"Mediaplateforme","image":{"@type":"ImageObject","inLanguage":"fr-FR","@id":"https:\/\/www.mediaplateforme.com\/fr\/#\/schema\/person\/image\/","url":"https:\/\/secure.gravatar.com\/avatar\/6c9c02e8928cc65d54bf75157f7b3a2d06d7ad0494ca0951f679552ff03b34c1?s=96&d=mm&r=g","contentUrl":"https:\/\/secure.gravatar.com\/avatar\/6c9c02e8928cc65d54bf75157f7b3a2d06d7ad0494ca0951f679552ff03b34c1?s=96&d=mm&r=g","caption":"Mediaplateforme"},"sameAs":["https:\/\/www.mediaplateforme.com"],"url":"https:\/\/www.mediaplateforme.com\/fr\/author\/mohamedladib\/"}]}},"_links":{"self":[{"href":"https:\/\/www.mediaplateforme.com\/fr\/wp-json\/wp\/v2\/posts\/4083","targetHints":{"allow":["GET"]}}],"collection":[{"href":"https:\/\/www.mediaplateforme.com\/fr\/wp-json\/wp\/v2\/posts"}],"about":[{"href":"https:\/\/www.mediaplateforme.com\/fr\/wp-json\/wp\/v2\/types\/post"}],"author":[{"embeddable":true,"href":"https:\/\/www.mediaplateforme.com\/fr\/wp-json\/wp\/v2\/users\/1"}],"replies":[{"embeddable":true,"href":"https:\/\/www.mediaplateforme.com\/fr\/wp-json\/wp\/v2\/comments?post=4083"}],"version-history":[{"count":1,"href":"https:\/\/www.mediaplateforme.com\/fr\/wp-json\/wp\/v2\/posts\/4083\/revisions"}],"predecessor-version":[{"id":4084,"href":"https:\/\/www.mediaplateforme.com\/fr\/wp-json\/wp\/v2\/posts\/4083\/revisions\/4084"}],"wp:featuredmedia":[{"embeddable":true,"href":"https:\/\/www.mediaplateforme.com\/fr\/wp-json\/wp\/v2\/media\/3604"}],"wp:attachment":[{"href":"https:\/\/www.mediaplateforme.com\/fr\/wp-json\/wp\/v2\/media?parent=4083"}],"wp:term":[{"taxonomy":"category","embeddable":true,"href":"https:\/\/www.mediaplateforme.com\/fr\/wp-json\/wp\/v2\/categories?post=4083"},{"taxonomy":"post_tag","embeddable":true,"href":"https:\/\/www.mediaplateforme.com\/fr\/wp-json\/wp\/v2\/tags?post=4083"}],"curies":[{"name":"wp","href":"https:\/\/api.w.org\/{rel}","templated":true}]}}