{"id":4073,"date":"2023-09-12T21:37:50","date_gmt":"2023-09-12T20:37:50","guid":{"rendered":"https:\/\/www.mediaplateforme.com\/fr\/?p=4073"},"modified":"2023-09-13T10:39:23","modified_gmt":"2023-09-13T09:39:23","slug":"seisme-dal-haouz-sa-majeste-le-roi-se-rend-au-chevet-des-blesses-et-effectue-un-don-de-sang","status":"publish","type":"post","link":"https:\/\/www.mediaplateforme.com\/fr\/seisme-dal-haouz-sa-majeste-le-roi-se-rend-au-chevet-des-blesses-et-effectue-un-don-de-sang\/","title":{"rendered":"S\u00e9isme d&rsquo;Al-Haouz : Sa Majest\u00e9 le Roi Se rend au chevet des bless\u00e9s et effectue un don de sang"},"content":{"rendered":"<p><strong>Sa Majest\u00e9 le Roi Mohammed VI<\/strong>, que Dieu L&rsquo;assiste, S&rsquo;est rendu, mardi apr\u00e8s-midi, au\u00a0<strong>Centre Hospitalier Universitaire \u00ab\u00a0Mohammed VI<\/strong>\u00a0\u00bb de Marrakech o\u00f9 le Souverain S&rsquo;est enquis de l&rsquo;\u00e9tat de sant\u00e9 des bless\u00e9s, victimes du douloureux tremblement de terre survenu le vendredi 8 septembre et qui a occasionn\u00e9 d\u2019importantes pertes humaines et mat\u00e9rielles dans plusieurs r\u00e9gions du Royaume.<\/p>\n<p>Ainsi, Sa Majest\u00e9 le Roi a visit\u00e9 le service de r\u00e9animation et celui d\u2019hospitalisation des victimes du s\u00e9isme o\u00f9 le Souverain S&rsquo;est inform\u00e9 de l&rsquo;\u00e9tat de sant\u00e9 des personnes bless\u00e9es ainsi que des soins qui leur sont prodigu\u00e9s par les \u00e9quipes m\u00e9dicales mobilis\u00e9es \u00e0 la suite de cette catastrophe naturelle d\u2019ampleur.<\/p>\n<p><img loading=\"lazy\" decoding=\"async\" class=\"size-medium wp-image-4076 aligncenter\" src=\"https:\/\/www.mediaplateforme.com\/fr\/wp-content\/uploads\/sites\/5\/2023\/09\/3b00d31abdcdd1154f1bf6d92c7f8676-300x180.jpg\" alt=\"\" width=\"300\" height=\"180\" srcset=\"https:\/\/www.mediaplateforme.com\/fr\/wp-content\/uploads\/sites\/5\/2023\/09\/3b00d31abdcdd1154f1bf6d92c7f8676-300x180.jpg 300w, https:\/\/www.mediaplateforme.com\/fr\/wp-content\/uploads\/sites\/5\/2023\/09\/3b00d31abdcdd1154f1bf6d92c7f8676-768x461.jpg 768w, https:\/\/www.mediaplateforme.com\/fr\/wp-content\/uploads\/sites\/5\/2023\/09\/3b00d31abdcdd1154f1bf6d92c7f8676.jpg 780w\" sizes=\"auto, (max-width: 300px) 100vw, 300px\" \/><\/p>\n<p>Cette initiative Royale d\u2019un grand soutien moral aux bless\u00e9s et \u00e0 leurs familles vient conforter les diff\u00e9rentes initiatives et mesures prises, conform\u00e9ment aux Hautes Instructions Royales, pour secourir, assister et accompagner les personnes affect\u00e9es par le s\u00e9isme d\u2019Al-Haouz.<\/p>\n<p>Quelque 2.171 bless\u00e9s ont \u00e9t\u00e9 admis aux diff\u00e9rents centres hospitaliers de la r\u00e9gion de Marrakech-Safi, dont 484 bless\u00e9s majeurs et 1.570 bless\u00e9s mineurs. 248 personnes sont encore hospitalis\u00e9es.<\/p>\n<p>A cette occasion, S.M. le Roi Mohammed VI a bien voulu faire don de Son sang, un geste fort qui t\u00e9moigne \u00e9galement de la bienveillance Royale et exprime l\u2019enti\u00e8re solidarit\u00e9 du Souverain et Sa totale compassion aux victimes et aux familles \u00e9plor\u00e9es.<\/p>\n<p>La visite de Sa Majest\u00e9 le Roi au CHU \u00abMohammed VI\u00bb traduit la Haute sollicitude dont le Souverain entoure les victimes du s\u00e9isme d\u2019Al-Haouz, et vient consacrer la symbiose qui existe entre Sa Majest\u00e9 le Roi et Son peuple dans l&rsquo;heur et le malheur et qui permet au Royaume du Maroc de g\u00e9rer les crises du moment et d&rsquo;entrevoir l&rsquo;avenir avec enthousiasme et d\u00e9termination.<\/p>\n<p>&nbsp;<\/p>\n","protected":false},"excerpt":{"rendered":"<p>Sa Majest\u00e9 le Roi Mohammed VI, que Dieu L&rsquo;assiste, S&rsquo;est rendu, mardi apr\u00e8s-midi, au\u00a0Centre Hospitalier<\/p>\n","protected":false},"author":1,"featured_media":4074,"comment_status":"open","ping_status":"open","sticky":false,"template":"","format":"standard","meta":{"_acf_changed":false,"footnotes":""},"categories":[2,3],"tags":[1284,1285],"class_list":["post-4073","post","type-post","status-publish","format-standard","has-post-thumbnail","hentry","category-nouvelles","category-nouvelles-selectionnees","tag-sa-majeste-le-roi-mohammed-vi","tag-seisme-dal-haouz"],"acf":[],"yoast_head":"<!-- This site is optimized with the Yoast SEO plugin v22.0 - https:\/\/yoast.com\/wordpress\/plugins\/seo\/ -->\n<title>S\u00e9isme d&#039;Al-Haouz : Sa Majest\u00e9 le Roi Se rend au chevet des bless\u00e9s et effectue un don de sang - MEDIA PLATEFORME | FR<\/title>\n<meta name=\"description\" content=\"Sa Majest\u00e9 le Roi Mohammed VI, que Dieu L&#039;assiste, S&#039;est rendu, mardi apr\u00e8s-midi, au\u00a0Centre Hospitalier Universitaire &quot;Mohammed VI&quot;\" \/>\n<meta name=\"robots\" content=\"index, follow, max-snippet:-1, max-image-preview:large, max-video-preview:-1\" \/>\n<link rel=\"canonical\" href=\"https:\/\/www.mediaplateforme.com\/fr\/seisme-dal-haouz-sa-majeste-le-roi-se-rend-au-chevet-des-blesses-et-effectue-un-don-de-sang\/\" \/>\n<meta property=\"og:locale\" content=\"fr_FR\" \/>\n<meta property=\"og:type\" content=\"article\" \/>\n<meta property=\"og:title\" content=\"S\u00e9isme d&#039;Al-Haouz : Sa Majest\u00e9 le Roi Se rend au chevet des bless\u00e9s et effectue un don de sang - MEDIA PLATEFORME | FR\" \/>\n<meta property=\"og:description\" content=\"Sa Majest\u00e9 le Roi Mohammed VI, que Dieu L&#039;assiste, S&#039;est rendu, mardi apr\u00e8s-midi, au\u00a0Centre Hospitalier Universitaire &quot;Mohammed VI&quot;\" \/>\n<meta property=\"og:url\" content=\"https:\/\/www.mediaplateforme.com\/fr\/seisme-dal-haouz-sa-majeste-le-roi-se-rend-au-chevet-des-blesses-et-effectue-un-don-de-sang\/\" \/>\n<meta property=\"og:site_name\" content=\"MEDIA PLATEFORME | FR\" \/>\n<meta property=\"article:published_time\" content=\"2023-09-12T20:37:50+00:00\" \/>\n<meta property=\"article:modified_time\" content=\"2023-09-13T09:39:23+00:00\" \/>\n<meta property=\"og:image\" content=\"https:\/\/www.mediaplateforme.com\/fr\/wp-content\/uploads\/sites\/5\/2023\/09\/le-roi-mohamed-6.jpg\" \/>\n\t<meta property=\"og:image:width\" content=\"1391\" \/>\n\t<meta property=\"og:image:height\" content=\"873\" \/>\n\t<meta property=\"og:image:type\" content=\"image\/jpeg\" \/>\n<meta name=\"author\" content=\"Mediaplateforme\" \/>\n<meta name=\"twitter:card\" content=\"summary_large_image\" \/>\n<meta name=\"twitter:label1\" content=\"\u00c9crit par\" \/>\n\t<meta name=\"twitter:data1\" content=\"Mediaplateforme\" \/>\n\t<meta name=\"twitter:label2\" content=\"Dur\u00e9e de lecture estim\u00e9e\" \/>\n\t<meta name=\"twitter:data2\" content=\"2 minutes\" \/>\n<script type=\"application\/ld+json\" class=\"yoast-schema-graph\">{\"@context\":\"https:\/\/schema.org\",\"@graph\":[{\"@type\":\"WebPage\",\"@id\":\"https:\/\/www.mediaplateforme.com\/fr\/seisme-dal-haouz-sa-majeste-le-roi-se-rend-au-chevet-des-blesses-et-effectue-un-don-de-sang\/\",\"url\":\"https:\/\/www.mediaplateforme.com\/fr\/seisme-dal-haouz-sa-majeste-le-roi-se-rend-au-chevet-des-blesses-et-effectue-un-don-de-sang\/\",\"name\":\"S\u00e9isme d'Al-Haouz : Sa Majest\u00e9 le Roi Se rend au chevet des bless\u00e9s et effectue un don de sang - MEDIA PLATEFORME | FR\",\"isPartOf\":{\"@id\":\"https:\/\/www.mediaplateforme.com\/fr\/#website\"},\"datePublished\":\"2023-09-12T20:37:50+00:00\",\"dateModified\":\"2023-09-13T09:39:23+00:00\",\"author\":{\"@id\":\"https:\/\/www.mediaplateforme.com\/fr\/#\/schema\/person\/89833db382b5db2c76b094bc902aa12a\"},\"description\":\"Sa Majest\u00e9 le Roi Mohammed VI, que Dieu L'assiste, S'est rendu, mardi apr\u00e8s-midi, au\u00a0Centre Hospitalier Universitaire \\\"Mohammed VI\\\"\",\"breadcrumb\":{\"@id\":\"https:\/\/www.mediaplateforme.com\/fr\/seisme-dal-haouz-sa-majeste-le-roi-se-rend-au-chevet-des-blesses-et-effectue-un-don-de-sang\/#breadcrumb\"},\"inLanguage\":\"fr-FR\",\"potentialAction\":[{\"@type\":\"ReadAction\",\"target\":[\"https:\/\/www.mediaplateforme.com\/fr\/seisme-dal-haouz-sa-majeste-le-roi-se-rend-au-chevet-des-blesses-et-effectue-un-don-de-sang\/\"]}]},{\"@type\":\"BreadcrumbList\",\"@id\":\"https:\/\/www.mediaplateforme.com\/fr\/seisme-dal-haouz-sa-majeste-le-roi-se-rend-au-chevet-des-blesses-et-effectue-un-don-de-sang\/#breadcrumb\",\"itemListElement\":[{\"@type\":\"ListItem\",\"position\":1,\"name\":\"\u0627\u0644\u0631\u0626\u064a\u0633\u064a\u0629\",\"item\":\"https:\/\/www.mediaplateforme.com\/fr\/\"},{\"@type\":\"ListItem\",\"position\":2,\"name\":\"S\u00e9isme d&#8217;Al-Haouz : Sa Majest\u00e9 le Roi Se rend au chevet des bless\u00e9s et effectue un don de sang\"}]},{\"@type\":\"WebSite\",\"@id\":\"https:\/\/www.mediaplateforme.com\/fr\/#website\",\"url\":\"https:\/\/www.mediaplateforme.com\/fr\/\",\"name\":\"MEDIA PLATEFORME | FR\",\"description\":\"Mediaplateforme sp\u00e9cialis\u00e9 dans la communication institutions publiques et des entreprises\",\"potentialAction\":[{\"@type\":\"SearchAction\",\"target\":{\"@type\":\"EntryPoint\",\"urlTemplate\":\"https:\/\/www.mediaplateforme.com\/fr\/?s={search_term_string}\"},\"query-input\":\"required name=search_term_string\"}],\"inLanguage\":\"fr-FR\"},{\"@type\":\"Person\",\"@id\":\"https:\/\/www.mediaplateforme.com\/fr\/#\/schema\/person\/89833db382b5db2c76b094bc902aa12a\",\"name\":\"Mediaplateforme\",\"image\":{\"@type\":\"ImageObject\",\"inLanguage\":\"fr-FR\",\"@id\":\"https:\/\/www.mediaplateforme.com\/fr\/#\/schema\/person\/image\/\",\"url\":\"https:\/\/secure.gravatar.com\/avatar\/6c9c02e8928cc65d54bf75157f7b3a2d06d7ad0494ca0951f679552ff03b34c1?s=96&d=mm&r=g\",\"contentUrl\":\"https:\/\/secure.gravatar.com\/avatar\/6c9c02e8928cc65d54bf75157f7b3a2d06d7ad0494ca0951f679552ff03b34c1?s=96&d=mm&r=g\",\"caption\":\"Mediaplateforme\"},\"sameAs\":[\"https:\/\/www.mediaplateforme.com\"],\"url\":\"https:\/\/www.mediaplateforme.com\/fr\/author\/mohamedladib\/\"}]}<\/script>\n<!-- \/ Yoast SEO plugin. -->","yoast_head_json":{"title":"S\u00e9isme d'Al-Haouz : Sa Majest\u00e9 le Roi Se rend au chevet des bless\u00e9s et effectue un don de sang - MEDIA PLATEFORME | FR","description":"Sa Majest\u00e9 le Roi Mohammed VI, que Dieu L'assiste, S'est rendu, mardi apr\u00e8s-midi, au\u00a0Centre Hospitalier Universitaire \"Mohammed VI\"","robots":{"index":"index","follow":"follow","max-snippet":"max-snippet:-1","max-image-preview":"max-image-preview:large","max-video-preview":"max-video-preview:-1"},"canonical":"https:\/\/www.mediaplateforme.com\/fr\/seisme-dal-haouz-sa-majeste-le-roi-se-rend-au-chevet-des-blesses-et-effectue-un-don-de-sang\/","og_locale":"fr_FR","og_type":"article","og_title":"S\u00e9isme d'Al-Haouz : Sa Majest\u00e9 le Roi Se rend au chevet des bless\u00e9s et effectue un don de sang - MEDIA PLATEFORME | FR","og_description":"Sa Majest\u00e9 le Roi Mohammed VI, que Dieu L'assiste, S'est rendu, mardi apr\u00e8s-midi, au\u00a0Centre Hospitalier Universitaire \"Mohammed VI\"","og_url":"https:\/\/www.mediaplateforme.com\/fr\/seisme-dal-haouz-sa-majeste-le-roi-se-rend-au-chevet-des-blesses-et-effectue-un-don-de-sang\/","og_site_name":"MEDIA PLATEFORME | FR","article_published_time":"2023-09-12T20:37:50+00:00","article_modified_time":"2023-09-13T09:39:23+00:00","og_image":[{"width":1391,"height":873,"url":"https:\/\/www.mediaplateforme.com\/fr\/wp-content\/uploads\/sites\/5\/2023\/09\/le-roi-mohamed-6.jpg","type":"image\/jpeg"}],"author":"Mediaplateforme","twitter_card":"summary_large_image","twitter_misc":{"\u00c9crit par":"Mediaplateforme","Dur\u00e9e de lecture estim\u00e9e":"2 minutes"},"schema":{"@context":"https:\/\/schema.org","@graph":[{"@type":"WebPage","@id":"https:\/\/www.mediaplateforme.com\/fr\/seisme-dal-haouz-sa-majeste-le-roi-se-rend-au-chevet-des-blesses-et-effectue-un-don-de-sang\/","url":"https:\/\/www.mediaplateforme.com\/fr\/seisme-dal-haouz-sa-majeste-le-roi-se-rend-au-chevet-des-blesses-et-effectue-un-don-de-sang\/","name":"S\u00e9isme d'Al-Haouz : Sa Majest\u00e9 le Roi Se rend au chevet des bless\u00e9s et effectue un don de sang - MEDIA PLATEFORME | FR","isPartOf":{"@id":"https:\/\/www.mediaplateforme.com\/fr\/#website"},"datePublished":"2023-09-12T20:37:50+00:00","dateModified":"2023-09-13T09:39:23+00:00","author":{"@id":"https:\/\/www.mediaplateforme.com\/fr\/#\/schema\/person\/89833db382b5db2c76b094bc902aa12a"},"description":"Sa Majest\u00e9 le Roi Mohammed VI, que Dieu L'assiste, S'est rendu, mardi apr\u00e8s-midi, au\u00a0Centre Hospitalier Universitaire \"Mohammed VI\"","breadcrumb":{"@id":"https:\/\/www.mediaplateforme.com\/fr\/seisme-dal-haouz-sa-majeste-le-roi-se-rend-au-chevet-des-blesses-et-effectue-un-don-de-sang\/#breadcrumb"},"inLanguage":"fr-FR","potentialAction":[{"@type":"ReadAction","target":["https:\/\/www.mediaplateforme.com\/fr\/seisme-dal-haouz-sa-majeste-le-roi-se-rend-au-chevet-des-blesses-et-effectue-un-don-de-sang\/"]}]},{"@type":"BreadcrumbList","@id":"https:\/\/www.mediaplateforme.com\/fr\/seisme-dal-haouz-sa-majeste-le-roi-se-rend-au-chevet-des-blesses-et-effectue-un-don-de-sang\/#breadcrumb","itemListElement":[{"@type":"ListItem","position":1,"name":"\u0627\u0644\u0631\u0626\u064a\u0633\u064a\u0629","item":"https:\/\/www.mediaplateforme.com\/fr\/"},{"@type":"ListItem","position":2,"name":"S\u00e9isme d&#8217;Al-Haouz : Sa Majest\u00e9 le Roi Se rend au chevet des bless\u00e9s et effectue un don de sang"}]},{"@type":"WebSite","@id":"https:\/\/www.mediaplateforme.com\/fr\/#website","url":"https:\/\/www.mediaplateforme.com\/fr\/","name":"MEDIA PLATEFORME | FR","description":"Mediaplateforme sp\u00e9cialis\u00e9 dans la communication institutions publiques et des entreprises","potentialAction":[{"@type":"SearchAction","target":{"@type":"EntryPoint","urlTemplate":"https:\/\/www.mediaplateforme.com\/fr\/?s={search_term_string}"},"query-input":"required name=search_term_string"}],"inLanguage":"fr-FR"},{"@type":"Person","@id":"https:\/\/www.mediaplateforme.com\/fr\/#\/schema\/person\/89833db382b5db2c76b094bc902aa12a","name":"Mediaplateforme","image":{"@type":"ImageObject","inLanguage":"fr-FR","@id":"https:\/\/www.mediaplateforme.com\/fr\/#\/schema\/person\/image\/","url":"https:\/\/secure.gravatar.com\/avatar\/6c9c02e8928cc65d54bf75157f7b3a2d06d7ad0494ca0951f679552ff03b34c1?s=96&d=mm&r=g","contentUrl":"https:\/\/secure.gravatar.com\/avatar\/6c9c02e8928cc65d54bf75157f7b3a2d06d7ad0494ca0951f679552ff03b34c1?s=96&d=mm&r=g","caption":"Mediaplateforme"},"sameAs":["https:\/\/www.mediaplateforme.com"],"url":"https:\/\/www.mediaplateforme.com\/fr\/author\/mohamedladib\/"}]}},"_links":{"self":[{"href":"https:\/\/www.mediaplateforme.com\/fr\/wp-json\/wp\/v2\/posts\/4073","targetHints":{"allow":["GET"]}}],"collection":[{"href":"https:\/\/www.mediaplateforme.com\/fr\/wp-json\/wp\/v2\/posts"}],"about":[{"href":"https:\/\/www.mediaplateforme.com\/fr\/wp-json\/wp\/v2\/types\/post"}],"author":[{"embeddable":true,"href":"https:\/\/www.mediaplateforme.com\/fr\/wp-json\/wp\/v2\/users\/1"}],"replies":[{"embeddable":true,"href":"https:\/\/www.mediaplateforme.com\/fr\/wp-json\/wp\/v2\/comments?post=4073"}],"version-history":[{"count":2,"href":"https:\/\/www.mediaplateforme.com\/fr\/wp-json\/wp\/v2\/posts\/4073\/revisions"}],"predecessor-version":[{"id":4077,"href":"https:\/\/www.mediaplateforme.com\/fr\/wp-json\/wp\/v2\/posts\/4073\/revisions\/4077"}],"wp:featuredmedia":[{"embeddable":true,"href":"https:\/\/www.mediaplateforme.com\/fr\/wp-json\/wp\/v2\/media\/4074"}],"wp:attachment":[{"href":"https:\/\/www.mediaplateforme.com\/fr\/wp-json\/wp\/v2\/media?parent=4073"}],"wp:term":[{"taxonomy":"category","embeddable":true,"href":"https:\/\/www.mediaplateforme.com\/fr\/wp-json\/wp\/v2\/categories?post=4073"},{"taxonomy":"post_tag","embeddable":true,"href":"https:\/\/www.mediaplateforme.com\/fr\/wp-json\/wp\/v2\/tags?post=4073"}],"curies":[{"name":"wp","href":"https:\/\/api.w.org\/{rel}","templated":true}]}}