{"id":4067,"date":"2023-09-13T09:53:59","date_gmt":"2023-09-13T08:53:59","guid":{"rendered":"https:\/\/www.mediaplateforme.com\/fr\/?p=4067"},"modified":"2023-09-13T09:53:59","modified_gmt":"2023-09-13T08:53:59","slug":"fonds-special-seisme-le-groupe-et-la-fondation-azura-apportent-leur-appui","status":"publish","type":"post","link":"https:\/\/www.mediaplateforme.com\/fr\/fonds-special-seisme-le-groupe-et-la-fondation-azura-apportent-leur-appui\/","title":{"rendered":"Fonds sp\u00e9cial \u201cs\u00e9isme\u201d : Le groupe et la Fondation Azura apportent leur appui"},"content":{"rendered":"<p style=\"font-weight: 400;\">\u00c0 la suite du tremblement de terre qui a touch\u00e9 le Maroc le vendredi 08 septembre 2023, Le Groupe et la Fondation Azura, totalement solidaires, contribent au soutien des populations impact\u00e9es et en souffrance \u00e0 travers un don global de 15 millions de dirhams dont 10 millions de dirhams qui seront d\u00e9di\u00e9s au Fond sp\u00e9cial pour la gestion des effets du tremblement de terre ayant touch\u00e9 le Royaume du Maroc et qui a \u00e9t\u00e9 cr\u00e9\u00e9 sous Hautes Instructions de Sa Majest\u00e9 le Roi Mohammed VI que Dieu le Glorifie.<\/p>\n<p style=\"font-weight: 400;\">Au nom de l\u2019ensemble de la Famille Azura, nous pr\u00e9sentons nos sinc\u00e8res condol\u00e9ances aux familles et proches des victimes touch\u00e9es par le tremblement de terre.<\/p>\n<p style=\"font-weight: 400;\">.\u0625\u0646\u0627 \u0644\u0644\u0647 \u0648\u0625\u0646\u0627 \u0625\u0644\u064a\u0647 \u0631\u0627\u062c\u0639\u0648\u0646<\/p>\n<p style=\"font-weight: 400;\">Nos pri\u00e8res vont \u00e0 toutes celles et ceux qui ont \u00e9t\u00e9 affect\u00e9s par cette trag\u00e9die.<\/p>\n","protected":false},"excerpt":{"rendered":"<p>\u00c0 la suite du tremblement de terre qui a touch\u00e9 le Maroc le vendredi 08<\/p>\n","protected":false},"author":1,"featured_media":4068,"comment_status":"open","ping_status":"open","sticky":false,"template":"","format":"standard","meta":{"_acf_changed":false,"footnotes":""},"categories":[2,3],"tags":[1280,1281,1276],"class_list":["post-4067","post","type-post","status-publish","format-standard","has-post-thumbnail","hentry","category-nouvelles","category-nouvelles-selectionnees","tag-fondation-azura","tag-groupe-azura","tag-seisme"],"acf":[],"yoast_head":"<!-- This site is optimized with the Yoast SEO plugin v22.0 - https:\/\/yoast.com\/wordpress\/plugins\/seo\/ -->\n<title>Fonds sp\u00e9cial \u201cs\u00e9isme\u201d : Le groupe et la Fondation Azura apportent leur appui - MEDIA PLATEFORME | FR<\/title>\n<meta name=\"description\" content=\"\u00c0 la suite du tremblement de terre qui a touch\u00e9 le Maroc le vendredi 08 septembre 2023, Le Groupe et la Fondation Azura, t\" \/>\n<meta name=\"robots\" content=\"index, follow, max-snippet:-1, max-image-preview:large, max-video-preview:-1\" \/>\n<link rel=\"canonical\" href=\"https:\/\/www.mediaplateforme.com\/fr\/fonds-special-seisme-le-groupe-et-la-fondation-azura-apportent-leur-appui\/\" \/>\n<meta property=\"og:locale\" content=\"fr_FR\" \/>\n<meta property=\"og:type\" content=\"article\" \/>\n<meta property=\"og:title\" content=\"Fonds sp\u00e9cial \u201cs\u00e9isme\u201d : Le groupe et la Fondation Azura apportent leur appui - MEDIA PLATEFORME | FR\" \/>\n<meta property=\"og:description\" content=\"\u00c0 la suite du tremblement de terre qui a touch\u00e9 le Maroc le vendredi 08 septembre 2023, Le Groupe et la Fondation Azura, t\" \/>\n<meta property=\"og:url\" content=\"https:\/\/www.mediaplateforme.com\/fr\/fonds-special-seisme-le-groupe-et-la-fondation-azura-apportent-leur-appui\/\" \/>\n<meta property=\"og:site_name\" content=\"MEDIA PLATEFORME | FR\" \/>\n<meta property=\"article:published_time\" content=\"2023-09-13T08:53:59+00:00\" \/>\n<meta property=\"og:image\" content=\"https:\/\/www.mediaplateforme.com\/fr\/wp-content\/uploads\/sites\/5\/2023\/09\/File-2415-1694447596.webp\" \/>\n\t<meta property=\"og:image:width\" content=\"770\" \/>\n\t<meta property=\"og:image:height\" content=\"513\" \/>\n\t<meta property=\"og:image:type\" content=\"image\/webp\" \/>\n<meta name=\"author\" content=\"Mediaplateforme\" \/>\n<meta name=\"twitter:card\" content=\"summary_large_image\" \/>\n<meta name=\"twitter:label1\" content=\"\u00c9crit par\" \/>\n\t<meta name=\"twitter:data1\" content=\"Mediaplateforme\" \/>\n\t<meta name=\"twitter:label2\" content=\"Dur\u00e9e de lecture estim\u00e9e\" \/>\n\t<meta name=\"twitter:data2\" content=\"1 minute\" \/>\n<script type=\"application\/ld+json\" class=\"yoast-schema-graph\">{\"@context\":\"https:\/\/schema.org\",\"@graph\":[{\"@type\":\"WebPage\",\"@id\":\"https:\/\/www.mediaplateforme.com\/fr\/fonds-special-seisme-le-groupe-et-la-fondation-azura-apportent-leur-appui\/\",\"url\":\"https:\/\/www.mediaplateforme.com\/fr\/fonds-special-seisme-le-groupe-et-la-fondation-azura-apportent-leur-appui\/\",\"name\":\"Fonds sp\u00e9cial \u201cs\u00e9isme\u201d : Le groupe et la Fondation Azura apportent leur appui - MEDIA PLATEFORME | FR\",\"isPartOf\":{\"@id\":\"https:\/\/www.mediaplateforme.com\/fr\/#website\"},\"datePublished\":\"2023-09-13T08:53:59+00:00\",\"dateModified\":\"2023-09-13T08:53:59+00:00\",\"author\":{\"@id\":\"https:\/\/www.mediaplateforme.com\/fr\/#\/schema\/person\/89833db382b5db2c76b094bc902aa12a\"},\"description\":\"\u00c0 la suite du tremblement de terre qui a touch\u00e9 le Maroc le vendredi 08 septembre 2023, Le Groupe et la Fondation Azura, t\",\"breadcrumb\":{\"@id\":\"https:\/\/www.mediaplateforme.com\/fr\/fonds-special-seisme-le-groupe-et-la-fondation-azura-apportent-leur-appui\/#breadcrumb\"},\"inLanguage\":\"fr-FR\",\"potentialAction\":[{\"@type\":\"ReadAction\",\"target\":[\"https:\/\/www.mediaplateforme.com\/fr\/fonds-special-seisme-le-groupe-et-la-fondation-azura-apportent-leur-appui\/\"]}]},{\"@type\":\"BreadcrumbList\",\"@id\":\"https:\/\/www.mediaplateforme.com\/fr\/fonds-special-seisme-le-groupe-et-la-fondation-azura-apportent-leur-appui\/#breadcrumb\",\"itemListElement\":[{\"@type\":\"ListItem\",\"position\":1,\"name\":\"\u0627\u0644\u0631\u0626\u064a\u0633\u064a\u0629\",\"item\":\"https:\/\/www.mediaplateforme.com\/fr\/\"},{\"@type\":\"ListItem\",\"position\":2,\"name\":\"Fonds sp\u00e9cial \u201cs\u00e9isme\u201d : Le groupe et la Fondation Azura apportent leur appui\"}]},{\"@type\":\"WebSite\",\"@id\":\"https:\/\/www.mediaplateforme.com\/fr\/#website\",\"url\":\"https:\/\/www.mediaplateforme.com\/fr\/\",\"name\":\"MEDIA PLATEFORME | FR\",\"description\":\"Mediaplateforme sp\u00e9cialis\u00e9 dans la communication institutions publiques et des entreprises\",\"potentialAction\":[{\"@type\":\"SearchAction\",\"target\":{\"@type\":\"EntryPoint\",\"urlTemplate\":\"https:\/\/www.mediaplateforme.com\/fr\/?s={search_term_string}\"},\"query-input\":\"required name=search_term_string\"}],\"inLanguage\":\"fr-FR\"},{\"@type\":\"Person\",\"@id\":\"https:\/\/www.mediaplateforme.com\/fr\/#\/schema\/person\/89833db382b5db2c76b094bc902aa12a\",\"name\":\"Mediaplateforme\",\"image\":{\"@type\":\"ImageObject\",\"inLanguage\":\"fr-FR\",\"@id\":\"https:\/\/www.mediaplateforme.com\/fr\/#\/schema\/person\/image\/\",\"url\":\"https:\/\/secure.gravatar.com\/avatar\/6c9c02e8928cc65d54bf75157f7b3a2d06d7ad0494ca0951f679552ff03b34c1?s=96&d=mm&r=g\",\"contentUrl\":\"https:\/\/secure.gravatar.com\/avatar\/6c9c02e8928cc65d54bf75157f7b3a2d06d7ad0494ca0951f679552ff03b34c1?s=96&d=mm&r=g\",\"caption\":\"Mediaplateforme\"},\"sameAs\":[\"https:\/\/www.mediaplateforme.com\"],\"url\":\"https:\/\/www.mediaplateforme.com\/fr\/author\/mohamedladib\/\"}]}<\/script>\n<!-- \/ Yoast SEO plugin. -->","yoast_head_json":{"title":"Fonds sp\u00e9cial \u201cs\u00e9isme\u201d : Le groupe et la Fondation Azura apportent leur appui - MEDIA PLATEFORME | FR","description":"\u00c0 la suite du tremblement de terre qui a touch\u00e9 le Maroc le vendredi 08 septembre 2023, Le Groupe et la Fondation Azura, t","robots":{"index":"index","follow":"follow","max-snippet":"max-snippet:-1","max-image-preview":"max-image-preview:large","max-video-preview":"max-video-preview:-1"},"canonical":"https:\/\/www.mediaplateforme.com\/fr\/fonds-special-seisme-le-groupe-et-la-fondation-azura-apportent-leur-appui\/","og_locale":"fr_FR","og_type":"article","og_title":"Fonds sp\u00e9cial \u201cs\u00e9isme\u201d : Le groupe et la Fondation Azura apportent leur appui - MEDIA PLATEFORME | FR","og_description":"\u00c0 la suite du tremblement de terre qui a touch\u00e9 le Maroc le vendredi 08 septembre 2023, Le Groupe et la Fondation Azura, t","og_url":"https:\/\/www.mediaplateforme.com\/fr\/fonds-special-seisme-le-groupe-et-la-fondation-azura-apportent-leur-appui\/","og_site_name":"MEDIA PLATEFORME | FR","article_published_time":"2023-09-13T08:53:59+00:00","og_image":[{"width":770,"height":513,"url":"https:\/\/www.mediaplateforme.com\/fr\/wp-content\/uploads\/sites\/5\/2023\/09\/File-2415-1694447596.webp","type":"image\/webp"}],"author":"Mediaplateforme","twitter_card":"summary_large_image","twitter_misc":{"\u00c9crit par":"Mediaplateforme","Dur\u00e9e de lecture estim\u00e9e":"1 minute"},"schema":{"@context":"https:\/\/schema.org","@graph":[{"@type":"WebPage","@id":"https:\/\/www.mediaplateforme.com\/fr\/fonds-special-seisme-le-groupe-et-la-fondation-azura-apportent-leur-appui\/","url":"https:\/\/www.mediaplateforme.com\/fr\/fonds-special-seisme-le-groupe-et-la-fondation-azura-apportent-leur-appui\/","name":"Fonds sp\u00e9cial \u201cs\u00e9isme\u201d : Le groupe et la Fondation Azura apportent leur appui - MEDIA PLATEFORME | FR","isPartOf":{"@id":"https:\/\/www.mediaplateforme.com\/fr\/#website"},"datePublished":"2023-09-13T08:53:59+00:00","dateModified":"2023-09-13T08:53:59+00:00","author":{"@id":"https:\/\/www.mediaplateforme.com\/fr\/#\/schema\/person\/89833db382b5db2c76b094bc902aa12a"},"description":"\u00c0 la suite du tremblement de terre qui a touch\u00e9 le Maroc le vendredi 08 septembre 2023, Le Groupe et la Fondation Azura, t","breadcrumb":{"@id":"https:\/\/www.mediaplateforme.com\/fr\/fonds-special-seisme-le-groupe-et-la-fondation-azura-apportent-leur-appui\/#breadcrumb"},"inLanguage":"fr-FR","potentialAction":[{"@type":"ReadAction","target":["https:\/\/www.mediaplateforme.com\/fr\/fonds-special-seisme-le-groupe-et-la-fondation-azura-apportent-leur-appui\/"]}]},{"@type":"BreadcrumbList","@id":"https:\/\/www.mediaplateforme.com\/fr\/fonds-special-seisme-le-groupe-et-la-fondation-azura-apportent-leur-appui\/#breadcrumb","itemListElement":[{"@type":"ListItem","position":1,"name":"\u0627\u0644\u0631\u0626\u064a\u0633\u064a\u0629","item":"https:\/\/www.mediaplateforme.com\/fr\/"},{"@type":"ListItem","position":2,"name":"Fonds sp\u00e9cial \u201cs\u00e9isme\u201d : Le groupe et la Fondation Azura apportent leur appui"}]},{"@type":"WebSite","@id":"https:\/\/www.mediaplateforme.com\/fr\/#website","url":"https:\/\/www.mediaplateforme.com\/fr\/","name":"MEDIA PLATEFORME | FR","description":"Mediaplateforme sp\u00e9cialis\u00e9 dans la communication institutions publiques et des entreprises","potentialAction":[{"@type":"SearchAction","target":{"@type":"EntryPoint","urlTemplate":"https:\/\/www.mediaplateforme.com\/fr\/?s={search_term_string}"},"query-input":"required name=search_term_string"}],"inLanguage":"fr-FR"},{"@type":"Person","@id":"https:\/\/www.mediaplateforme.com\/fr\/#\/schema\/person\/89833db382b5db2c76b094bc902aa12a","name":"Mediaplateforme","image":{"@type":"ImageObject","inLanguage":"fr-FR","@id":"https:\/\/www.mediaplateforme.com\/fr\/#\/schema\/person\/image\/","url":"https:\/\/secure.gravatar.com\/avatar\/6c9c02e8928cc65d54bf75157f7b3a2d06d7ad0494ca0951f679552ff03b34c1?s=96&d=mm&r=g","contentUrl":"https:\/\/secure.gravatar.com\/avatar\/6c9c02e8928cc65d54bf75157f7b3a2d06d7ad0494ca0951f679552ff03b34c1?s=96&d=mm&r=g","caption":"Mediaplateforme"},"sameAs":["https:\/\/www.mediaplateforme.com"],"url":"https:\/\/www.mediaplateforme.com\/fr\/author\/mohamedladib\/"}]}},"_links":{"self":[{"href":"https:\/\/www.mediaplateforme.com\/fr\/wp-json\/wp\/v2\/posts\/4067","targetHints":{"allow":["GET"]}}],"collection":[{"href":"https:\/\/www.mediaplateforme.com\/fr\/wp-json\/wp\/v2\/posts"}],"about":[{"href":"https:\/\/www.mediaplateforme.com\/fr\/wp-json\/wp\/v2\/types\/post"}],"author":[{"embeddable":true,"href":"https:\/\/www.mediaplateforme.com\/fr\/wp-json\/wp\/v2\/users\/1"}],"replies":[{"embeddable":true,"href":"https:\/\/www.mediaplateforme.com\/fr\/wp-json\/wp\/v2\/comments?post=4067"}],"version-history":[{"count":1,"href":"https:\/\/www.mediaplateforme.com\/fr\/wp-json\/wp\/v2\/posts\/4067\/revisions"}],"predecessor-version":[{"id":4069,"href":"https:\/\/www.mediaplateforme.com\/fr\/wp-json\/wp\/v2\/posts\/4067\/revisions\/4069"}],"wp:featuredmedia":[{"embeddable":true,"href":"https:\/\/www.mediaplateforme.com\/fr\/wp-json\/wp\/v2\/media\/4068"}],"wp:attachment":[{"href":"https:\/\/www.mediaplateforme.com\/fr\/wp-json\/wp\/v2\/media?parent=4067"}],"wp:term":[{"taxonomy":"category","embeddable":true,"href":"https:\/\/www.mediaplateforme.com\/fr\/wp-json\/wp\/v2\/categories?post=4067"},{"taxonomy":"post_tag","embeddable":true,"href":"https:\/\/www.mediaplateforme.com\/fr\/wp-json\/wp\/v2\/tags?post=4067"}],"curies":[{"name":"wp","href":"https:\/\/api.w.org\/{rel}","templated":true}]}}