{"id":4062,"date":"2023-09-12T14:07:36","date_gmt":"2023-09-12T13:07:36","guid":{"rendered":"https:\/\/www.mediaplateforme.com\/fr\/?p=4062"},"modified":"2023-09-12T14:12:27","modified_gmt":"2023-09-12T13:12:27","slug":"4062-2","status":"publish","type":"post","link":"https:\/\/www.mediaplateforme.com\/fr\/4062-2\/","title":{"rendered":"S\u00e9isme au Maroc : Marjane verse les b\u00e9n\u00e9fices des ventes solidaires au fonds sp\u00e9cial"},"content":{"rendered":"<p><strong>En r\u00e9action au s\u00e9isme qui a touch\u00e9 le Maroc vendredi, le <a href=\"https:\/\/www.mediaplateforme.com\/fr\/le-groupe-marjane-lance-un-master-en-alternance-distribution-moderne\/\">groupe<\/a> Marjane a exprim\u00e9 sa solidarit\u00e9 envers les victimes, et a annonc\u00e9 avoir pris part \u00e0 l&rsquo;\u00e9lan de solidarit\u00e9 moyennant une s\u00e9rie d&rsquo;initiatives :<\/strong><\/p>\n<p>Aucun b\u00e9n\u00e9fice ne sera fait par le groupe Marjane sur les ventes li\u00e9es \u00e0 l&rsquo;aide aux sinistr\u00e9s.<br \/>\nLes b\u00e9n\u00e9fices li\u00e9s \u00e0 ces ventes seront int\u00e9gralement revers\u00e9s au Fonds de Solidarit\u00e9 S\u00e9isme.<br \/>\nLe groupe Marjane a contribu\u00e9 en nature et de mani\u00e8re directe d\u00e8s le lendemain de la trag\u00e9die via :<br \/>\nLe don aux autorit\u00e9s locales de tout le stock de tentes du groupe, soit 1.200 tentes, qui permettra d&rsquo;abriter 4.000 personnes<br \/>\nLa pr\u00e9paration et la remise de kits d&rsquo;urgence, assembl\u00e9s dans son entrep\u00f4t central de Casablanca et achemin\u00e9s jusqu&rsquo;aux chefs-lieux des provinces concern\u00e9es. Il s&rsquo;agit de :<br \/>\n&#8211; 90.000 kits de denr\u00e9es alimentaires pr\u00eates \u00e0 la consommation<br \/>\n&#8211; 23.000 kits alimentaires de produits de premi\u00e8re n\u00e9cessit\u00e9<br \/>\n&#8211; 15.000 couvertures<\/p>\n<p>D\u00e8s le lendemain du s\u00e9isme, Marjane a proc\u00e9d\u00e9 \u00e0 la mise en place de canaux de collecte de dons pour les citoyens, r\u00e9sidents au Maroc ou \u00e0 l&rsquo;\u00e9tranger, \u00e0 travers :<br \/>\n&#8211; Ses magasins en mettant des dispositifs d\u00e9di\u00e9s \u00e0 la collecte dans tous ses hypermarch\u00e9s et plus d&rsquo;une trentaine de supermarch\u00e9s r\u00e9partis \u00e0 travers tout le Royaume<br \/>\n&#8211; Sa plateforme digitale est ouverte aux citoyens du Maroc et du Monde.<br \/>\nCes circuits permettent le d\u00e9p\u00f4t de dons en magasin dans des espaces r\u00e9serv\u00e9s et le versement de dons en esp\u00e8ces en caisse ou sur son application digitale. Marjane se charge de toute la logistique des points de collecte jusqu&rsquo;\u00e0 la remise sur place aux provinces destinataires, indique le groupe dans un communiqu\u00e9.<\/p>\n","protected":false},"excerpt":{"rendered":"<p>En r\u00e9action au s\u00e9isme qui a touch\u00e9 le Maroc vendredi, le groupe Marjane a exprim\u00e9<\/p>\n","protected":false},"author":1,"featured_media":4063,"comment_status":"open","ping_status":"open","sticky":false,"template":"","format":"standard","meta":{"_acf_changed":false,"footnotes":""},"categories":[2,3],"tags":[1279,1276],"class_list":["post-4062","post","type-post","status-publish","format-standard","has-post-thumbnail","hentry","category-nouvelles","category-nouvelles-selectionnees","tag-le-groupe-marjane","tag-seisme"],"acf":[],"yoast_head":"<!-- This site is optimized with the Yoast SEO plugin v22.0 - https:\/\/yoast.com\/wordpress\/plugins\/seo\/ -->\n<title>S\u00e9isme au Maroc : Marjane verse les b\u00e9n\u00e9fices des ventes solidaires au fonds sp\u00e9cial - MEDIA PLATEFORME | FR<\/title>\n<meta name=\"description\" content=\"En r\u00e9action au s\u00e9isme qui a touch\u00e9 le Maroc vendredi, le groupe Marjane a exprim\u00e9 sa solidarit\u00e9 envers les victimes, et a annonc\u00e9\" \/>\n<meta name=\"robots\" content=\"index, follow, max-snippet:-1, max-image-preview:large, max-video-preview:-1\" \/>\n<link rel=\"canonical\" href=\"https:\/\/www.mediaplateforme.com\/fr\/4062-2\/\" \/>\n<meta property=\"og:locale\" content=\"fr_FR\" \/>\n<meta property=\"og:type\" content=\"article\" \/>\n<meta property=\"og:title\" content=\"S\u00e9isme au Maroc : Marjane verse les b\u00e9n\u00e9fices des ventes solidaires au fonds sp\u00e9cial - MEDIA PLATEFORME | FR\" \/>\n<meta property=\"og:description\" content=\"En r\u00e9action au s\u00e9isme qui a touch\u00e9 le Maroc vendredi, le groupe Marjane a exprim\u00e9 sa solidarit\u00e9 envers les victimes, et a annonc\u00e9\" \/>\n<meta property=\"og:url\" content=\"https:\/\/www.mediaplateforme.com\/fr\/4062-2\/\" \/>\n<meta property=\"og:site_name\" content=\"MEDIA PLATEFORME | FR\" \/>\n<meta property=\"article:published_time\" content=\"2023-09-12T13:07:36+00:00\" \/>\n<meta property=\"article:modified_time\" content=\"2023-09-12T13:12:27+00:00\" \/>\n<meta property=\"og:image\" content=\"https:\/\/www.mediaplateforme.com\/fr\/wp-content\/uploads\/sites\/5\/2023\/09\/marjane-holding.jpg\" \/>\n\t<meta property=\"og:image:width\" content=\"1024\" \/>\n\t<meta property=\"og:image:height\" content=\"717\" \/>\n\t<meta property=\"og:image:type\" content=\"image\/jpeg\" \/>\n<meta name=\"author\" content=\"Mediaplateforme\" \/>\n<meta name=\"twitter:card\" content=\"summary_large_image\" \/>\n<meta name=\"twitter:label1\" content=\"\u00c9crit par\" \/>\n\t<meta name=\"twitter:data1\" content=\"Mediaplateforme\" \/>\n\t<meta name=\"twitter:label2\" content=\"Dur\u00e9e de lecture estim\u00e9e\" \/>\n\t<meta name=\"twitter:data2\" content=\"2 minutes\" \/>\n<script type=\"application\/ld+json\" class=\"yoast-schema-graph\">{\"@context\":\"https:\/\/schema.org\",\"@graph\":[{\"@type\":\"WebPage\",\"@id\":\"https:\/\/www.mediaplateforme.com\/fr\/4062-2\/\",\"url\":\"https:\/\/www.mediaplateforme.com\/fr\/4062-2\/\",\"name\":\"S\u00e9isme au Maroc : Marjane verse les b\u00e9n\u00e9fices des ventes solidaires au fonds sp\u00e9cial - MEDIA PLATEFORME | FR\",\"isPartOf\":{\"@id\":\"https:\/\/www.mediaplateforme.com\/fr\/#website\"},\"datePublished\":\"2023-09-12T13:07:36+00:00\",\"dateModified\":\"2023-09-12T13:12:27+00:00\",\"author\":{\"@id\":\"https:\/\/www.mediaplateforme.com\/fr\/#\/schema\/person\/89833db382b5db2c76b094bc902aa12a\"},\"description\":\"En r\u00e9action au s\u00e9isme qui a touch\u00e9 le Maroc vendredi, le groupe Marjane a exprim\u00e9 sa solidarit\u00e9 envers les victimes, et a annonc\u00e9\",\"breadcrumb\":{\"@id\":\"https:\/\/www.mediaplateforme.com\/fr\/4062-2\/#breadcrumb\"},\"inLanguage\":\"fr-FR\",\"potentialAction\":[{\"@type\":\"ReadAction\",\"target\":[\"https:\/\/www.mediaplateforme.com\/fr\/4062-2\/\"]}]},{\"@type\":\"BreadcrumbList\",\"@id\":\"https:\/\/www.mediaplateforme.com\/fr\/4062-2\/#breadcrumb\",\"itemListElement\":[{\"@type\":\"ListItem\",\"position\":1,\"name\":\"\u0627\u0644\u0631\u0626\u064a\u0633\u064a\u0629\",\"item\":\"https:\/\/www.mediaplateforme.com\/fr\/\"},{\"@type\":\"ListItem\",\"position\":2,\"name\":\"S\u00e9isme au Maroc : Marjane verse les b\u00e9n\u00e9fices des ventes solidaires au fonds sp\u00e9cial\"}]},{\"@type\":\"WebSite\",\"@id\":\"https:\/\/www.mediaplateforme.com\/fr\/#website\",\"url\":\"https:\/\/www.mediaplateforme.com\/fr\/\",\"name\":\"MEDIA PLATEFORME | FR\",\"description\":\"Mediaplateforme sp\u00e9cialis\u00e9 dans la communication institutions publiques et des entreprises\",\"potentialAction\":[{\"@type\":\"SearchAction\",\"target\":{\"@type\":\"EntryPoint\",\"urlTemplate\":\"https:\/\/www.mediaplateforme.com\/fr\/?s={search_term_string}\"},\"query-input\":\"required name=search_term_string\"}],\"inLanguage\":\"fr-FR\"},{\"@type\":\"Person\",\"@id\":\"https:\/\/www.mediaplateforme.com\/fr\/#\/schema\/person\/89833db382b5db2c76b094bc902aa12a\",\"name\":\"Mediaplateforme\",\"image\":{\"@type\":\"ImageObject\",\"inLanguage\":\"fr-FR\",\"@id\":\"https:\/\/www.mediaplateforme.com\/fr\/#\/schema\/person\/image\/\",\"url\":\"https:\/\/secure.gravatar.com\/avatar\/6c9c02e8928cc65d54bf75157f7b3a2d06d7ad0494ca0951f679552ff03b34c1?s=96&d=mm&r=g\",\"contentUrl\":\"https:\/\/secure.gravatar.com\/avatar\/6c9c02e8928cc65d54bf75157f7b3a2d06d7ad0494ca0951f679552ff03b34c1?s=96&d=mm&r=g\",\"caption\":\"Mediaplateforme\"},\"sameAs\":[\"https:\/\/www.mediaplateforme.com\"],\"url\":\"https:\/\/www.mediaplateforme.com\/fr\/author\/mohamedladib\/\"}]}<\/script>\n<!-- \/ Yoast SEO plugin. -->","yoast_head_json":{"title":"S\u00e9isme au Maroc : Marjane verse les b\u00e9n\u00e9fices des ventes solidaires au fonds sp\u00e9cial - MEDIA PLATEFORME | FR","description":"En r\u00e9action au s\u00e9isme qui a touch\u00e9 le Maroc vendredi, le groupe Marjane a exprim\u00e9 sa solidarit\u00e9 envers les victimes, et a annonc\u00e9","robots":{"index":"index","follow":"follow","max-snippet":"max-snippet:-1","max-image-preview":"max-image-preview:large","max-video-preview":"max-video-preview:-1"},"canonical":"https:\/\/www.mediaplateforme.com\/fr\/4062-2\/","og_locale":"fr_FR","og_type":"article","og_title":"S\u00e9isme au Maroc : Marjane verse les b\u00e9n\u00e9fices des ventes solidaires au fonds sp\u00e9cial - MEDIA PLATEFORME | FR","og_description":"En r\u00e9action au s\u00e9isme qui a touch\u00e9 le Maroc vendredi, le groupe Marjane a exprim\u00e9 sa solidarit\u00e9 envers les victimes, et a annonc\u00e9","og_url":"https:\/\/www.mediaplateforme.com\/fr\/4062-2\/","og_site_name":"MEDIA PLATEFORME | FR","article_published_time":"2023-09-12T13:07:36+00:00","article_modified_time":"2023-09-12T13:12:27+00:00","og_image":[{"width":1024,"height":717,"url":"https:\/\/www.mediaplateforme.com\/fr\/wp-content\/uploads\/sites\/5\/2023\/09\/marjane-holding.jpg","type":"image\/jpeg"}],"author":"Mediaplateforme","twitter_card":"summary_large_image","twitter_misc":{"\u00c9crit par":"Mediaplateforme","Dur\u00e9e de lecture estim\u00e9e":"2 minutes"},"schema":{"@context":"https:\/\/schema.org","@graph":[{"@type":"WebPage","@id":"https:\/\/www.mediaplateforme.com\/fr\/4062-2\/","url":"https:\/\/www.mediaplateforme.com\/fr\/4062-2\/","name":"S\u00e9isme au Maroc : Marjane verse les b\u00e9n\u00e9fices des ventes solidaires au fonds sp\u00e9cial - MEDIA PLATEFORME | FR","isPartOf":{"@id":"https:\/\/www.mediaplateforme.com\/fr\/#website"},"datePublished":"2023-09-12T13:07:36+00:00","dateModified":"2023-09-12T13:12:27+00:00","author":{"@id":"https:\/\/www.mediaplateforme.com\/fr\/#\/schema\/person\/89833db382b5db2c76b094bc902aa12a"},"description":"En r\u00e9action au s\u00e9isme qui a touch\u00e9 le Maroc vendredi, le groupe Marjane a exprim\u00e9 sa solidarit\u00e9 envers les victimes, et a annonc\u00e9","breadcrumb":{"@id":"https:\/\/www.mediaplateforme.com\/fr\/4062-2\/#breadcrumb"},"inLanguage":"fr-FR","potentialAction":[{"@type":"ReadAction","target":["https:\/\/www.mediaplateforme.com\/fr\/4062-2\/"]}]},{"@type":"BreadcrumbList","@id":"https:\/\/www.mediaplateforme.com\/fr\/4062-2\/#breadcrumb","itemListElement":[{"@type":"ListItem","position":1,"name":"\u0627\u0644\u0631\u0626\u064a\u0633\u064a\u0629","item":"https:\/\/www.mediaplateforme.com\/fr\/"},{"@type":"ListItem","position":2,"name":"S\u00e9isme au Maroc : Marjane verse les b\u00e9n\u00e9fices des ventes solidaires au fonds sp\u00e9cial"}]},{"@type":"WebSite","@id":"https:\/\/www.mediaplateforme.com\/fr\/#website","url":"https:\/\/www.mediaplateforme.com\/fr\/","name":"MEDIA PLATEFORME | FR","description":"Mediaplateforme sp\u00e9cialis\u00e9 dans la communication institutions publiques et des entreprises","potentialAction":[{"@type":"SearchAction","target":{"@type":"EntryPoint","urlTemplate":"https:\/\/www.mediaplateforme.com\/fr\/?s={search_term_string}"},"query-input":"required name=search_term_string"}],"inLanguage":"fr-FR"},{"@type":"Person","@id":"https:\/\/www.mediaplateforme.com\/fr\/#\/schema\/person\/89833db382b5db2c76b094bc902aa12a","name":"Mediaplateforme","image":{"@type":"ImageObject","inLanguage":"fr-FR","@id":"https:\/\/www.mediaplateforme.com\/fr\/#\/schema\/person\/image\/","url":"https:\/\/secure.gravatar.com\/avatar\/6c9c02e8928cc65d54bf75157f7b3a2d06d7ad0494ca0951f679552ff03b34c1?s=96&d=mm&r=g","contentUrl":"https:\/\/secure.gravatar.com\/avatar\/6c9c02e8928cc65d54bf75157f7b3a2d06d7ad0494ca0951f679552ff03b34c1?s=96&d=mm&r=g","caption":"Mediaplateforme"},"sameAs":["https:\/\/www.mediaplateforme.com"],"url":"https:\/\/www.mediaplateforme.com\/fr\/author\/mohamedladib\/"}]}},"_links":{"self":[{"href":"https:\/\/www.mediaplateforme.com\/fr\/wp-json\/wp\/v2\/posts\/4062","targetHints":{"allow":["GET"]}}],"collection":[{"href":"https:\/\/www.mediaplateforme.com\/fr\/wp-json\/wp\/v2\/posts"}],"about":[{"href":"https:\/\/www.mediaplateforme.com\/fr\/wp-json\/wp\/v2\/types\/post"}],"author":[{"embeddable":true,"href":"https:\/\/www.mediaplateforme.com\/fr\/wp-json\/wp\/v2\/users\/1"}],"replies":[{"embeddable":true,"href":"https:\/\/www.mediaplateforme.com\/fr\/wp-json\/wp\/v2\/comments?post=4062"}],"version-history":[{"count":2,"href":"https:\/\/www.mediaplateforme.com\/fr\/wp-json\/wp\/v2\/posts\/4062\/revisions"}],"predecessor-version":[{"id":4065,"href":"https:\/\/www.mediaplateforme.com\/fr\/wp-json\/wp\/v2\/posts\/4062\/revisions\/4065"}],"wp:featuredmedia":[{"embeddable":true,"href":"https:\/\/www.mediaplateforme.com\/fr\/wp-json\/wp\/v2\/media\/4063"}],"wp:attachment":[{"href":"https:\/\/www.mediaplateforme.com\/fr\/wp-json\/wp\/v2\/media?parent=4062"}],"wp:term":[{"taxonomy":"category","embeddable":true,"href":"https:\/\/www.mediaplateforme.com\/fr\/wp-json\/wp\/v2\/categories?post=4062"},{"taxonomy":"post_tag","embeddable":true,"href":"https:\/\/www.mediaplateforme.com\/fr\/wp-json\/wp\/v2\/tags?post=4062"}],"curies":[{"name":"wp","href":"https:\/\/api.w.org\/{rel}","templated":true}]}}