{"id":4051,"date":"2023-09-11T19:12:49","date_gmt":"2023-09-11T18:12:49","guid":{"rendered":"https:\/\/www.mediaplateforme.com\/fr\/?p=4051"},"modified":"2023-09-11T19:12:49","modified_gmt":"2023-09-11T18:12:49","slug":"alsa-contribue-a-la-facilitation-de-lacheminement-des-aides-aux-victimes-du-seisme","status":"publish","type":"post","link":"https:\/\/www.mediaplateforme.com\/fr\/alsa-contribue-a-la-facilitation-de-lacheminement-des-aides-aux-victimes-du-seisme\/","title":{"rendered":"Alsa contribue \u00e0 la facilitation de l&rsquo;acheminement des aides aux victimes du s\u00e9isme"},"content":{"rendered":"<p style=\"font-weight: 400;\">Suite au s\u00e9isme d\u00e9vastateur qui a touch\u00e9 plusieurs villes du Royaume, en particulier la r\u00e9gion d\u2019Al Haouaz, Alsa Maroc tient \u00e0 exprimer sa solidarit\u00e9 la plus sinc\u00e8re avec l&rsquo;ensemble du peuple marocain, et ses sinc\u00e8res condol\u00e9ances aux familles des victimes.<\/p>\n<p style=\"font-weight: 400;\">\n<p style=\"font-weight: 400;\">Alsa\u00a0<strong>met \u00e0 la disposition des citoyen.ne.s la ligne n\u00b045 reliant Marrakech \u00e0 Amizmiz gratuitement<\/strong>\u00a0afin de faciliter leurs d\u00e9placements, et l\u2019acheminement des aides humanitaires aux victimes. 8 bus sont d\u00e9di\u00e9s \u00e0 cette ligne avec une fr\u00e9quence de passage de 20 minutes, soit 62 voyages par jour.<\/p>\n<p style=\"font-weight: 400;\">\n<p style=\"font-weight: 400;\">Alsa continue \u00e0 \u00e9changer \u00e9troitement avec les autorit\u00e9s locales, les associations et les b\u00e9n\u00e9voles pour identifier d&rsquo;autres moyens de contributions aux efforts engag\u00e9s..<\/p>\n","protected":false},"excerpt":{"rendered":"<p>Suite au s\u00e9isme d\u00e9vastateur qui a touch\u00e9 plusieurs villes du Royaume, en particulier la r\u00e9gion<\/p>\n","protected":false},"author":1,"featured_media":4052,"comment_status":"open","ping_status":"open","sticky":false,"template":"","format":"standard","meta":{"_acf_changed":false,"footnotes":""},"categories":[2,3],"tags":[141,1276],"class_list":["post-4051","post","type-post","status-publish","format-standard","has-post-thumbnail","hentry","category-nouvelles","category-nouvelles-selectionnees","tag-alsa-maroc","tag-seisme"],"acf":[],"yoast_head":"<!-- This site is optimized with the Yoast SEO plugin v22.0 - https:\/\/yoast.com\/wordpress\/plugins\/seo\/ -->\n<title>Alsa contribue \u00e0 la facilitation de l&#039;acheminement des aides aux victimes du s\u00e9isme - MEDIA PLATEFORME | FR<\/title>\n<meta name=\"description\" content=\"Suite au s\u00e9isme d\u00e9vastateur qui a touch\u00e9 plusieurs villes du Royaume, en particulier la r\u00e9gion d\u2019Al Haouaz, Alsa Maroc tient \u00e0 exprimer sa\" \/>\n<meta name=\"robots\" content=\"index, follow, max-snippet:-1, max-image-preview:large, max-video-preview:-1\" \/>\n<link rel=\"canonical\" href=\"https:\/\/www.mediaplateforme.com\/fr\/alsa-contribue-a-la-facilitation-de-lacheminement-des-aides-aux-victimes-du-seisme\/\" \/>\n<meta property=\"og:locale\" content=\"fr_FR\" \/>\n<meta property=\"og:type\" content=\"article\" \/>\n<meta property=\"og:title\" content=\"Alsa contribue \u00e0 la facilitation de l&#039;acheminement des aides aux victimes du s\u00e9isme - MEDIA PLATEFORME | FR\" \/>\n<meta property=\"og:description\" content=\"Suite au s\u00e9isme d\u00e9vastateur qui a touch\u00e9 plusieurs villes du Royaume, en particulier la r\u00e9gion d\u2019Al Haouaz, Alsa Maroc tient \u00e0 exprimer sa\" \/>\n<meta property=\"og:url\" content=\"https:\/\/www.mediaplateforme.com\/fr\/alsa-contribue-a-la-facilitation-de-lacheminement-des-aides-aux-victimes-du-seisme\/\" \/>\n<meta property=\"og:site_name\" content=\"MEDIA PLATEFORME | FR\" \/>\n<meta property=\"article:published_time\" content=\"2023-09-11T18:12:49+00:00\" \/>\n<meta property=\"og:image\" content=\"https:\/\/www.mediaplateforme.com\/fr\/wp-content\/uploads\/sites\/5\/2023\/09\/Alsa_Ligne-45.jpeg\" \/>\n\t<meta property=\"og:image:width\" content=\"1600\" \/>\n\t<meta property=\"og:image:height\" content=\"715\" \/>\n\t<meta property=\"og:image:type\" content=\"image\/jpeg\" \/>\n<meta name=\"author\" content=\"Mediaplateforme\" \/>\n<meta name=\"twitter:card\" content=\"summary_large_image\" \/>\n<meta name=\"twitter:label1\" content=\"\u00c9crit par\" \/>\n\t<meta name=\"twitter:data1\" content=\"Mediaplateforme\" \/>\n\t<meta name=\"twitter:label2\" content=\"Dur\u00e9e de lecture estim\u00e9e\" \/>\n\t<meta name=\"twitter:data2\" content=\"1 minute\" \/>\n<script type=\"application\/ld+json\" class=\"yoast-schema-graph\">{\"@context\":\"https:\/\/schema.org\",\"@graph\":[{\"@type\":\"WebPage\",\"@id\":\"https:\/\/www.mediaplateforme.com\/fr\/alsa-contribue-a-la-facilitation-de-lacheminement-des-aides-aux-victimes-du-seisme\/\",\"url\":\"https:\/\/www.mediaplateforme.com\/fr\/alsa-contribue-a-la-facilitation-de-lacheminement-des-aides-aux-victimes-du-seisme\/\",\"name\":\"Alsa contribue \u00e0 la facilitation de l'acheminement des aides aux victimes du s\u00e9isme - MEDIA PLATEFORME | FR\",\"isPartOf\":{\"@id\":\"https:\/\/www.mediaplateforme.com\/fr\/#website\"},\"datePublished\":\"2023-09-11T18:12:49+00:00\",\"dateModified\":\"2023-09-11T18:12:49+00:00\",\"author\":{\"@id\":\"https:\/\/www.mediaplateforme.com\/fr\/#\/schema\/person\/89833db382b5db2c76b094bc902aa12a\"},\"description\":\"Suite au s\u00e9isme d\u00e9vastateur qui a touch\u00e9 plusieurs villes du Royaume, en particulier la r\u00e9gion d\u2019Al Haouaz, Alsa Maroc tient \u00e0 exprimer sa\",\"breadcrumb\":{\"@id\":\"https:\/\/www.mediaplateforme.com\/fr\/alsa-contribue-a-la-facilitation-de-lacheminement-des-aides-aux-victimes-du-seisme\/#breadcrumb\"},\"inLanguage\":\"fr-FR\",\"potentialAction\":[{\"@type\":\"ReadAction\",\"target\":[\"https:\/\/www.mediaplateforme.com\/fr\/alsa-contribue-a-la-facilitation-de-lacheminement-des-aides-aux-victimes-du-seisme\/\"]}]},{\"@type\":\"BreadcrumbList\",\"@id\":\"https:\/\/www.mediaplateforme.com\/fr\/alsa-contribue-a-la-facilitation-de-lacheminement-des-aides-aux-victimes-du-seisme\/#breadcrumb\",\"itemListElement\":[{\"@type\":\"ListItem\",\"position\":1,\"name\":\"\u0627\u0644\u0631\u0626\u064a\u0633\u064a\u0629\",\"item\":\"https:\/\/www.mediaplateforme.com\/fr\/\"},{\"@type\":\"ListItem\",\"position\":2,\"name\":\"Alsa contribue \u00e0 la facilitation de l&#8217;acheminement des aides aux victimes du s\u00e9isme\"}]},{\"@type\":\"WebSite\",\"@id\":\"https:\/\/www.mediaplateforme.com\/fr\/#website\",\"url\":\"https:\/\/www.mediaplateforme.com\/fr\/\",\"name\":\"MEDIA PLATEFORME | FR\",\"description\":\"Mediaplateforme sp\u00e9cialis\u00e9 dans la communication institutions publiques et des entreprises\",\"potentialAction\":[{\"@type\":\"SearchAction\",\"target\":{\"@type\":\"EntryPoint\",\"urlTemplate\":\"https:\/\/www.mediaplateforme.com\/fr\/?s={search_term_string}\"},\"query-input\":\"required name=search_term_string\"}],\"inLanguage\":\"fr-FR\"},{\"@type\":\"Person\",\"@id\":\"https:\/\/www.mediaplateforme.com\/fr\/#\/schema\/person\/89833db382b5db2c76b094bc902aa12a\",\"name\":\"Mediaplateforme\",\"image\":{\"@type\":\"ImageObject\",\"inLanguage\":\"fr-FR\",\"@id\":\"https:\/\/www.mediaplateforme.com\/fr\/#\/schema\/person\/image\/\",\"url\":\"https:\/\/secure.gravatar.com\/avatar\/6c9c02e8928cc65d54bf75157f7b3a2d06d7ad0494ca0951f679552ff03b34c1?s=96&d=mm&r=g\",\"contentUrl\":\"https:\/\/secure.gravatar.com\/avatar\/6c9c02e8928cc65d54bf75157f7b3a2d06d7ad0494ca0951f679552ff03b34c1?s=96&d=mm&r=g\",\"caption\":\"Mediaplateforme\"},\"sameAs\":[\"https:\/\/www.mediaplateforme.com\"],\"url\":\"https:\/\/www.mediaplateforme.com\/fr\/author\/mohamedladib\/\"}]}<\/script>\n<!-- \/ Yoast SEO plugin. -->","yoast_head_json":{"title":"Alsa contribue \u00e0 la facilitation de l'acheminement des aides aux victimes du s\u00e9isme - MEDIA PLATEFORME | FR","description":"Suite au s\u00e9isme d\u00e9vastateur qui a touch\u00e9 plusieurs villes du Royaume, en particulier la r\u00e9gion d\u2019Al Haouaz, Alsa Maroc tient \u00e0 exprimer sa","robots":{"index":"index","follow":"follow","max-snippet":"max-snippet:-1","max-image-preview":"max-image-preview:large","max-video-preview":"max-video-preview:-1"},"canonical":"https:\/\/www.mediaplateforme.com\/fr\/alsa-contribue-a-la-facilitation-de-lacheminement-des-aides-aux-victimes-du-seisme\/","og_locale":"fr_FR","og_type":"article","og_title":"Alsa contribue \u00e0 la facilitation de l'acheminement des aides aux victimes du s\u00e9isme - MEDIA PLATEFORME | FR","og_description":"Suite au s\u00e9isme d\u00e9vastateur qui a touch\u00e9 plusieurs villes du Royaume, en particulier la r\u00e9gion d\u2019Al Haouaz, Alsa Maroc tient \u00e0 exprimer sa","og_url":"https:\/\/www.mediaplateforme.com\/fr\/alsa-contribue-a-la-facilitation-de-lacheminement-des-aides-aux-victimes-du-seisme\/","og_site_name":"MEDIA PLATEFORME | FR","article_published_time":"2023-09-11T18:12:49+00:00","og_image":[{"width":1600,"height":715,"url":"https:\/\/www.mediaplateforme.com\/fr\/wp-content\/uploads\/sites\/5\/2023\/09\/Alsa_Ligne-45.jpeg","type":"image\/jpeg"}],"author":"Mediaplateforme","twitter_card":"summary_large_image","twitter_misc":{"\u00c9crit par":"Mediaplateforme","Dur\u00e9e de lecture estim\u00e9e":"1 minute"},"schema":{"@context":"https:\/\/schema.org","@graph":[{"@type":"WebPage","@id":"https:\/\/www.mediaplateforme.com\/fr\/alsa-contribue-a-la-facilitation-de-lacheminement-des-aides-aux-victimes-du-seisme\/","url":"https:\/\/www.mediaplateforme.com\/fr\/alsa-contribue-a-la-facilitation-de-lacheminement-des-aides-aux-victimes-du-seisme\/","name":"Alsa contribue \u00e0 la facilitation de l'acheminement des aides aux victimes du s\u00e9isme - MEDIA PLATEFORME | FR","isPartOf":{"@id":"https:\/\/www.mediaplateforme.com\/fr\/#website"},"datePublished":"2023-09-11T18:12:49+00:00","dateModified":"2023-09-11T18:12:49+00:00","author":{"@id":"https:\/\/www.mediaplateforme.com\/fr\/#\/schema\/person\/89833db382b5db2c76b094bc902aa12a"},"description":"Suite au s\u00e9isme d\u00e9vastateur qui a touch\u00e9 plusieurs villes du Royaume, en particulier la r\u00e9gion d\u2019Al Haouaz, Alsa Maroc tient \u00e0 exprimer sa","breadcrumb":{"@id":"https:\/\/www.mediaplateforme.com\/fr\/alsa-contribue-a-la-facilitation-de-lacheminement-des-aides-aux-victimes-du-seisme\/#breadcrumb"},"inLanguage":"fr-FR","potentialAction":[{"@type":"ReadAction","target":["https:\/\/www.mediaplateforme.com\/fr\/alsa-contribue-a-la-facilitation-de-lacheminement-des-aides-aux-victimes-du-seisme\/"]}]},{"@type":"BreadcrumbList","@id":"https:\/\/www.mediaplateforme.com\/fr\/alsa-contribue-a-la-facilitation-de-lacheminement-des-aides-aux-victimes-du-seisme\/#breadcrumb","itemListElement":[{"@type":"ListItem","position":1,"name":"\u0627\u0644\u0631\u0626\u064a\u0633\u064a\u0629","item":"https:\/\/www.mediaplateforme.com\/fr\/"},{"@type":"ListItem","position":2,"name":"Alsa contribue \u00e0 la facilitation de l&#8217;acheminement des aides aux victimes du s\u00e9isme"}]},{"@type":"WebSite","@id":"https:\/\/www.mediaplateforme.com\/fr\/#website","url":"https:\/\/www.mediaplateforme.com\/fr\/","name":"MEDIA PLATEFORME | FR","description":"Mediaplateforme sp\u00e9cialis\u00e9 dans la communication institutions publiques et des entreprises","potentialAction":[{"@type":"SearchAction","target":{"@type":"EntryPoint","urlTemplate":"https:\/\/www.mediaplateforme.com\/fr\/?s={search_term_string}"},"query-input":"required name=search_term_string"}],"inLanguage":"fr-FR"},{"@type":"Person","@id":"https:\/\/www.mediaplateforme.com\/fr\/#\/schema\/person\/89833db382b5db2c76b094bc902aa12a","name":"Mediaplateforme","image":{"@type":"ImageObject","inLanguage":"fr-FR","@id":"https:\/\/www.mediaplateforme.com\/fr\/#\/schema\/person\/image\/","url":"https:\/\/secure.gravatar.com\/avatar\/6c9c02e8928cc65d54bf75157f7b3a2d06d7ad0494ca0951f679552ff03b34c1?s=96&d=mm&r=g","contentUrl":"https:\/\/secure.gravatar.com\/avatar\/6c9c02e8928cc65d54bf75157f7b3a2d06d7ad0494ca0951f679552ff03b34c1?s=96&d=mm&r=g","caption":"Mediaplateforme"},"sameAs":["https:\/\/www.mediaplateforme.com"],"url":"https:\/\/www.mediaplateforme.com\/fr\/author\/mohamedladib\/"}]}},"_links":{"self":[{"href":"https:\/\/www.mediaplateforme.com\/fr\/wp-json\/wp\/v2\/posts\/4051","targetHints":{"allow":["GET"]}}],"collection":[{"href":"https:\/\/www.mediaplateforme.com\/fr\/wp-json\/wp\/v2\/posts"}],"about":[{"href":"https:\/\/www.mediaplateforme.com\/fr\/wp-json\/wp\/v2\/types\/post"}],"author":[{"embeddable":true,"href":"https:\/\/www.mediaplateforme.com\/fr\/wp-json\/wp\/v2\/users\/1"}],"replies":[{"embeddable":true,"href":"https:\/\/www.mediaplateforme.com\/fr\/wp-json\/wp\/v2\/comments?post=4051"}],"version-history":[{"count":1,"href":"https:\/\/www.mediaplateforme.com\/fr\/wp-json\/wp\/v2\/posts\/4051\/revisions"}],"predecessor-version":[{"id":4053,"href":"https:\/\/www.mediaplateforme.com\/fr\/wp-json\/wp\/v2\/posts\/4051\/revisions\/4053"}],"wp:featuredmedia":[{"embeddable":true,"href":"https:\/\/www.mediaplateforme.com\/fr\/wp-json\/wp\/v2\/media\/4052"}],"wp:attachment":[{"href":"https:\/\/www.mediaplateforme.com\/fr\/wp-json\/wp\/v2\/media?parent=4051"}],"wp:term":[{"taxonomy":"category","embeddable":true,"href":"https:\/\/www.mediaplateforme.com\/fr\/wp-json\/wp\/v2\/categories?post=4051"},{"taxonomy":"post_tag","embeddable":true,"href":"https:\/\/www.mediaplateforme.com\/fr\/wp-json\/wp\/v2\/tags?post=4051"}],"curies":[{"name":"wp","href":"https:\/\/api.w.org\/{rel}","templated":true}]}}