{"id":3958,"date":"2023-08-31T14:47:59","date_gmt":"2023-08-31T13:47:59","guid":{"rendered":"https:\/\/www.mediaplateforme.com\/fr\/?p=3958"},"modified":"2023-08-31T14:47:59","modified_gmt":"2023-08-31T13:47:59","slug":"nomination-a-la-tete-de-mobilize-financial-services-maroc","status":"publish","type":"post","link":"https:\/\/www.mediaplateforme.com\/fr\/nomination-a-la-tete-de-mobilize-financial-services-maroc\/","title":{"rendered":"NOMINATION A LA TETE DE MOBILIZE FINANCIAL SERVICES MAROC"},"content":{"rendered":"<p>A compter du 1er septembre 2023, Gr\u00e9goire de Saint Lager est nomm\u00e9 Pr\u00e9sident Directeur G\u00e9n\u00e9ral de Mobilize Financial Services Maroca.<\/p>\n<p>En tant que Pr\u00e9sident Directeur G\u00e9n\u00e9ral de Mobilize Financial Services, il aura la responsabilit\u00e9 d\u2019accompagner la performance commerciale des marques de <a href=\"https:\/\/www.mediaplateforme.com\/fr\/renault-annonce-une-marge-operationnelle-record-de-76-au-premier-semestre\/\">Renault Group Maroc<\/a> et de son r\u00e9seau. Gr\u00e9goire de Saint Lager mettra son expertise au profit du d\u00e9veloppement de l\u2019activit\u00e9 de financement de Renault Group Maroc et de ses marques, notamment le commerce des v\u00e9hicules d\u2019occasion ou encore la gestion des flottes.<\/p>\n<p>Gr\u00e9goire de Saint Lager succ\u00e8de \u00e0 Vincent Hauville qui, apr\u00e8s pr\u00e8s de 4 ans dans cette fonction, est nomm\u00e9 Directeur G\u00e9n\u00e9ral de Mobilize Financial Services Pologne \u00e0 compter du 1er septembre 2023.<\/p>\n<p>&nbsp;<\/p>\n<p>&nbsp;<\/p>\n","protected":false},"excerpt":{"rendered":"<p>A compter du 1er septembre 2023, Gr\u00e9goire de Saint Lager est nomm\u00e9 Pr\u00e9sident Directeur G\u00e9n\u00e9ral<\/p>\n","protected":false},"author":1,"featured_media":3960,"comment_status":"open","ping_status":"open","sticky":false,"template":"","format":"standard","meta":{"_acf_changed":false,"footnotes":""},"categories":[2,3],"tags":[1248,228],"class_list":["post-3958","post","type-post","status-publish","format-standard","has-post-thumbnail","hentry","category-nouvelles","category-nouvelles-selectionnees","tag-mobilize-financial-services-maroc","tag-renault-group-maroc"],"acf":[],"yoast_head":"<!-- This site is optimized with the Yoast SEO plugin v22.0 - https:\/\/yoast.com\/wordpress\/plugins\/seo\/ -->\n<title>NOMINATION A LA TETE DE MOBILIZE FINANCIAL SERVICES MAROC - MEDIA PLATEFORME | FR<\/title>\n<meta name=\"description\" content=\"septembre 2023, Gr\u00e9goire de Saint Lager est nomm\u00e9 Pr\u00e9sident Directeur G\u00e9n\u00e9ral de Mobilize Financial Services Maroc\" \/>\n<meta name=\"robots\" content=\"index, follow, max-snippet:-1, max-image-preview:large, max-video-preview:-1\" \/>\n<link rel=\"canonical\" href=\"https:\/\/www.mediaplateforme.com\/fr\/nomination-a-la-tete-de-mobilize-financial-services-maroc\/\" \/>\n<meta property=\"og:locale\" content=\"fr_FR\" \/>\n<meta property=\"og:type\" content=\"article\" \/>\n<meta property=\"og:title\" content=\"NOMINATION A LA TETE DE MOBILIZE FINANCIAL SERVICES MAROC - MEDIA PLATEFORME | FR\" \/>\n<meta property=\"og:description\" content=\"septembre 2023, Gr\u00e9goire de Saint Lager est nomm\u00e9 Pr\u00e9sident Directeur G\u00e9n\u00e9ral de Mobilize Financial Services Maroc\" \/>\n<meta property=\"og:url\" content=\"https:\/\/www.mediaplateforme.com\/fr\/nomination-a-la-tete-de-mobilize-financial-services-maroc\/\" \/>\n<meta property=\"og:site_name\" content=\"MEDIA PLATEFORME | FR\" \/>\n<meta property=\"article:published_time\" content=\"2023-08-31T13:47:59+00:00\" \/>\n<meta property=\"og:image\" content=\"https:\/\/www.mediaplateforme.com\/fr\/wp-content\/uploads\/sites\/5\/2023\/08\/Gregoire-de-Saint-Lager-1-scaled.jpg\" \/>\n\t<meta property=\"og:image:width\" content=\"2560\" \/>\n\t<meta property=\"og:image:height\" content=\"2037\" \/>\n\t<meta property=\"og:image:type\" content=\"image\/jpeg\" \/>\n<meta name=\"author\" content=\"Mediaplateforme\" \/>\n<meta name=\"twitter:card\" content=\"summary_large_image\" \/>\n<meta name=\"twitter:label1\" content=\"\u00c9crit par\" \/>\n\t<meta name=\"twitter:data1\" content=\"Mediaplateforme\" \/>\n\t<meta name=\"twitter:label2\" content=\"Dur\u00e9e de lecture estim\u00e9e\" \/>\n\t<meta name=\"twitter:data2\" content=\"1 minute\" \/>\n<script type=\"application\/ld+json\" class=\"yoast-schema-graph\">{\"@context\":\"https:\/\/schema.org\",\"@graph\":[{\"@type\":\"WebPage\",\"@id\":\"https:\/\/www.mediaplateforme.com\/fr\/nomination-a-la-tete-de-mobilize-financial-services-maroc\/\",\"url\":\"https:\/\/www.mediaplateforme.com\/fr\/nomination-a-la-tete-de-mobilize-financial-services-maroc\/\",\"name\":\"NOMINATION A LA TETE DE MOBILIZE FINANCIAL SERVICES MAROC - MEDIA PLATEFORME | FR\",\"isPartOf\":{\"@id\":\"https:\/\/www.mediaplateforme.com\/fr\/#website\"},\"datePublished\":\"2023-08-31T13:47:59+00:00\",\"dateModified\":\"2023-08-31T13:47:59+00:00\",\"author\":{\"@id\":\"https:\/\/www.mediaplateforme.com\/fr\/#\/schema\/person\/89833db382b5db2c76b094bc902aa12a\"},\"description\":\"septembre 2023, Gr\u00e9goire de Saint Lager est nomm\u00e9 Pr\u00e9sident Directeur G\u00e9n\u00e9ral de Mobilize Financial Services Maroc\",\"breadcrumb\":{\"@id\":\"https:\/\/www.mediaplateforme.com\/fr\/nomination-a-la-tete-de-mobilize-financial-services-maroc\/#breadcrumb\"},\"inLanguage\":\"fr-FR\",\"potentialAction\":[{\"@type\":\"ReadAction\",\"target\":[\"https:\/\/www.mediaplateforme.com\/fr\/nomination-a-la-tete-de-mobilize-financial-services-maroc\/\"]}]},{\"@type\":\"BreadcrumbList\",\"@id\":\"https:\/\/www.mediaplateforme.com\/fr\/nomination-a-la-tete-de-mobilize-financial-services-maroc\/#breadcrumb\",\"itemListElement\":[{\"@type\":\"ListItem\",\"position\":1,\"name\":\"\u0627\u0644\u0631\u0626\u064a\u0633\u064a\u0629\",\"item\":\"https:\/\/www.mediaplateforme.com\/fr\/\"},{\"@type\":\"ListItem\",\"position\":2,\"name\":\"NOMINATION A LA TETE DE MOBILIZE FINANCIAL SERVICES MAROC\"}]},{\"@type\":\"WebSite\",\"@id\":\"https:\/\/www.mediaplateforme.com\/fr\/#website\",\"url\":\"https:\/\/www.mediaplateforme.com\/fr\/\",\"name\":\"MEDIA PLATEFORME | FR\",\"description\":\"Mediaplateforme sp\u00e9cialis\u00e9 dans la communication institutions publiques et des entreprises\",\"potentialAction\":[{\"@type\":\"SearchAction\",\"target\":{\"@type\":\"EntryPoint\",\"urlTemplate\":\"https:\/\/www.mediaplateforme.com\/fr\/?s={search_term_string}\"},\"query-input\":\"required name=search_term_string\"}],\"inLanguage\":\"fr-FR\"},{\"@type\":\"Person\",\"@id\":\"https:\/\/www.mediaplateforme.com\/fr\/#\/schema\/person\/89833db382b5db2c76b094bc902aa12a\",\"name\":\"Mediaplateforme\",\"image\":{\"@type\":\"ImageObject\",\"inLanguage\":\"fr-FR\",\"@id\":\"https:\/\/www.mediaplateforme.com\/fr\/#\/schema\/person\/image\/\",\"url\":\"https:\/\/secure.gravatar.com\/avatar\/6c9c02e8928cc65d54bf75157f7b3a2d06d7ad0494ca0951f679552ff03b34c1?s=96&d=mm&r=g\",\"contentUrl\":\"https:\/\/secure.gravatar.com\/avatar\/6c9c02e8928cc65d54bf75157f7b3a2d06d7ad0494ca0951f679552ff03b34c1?s=96&d=mm&r=g\",\"caption\":\"Mediaplateforme\"},\"sameAs\":[\"https:\/\/www.mediaplateforme.com\"],\"url\":\"https:\/\/www.mediaplateforme.com\/fr\/author\/mohamedladib\/\"}]}<\/script>\n<!-- \/ Yoast SEO plugin. -->","yoast_head_json":{"title":"NOMINATION A LA TETE DE MOBILIZE FINANCIAL SERVICES MAROC - MEDIA PLATEFORME | FR","description":"septembre 2023, Gr\u00e9goire de Saint Lager est nomm\u00e9 Pr\u00e9sident Directeur G\u00e9n\u00e9ral de Mobilize Financial Services Maroc","robots":{"index":"index","follow":"follow","max-snippet":"max-snippet:-1","max-image-preview":"max-image-preview:large","max-video-preview":"max-video-preview:-1"},"canonical":"https:\/\/www.mediaplateforme.com\/fr\/nomination-a-la-tete-de-mobilize-financial-services-maroc\/","og_locale":"fr_FR","og_type":"article","og_title":"NOMINATION A LA TETE DE MOBILIZE FINANCIAL SERVICES MAROC - MEDIA PLATEFORME | FR","og_description":"septembre 2023, Gr\u00e9goire de Saint Lager est nomm\u00e9 Pr\u00e9sident Directeur G\u00e9n\u00e9ral de Mobilize Financial Services Maroc","og_url":"https:\/\/www.mediaplateforme.com\/fr\/nomination-a-la-tete-de-mobilize-financial-services-maroc\/","og_site_name":"MEDIA PLATEFORME | FR","article_published_time":"2023-08-31T13:47:59+00:00","og_image":[{"width":2560,"height":2037,"url":"https:\/\/www.mediaplateforme.com\/fr\/wp-content\/uploads\/sites\/5\/2023\/08\/Gregoire-de-Saint-Lager-1-scaled.jpg","type":"image\/jpeg"}],"author":"Mediaplateforme","twitter_card":"summary_large_image","twitter_misc":{"\u00c9crit par":"Mediaplateforme","Dur\u00e9e de lecture estim\u00e9e":"1 minute"},"schema":{"@context":"https:\/\/schema.org","@graph":[{"@type":"WebPage","@id":"https:\/\/www.mediaplateforme.com\/fr\/nomination-a-la-tete-de-mobilize-financial-services-maroc\/","url":"https:\/\/www.mediaplateforme.com\/fr\/nomination-a-la-tete-de-mobilize-financial-services-maroc\/","name":"NOMINATION A LA TETE DE MOBILIZE FINANCIAL SERVICES MAROC - MEDIA PLATEFORME | FR","isPartOf":{"@id":"https:\/\/www.mediaplateforme.com\/fr\/#website"},"datePublished":"2023-08-31T13:47:59+00:00","dateModified":"2023-08-31T13:47:59+00:00","author":{"@id":"https:\/\/www.mediaplateforme.com\/fr\/#\/schema\/person\/89833db382b5db2c76b094bc902aa12a"},"description":"septembre 2023, Gr\u00e9goire de Saint Lager est nomm\u00e9 Pr\u00e9sident Directeur G\u00e9n\u00e9ral de Mobilize Financial Services Maroc","breadcrumb":{"@id":"https:\/\/www.mediaplateforme.com\/fr\/nomination-a-la-tete-de-mobilize-financial-services-maroc\/#breadcrumb"},"inLanguage":"fr-FR","potentialAction":[{"@type":"ReadAction","target":["https:\/\/www.mediaplateforme.com\/fr\/nomination-a-la-tete-de-mobilize-financial-services-maroc\/"]}]},{"@type":"BreadcrumbList","@id":"https:\/\/www.mediaplateforme.com\/fr\/nomination-a-la-tete-de-mobilize-financial-services-maroc\/#breadcrumb","itemListElement":[{"@type":"ListItem","position":1,"name":"\u0627\u0644\u0631\u0626\u064a\u0633\u064a\u0629","item":"https:\/\/www.mediaplateforme.com\/fr\/"},{"@type":"ListItem","position":2,"name":"NOMINATION A LA TETE DE MOBILIZE FINANCIAL SERVICES MAROC"}]},{"@type":"WebSite","@id":"https:\/\/www.mediaplateforme.com\/fr\/#website","url":"https:\/\/www.mediaplateforme.com\/fr\/","name":"MEDIA PLATEFORME | FR","description":"Mediaplateforme sp\u00e9cialis\u00e9 dans la communication institutions publiques et des entreprises","potentialAction":[{"@type":"SearchAction","target":{"@type":"EntryPoint","urlTemplate":"https:\/\/www.mediaplateforme.com\/fr\/?s={search_term_string}"},"query-input":"required name=search_term_string"}],"inLanguage":"fr-FR"},{"@type":"Person","@id":"https:\/\/www.mediaplateforme.com\/fr\/#\/schema\/person\/89833db382b5db2c76b094bc902aa12a","name":"Mediaplateforme","image":{"@type":"ImageObject","inLanguage":"fr-FR","@id":"https:\/\/www.mediaplateforme.com\/fr\/#\/schema\/person\/image\/","url":"https:\/\/secure.gravatar.com\/avatar\/6c9c02e8928cc65d54bf75157f7b3a2d06d7ad0494ca0951f679552ff03b34c1?s=96&d=mm&r=g","contentUrl":"https:\/\/secure.gravatar.com\/avatar\/6c9c02e8928cc65d54bf75157f7b3a2d06d7ad0494ca0951f679552ff03b34c1?s=96&d=mm&r=g","caption":"Mediaplateforme"},"sameAs":["https:\/\/www.mediaplateforme.com"],"url":"https:\/\/www.mediaplateforme.com\/fr\/author\/mohamedladib\/"}]}},"_links":{"self":[{"href":"https:\/\/www.mediaplateforme.com\/fr\/wp-json\/wp\/v2\/posts\/3958","targetHints":{"allow":["GET"]}}],"collection":[{"href":"https:\/\/www.mediaplateforme.com\/fr\/wp-json\/wp\/v2\/posts"}],"about":[{"href":"https:\/\/www.mediaplateforme.com\/fr\/wp-json\/wp\/v2\/types\/post"}],"author":[{"embeddable":true,"href":"https:\/\/www.mediaplateforme.com\/fr\/wp-json\/wp\/v2\/users\/1"}],"replies":[{"embeddable":true,"href":"https:\/\/www.mediaplateforme.com\/fr\/wp-json\/wp\/v2\/comments?post=3958"}],"version-history":[{"count":1,"href":"https:\/\/www.mediaplateforme.com\/fr\/wp-json\/wp\/v2\/posts\/3958\/revisions"}],"predecessor-version":[{"id":3961,"href":"https:\/\/www.mediaplateforme.com\/fr\/wp-json\/wp\/v2\/posts\/3958\/revisions\/3961"}],"wp:featuredmedia":[{"embeddable":true,"href":"https:\/\/www.mediaplateforme.com\/fr\/wp-json\/wp\/v2\/media\/3960"}],"wp:attachment":[{"href":"https:\/\/www.mediaplateforme.com\/fr\/wp-json\/wp\/v2\/media?parent=3958"}],"wp:term":[{"taxonomy":"category","embeddable":true,"href":"https:\/\/www.mediaplateforme.com\/fr\/wp-json\/wp\/v2\/categories?post=3958"},{"taxonomy":"post_tag","embeddable":true,"href":"https:\/\/www.mediaplateforme.com\/fr\/wp-json\/wp\/v2\/tags?post=3958"}],"curies":[{"name":"wp","href":"https:\/\/api.w.org\/{rel}","templated":true}]}}