{"id":3955,"date":"2023-08-31T11:41:47","date_gmt":"2023-08-31T10:41:47","guid":{"rendered":"https:\/\/www.mediaplateforme.com\/fr\/?p=3955"},"modified":"2023-08-31T11:41:47","modified_gmt":"2023-08-31T10:41:47","slug":"signature-dune-convention-de-cooperation-entre-tamwilcom-et-finea","status":"publish","type":"post","link":"https:\/\/www.mediaplateforme.com\/fr\/signature-dune-convention-de-cooperation-entre-tamwilcom-et-finea\/","title":{"rendered":"Signature d\u2019une convention de coop\u00e9ration entre TAMWILCOM et FINEA"},"content":{"rendered":"<p>M. Hicham Zanati Serghini, Directeur Ge\u0301ne\u0301ral de Tamwilcom, et M. Mohammed Belmaachi, Directeur Ge\u0301ne\u0301ral de Fine\u0301a, ont proce\u0301de\u0301 ce mercredi 30 aou\u0302t a\u0300 Rabat a\u0300 la signature d\u2019une convention de coope\u0301ration relative a\u0300 la garantie des financements des entreprises titulaires de marche\u0301s publics, marquant la volonte\u0301 des deux parties a\u0300 travailler de concert pour faciliter l\u2019acce\u0300s des Tre\u0300s Petites, Petites et Moyennes Entreprises (TPME) au financement.<\/p>\n<p>&nbsp;<\/p>\n<p>La c\u00e9r\u00e9monie de signature s\u2019est de\u0301roule\u0301e en pre\u0301sence de M. Khalid Safir, Directeur Ge\u0301ne\u0301ral de la Caisse de De\u0301po\u0302t et de Gestion (CDG) et des e\u0301quipes respectives des deux e\u0301tablissements signataires.<\/p>\n<p>&nbsp;<\/p>\n<p>A l\u2019instar des autres institutions financie\u0300res partenaires de Tamwilcom (banques, socie\u0301te\u0301s de financement, associations de microfinance et autres), Fine\u0301a peut de\u0301sormais s\u2019appuyer sur les me\u0301canismes de garantie existants lors de l\u2019octroi de ses propres solutions de financement, notamment celles destine\u0301es a\u0300 ame\u0301liorer l\u2019acce\u0300s des TPME marocaines a\u0300 la commande publique.<\/p>\n<p>&nbsp;<\/p>\n<p>Cette convention de coope\u0301ration permettra ainsi aux deux institutions de cre\u0301er des synergies entre leurs offres-produits respectives et de de\u0301velopper leurs actions communes pour soutenir les entreprises nationales en mettant a\u0300 leur disposition des solutions de financement adapte\u0301es.<\/p>\n","protected":false},"excerpt":{"rendered":"<p>M. Hicham Zanati Serghini, Directeur Ge\u0301ne\u0301ral de Tamwilcom, et M. Mohammed Belmaachi, Directeur Ge\u0301ne\u0301ral de<\/p>\n","protected":false},"author":1,"featured_media":3956,"comment_status":"open","ping_status":"open","sticky":false,"template":"","format":"standard","meta":{"_acf_changed":false,"footnotes":""},"categories":[2,3],"tags":[191,1247],"class_list":["post-3955","post","type-post","status-publish","format-standard","has-post-thumbnail","hentry","category-nouvelles","category-nouvelles-selectionnees","tag-finea","tag-tamwilcom"],"acf":[],"yoast_head":"<!-- This site is optimized with the Yoast SEO plugin v22.0 - https:\/\/yoast.com\/wordpress\/plugins\/seo\/ -->\n<title>Signature d\u2019une convention de coop\u00e9ration entre TAMWILCOM et FINEA - MEDIA PLATEFORME | FR<\/title>\n<meta name=\"description\" content=\"M. Hicham Zanati Serghini, Directeur Ge\u0301ne\u0301ral de Tamwilcom, et M. Mohammed Belmaachi, Directeur Ge\u0301ne\u0301ral de Fine\u0301a, ont proce\u0301de\u0301\" \/>\n<meta name=\"robots\" content=\"index, follow, max-snippet:-1, max-image-preview:large, max-video-preview:-1\" \/>\n<link rel=\"canonical\" href=\"https:\/\/www.mediaplateforme.com\/fr\/signature-dune-convention-de-cooperation-entre-tamwilcom-et-finea\/\" \/>\n<meta property=\"og:locale\" content=\"fr_FR\" \/>\n<meta property=\"og:type\" content=\"article\" \/>\n<meta property=\"og:title\" content=\"Signature d\u2019une convention de coop\u00e9ration entre TAMWILCOM et FINEA - MEDIA PLATEFORME | FR\" \/>\n<meta property=\"og:description\" content=\"M. Hicham Zanati Serghini, Directeur Ge\u0301ne\u0301ral de Tamwilcom, et M. Mohammed Belmaachi, Directeur Ge\u0301ne\u0301ral de Fine\u0301a, ont proce\u0301de\u0301\" \/>\n<meta property=\"og:url\" content=\"https:\/\/www.mediaplateforme.com\/fr\/signature-dune-convention-de-cooperation-entre-tamwilcom-et-finea\/\" \/>\n<meta property=\"og:site_name\" content=\"MEDIA PLATEFORME | FR\" \/>\n<meta property=\"article:published_time\" content=\"2023-08-31T10:41:47+00:00\" \/>\n<meta property=\"og:image\" content=\"https:\/\/www.mediaplateforme.com\/fr\/wp-content\/uploads\/sites\/5\/2023\/08\/IMG-20230830-WA0003.jpg\" \/>\n\t<meta property=\"og:image:width\" content=\"1280\" \/>\n\t<meta property=\"og:image:height\" content=\"960\" \/>\n\t<meta property=\"og:image:type\" content=\"image\/jpeg\" \/>\n<meta name=\"author\" content=\"Mediaplateforme\" \/>\n<meta name=\"twitter:card\" content=\"summary_large_image\" \/>\n<meta name=\"twitter:label1\" content=\"\u00c9crit par\" \/>\n\t<meta name=\"twitter:data1\" content=\"Mediaplateforme\" \/>\n\t<meta name=\"twitter:label2\" content=\"Dur\u00e9e de lecture estim\u00e9e\" \/>\n\t<meta name=\"twitter:data2\" content=\"1 minute\" \/>\n<script type=\"application\/ld+json\" class=\"yoast-schema-graph\">{\"@context\":\"https:\/\/schema.org\",\"@graph\":[{\"@type\":\"WebPage\",\"@id\":\"https:\/\/www.mediaplateforme.com\/fr\/signature-dune-convention-de-cooperation-entre-tamwilcom-et-finea\/\",\"url\":\"https:\/\/www.mediaplateforme.com\/fr\/signature-dune-convention-de-cooperation-entre-tamwilcom-et-finea\/\",\"name\":\"Signature d\u2019une convention de coop\u00e9ration entre TAMWILCOM et FINEA - MEDIA PLATEFORME | FR\",\"isPartOf\":{\"@id\":\"https:\/\/www.mediaplateforme.com\/fr\/#website\"},\"datePublished\":\"2023-08-31T10:41:47+00:00\",\"dateModified\":\"2023-08-31T10:41:47+00:00\",\"author\":{\"@id\":\"https:\/\/www.mediaplateforme.com\/fr\/#\/schema\/person\/89833db382b5db2c76b094bc902aa12a\"},\"description\":\"M. Hicham Zanati Serghini, Directeur Ge\u0301ne\u0301ral de Tamwilcom, et M. Mohammed Belmaachi, Directeur Ge\u0301ne\u0301ral de Fine\u0301a, ont proce\u0301de\u0301\",\"breadcrumb\":{\"@id\":\"https:\/\/www.mediaplateforme.com\/fr\/signature-dune-convention-de-cooperation-entre-tamwilcom-et-finea\/#breadcrumb\"},\"inLanguage\":\"fr-FR\",\"potentialAction\":[{\"@type\":\"ReadAction\",\"target\":[\"https:\/\/www.mediaplateforme.com\/fr\/signature-dune-convention-de-cooperation-entre-tamwilcom-et-finea\/\"]}]},{\"@type\":\"BreadcrumbList\",\"@id\":\"https:\/\/www.mediaplateforme.com\/fr\/signature-dune-convention-de-cooperation-entre-tamwilcom-et-finea\/#breadcrumb\",\"itemListElement\":[{\"@type\":\"ListItem\",\"position\":1,\"name\":\"\u0627\u0644\u0631\u0626\u064a\u0633\u064a\u0629\",\"item\":\"https:\/\/www.mediaplateforme.com\/fr\/\"},{\"@type\":\"ListItem\",\"position\":2,\"name\":\"Signature d\u2019une convention de coop\u00e9ration entre TAMWILCOM et FINEA\"}]},{\"@type\":\"WebSite\",\"@id\":\"https:\/\/www.mediaplateforme.com\/fr\/#website\",\"url\":\"https:\/\/www.mediaplateforme.com\/fr\/\",\"name\":\"MEDIA PLATEFORME | FR\",\"description\":\"Mediaplateforme sp\u00e9cialis\u00e9 dans la communication institutions publiques et des entreprises\",\"potentialAction\":[{\"@type\":\"SearchAction\",\"target\":{\"@type\":\"EntryPoint\",\"urlTemplate\":\"https:\/\/www.mediaplateforme.com\/fr\/?s={search_term_string}\"},\"query-input\":\"required name=search_term_string\"}],\"inLanguage\":\"fr-FR\"},{\"@type\":\"Person\",\"@id\":\"https:\/\/www.mediaplateforme.com\/fr\/#\/schema\/person\/89833db382b5db2c76b094bc902aa12a\",\"name\":\"Mediaplateforme\",\"image\":{\"@type\":\"ImageObject\",\"inLanguage\":\"fr-FR\",\"@id\":\"https:\/\/www.mediaplateforme.com\/fr\/#\/schema\/person\/image\/\",\"url\":\"https:\/\/secure.gravatar.com\/avatar\/6c9c02e8928cc65d54bf75157f7b3a2d06d7ad0494ca0951f679552ff03b34c1?s=96&d=mm&r=g\",\"contentUrl\":\"https:\/\/secure.gravatar.com\/avatar\/6c9c02e8928cc65d54bf75157f7b3a2d06d7ad0494ca0951f679552ff03b34c1?s=96&d=mm&r=g\",\"caption\":\"Mediaplateforme\"},\"sameAs\":[\"https:\/\/www.mediaplateforme.com\"],\"url\":\"https:\/\/www.mediaplateforme.com\/fr\/author\/mohamedladib\/\"}]}<\/script>\n<!-- \/ Yoast SEO plugin. -->","yoast_head_json":{"title":"Signature d\u2019une convention de coop\u00e9ration entre TAMWILCOM et FINEA - MEDIA PLATEFORME | FR","description":"M. Hicham Zanati Serghini, Directeur Ge\u0301ne\u0301ral de Tamwilcom, et M. Mohammed Belmaachi, Directeur Ge\u0301ne\u0301ral de Fine\u0301a, ont proce\u0301de\u0301","robots":{"index":"index","follow":"follow","max-snippet":"max-snippet:-1","max-image-preview":"max-image-preview:large","max-video-preview":"max-video-preview:-1"},"canonical":"https:\/\/www.mediaplateforme.com\/fr\/signature-dune-convention-de-cooperation-entre-tamwilcom-et-finea\/","og_locale":"fr_FR","og_type":"article","og_title":"Signature d\u2019une convention de coop\u00e9ration entre TAMWILCOM et FINEA - MEDIA PLATEFORME | FR","og_description":"M. Hicham Zanati Serghini, Directeur Ge\u0301ne\u0301ral de Tamwilcom, et M. Mohammed Belmaachi, Directeur Ge\u0301ne\u0301ral de Fine\u0301a, ont proce\u0301de\u0301","og_url":"https:\/\/www.mediaplateforme.com\/fr\/signature-dune-convention-de-cooperation-entre-tamwilcom-et-finea\/","og_site_name":"MEDIA PLATEFORME | FR","article_published_time":"2023-08-31T10:41:47+00:00","og_image":[{"width":1280,"height":960,"url":"https:\/\/www.mediaplateforme.com\/fr\/wp-content\/uploads\/sites\/5\/2023\/08\/IMG-20230830-WA0003.jpg","type":"image\/jpeg"}],"author":"Mediaplateforme","twitter_card":"summary_large_image","twitter_misc":{"\u00c9crit par":"Mediaplateforme","Dur\u00e9e de lecture estim\u00e9e":"1 minute"},"schema":{"@context":"https:\/\/schema.org","@graph":[{"@type":"WebPage","@id":"https:\/\/www.mediaplateforme.com\/fr\/signature-dune-convention-de-cooperation-entre-tamwilcom-et-finea\/","url":"https:\/\/www.mediaplateforme.com\/fr\/signature-dune-convention-de-cooperation-entre-tamwilcom-et-finea\/","name":"Signature d\u2019une convention de coop\u00e9ration entre TAMWILCOM et FINEA - MEDIA PLATEFORME | FR","isPartOf":{"@id":"https:\/\/www.mediaplateforme.com\/fr\/#website"},"datePublished":"2023-08-31T10:41:47+00:00","dateModified":"2023-08-31T10:41:47+00:00","author":{"@id":"https:\/\/www.mediaplateforme.com\/fr\/#\/schema\/person\/89833db382b5db2c76b094bc902aa12a"},"description":"M. Hicham Zanati Serghini, Directeur Ge\u0301ne\u0301ral de Tamwilcom, et M. Mohammed Belmaachi, Directeur Ge\u0301ne\u0301ral de Fine\u0301a, ont proce\u0301de\u0301","breadcrumb":{"@id":"https:\/\/www.mediaplateforme.com\/fr\/signature-dune-convention-de-cooperation-entre-tamwilcom-et-finea\/#breadcrumb"},"inLanguage":"fr-FR","potentialAction":[{"@type":"ReadAction","target":["https:\/\/www.mediaplateforme.com\/fr\/signature-dune-convention-de-cooperation-entre-tamwilcom-et-finea\/"]}]},{"@type":"BreadcrumbList","@id":"https:\/\/www.mediaplateforme.com\/fr\/signature-dune-convention-de-cooperation-entre-tamwilcom-et-finea\/#breadcrumb","itemListElement":[{"@type":"ListItem","position":1,"name":"\u0627\u0644\u0631\u0626\u064a\u0633\u064a\u0629","item":"https:\/\/www.mediaplateforme.com\/fr\/"},{"@type":"ListItem","position":2,"name":"Signature d\u2019une convention de coop\u00e9ration entre TAMWILCOM et FINEA"}]},{"@type":"WebSite","@id":"https:\/\/www.mediaplateforme.com\/fr\/#website","url":"https:\/\/www.mediaplateforme.com\/fr\/","name":"MEDIA PLATEFORME | FR","description":"Mediaplateforme sp\u00e9cialis\u00e9 dans la communication institutions publiques et des entreprises","potentialAction":[{"@type":"SearchAction","target":{"@type":"EntryPoint","urlTemplate":"https:\/\/www.mediaplateforme.com\/fr\/?s={search_term_string}"},"query-input":"required name=search_term_string"}],"inLanguage":"fr-FR"},{"@type":"Person","@id":"https:\/\/www.mediaplateforme.com\/fr\/#\/schema\/person\/89833db382b5db2c76b094bc902aa12a","name":"Mediaplateforme","image":{"@type":"ImageObject","inLanguage":"fr-FR","@id":"https:\/\/www.mediaplateforme.com\/fr\/#\/schema\/person\/image\/","url":"https:\/\/secure.gravatar.com\/avatar\/6c9c02e8928cc65d54bf75157f7b3a2d06d7ad0494ca0951f679552ff03b34c1?s=96&d=mm&r=g","contentUrl":"https:\/\/secure.gravatar.com\/avatar\/6c9c02e8928cc65d54bf75157f7b3a2d06d7ad0494ca0951f679552ff03b34c1?s=96&d=mm&r=g","caption":"Mediaplateforme"},"sameAs":["https:\/\/www.mediaplateforme.com"],"url":"https:\/\/www.mediaplateforme.com\/fr\/author\/mohamedladib\/"}]}},"_links":{"self":[{"href":"https:\/\/www.mediaplateforme.com\/fr\/wp-json\/wp\/v2\/posts\/3955","targetHints":{"allow":["GET"]}}],"collection":[{"href":"https:\/\/www.mediaplateforme.com\/fr\/wp-json\/wp\/v2\/posts"}],"about":[{"href":"https:\/\/www.mediaplateforme.com\/fr\/wp-json\/wp\/v2\/types\/post"}],"author":[{"embeddable":true,"href":"https:\/\/www.mediaplateforme.com\/fr\/wp-json\/wp\/v2\/users\/1"}],"replies":[{"embeddable":true,"href":"https:\/\/www.mediaplateforme.com\/fr\/wp-json\/wp\/v2\/comments?post=3955"}],"version-history":[{"count":1,"href":"https:\/\/www.mediaplateforme.com\/fr\/wp-json\/wp\/v2\/posts\/3955\/revisions"}],"predecessor-version":[{"id":3957,"href":"https:\/\/www.mediaplateforme.com\/fr\/wp-json\/wp\/v2\/posts\/3955\/revisions\/3957"}],"wp:featuredmedia":[{"embeddable":true,"href":"https:\/\/www.mediaplateforme.com\/fr\/wp-json\/wp\/v2\/media\/3956"}],"wp:attachment":[{"href":"https:\/\/www.mediaplateforme.com\/fr\/wp-json\/wp\/v2\/media?parent=3955"}],"wp:term":[{"taxonomy":"category","embeddable":true,"href":"https:\/\/www.mediaplateforme.com\/fr\/wp-json\/wp\/v2\/categories?post=3955"},{"taxonomy":"post_tag","embeddable":true,"href":"https:\/\/www.mediaplateforme.com\/fr\/wp-json\/wp\/v2\/tags?post=3955"}],"curies":[{"name":"wp","href":"https:\/\/api.w.org\/{rel}","templated":true}]}}