{"id":3952,"date":"2023-08-31T11:33:48","date_gmt":"2023-08-31T10:33:48","guid":{"rendered":"https:\/\/www.mediaplateforme.com\/fr\/?p=3952"},"modified":"2023-08-31T11:33:48","modified_gmt":"2023-08-31T10:33:48","slug":"nexans-organise-une-nouvelle-edition-de-son-sommet-pour-le-climat-au-maroc","status":"publish","type":"post","link":"https:\/\/www.mediaplateforme.com\/fr\/nexans-organise-une-nouvelle-edition-de-son-sommet-pour-le-climat-au-maroc\/","title":{"rendered":"Nexans organise une nouvelle \u00e9dition de son sommet pour le Climat au Maroc"},"content":{"rendered":"<p>Nexans, acteur majeur de la transition \u00e9nerg\u00e9tique, organise la 4\u00e8me \u00e9dition de son \u00ab Climate Day \u00bb au Maroc, en partenariat avec le Minist\u00e8re de l\u2019Industrie et du Commerce, le Minist\u00e8re de la Transition \u00c9nerg\u00e9tique et du D\u00e9veloppement Durable du Maroc et le Cluster ENR. L&rsquo;\u00e9v\u00e9nement se tiendra \u00e0 Rabat le 12 septembre 2023, et r\u00e9unira les acteurs cl\u00e9s du secteur \u00e9nerg\u00e9tique et des experts de l\u2019\u00e9cosyst\u00e8me, dans un objectif de sensibilisation aux enjeux climatiques, de partage d\u2019exp\u00e9riences et d\u2019apport de solutions concr\u00e8tes pour une \u00e9lectrification durable.<\/p>\n<p>&nbsp;<\/p>\n<p>Apr\u00e8s Paris, Stockholm et New-York, le groupe international Nexans, fortement implant\u00e9 au Maroc, a choisi d\u2019organiser son quatri\u00e8me Climate Day \u00e0 Rabat. Sous le th\u00e8me \u00ab Electrification durable pour la transition \u00e9nerg\u00e9tique : Une r\u00e9elle opportunit\u00e9 pour l&rsquo;Afrique \u00bb, cette \u00e9dition aura pour objectifs de renforcer le d\u00e9bat autour des enjeux climatiques particuli\u00e8rement pour l\u2019Afrique, mettre le sujet du d\u00e9veloppement durable au centre des int\u00e9r\u00eats \u00e9conomiques et sociaux, d\u00e9velopper les opportunit\u00e9s d\u2019investissement dans les \u00e9nergies renouvelables et faire \u00e9merger des solutions concr\u00e8tes pour soutenir la transition \u00e9nerg\u00e9tique.<\/p>\n<p>&nbsp;<\/p>\n<p>\u00ab Le Maroc est r\u00e9solument engag\u00e9, sous l\u2019impulsion de sa Majest\u00e9 Mohammed VI que Dieu l\u2019assiste, dans une strat\u00e9gie de d\u00e9veloppement durable importante. Une strat\u00e9gie fond\u00e9e sur des chantiers ambitieux, \u00e0 savoir, le d\u00e9veloppement des ENR, l\u2019expansion des m\u00e9tiers verts, l\u2019\u00e9lectrification des zones lointaines du Royaume, l\u2019\u00e9volution du cadre r\u00e9glementaire et l\u00e9gal, entres autres. En tant qu&rsquo;acteur majeur du secteur \u00e9nerg\u00e9tique, Nexans est fier d&rsquo;accueillir cette 4\u00e8me \u00e9dition du Climate Day au Maroc. \u00bb, a soulign\u00e9 Mme Selma Alami, Directrice G\u00e9n\u00e9rale de Nexans North &amp; West Africa.<\/p>\n<p>&nbsp;<\/p>\n<p>M. Christopher Gu\u00e9rin, CEO de Nexans, a ajout\u00e9 : \u00ab Le choix du Maroc pour cette 4\u00e8me \u00e9dition de notre Climate Day annuel s\u2019est naturellement impos\u00e9 \u00e0 nous, tant le pays a d\u00e9montr\u00e9 toute sa capacit\u00e9 \u00e0 ouvrir une voie impactante et inspirante en faveur de la transition \u00e9nerg\u00e9tique. Nous avons h\u00e2te de r\u00e9unir d\u00e9cideurs, experts et entrepreneurs de haut niveau pour contribuer \u00e0 acc\u00e9l\u00e9rer la mise en place de solutions concr\u00e8tes en Afrique et au-del\u00e0. Un engagement absolument au c\u0153ur des engagements de notre Groupe, pour lequel l\u2019environnement est une priorit\u00e9.\u00a0\u00bb<\/p>\n<p>&nbsp;<\/p>\n<p>L\u2019\u00e9v\u00e9nement sera marqu\u00e9 par la participation des repr\u00e9sentants du secteur \u00e9nerg\u00e9tique de pays africains qui, \u00e0 l\u2019instar du Maroc, \u0153uvrent fortement pour le d\u00e9veloppement des \u00e9nergies renouvelables. L\u2019occasion \u00e9galement, de r\u00e9compenser les gagnants du Nexans Climate Challenge, un concours qui vise \u00e0 encourager l&rsquo;innovation en faveur du climat en r\u00e9compensant les projets les plus prometteurs dans ce domaine.<\/p>\n<p>&nbsp;<\/p>\n<p>La 4\u00e8me \u00e9dition du Climate Day promet d&rsquo;\u00eatre un moment important pour le secteur \u00e9nerg\u00e9tique en Afrique et pour les professionnels de l&rsquo;industrie \u00e9nerg\u00e9tique qui souhaitent \u00eatre \u00e0 l&rsquo;avant-garde des tendances et des pratiques durables.<\/p>\n","protected":false},"excerpt":{"rendered":"<p>Nexans, acteur majeur de la transition \u00e9nerg\u00e9tique, organise la 4\u00e8me \u00e9dition de son \u00ab Climate<\/p>\n","protected":false},"author":1,"featured_media":3953,"comment_status":"open","ping_status":"open","sticky":false,"template":"","format":"standard","meta":{"_acf_changed":false,"footnotes":""},"categories":[2,3],"tags":[1087],"class_list":["post-3952","post","type-post","status-publish","format-standard","has-post-thumbnail","hentry","category-nouvelles","category-nouvelles-selectionnees","tag-nexans-maroc"],"acf":[],"yoast_head":"<!-- This site is optimized with the Yoast SEO plugin v22.0 - https:\/\/yoast.com\/wordpress\/plugins\/seo\/ -->\n<title>Nexans organise une nouvelle \u00e9dition de son sommet pour le Climat au Maroc - MEDIA PLATEFORME | FR<\/title>\n<meta name=\"description\" content=\"Nexans, acteur majeur de la transition \u00e9nerg\u00e9tique, organise la 4\u00e8me \u00e9dition de son \u00ab Climate Day \u00bb au Maroc, en partenariat avec le Min\" \/>\n<meta name=\"robots\" content=\"index, follow, max-snippet:-1, max-image-preview:large, max-video-preview:-1\" \/>\n<link rel=\"canonical\" href=\"https:\/\/www.mediaplateforme.com\/fr\/nexans-organise-une-nouvelle-edition-de-son-sommet-pour-le-climat-au-maroc\/\" \/>\n<meta property=\"og:locale\" content=\"fr_FR\" \/>\n<meta property=\"og:type\" content=\"article\" \/>\n<meta property=\"og:title\" content=\"Nexans organise une nouvelle \u00e9dition de son sommet pour le Climat au Maroc - MEDIA PLATEFORME | FR\" \/>\n<meta property=\"og:description\" content=\"Nexans, acteur majeur de la transition \u00e9nerg\u00e9tique, organise la 4\u00e8me \u00e9dition de son \u00ab Climate Day \u00bb au Maroc, en partenariat avec le Min\" \/>\n<meta property=\"og:url\" content=\"https:\/\/www.mediaplateforme.com\/fr\/nexans-organise-une-nouvelle-edition-de-son-sommet-pour-le-climat-au-maroc\/\" \/>\n<meta property=\"og:site_name\" content=\"MEDIA PLATEFORME | FR\" \/>\n<meta property=\"article:published_time\" content=\"2023-08-31T10:33:48+00:00\" \/>\n<meta property=\"og:image\" content=\"https:\/\/www.mediaplateforme.com\/fr\/wp-content\/uploads\/sites\/5\/2023\/08\/Screenshot_20230831_113255.jpg\" \/>\n\t<meta property=\"og:image:width\" content=\"1204\" \/>\n\t<meta property=\"og:image:height\" content=\"720\" \/>\n\t<meta property=\"og:image:type\" content=\"image\/jpeg\" \/>\n<meta name=\"author\" content=\"Mediaplateforme\" \/>\n<meta name=\"twitter:card\" content=\"summary_large_image\" \/>\n<meta name=\"twitter:label1\" content=\"\u00c9crit par\" \/>\n\t<meta name=\"twitter:data1\" content=\"Mediaplateforme\" \/>\n\t<meta name=\"twitter:label2\" content=\"Dur\u00e9e de lecture estim\u00e9e\" \/>\n\t<meta name=\"twitter:data2\" content=\"3 minutes\" \/>\n<script type=\"application\/ld+json\" class=\"yoast-schema-graph\">{\"@context\":\"https:\/\/schema.org\",\"@graph\":[{\"@type\":\"WebPage\",\"@id\":\"https:\/\/www.mediaplateforme.com\/fr\/nexans-organise-une-nouvelle-edition-de-son-sommet-pour-le-climat-au-maroc\/\",\"url\":\"https:\/\/www.mediaplateforme.com\/fr\/nexans-organise-une-nouvelle-edition-de-son-sommet-pour-le-climat-au-maroc\/\",\"name\":\"Nexans organise une nouvelle \u00e9dition de son sommet pour le Climat au Maroc - MEDIA PLATEFORME | FR\",\"isPartOf\":{\"@id\":\"https:\/\/www.mediaplateforme.com\/fr\/#website\"},\"datePublished\":\"2023-08-31T10:33:48+00:00\",\"dateModified\":\"2023-08-31T10:33:48+00:00\",\"author\":{\"@id\":\"https:\/\/www.mediaplateforme.com\/fr\/#\/schema\/person\/89833db382b5db2c76b094bc902aa12a\"},\"description\":\"Nexans, acteur majeur de la transition \u00e9nerg\u00e9tique, organise la 4\u00e8me \u00e9dition de son \u00ab Climate Day \u00bb au Maroc, en partenariat avec le Min\",\"breadcrumb\":{\"@id\":\"https:\/\/www.mediaplateforme.com\/fr\/nexans-organise-une-nouvelle-edition-de-son-sommet-pour-le-climat-au-maroc\/#breadcrumb\"},\"inLanguage\":\"fr-FR\",\"potentialAction\":[{\"@type\":\"ReadAction\",\"target\":[\"https:\/\/www.mediaplateforme.com\/fr\/nexans-organise-une-nouvelle-edition-de-son-sommet-pour-le-climat-au-maroc\/\"]}]},{\"@type\":\"BreadcrumbList\",\"@id\":\"https:\/\/www.mediaplateforme.com\/fr\/nexans-organise-une-nouvelle-edition-de-son-sommet-pour-le-climat-au-maroc\/#breadcrumb\",\"itemListElement\":[{\"@type\":\"ListItem\",\"position\":1,\"name\":\"\u0627\u0644\u0631\u0626\u064a\u0633\u064a\u0629\",\"item\":\"https:\/\/www.mediaplateforme.com\/fr\/\"},{\"@type\":\"ListItem\",\"position\":2,\"name\":\"Nexans organise une nouvelle \u00e9dition de son sommet pour le Climat au Maroc\"}]},{\"@type\":\"WebSite\",\"@id\":\"https:\/\/www.mediaplateforme.com\/fr\/#website\",\"url\":\"https:\/\/www.mediaplateforme.com\/fr\/\",\"name\":\"MEDIA PLATEFORME | FR\",\"description\":\"Mediaplateforme sp\u00e9cialis\u00e9 dans la communication institutions publiques et des entreprises\",\"potentialAction\":[{\"@type\":\"SearchAction\",\"target\":{\"@type\":\"EntryPoint\",\"urlTemplate\":\"https:\/\/www.mediaplateforme.com\/fr\/?s={search_term_string}\"},\"query-input\":\"required name=search_term_string\"}],\"inLanguage\":\"fr-FR\"},{\"@type\":\"Person\",\"@id\":\"https:\/\/www.mediaplateforme.com\/fr\/#\/schema\/person\/89833db382b5db2c76b094bc902aa12a\",\"name\":\"Mediaplateforme\",\"image\":{\"@type\":\"ImageObject\",\"inLanguage\":\"fr-FR\",\"@id\":\"https:\/\/www.mediaplateforme.com\/fr\/#\/schema\/person\/image\/\",\"url\":\"https:\/\/secure.gravatar.com\/avatar\/6c9c02e8928cc65d54bf75157f7b3a2d06d7ad0494ca0951f679552ff03b34c1?s=96&d=mm&r=g\",\"contentUrl\":\"https:\/\/secure.gravatar.com\/avatar\/6c9c02e8928cc65d54bf75157f7b3a2d06d7ad0494ca0951f679552ff03b34c1?s=96&d=mm&r=g\",\"caption\":\"Mediaplateforme\"},\"sameAs\":[\"https:\/\/www.mediaplateforme.com\"],\"url\":\"https:\/\/www.mediaplateforme.com\/fr\/author\/mohamedladib\/\"}]}<\/script>\n<!-- \/ Yoast SEO plugin. -->","yoast_head_json":{"title":"Nexans organise une nouvelle \u00e9dition de son sommet pour le Climat au Maroc - MEDIA PLATEFORME | FR","description":"Nexans, acteur majeur de la transition \u00e9nerg\u00e9tique, organise la 4\u00e8me \u00e9dition de son \u00ab Climate Day \u00bb au Maroc, en partenariat avec le Min","robots":{"index":"index","follow":"follow","max-snippet":"max-snippet:-1","max-image-preview":"max-image-preview:large","max-video-preview":"max-video-preview:-1"},"canonical":"https:\/\/www.mediaplateforme.com\/fr\/nexans-organise-une-nouvelle-edition-de-son-sommet-pour-le-climat-au-maroc\/","og_locale":"fr_FR","og_type":"article","og_title":"Nexans organise une nouvelle \u00e9dition de son sommet pour le Climat au Maroc - MEDIA PLATEFORME | FR","og_description":"Nexans, acteur majeur de la transition \u00e9nerg\u00e9tique, organise la 4\u00e8me \u00e9dition de son \u00ab Climate Day \u00bb au Maroc, en partenariat avec le Min","og_url":"https:\/\/www.mediaplateforme.com\/fr\/nexans-organise-une-nouvelle-edition-de-son-sommet-pour-le-climat-au-maroc\/","og_site_name":"MEDIA PLATEFORME | FR","article_published_time":"2023-08-31T10:33:48+00:00","og_image":[{"width":1204,"height":720,"url":"https:\/\/www.mediaplateforme.com\/fr\/wp-content\/uploads\/sites\/5\/2023\/08\/Screenshot_20230831_113255.jpg","type":"image\/jpeg"}],"author":"Mediaplateforme","twitter_card":"summary_large_image","twitter_misc":{"\u00c9crit par":"Mediaplateforme","Dur\u00e9e de lecture estim\u00e9e":"3 minutes"},"schema":{"@context":"https:\/\/schema.org","@graph":[{"@type":"WebPage","@id":"https:\/\/www.mediaplateforme.com\/fr\/nexans-organise-une-nouvelle-edition-de-son-sommet-pour-le-climat-au-maroc\/","url":"https:\/\/www.mediaplateforme.com\/fr\/nexans-organise-une-nouvelle-edition-de-son-sommet-pour-le-climat-au-maroc\/","name":"Nexans organise une nouvelle \u00e9dition de son sommet pour le Climat au Maroc - MEDIA PLATEFORME | FR","isPartOf":{"@id":"https:\/\/www.mediaplateforme.com\/fr\/#website"},"datePublished":"2023-08-31T10:33:48+00:00","dateModified":"2023-08-31T10:33:48+00:00","author":{"@id":"https:\/\/www.mediaplateforme.com\/fr\/#\/schema\/person\/89833db382b5db2c76b094bc902aa12a"},"description":"Nexans, acteur majeur de la transition \u00e9nerg\u00e9tique, organise la 4\u00e8me \u00e9dition de son \u00ab Climate Day \u00bb au Maroc, en partenariat avec le Min","breadcrumb":{"@id":"https:\/\/www.mediaplateforme.com\/fr\/nexans-organise-une-nouvelle-edition-de-son-sommet-pour-le-climat-au-maroc\/#breadcrumb"},"inLanguage":"fr-FR","potentialAction":[{"@type":"ReadAction","target":["https:\/\/www.mediaplateforme.com\/fr\/nexans-organise-une-nouvelle-edition-de-son-sommet-pour-le-climat-au-maroc\/"]}]},{"@type":"BreadcrumbList","@id":"https:\/\/www.mediaplateforme.com\/fr\/nexans-organise-une-nouvelle-edition-de-son-sommet-pour-le-climat-au-maroc\/#breadcrumb","itemListElement":[{"@type":"ListItem","position":1,"name":"\u0627\u0644\u0631\u0626\u064a\u0633\u064a\u0629","item":"https:\/\/www.mediaplateforme.com\/fr\/"},{"@type":"ListItem","position":2,"name":"Nexans organise une nouvelle \u00e9dition de son sommet pour le Climat au Maroc"}]},{"@type":"WebSite","@id":"https:\/\/www.mediaplateforme.com\/fr\/#website","url":"https:\/\/www.mediaplateforme.com\/fr\/","name":"MEDIA PLATEFORME | FR","description":"Mediaplateforme sp\u00e9cialis\u00e9 dans la communication institutions publiques et des entreprises","potentialAction":[{"@type":"SearchAction","target":{"@type":"EntryPoint","urlTemplate":"https:\/\/www.mediaplateforme.com\/fr\/?s={search_term_string}"},"query-input":"required name=search_term_string"}],"inLanguage":"fr-FR"},{"@type":"Person","@id":"https:\/\/www.mediaplateforme.com\/fr\/#\/schema\/person\/89833db382b5db2c76b094bc902aa12a","name":"Mediaplateforme","image":{"@type":"ImageObject","inLanguage":"fr-FR","@id":"https:\/\/www.mediaplateforme.com\/fr\/#\/schema\/person\/image\/","url":"https:\/\/secure.gravatar.com\/avatar\/6c9c02e8928cc65d54bf75157f7b3a2d06d7ad0494ca0951f679552ff03b34c1?s=96&d=mm&r=g","contentUrl":"https:\/\/secure.gravatar.com\/avatar\/6c9c02e8928cc65d54bf75157f7b3a2d06d7ad0494ca0951f679552ff03b34c1?s=96&d=mm&r=g","caption":"Mediaplateforme"},"sameAs":["https:\/\/www.mediaplateforme.com"],"url":"https:\/\/www.mediaplateforme.com\/fr\/author\/mohamedladib\/"}]}},"_links":{"self":[{"href":"https:\/\/www.mediaplateforme.com\/fr\/wp-json\/wp\/v2\/posts\/3952","targetHints":{"allow":["GET"]}}],"collection":[{"href":"https:\/\/www.mediaplateforme.com\/fr\/wp-json\/wp\/v2\/posts"}],"about":[{"href":"https:\/\/www.mediaplateforme.com\/fr\/wp-json\/wp\/v2\/types\/post"}],"author":[{"embeddable":true,"href":"https:\/\/www.mediaplateforme.com\/fr\/wp-json\/wp\/v2\/users\/1"}],"replies":[{"embeddable":true,"href":"https:\/\/www.mediaplateforme.com\/fr\/wp-json\/wp\/v2\/comments?post=3952"}],"version-history":[{"count":1,"href":"https:\/\/www.mediaplateforme.com\/fr\/wp-json\/wp\/v2\/posts\/3952\/revisions"}],"predecessor-version":[{"id":3954,"href":"https:\/\/www.mediaplateforme.com\/fr\/wp-json\/wp\/v2\/posts\/3952\/revisions\/3954"}],"wp:featuredmedia":[{"embeddable":true,"href":"https:\/\/www.mediaplateforme.com\/fr\/wp-json\/wp\/v2\/media\/3953"}],"wp:attachment":[{"href":"https:\/\/www.mediaplateforme.com\/fr\/wp-json\/wp\/v2\/media?parent=3952"}],"wp:term":[{"taxonomy":"category","embeddable":true,"href":"https:\/\/www.mediaplateforme.com\/fr\/wp-json\/wp\/v2\/categories?post=3952"},{"taxonomy":"post_tag","embeddable":true,"href":"https:\/\/www.mediaplateforme.com\/fr\/wp-json\/wp\/v2\/tags?post=3952"}],"curies":[{"name":"wp","href":"https:\/\/api.w.org\/{rel}","templated":true}]}}