{"id":3949,"date":"2023-08-31T09:16:14","date_gmt":"2023-08-31T08:16:14","guid":{"rendered":"https:\/\/www.mediaplateforme.com\/fr\/?p=3949"},"modified":"2023-08-31T09:16:14","modified_gmt":"2023-08-31T08:16:14","slug":"lanme-a-tenu-son-assemblee-generale-ordinaire-sous-le-signe-de-lunite","status":"publish","type":"post","link":"https:\/\/www.mediaplateforme.com\/fr\/lanme-a-tenu-son-assemblee-generale-ordinaire-sous-le-signe-de-lunite\/","title":{"rendered":"L&rsquo;ANME a tenu son\u00a0Assembl\u00e9e g\u00e9n\u00e9rale ordinaire sous le signe de l\u2019unit\u00e9"},"content":{"rendered":"<p>L\u2019Association Nationale des M\u00e9dias et des \u00c9diteurs (ANME) a tenu, le 29 ao\u00fbt 2023 \u00e0 Casablanca, son Assembl\u00e9e g\u00e9n\u00e9rale ordinaire \u00e0 laquelle furent convi\u00e9s divers repr\u00e9sentants et patrons des diff\u00e9rents m\u00e9dias nationaux: presse \u00e9crite, digitale, presse r\u00e9gionale et radio priv\u00e9es. A l\u2019ordre du jour de cette rencontre, la pr\u00e9sentation des rapports moral et financier de l\u2019association qui ont \u00e9t\u00e9 approuv\u00e9s \u00e0 l\u2019unanimit\u00e9 par les membres pr\u00e9sents, en plus du traitement de questions tr\u00e8s diverses relatives aux contraintes li\u00e9es au secteur.<\/p>\n<p>&nbsp;<\/p>\n<p>En pr\u00e9lude \u00e0 ces discussions importantes, Mme Fatima Ezzahra Ouriaghli, Assesseur et membre du bureau ex\u00e9cutif de l&rsquo;ANME, a accueilli chaleureusement les participants et a partag\u00e9 des perspectives essentielles pour att\u00e9nuer les d\u00e9fis qui touchent la profession. \u00ab L&rsquo;Association travaille sans rel\u00e2che \u00e0 renforcer les synergies destin\u00e9es \u00e0 rehausser le statut des entreprises de presse et du corps journalistique dans son ensemble \u00bb, a-t-elle soulign\u00e9. Elle a \u00e9galement reconnu les efforts incessants du Pr\u00e9sident de l&rsquo;ANME, Mr Driss Chahtane, pour acc\u00e9l\u00e9rer la concr\u00e9tisation des objectifs majeurs de l&rsquo;association, qui visent \u00e0 am\u00e9liorer la situation strat\u00e9gique du secteur.<\/p>\n<p>&nbsp;<\/p>\n<p>Dans un t\u00e9moignage marquant de l&rsquo;engagement continu envers l&rsquo;ANME, Mr Abdelmounaim Dilami, fondateur et ex-Pr\u00e9sident de l&rsquo;association, a exprim\u00e9 sa joie quant au r\u00f4le continue que joue l&rsquo;association pour le d\u00e9veloppement de la situation de la presse au Maroc. \u00ab Je salue le Pr\u00e9sident pour ses efforts inlassables, qui contribuent quotidiennement \u00e0 la r\u00e9alisation pleine des objectifs de cette institution \u00bb, a d\u00e9clar\u00e9 Mr Dilami.<\/p>\n<p>&nbsp;<\/p>\n<p>De son c\u00f4t\u00e9, Mr Driss Chahtane n\u2019a pas manqu\u00e9 de souligner l\u2019urgence et la n\u00e9cessit\u00e9 de d\u00e9velopper des m\u00e9dias autonomes et puissants, \u00e0 m\u00eames de soutenir le progr\u00e8s du Maroc tout en pr\u00e9servant la dignit\u00e9 des journalistes. \u00ab Notre pays a besoin d\u2019entreprises m\u00e9diatiques robustes et de journalistes honor\u00e9s, et l\u2019association \u0153uvre activement, en concertation avec les diff\u00e9rents acteurs du secteur, \u00e0 rendre les entreprises de presse plus impactantes et plus prosp\u00e8res \u00bb, a affirm\u00e9 Chahtane. Il a \u00e9galement partag\u00e9 avec l\u2019auditoire les diff\u00e9rents projets port\u00e9s par l\u2019association, dont un \u00e9v\u00e9nement de dimension arabe et une initiative de r\u00e9glementation des accr\u00e9ditations des journalistes sportifs. Chahtane a soulign\u00e9 l&rsquo;importance de la collaboration avec le minist\u00e8re de tutelle et d&rsquo;autres d\u00e9partements concern\u00e9s pour atteindre tous ces objectifs.<\/p>\n<p>&nbsp;<\/p>\n<p>De son c\u00f4t\u00e9, Younes Moujahid, Pr\u00e9sident du Conseil National de la Presse, a appel\u00e9 \u00e0 l&rsquo;ouverture d&rsquo;un dialogue qui soit porteur de changements pour la presse nationale. \u00ab Plus que jamais, nous devons nous pencher en profondeur sur la situation de la presse nationale, notamment face \u00e0 un monde qui change et o\u00f9 l&rsquo;intelligence artificielle est entrain de prendre de l\u2019ampleur en mena\u00e7ant le m\u00e9tier m\u00eame de journaliste\u00bb, a-t-il soulign\u00e9. Il a ainsi exhort\u00e9 l\u2019assistance \u00e0 faire preuve d&rsquo;unit\u00e9, tout en privil\u00e9giant l\u2019instauration d\u2019un d\u00e9bat national capable de guider le secteur vers un avenir plus radieux.<\/p>\n<p>&nbsp;<\/p>\n<p>Notons enfin que l&rsquo;Assembl\u00e9e G\u00e9n\u00e9rale Ordinaire de l&rsquo;ANME s&rsquo;est distingu\u00e9e par la richesse des discussions et des \u00e9changes entre les membres. Les participants ont soulev\u00e9 une large gamme de probl\u00e8mes cruciaux qui entravent le d\u00e9veloppement continu de la presse au Maroc. Cette tribune d&rsquo;\u00e9changes a permis aux membres de partager leurs perspectives et leurs expertises, contribuant ainsi \u00e0 la formulation de solutions concert\u00e9es. Les d\u00e9bats ont particuli\u00e8rement mis en lumi\u00e8re la n\u00e9cessit\u00e9 de renforcer les liens entre les m\u00e9dias et les \u00e9diteurs, tout en promouvant un environnement de travail propice \u00e0 l&rsquo;\u00e9panouissement des journalistes et \u00e0 l&rsquo;excellence journalistique. La diversit\u00e9 des opinions exprim\u00e9es a t\u00e9moign\u00e9 de l&rsquo;engagement collectif \u00e0 affronter les d\u00e9fis en unissant les forces et de guider la profession vers une nouvelle \u00e8re d&rsquo;innovation et de pertinence.<\/p>\n","protected":false},"excerpt":{"rendered":"<p>L\u2019Association Nationale des M\u00e9dias et des \u00c9diteurs (ANME) a tenu, le 29 ao\u00fbt 2023 \u00e0<\/p>\n","protected":false},"author":1,"featured_media":3950,"comment_status":"open","ping_status":"open","sticky":false,"template":"","format":"standard","meta":{"_acf_changed":false,"footnotes":""},"categories":[7,3],"tags":[1246],"class_list":["post-3949","post","type-post","status-publish","format-standard","has-post-thumbnail","hentry","category-articles","category-nouvelles-selectionnees","tag-lanme"],"acf":[],"yoast_head":"<!-- This site is optimized with the Yoast SEO plugin v22.0 - https:\/\/yoast.com\/wordpress\/plugins\/seo\/ -->\n<title>L&#039;ANME a tenu son\u00a0Assembl\u00e9e g\u00e9n\u00e9rale ordinaire sous le signe de l\u2019unit\u00e9 - MEDIA PLATEFORME | FR<\/title>\n<meta name=\"description\" content=\"L&#039;ANME a tenu son\u00a0Assembl\u00e9e g\u00e9n\u00e9rale ordinaire sous le signe de l\u2019unit\u00e9 L&#039;ANME a tenu son\u00a0Assembl\u00e9e g\u00e9n\u00e9rale ordinaire sous le signe de\" \/>\n<meta name=\"robots\" content=\"index, follow, max-snippet:-1, max-image-preview:large, max-video-preview:-1\" \/>\n<link rel=\"canonical\" href=\"https:\/\/www.mediaplateforme.com\/fr\/lanme-a-tenu-son-assemblee-generale-ordinaire-sous-le-signe-de-lunite\/\" \/>\n<meta property=\"og:locale\" content=\"fr_FR\" \/>\n<meta property=\"og:type\" content=\"article\" \/>\n<meta property=\"og:title\" content=\"L&#039;ANME a tenu son\u00a0Assembl\u00e9e g\u00e9n\u00e9rale ordinaire sous le signe de l\u2019unit\u00e9 - MEDIA PLATEFORME | FR\" \/>\n<meta property=\"og:description\" content=\"L&#039;ANME a tenu son\u00a0Assembl\u00e9e g\u00e9n\u00e9rale ordinaire sous le signe de l\u2019unit\u00e9 L&#039;ANME a tenu son\u00a0Assembl\u00e9e g\u00e9n\u00e9rale ordinaire sous le signe de\" \/>\n<meta property=\"og:url\" content=\"https:\/\/www.mediaplateforme.com\/fr\/lanme-a-tenu-son-assemblee-generale-ordinaire-sous-le-signe-de-lunite\/\" \/>\n<meta property=\"og:site_name\" content=\"MEDIA PLATEFORME | FR\" \/>\n<meta property=\"article:published_time\" content=\"2023-08-31T08:16:14+00:00\" \/>\n<meta property=\"og:image\" content=\"https:\/\/www.mediaplateforme.com\/fr\/wp-content\/uploads\/sites\/5\/2023\/08\/64ee24fe1eb81_WhatsApp-Image-2023-08-29-at-17.12.28.jpeg\" \/>\n\t<meta property=\"og:image:width\" content=\"1600\" \/>\n\t<meta property=\"og:image:height\" content=\"1066\" \/>\n\t<meta property=\"og:image:type\" content=\"image\/jpeg\" \/>\n<meta name=\"author\" content=\"Mediaplateforme\" \/>\n<meta name=\"twitter:card\" content=\"summary_large_image\" \/>\n<meta name=\"twitter:label1\" content=\"\u00c9crit par\" \/>\n\t<meta name=\"twitter:data1\" content=\"Mediaplateforme\" \/>\n\t<meta name=\"twitter:label2\" content=\"Dur\u00e9e de lecture estim\u00e9e\" \/>\n\t<meta name=\"twitter:data2\" content=\"3 minutes\" \/>\n<script type=\"application\/ld+json\" class=\"yoast-schema-graph\">{\"@context\":\"https:\/\/schema.org\",\"@graph\":[{\"@type\":\"WebPage\",\"@id\":\"https:\/\/www.mediaplateforme.com\/fr\/lanme-a-tenu-son-assemblee-generale-ordinaire-sous-le-signe-de-lunite\/\",\"url\":\"https:\/\/www.mediaplateforme.com\/fr\/lanme-a-tenu-son-assemblee-generale-ordinaire-sous-le-signe-de-lunite\/\",\"name\":\"L'ANME a tenu son\u00a0Assembl\u00e9e g\u00e9n\u00e9rale ordinaire sous le signe de l\u2019unit\u00e9 - MEDIA PLATEFORME | FR\",\"isPartOf\":{\"@id\":\"https:\/\/www.mediaplateforme.com\/fr\/#website\"},\"datePublished\":\"2023-08-31T08:16:14+00:00\",\"dateModified\":\"2023-08-31T08:16:14+00:00\",\"author\":{\"@id\":\"https:\/\/www.mediaplateforme.com\/fr\/#\/schema\/person\/89833db382b5db2c76b094bc902aa12a\"},\"description\":\"L'ANME a tenu son\u00a0Assembl\u00e9e g\u00e9n\u00e9rale ordinaire sous le signe de l\u2019unit\u00e9 L'ANME a tenu son\u00a0Assembl\u00e9e g\u00e9n\u00e9rale ordinaire sous le signe de\",\"breadcrumb\":{\"@id\":\"https:\/\/www.mediaplateforme.com\/fr\/lanme-a-tenu-son-assemblee-generale-ordinaire-sous-le-signe-de-lunite\/#breadcrumb\"},\"inLanguage\":\"fr-FR\",\"potentialAction\":[{\"@type\":\"ReadAction\",\"target\":[\"https:\/\/www.mediaplateforme.com\/fr\/lanme-a-tenu-son-assemblee-generale-ordinaire-sous-le-signe-de-lunite\/\"]}]},{\"@type\":\"BreadcrumbList\",\"@id\":\"https:\/\/www.mediaplateforme.com\/fr\/lanme-a-tenu-son-assemblee-generale-ordinaire-sous-le-signe-de-lunite\/#breadcrumb\",\"itemListElement\":[{\"@type\":\"ListItem\",\"position\":1,\"name\":\"\u0627\u0644\u0631\u0626\u064a\u0633\u064a\u0629\",\"item\":\"https:\/\/www.mediaplateforme.com\/fr\/\"},{\"@type\":\"ListItem\",\"position\":2,\"name\":\"L&#8217;ANME a tenu son\u00a0Assembl\u00e9e g\u00e9n\u00e9rale ordinaire sous le signe de l\u2019unit\u00e9\"}]},{\"@type\":\"WebSite\",\"@id\":\"https:\/\/www.mediaplateforme.com\/fr\/#website\",\"url\":\"https:\/\/www.mediaplateforme.com\/fr\/\",\"name\":\"MEDIA PLATEFORME | FR\",\"description\":\"Mediaplateforme sp\u00e9cialis\u00e9 dans la communication institutions publiques et des entreprises\",\"potentialAction\":[{\"@type\":\"SearchAction\",\"target\":{\"@type\":\"EntryPoint\",\"urlTemplate\":\"https:\/\/www.mediaplateforme.com\/fr\/?s={search_term_string}\"},\"query-input\":\"required name=search_term_string\"}],\"inLanguage\":\"fr-FR\"},{\"@type\":\"Person\",\"@id\":\"https:\/\/www.mediaplateforme.com\/fr\/#\/schema\/person\/89833db382b5db2c76b094bc902aa12a\",\"name\":\"Mediaplateforme\",\"image\":{\"@type\":\"ImageObject\",\"inLanguage\":\"fr-FR\",\"@id\":\"https:\/\/www.mediaplateforme.com\/fr\/#\/schema\/person\/image\/\",\"url\":\"https:\/\/secure.gravatar.com\/avatar\/6c9c02e8928cc65d54bf75157f7b3a2d06d7ad0494ca0951f679552ff03b34c1?s=96&d=mm&r=g\",\"contentUrl\":\"https:\/\/secure.gravatar.com\/avatar\/6c9c02e8928cc65d54bf75157f7b3a2d06d7ad0494ca0951f679552ff03b34c1?s=96&d=mm&r=g\",\"caption\":\"Mediaplateforme\"},\"sameAs\":[\"https:\/\/www.mediaplateforme.com\"],\"url\":\"https:\/\/www.mediaplateforme.com\/fr\/author\/mohamedladib\/\"}]}<\/script>\n<!-- \/ Yoast SEO plugin. -->","yoast_head_json":{"title":"L'ANME a tenu son\u00a0Assembl\u00e9e g\u00e9n\u00e9rale ordinaire sous le signe de l\u2019unit\u00e9 - MEDIA PLATEFORME | FR","description":"L'ANME a tenu son\u00a0Assembl\u00e9e g\u00e9n\u00e9rale ordinaire sous le signe de l\u2019unit\u00e9 L'ANME a tenu son\u00a0Assembl\u00e9e g\u00e9n\u00e9rale ordinaire sous le signe de","robots":{"index":"index","follow":"follow","max-snippet":"max-snippet:-1","max-image-preview":"max-image-preview:large","max-video-preview":"max-video-preview:-1"},"canonical":"https:\/\/www.mediaplateforme.com\/fr\/lanme-a-tenu-son-assemblee-generale-ordinaire-sous-le-signe-de-lunite\/","og_locale":"fr_FR","og_type":"article","og_title":"L'ANME a tenu son\u00a0Assembl\u00e9e g\u00e9n\u00e9rale ordinaire sous le signe de l\u2019unit\u00e9 - MEDIA PLATEFORME | FR","og_description":"L'ANME a tenu son\u00a0Assembl\u00e9e g\u00e9n\u00e9rale ordinaire sous le signe de l\u2019unit\u00e9 L'ANME a tenu son\u00a0Assembl\u00e9e g\u00e9n\u00e9rale ordinaire sous le signe de","og_url":"https:\/\/www.mediaplateforme.com\/fr\/lanme-a-tenu-son-assemblee-generale-ordinaire-sous-le-signe-de-lunite\/","og_site_name":"MEDIA PLATEFORME | FR","article_published_time":"2023-08-31T08:16:14+00:00","og_image":[{"width":1600,"height":1066,"url":"https:\/\/www.mediaplateforme.com\/fr\/wp-content\/uploads\/sites\/5\/2023\/08\/64ee24fe1eb81_WhatsApp-Image-2023-08-29-at-17.12.28.jpeg","type":"image\/jpeg"}],"author":"Mediaplateforme","twitter_card":"summary_large_image","twitter_misc":{"\u00c9crit par":"Mediaplateforme","Dur\u00e9e de lecture estim\u00e9e":"3 minutes"},"schema":{"@context":"https:\/\/schema.org","@graph":[{"@type":"WebPage","@id":"https:\/\/www.mediaplateforme.com\/fr\/lanme-a-tenu-son-assemblee-generale-ordinaire-sous-le-signe-de-lunite\/","url":"https:\/\/www.mediaplateforme.com\/fr\/lanme-a-tenu-son-assemblee-generale-ordinaire-sous-le-signe-de-lunite\/","name":"L'ANME a tenu son\u00a0Assembl\u00e9e g\u00e9n\u00e9rale ordinaire sous le signe de l\u2019unit\u00e9 - MEDIA PLATEFORME | FR","isPartOf":{"@id":"https:\/\/www.mediaplateforme.com\/fr\/#website"},"datePublished":"2023-08-31T08:16:14+00:00","dateModified":"2023-08-31T08:16:14+00:00","author":{"@id":"https:\/\/www.mediaplateforme.com\/fr\/#\/schema\/person\/89833db382b5db2c76b094bc902aa12a"},"description":"L'ANME a tenu son\u00a0Assembl\u00e9e g\u00e9n\u00e9rale ordinaire sous le signe de l\u2019unit\u00e9 L'ANME a tenu son\u00a0Assembl\u00e9e g\u00e9n\u00e9rale ordinaire sous le signe de","breadcrumb":{"@id":"https:\/\/www.mediaplateforme.com\/fr\/lanme-a-tenu-son-assemblee-generale-ordinaire-sous-le-signe-de-lunite\/#breadcrumb"},"inLanguage":"fr-FR","potentialAction":[{"@type":"ReadAction","target":["https:\/\/www.mediaplateforme.com\/fr\/lanme-a-tenu-son-assemblee-generale-ordinaire-sous-le-signe-de-lunite\/"]}]},{"@type":"BreadcrumbList","@id":"https:\/\/www.mediaplateforme.com\/fr\/lanme-a-tenu-son-assemblee-generale-ordinaire-sous-le-signe-de-lunite\/#breadcrumb","itemListElement":[{"@type":"ListItem","position":1,"name":"\u0627\u0644\u0631\u0626\u064a\u0633\u064a\u0629","item":"https:\/\/www.mediaplateforme.com\/fr\/"},{"@type":"ListItem","position":2,"name":"L&#8217;ANME a tenu son\u00a0Assembl\u00e9e g\u00e9n\u00e9rale ordinaire sous le signe de l\u2019unit\u00e9"}]},{"@type":"WebSite","@id":"https:\/\/www.mediaplateforme.com\/fr\/#website","url":"https:\/\/www.mediaplateforme.com\/fr\/","name":"MEDIA PLATEFORME | FR","description":"Mediaplateforme sp\u00e9cialis\u00e9 dans la communication institutions publiques et des entreprises","potentialAction":[{"@type":"SearchAction","target":{"@type":"EntryPoint","urlTemplate":"https:\/\/www.mediaplateforme.com\/fr\/?s={search_term_string}"},"query-input":"required name=search_term_string"}],"inLanguage":"fr-FR"},{"@type":"Person","@id":"https:\/\/www.mediaplateforme.com\/fr\/#\/schema\/person\/89833db382b5db2c76b094bc902aa12a","name":"Mediaplateforme","image":{"@type":"ImageObject","inLanguage":"fr-FR","@id":"https:\/\/www.mediaplateforme.com\/fr\/#\/schema\/person\/image\/","url":"https:\/\/secure.gravatar.com\/avatar\/6c9c02e8928cc65d54bf75157f7b3a2d06d7ad0494ca0951f679552ff03b34c1?s=96&d=mm&r=g","contentUrl":"https:\/\/secure.gravatar.com\/avatar\/6c9c02e8928cc65d54bf75157f7b3a2d06d7ad0494ca0951f679552ff03b34c1?s=96&d=mm&r=g","caption":"Mediaplateforme"},"sameAs":["https:\/\/www.mediaplateforme.com"],"url":"https:\/\/www.mediaplateforme.com\/fr\/author\/mohamedladib\/"}]}},"_links":{"self":[{"href":"https:\/\/www.mediaplateforme.com\/fr\/wp-json\/wp\/v2\/posts\/3949","targetHints":{"allow":["GET"]}}],"collection":[{"href":"https:\/\/www.mediaplateforme.com\/fr\/wp-json\/wp\/v2\/posts"}],"about":[{"href":"https:\/\/www.mediaplateforme.com\/fr\/wp-json\/wp\/v2\/types\/post"}],"author":[{"embeddable":true,"href":"https:\/\/www.mediaplateforme.com\/fr\/wp-json\/wp\/v2\/users\/1"}],"replies":[{"embeddable":true,"href":"https:\/\/www.mediaplateforme.com\/fr\/wp-json\/wp\/v2\/comments?post=3949"}],"version-history":[{"count":1,"href":"https:\/\/www.mediaplateforme.com\/fr\/wp-json\/wp\/v2\/posts\/3949\/revisions"}],"predecessor-version":[{"id":3951,"href":"https:\/\/www.mediaplateforme.com\/fr\/wp-json\/wp\/v2\/posts\/3949\/revisions\/3951"}],"wp:featuredmedia":[{"embeddable":true,"href":"https:\/\/www.mediaplateforme.com\/fr\/wp-json\/wp\/v2\/media\/3950"}],"wp:attachment":[{"href":"https:\/\/www.mediaplateforme.com\/fr\/wp-json\/wp\/v2\/media?parent=3949"}],"wp:term":[{"taxonomy":"category","embeddable":true,"href":"https:\/\/www.mediaplateforme.com\/fr\/wp-json\/wp\/v2\/categories?post=3949"},{"taxonomy":"post_tag","embeddable":true,"href":"https:\/\/www.mediaplateforme.com\/fr\/wp-json\/wp\/v2\/tags?post=3949"}],"curies":[{"name":"wp","href":"https:\/\/api.w.org\/{rel}","templated":true}]}}