{"id":3945,"date":"2023-08-30T19:33:00","date_gmt":"2023-08-30T18:33:00","guid":{"rendered":"https:\/\/www.mediaplateforme.com\/fr\/?p=3945"},"modified":"2023-08-30T19:33:00","modified_gmt":"2023-08-30T18:33:00","slug":"huawei-maroc-reaffirme-son-engagement-pour-la-formation-des-talents-tic","status":"publish","type":"post","link":"https:\/\/www.mediaplateforme.com\/fr\/huawei-maroc-reaffirme-son-engagement-pour-la-formation-des-talents-tic\/","title":{"rendered":"Huawei Maroc r\u00e9affirme son engagement pour la formation des talents TIC"},"content":{"rendered":"<p>Huawei Maroc vient d\u2019annoncer le lancement de la 10\u00e8me \u00e9dition de son embl\u00e9matique programme \u00ab\u00a0Seeds for the Future\u00a0\u00bb. Cet \u00e9v\u00e9nement, qui se tiendra du 28 ao\u00fbt au 4 septembre 2023 \u00e0 Casablanca, r\u00e9unira plus de 50 participants tous tri\u00e9s sur le volet, parmi lesquels 10 \u00e9tudiants Mauritaniens.<\/p>\n<p>Organis\u00e9 en partenariat avec le Minist\u00e8re de l&rsquo;Enseignement sup\u00e9rieur, de la Recherche scientifique et de l&rsquo;innovation ainsi qu\u2019avec le minist\u00e8re de l&rsquo;Inclusion \u00e9conomique, de la Petite entreprise, de l&rsquo;Emploi et des Comp\u00e9tences, et le minist\u00e8re de la Transition Num\u00e9rique et de la R\u00e9forme de l&rsquo;Administration, ce programme ambitieux a pour objectif d&rsquo;approfondir les connaissances des \u00e9tudiants dans les domaines des technologies de l&rsquo;information et de la communication (TIC) les plus innovants tels que l&rsquo;Intelligence Artificielle et le Cloud Computing. Les participants au programme pourront acc\u00e9der \u00e0 des formations pointues sur les toutes derni\u00e8res technologies. De plus, plusieurs sessions de formation en soft skills sont pr\u00e9vues, ainsi que des activit\u00e9s de team building qui contribueront \u00e0 favoriser les capacit\u00e9s d\u2019\u00e9change, de communication et l\u2019esprit d\u2019\u00e9quipe des participants.<\/p>\n<p>M. Faustin Xu, Directeur G\u00e9n\u00e9ral Adjoint de Huawei Maroc, a assur\u00e9 que l\u2019entreprise porte une attention particuli\u00e8re au transfert des connaissances et comp\u00e9tences TIC en faveur de ses diverses parties prenantes :<\/p>\n<p>\u00ab Huawei consid\u00e8re l\u2019engagement soci\u00e9tal comme un param\u00e8tre structurant de son mod\u00e8le de croissance. Le programme in\u00e9dit \u2018Seeds for the Future\u2019 acte notre engagement p\u00e9renne en faveur du d\u00e9veloppement de l&rsquo;\u00e9cosyst\u00e8me des talents num\u00e9riques au Maroc et dans le monde, notamment en faveur des populations estudiantines. D\u2019ailleurs, depuis son lancement en 2008, pas moins de 13 000 laur\u00e9ats, originaires de toutes les r\u00e9gions du globe, ont pu b\u00e9n\u00e9ficier de ce programme d\u2019exception qui d\u00e9montre, d\u2019ann\u00e9e en ann\u00e9e, son impact durable et prolifique en mati\u00e8re d&rsquo;\u00e9ducation technologique. \u00bb a-t-il d\u00e9clar\u00e9.<\/p>\n<p>Dans le cadre de sa mission de renforcement de l\u2019\u00e9cosyst\u00e8me digital au Maroc, Huawei Maroc ne cesse de contribuer au d\u00e9veloppement des comp\u00e9tences des talents marocains dans les domaines des TIC et de l&rsquo;\u00e9conomie num\u00e9rique. \u00ab Seeds for the Future \u00bb nourrit la curiosit\u00e9 de ses participants et \u00e9largit leurs horizons en leur permettant d\u2019explorer les derni\u00e8res tendances technologiques au niveau mondial pour qu\u2019ils puissent, in fine, monter en comp\u00e9tences et r\u00e9aliser leur plein potentiel.<\/p>\n<p>Cette ann\u00e9e, le programme permettra \u00e0 nouveau aux participants de b\u00e9n\u00e9ficier d\u2019exp\u00e9riences toujours plus enrichissantes, tout en continuant \u00e0 mettre l&rsquo;accent sur les valeurs de partage, de collaboration et d\u2019innovation pr\u00f4n\u00e9es par Huawei.<\/p>\n<p>Parmi les nouveaut\u00e9s marquantes de cette \u00e9dition, les \u00e9tudiants b\u00e9n\u00e9ficiaires auront d\u00e9sormais l\u2019opportunit\u00e9 de pr\u00e9tendre \u00e0 la participation au programme \u00ab Tech4Good Startup Sprint \u00bb qui se d\u00e9roulera en Chine.<\/p>\n<p>Les participants profiteront en outre d\u2019un acc\u00e8s libre \u00e0 la plateforme en ligne \u00ab Seeds Academy \u00bb, laquelle regorge de ressources facilitant le d\u00e9veloppement de leur projet. De plus, les participants pourront avoir l\u2019opportunit\u00e9 de se voir attribuer le titre de \u00ab Global Ambassadors \u00bb qui leur permettra d\u2019assister \u00e0 des conf\u00e9rences d\u2019envergure organis\u00e9es aussi bien au Maroc qu\u2019\u00e0 l&rsquo;\u00e9tranger.<\/p>\n<p>Et ce n\u2019est pas tout ! Le programme \u00ab Seeds for the Future 2023 \u00bb promet \u00e9galement des exp\u00e9riences immersives uniques aux 50 participants s\u00e9lectionn\u00e9s, avec des visites virtuelles aux diff\u00e9rents halls d&rsquo;exposition mis en place par Huawei en Chine. Et afin de joindre l\u2019utile \u00e0 l\u2019agr\u00e9able, les participants pourront d\u00e9couvrir la culture chinoise \u00e0 travers des ateliers culturels captivants organis\u00e9s sur place.<\/p>\n<p>Le programme \u00ab Seeds for the Future 2023 \u00bb s\u2019inscrit en droite ligne avec la vision et les valeurs de Huawei Maroc qui entend poursuivre ses efforts pour accompagner la formation des jeunes talents, porter l&rsquo;innovation et participer activement \u00e0 l&rsquo;\u00e9closion d&rsquo;une \u00e9conomie digitale marocaine comp\u00e9titive.<\/p>\n<p>&nbsp;<\/p>\n","protected":false},"excerpt":{"rendered":"<p>Huawei Maroc vient d\u2019annoncer le lancement de la 10\u00e8me \u00e9dition de son embl\u00e9matique programme \u00ab\u00a0Seeds<\/p>\n","protected":false},"author":1,"featured_media":3946,"comment_status":"open","ping_status":"open","sticky":false,"template":"","format":"standard","meta":{"_acf_changed":false,"footnotes":""},"categories":[2,3],"tags":[21],"class_list":["post-3945","post","type-post","status-publish","format-standard","has-post-thumbnail","hentry","category-nouvelles","category-nouvelles-selectionnees","tag-huawei"],"acf":[],"yoast_head":"<!-- This site is optimized with the Yoast SEO plugin v22.0 - https:\/\/yoast.com\/wordpress\/plugins\/seo\/ -->\n<title>Huawei Maroc r\u00e9affirme son engagement pour la formation des talents TIC - MEDIA PLATEFORME | FR<\/title>\n<meta name=\"description\" content=\"Huawei Maroc vient d\u2019annoncer le lancement de la 10\u00e8me \u00e9dition de son embl\u00e9matique programme &quot;Seeds for the Future&quot;. Cet \u00e9v\u00e9nement, qu\" \/>\n<meta name=\"robots\" content=\"index, follow, max-snippet:-1, max-image-preview:large, max-video-preview:-1\" \/>\n<link rel=\"canonical\" href=\"https:\/\/www.mediaplateforme.com\/fr\/huawei-maroc-reaffirme-son-engagement-pour-la-formation-des-talents-tic\/\" \/>\n<meta property=\"og:locale\" content=\"fr_FR\" \/>\n<meta property=\"og:type\" content=\"article\" \/>\n<meta property=\"og:title\" content=\"Huawei Maroc r\u00e9affirme son engagement pour la formation des talents TIC - MEDIA PLATEFORME | FR\" \/>\n<meta property=\"og:description\" content=\"Huawei Maroc vient d\u2019annoncer le lancement de la 10\u00e8me \u00e9dition de son embl\u00e9matique programme &quot;Seeds for the Future&quot;. Cet \u00e9v\u00e9nement, qu\" \/>\n<meta property=\"og:url\" content=\"https:\/\/www.mediaplateforme.com\/fr\/huawei-maroc-reaffirme-son-engagement-pour-la-formation-des-talents-tic\/\" \/>\n<meta property=\"og:site_name\" content=\"MEDIA PLATEFORME | FR\" \/>\n<meta property=\"article:published_time\" content=\"2023-08-30T18:33:00+00:00\" \/>\n<meta property=\"og:image\" content=\"https:\/\/www.mediaplateforme.com\/fr\/wp-content\/uploads\/sites\/5\/2023\/08\/Screenshot_20230830-192430_Gmail.jpg\" \/>\n\t<meta property=\"og:image:width\" content=\"1288\" \/>\n\t<meta property=\"og:image:height\" content=\"720\" \/>\n\t<meta property=\"og:image:type\" content=\"image\/jpeg\" \/>\n<meta name=\"author\" content=\"Mediaplateforme\" \/>\n<meta name=\"twitter:card\" content=\"summary_large_image\" \/>\n<meta name=\"twitter:label1\" content=\"\u00c9crit par\" \/>\n\t<meta name=\"twitter:data1\" content=\"Mediaplateforme\" \/>\n\t<meta name=\"twitter:label2\" content=\"Dur\u00e9e de lecture estim\u00e9e\" \/>\n\t<meta name=\"twitter:data2\" content=\"3 minutes\" \/>\n<script type=\"application\/ld+json\" class=\"yoast-schema-graph\">{\"@context\":\"https:\/\/schema.org\",\"@graph\":[{\"@type\":\"WebPage\",\"@id\":\"https:\/\/www.mediaplateforme.com\/fr\/huawei-maroc-reaffirme-son-engagement-pour-la-formation-des-talents-tic\/\",\"url\":\"https:\/\/www.mediaplateforme.com\/fr\/huawei-maroc-reaffirme-son-engagement-pour-la-formation-des-talents-tic\/\",\"name\":\"Huawei Maroc r\u00e9affirme son engagement pour la formation des talents TIC - MEDIA PLATEFORME | FR\",\"isPartOf\":{\"@id\":\"https:\/\/www.mediaplateforme.com\/fr\/#website\"},\"datePublished\":\"2023-08-30T18:33:00+00:00\",\"dateModified\":\"2023-08-30T18:33:00+00:00\",\"author\":{\"@id\":\"https:\/\/www.mediaplateforme.com\/fr\/#\/schema\/person\/89833db382b5db2c76b094bc902aa12a\"},\"description\":\"Huawei Maroc vient d\u2019annoncer le lancement de la 10\u00e8me \u00e9dition de son embl\u00e9matique programme \\\"Seeds for the Future\\\". Cet \u00e9v\u00e9nement, qu\",\"breadcrumb\":{\"@id\":\"https:\/\/www.mediaplateforme.com\/fr\/huawei-maroc-reaffirme-son-engagement-pour-la-formation-des-talents-tic\/#breadcrumb\"},\"inLanguage\":\"fr-FR\",\"potentialAction\":[{\"@type\":\"ReadAction\",\"target\":[\"https:\/\/www.mediaplateforme.com\/fr\/huawei-maroc-reaffirme-son-engagement-pour-la-formation-des-talents-tic\/\"]}]},{\"@type\":\"BreadcrumbList\",\"@id\":\"https:\/\/www.mediaplateforme.com\/fr\/huawei-maroc-reaffirme-son-engagement-pour-la-formation-des-talents-tic\/#breadcrumb\",\"itemListElement\":[{\"@type\":\"ListItem\",\"position\":1,\"name\":\"\u0627\u0644\u0631\u0626\u064a\u0633\u064a\u0629\",\"item\":\"https:\/\/www.mediaplateforme.com\/fr\/\"},{\"@type\":\"ListItem\",\"position\":2,\"name\":\"Huawei Maroc r\u00e9affirme son engagement pour la formation des talents TIC\"}]},{\"@type\":\"WebSite\",\"@id\":\"https:\/\/www.mediaplateforme.com\/fr\/#website\",\"url\":\"https:\/\/www.mediaplateforme.com\/fr\/\",\"name\":\"MEDIA PLATEFORME | FR\",\"description\":\"Mediaplateforme sp\u00e9cialis\u00e9 dans la communication institutions publiques et des entreprises\",\"potentialAction\":[{\"@type\":\"SearchAction\",\"target\":{\"@type\":\"EntryPoint\",\"urlTemplate\":\"https:\/\/www.mediaplateforme.com\/fr\/?s={search_term_string}\"},\"query-input\":\"required name=search_term_string\"}],\"inLanguage\":\"fr-FR\"},{\"@type\":\"Person\",\"@id\":\"https:\/\/www.mediaplateforme.com\/fr\/#\/schema\/person\/89833db382b5db2c76b094bc902aa12a\",\"name\":\"Mediaplateforme\",\"image\":{\"@type\":\"ImageObject\",\"inLanguage\":\"fr-FR\",\"@id\":\"https:\/\/www.mediaplateforme.com\/fr\/#\/schema\/person\/image\/\",\"url\":\"https:\/\/secure.gravatar.com\/avatar\/6c9c02e8928cc65d54bf75157f7b3a2d06d7ad0494ca0951f679552ff03b34c1?s=96&d=mm&r=g\",\"contentUrl\":\"https:\/\/secure.gravatar.com\/avatar\/6c9c02e8928cc65d54bf75157f7b3a2d06d7ad0494ca0951f679552ff03b34c1?s=96&d=mm&r=g\",\"caption\":\"Mediaplateforme\"},\"sameAs\":[\"https:\/\/www.mediaplateforme.com\"],\"url\":\"https:\/\/www.mediaplateforme.com\/fr\/author\/mohamedladib\/\"}]}<\/script>\n<!-- \/ Yoast SEO plugin. -->","yoast_head_json":{"title":"Huawei Maroc r\u00e9affirme son engagement pour la formation des talents TIC - MEDIA PLATEFORME | FR","description":"Huawei Maroc vient d\u2019annoncer le lancement de la 10\u00e8me \u00e9dition de son embl\u00e9matique programme \"Seeds for the Future\". Cet \u00e9v\u00e9nement, qu","robots":{"index":"index","follow":"follow","max-snippet":"max-snippet:-1","max-image-preview":"max-image-preview:large","max-video-preview":"max-video-preview:-1"},"canonical":"https:\/\/www.mediaplateforme.com\/fr\/huawei-maroc-reaffirme-son-engagement-pour-la-formation-des-talents-tic\/","og_locale":"fr_FR","og_type":"article","og_title":"Huawei Maroc r\u00e9affirme son engagement pour la formation des talents TIC - MEDIA PLATEFORME | FR","og_description":"Huawei Maroc vient d\u2019annoncer le lancement de la 10\u00e8me \u00e9dition de son embl\u00e9matique programme \"Seeds for the Future\". Cet \u00e9v\u00e9nement, qu","og_url":"https:\/\/www.mediaplateforme.com\/fr\/huawei-maroc-reaffirme-son-engagement-pour-la-formation-des-talents-tic\/","og_site_name":"MEDIA PLATEFORME | FR","article_published_time":"2023-08-30T18:33:00+00:00","og_image":[{"width":1288,"height":720,"url":"https:\/\/www.mediaplateforme.com\/fr\/wp-content\/uploads\/sites\/5\/2023\/08\/Screenshot_20230830-192430_Gmail.jpg","type":"image\/jpeg"}],"author":"Mediaplateforme","twitter_card":"summary_large_image","twitter_misc":{"\u00c9crit par":"Mediaplateforme","Dur\u00e9e de lecture estim\u00e9e":"3 minutes"},"schema":{"@context":"https:\/\/schema.org","@graph":[{"@type":"WebPage","@id":"https:\/\/www.mediaplateforme.com\/fr\/huawei-maroc-reaffirme-son-engagement-pour-la-formation-des-talents-tic\/","url":"https:\/\/www.mediaplateforme.com\/fr\/huawei-maroc-reaffirme-son-engagement-pour-la-formation-des-talents-tic\/","name":"Huawei Maroc r\u00e9affirme son engagement pour la formation des talents TIC - MEDIA PLATEFORME | FR","isPartOf":{"@id":"https:\/\/www.mediaplateforme.com\/fr\/#website"},"datePublished":"2023-08-30T18:33:00+00:00","dateModified":"2023-08-30T18:33:00+00:00","author":{"@id":"https:\/\/www.mediaplateforme.com\/fr\/#\/schema\/person\/89833db382b5db2c76b094bc902aa12a"},"description":"Huawei Maroc vient d\u2019annoncer le lancement de la 10\u00e8me \u00e9dition de son embl\u00e9matique programme \"Seeds for the Future\". Cet \u00e9v\u00e9nement, qu","breadcrumb":{"@id":"https:\/\/www.mediaplateforme.com\/fr\/huawei-maroc-reaffirme-son-engagement-pour-la-formation-des-talents-tic\/#breadcrumb"},"inLanguage":"fr-FR","potentialAction":[{"@type":"ReadAction","target":["https:\/\/www.mediaplateforme.com\/fr\/huawei-maroc-reaffirme-son-engagement-pour-la-formation-des-talents-tic\/"]}]},{"@type":"BreadcrumbList","@id":"https:\/\/www.mediaplateforme.com\/fr\/huawei-maroc-reaffirme-son-engagement-pour-la-formation-des-talents-tic\/#breadcrumb","itemListElement":[{"@type":"ListItem","position":1,"name":"\u0627\u0644\u0631\u0626\u064a\u0633\u064a\u0629","item":"https:\/\/www.mediaplateforme.com\/fr\/"},{"@type":"ListItem","position":2,"name":"Huawei Maroc r\u00e9affirme son engagement pour la formation des talents TIC"}]},{"@type":"WebSite","@id":"https:\/\/www.mediaplateforme.com\/fr\/#website","url":"https:\/\/www.mediaplateforme.com\/fr\/","name":"MEDIA PLATEFORME | FR","description":"Mediaplateforme sp\u00e9cialis\u00e9 dans la communication institutions publiques et des entreprises","potentialAction":[{"@type":"SearchAction","target":{"@type":"EntryPoint","urlTemplate":"https:\/\/www.mediaplateforme.com\/fr\/?s={search_term_string}"},"query-input":"required name=search_term_string"}],"inLanguage":"fr-FR"},{"@type":"Person","@id":"https:\/\/www.mediaplateforme.com\/fr\/#\/schema\/person\/89833db382b5db2c76b094bc902aa12a","name":"Mediaplateforme","image":{"@type":"ImageObject","inLanguage":"fr-FR","@id":"https:\/\/www.mediaplateforme.com\/fr\/#\/schema\/person\/image\/","url":"https:\/\/secure.gravatar.com\/avatar\/6c9c02e8928cc65d54bf75157f7b3a2d06d7ad0494ca0951f679552ff03b34c1?s=96&d=mm&r=g","contentUrl":"https:\/\/secure.gravatar.com\/avatar\/6c9c02e8928cc65d54bf75157f7b3a2d06d7ad0494ca0951f679552ff03b34c1?s=96&d=mm&r=g","caption":"Mediaplateforme"},"sameAs":["https:\/\/www.mediaplateforme.com"],"url":"https:\/\/www.mediaplateforme.com\/fr\/author\/mohamedladib\/"}]}},"_links":{"self":[{"href":"https:\/\/www.mediaplateforme.com\/fr\/wp-json\/wp\/v2\/posts\/3945","targetHints":{"allow":["GET"]}}],"collection":[{"href":"https:\/\/www.mediaplateforme.com\/fr\/wp-json\/wp\/v2\/posts"}],"about":[{"href":"https:\/\/www.mediaplateforme.com\/fr\/wp-json\/wp\/v2\/types\/post"}],"author":[{"embeddable":true,"href":"https:\/\/www.mediaplateforme.com\/fr\/wp-json\/wp\/v2\/users\/1"}],"replies":[{"embeddable":true,"href":"https:\/\/www.mediaplateforme.com\/fr\/wp-json\/wp\/v2\/comments?post=3945"}],"version-history":[{"count":1,"href":"https:\/\/www.mediaplateforme.com\/fr\/wp-json\/wp\/v2\/posts\/3945\/revisions"}],"predecessor-version":[{"id":3947,"href":"https:\/\/www.mediaplateforme.com\/fr\/wp-json\/wp\/v2\/posts\/3945\/revisions\/3947"}],"wp:featuredmedia":[{"embeddable":true,"href":"https:\/\/www.mediaplateforme.com\/fr\/wp-json\/wp\/v2\/media\/3946"}],"wp:attachment":[{"href":"https:\/\/www.mediaplateforme.com\/fr\/wp-json\/wp\/v2\/media?parent=3945"}],"wp:term":[{"taxonomy":"category","embeddable":true,"href":"https:\/\/www.mediaplateforme.com\/fr\/wp-json\/wp\/v2\/categories?post=3945"},{"taxonomy":"post_tag","embeddable":true,"href":"https:\/\/www.mediaplateforme.com\/fr\/wp-json\/wp\/v2\/tags?post=3945"}],"curies":[{"name":"wp","href":"https:\/\/api.w.org\/{rel}","templated":true}]}}