{"id":3926,"date":"2023-08-26T17:05:13","date_gmt":"2023-08-26T16:05:13","guid":{"rendered":"https:\/\/www.mediaplateforme.com\/fr\/?p=3926"},"modified":"2023-08-26T17:59:05","modified_gmt":"2023-08-26T16:59:05","slug":"gardadi-et-el-bakkali-resultats-des-efforts-conjoints-des-athletes-avec-la-frma-pour-la-gloire","status":"publish","type":"post","link":"https:\/\/www.mediaplateforme.com\/fr\/gardadi-et-el-bakkali-resultats-des-efforts-conjoints-des-athletes-avec-la-frma-pour-la-gloire\/","title":{"rendered":"Gardadi et El Bakkali : R\u00e9sultats des Efforts Conjoints des athl\u00e8tes avec la FRMA pour la Gloire"},"content":{"rendered":"<p>La F\u00e9d\u00e9ration Royale Marocaine d&rsquo;Athl\u00e9tisme (FRMA) se distingue par son engagement in\u00e9branlable en faveur du d\u00e9veloppement sportif et de la promotion des talents athl\u00e9tiques au Maroc.<\/p>\n<p>Un exemple frappant de cet engagement est la m\u00e9daille de bronze d\u00e9croch\u00e9e par Fatima Ezzahra Gardadi lors des 19\u00e8mes Championnats du monde d&rsquo;athl\u00e9tisme, apr\u00e8s celle en or remport\u00e9e par Soufiane El Bakkali sur 3000 m steeple.<\/p>\n<p>Cette r\u00e9ussite exceptionnelle refl\u00e8te non seulement les capacit\u00e9s individuelles de Gardadi et Soufiane El Bakkali, mais aussi les efforts et les ressources substantielles d\u00e9ploy\u00e9es par la FRMA pour soutenir et former ses athl\u00e8tes.<\/p>\n<p>Un aspect essentiel du travail de la FRMA est son investissement dans la cr\u00e9ation d&rsquo;infrastructures de haut niveau. Ces installations de pointe fournissent aux athl\u00e8tes marocains l&rsquo;environnement id\u00e9al pour s&rsquo;entra\u00eener, se perfectionner et r\u00e9aliser leur plein potentiel. Cet investissement dans les infrastructures t\u00e9moigne de l&rsquo;engagement continu de la FRMA envers l&rsquo;excellence athl\u00e9tique et la progression constante des performances.<\/p>\n<p>L&rsquo;exploit de m\u00e9daille de bronze remport\u00e9 par Fatima Ezzahra Gardadi, est une source de fiert\u00e9 nationale pour le Maroc. Cette r\u00e9ussite t\u00e9moigne de sa d\u00e9termination, de son travail acharn\u00e9 et de sa pers\u00e9v\u00e9rance dans un domaine hautement comp\u00e9titif. La FRMA, en soutenant Gardadi tout au long de son parcours, a jou\u00e9 un r\u00f4le crucial en lui fournissant les ressources n\u00e9cessaires, l&rsquo;encadrement et les opportunit\u00e9s pour briller sur la sc\u00e8ne mondiale.<\/p>\n<p>En parlant de succ\u00e8s remarquables, la m\u00e9daille d&rsquo;or glan\u00e9e par Soufiane El Bakkali sur 3000 m steeple lors des m\u00eames Championnats du monde d&rsquo;athl\u00e9tisme est un v\u00e9ritable triomphe pour le Maroc.<\/p>\n<p>Cette victoire t\u00e9moigne de l&rsquo;excellence de la formation et de la pr\u00e9paration des athl\u00e8tes marocains sous l&rsquo;\u00e9gide de la FRMA. Elle met en \u00e9vidence la qualit\u00e9 du suivi, de l&rsquo;entra\u00eenement et du soutien que la f\u00e9d\u00e9ration accorde \u00e0 ses athl\u00e8tes d&rsquo;\u00e9lite.<\/p>\n<p>La FRMA ne se limite pas simplement \u00e0 c\u00e9l\u00e9brer les r\u00e9ussites individuelles de ses athl\u00e8tes. Elle incarne \u00e9galement un esprit d&rsquo;\u00e9quipe et de solidarit\u00e9 en accompagnant l&rsquo;ensemble de ses athl\u00e8tes, qu&rsquo;ils soient m\u00e9daill\u00e9s ou en pleine progression. Cet engagement envers tous les athl\u00e8tes, quels que soient leur niveau et leurs r\u00e9sultats, t\u00e9moigne d&rsquo;une vision inclusive et holistique de la promotion du sport et de l&rsquo;athl\u00e9tisme au Maroc.<\/p>\n<p>En somme, le travail remarquable de la F\u00e9d\u00e9ration Royale Marocaine d&rsquo;Athl\u00e9tisme se manifeste \u00e0 travers les exploits extraordinaires de ses athl\u00e8tes tels que Fatima Ezzahra Gardadi et Soufiane El Bakkali. Leur m\u00e9daille de bronze et d&rsquo;or respectivement aux Championnats du monde d&rsquo;athl\u00e9tisme sont le fruit d&rsquo;un soutien in\u00e9branlable, d&rsquo;infrastructures de premier ordre et d&rsquo;un encadrement de qualit\u00e9 fournis par la FRMA.<\/p>\n<p>Ces r\u00e9alisations illustrent la poursuite incessante de l&rsquo;excellence sportive et la volont\u00e9 de propulser le Maroc sur la sc\u00e8ne internationale de l&rsquo;athl\u00e9tisme.<\/p>\n","protected":false},"excerpt":{"rendered":"<p>La F\u00e9d\u00e9ration Royale Marocaine d&rsquo;Athl\u00e9tisme (FRMA) se distingue par son engagement in\u00e9branlable en faveur du<\/p>\n","protected":false},"author":1,"featured_media":3927,"comment_status":"open","ping_status":"open","sticky":false,"template":"","format":"standard","meta":{"_acf_changed":false,"footnotes":""},"categories":[3,796],"tags":[1242,1241,1240],"class_list":["post-3926","post","type-post","status-publish","format-standard","has-post-thumbnail","hentry","category-nouvelles-selectionnees","category-sport-business","tag-fatima-ezzahra-gardadi","tag-federation-royale-marocaine-dathletisme","tag-frma"],"acf":[],"yoast_head":"<!-- This site is optimized with the Yoast SEO plugin v22.0 - https:\/\/yoast.com\/wordpress\/plugins\/seo\/ -->\n<title>Gardadi et El Bakkali : R\u00e9sultats des Efforts Conjoints des athl\u00e8tes avec la FRMA pour la Gloire - MEDIA PLATEFORME | FR<\/title>\n<meta name=\"description\" content=\"La F\u00e9d\u00e9ration Royale Marocaine d&#039;Athl\u00e9tisme (FRMA) se distingue par son engagement in\u00e9branlable en faveur du d\u00e9veloppement sportif\" \/>\n<meta name=\"robots\" content=\"index, follow, max-snippet:-1, max-image-preview:large, max-video-preview:-1\" \/>\n<link rel=\"canonical\" href=\"https:\/\/www.mediaplateforme.com\/fr\/gardadi-et-el-bakkali-resultats-des-efforts-conjoints-des-athletes-avec-la-frma-pour-la-gloire\/\" \/>\n<meta property=\"og:locale\" content=\"fr_FR\" \/>\n<meta property=\"og:type\" content=\"article\" \/>\n<meta property=\"og:title\" content=\"Gardadi et El Bakkali : R\u00e9sultats des Efforts Conjoints des athl\u00e8tes avec la FRMA pour la Gloire - MEDIA PLATEFORME | FR\" \/>\n<meta property=\"og:description\" content=\"La F\u00e9d\u00e9ration Royale Marocaine d&#039;Athl\u00e9tisme (FRMA) se distingue par son engagement in\u00e9branlable en faveur du d\u00e9veloppement sportif\" \/>\n<meta property=\"og:url\" content=\"https:\/\/www.mediaplateforme.com\/fr\/gardadi-et-el-bakkali-resultats-des-efforts-conjoints-des-athletes-avec-la-frma-pour-la-gloire\/\" \/>\n<meta property=\"og:site_name\" content=\"MEDIA PLATEFORME | FR\" \/>\n<meta property=\"article:published_time\" content=\"2023-08-26T16:05:13+00:00\" \/>\n<meta property=\"article:modified_time\" content=\"2023-08-26T16:59:05+00:00\" \/>\n<meta property=\"og:image\" content=\"https:\/\/www.mediaplateforme.com\/fr\/wp-content\/uploads\/sites\/5\/2023\/08\/fatima-ezzahra.jpg\" \/>\n\t<meta property=\"og:image:width\" content=\"600\" \/>\n\t<meta property=\"og:image:height\" content=\"400\" \/>\n\t<meta property=\"og:image:type\" content=\"image\/jpeg\" \/>\n<meta name=\"author\" content=\"Mediaplateforme\" \/>\n<meta name=\"twitter:card\" content=\"summary_large_image\" \/>\n<meta name=\"twitter:label1\" content=\"\u00c9crit par\" \/>\n\t<meta name=\"twitter:data1\" content=\"Mediaplateforme\" \/>\n\t<meta name=\"twitter:label2\" content=\"Dur\u00e9e de lecture estim\u00e9e\" \/>\n\t<meta name=\"twitter:data2\" content=\"3 minutes\" \/>\n<script type=\"application\/ld+json\" class=\"yoast-schema-graph\">{\"@context\":\"https:\/\/schema.org\",\"@graph\":[{\"@type\":\"WebPage\",\"@id\":\"https:\/\/www.mediaplateforme.com\/fr\/gardadi-et-el-bakkali-resultats-des-efforts-conjoints-des-athletes-avec-la-frma-pour-la-gloire\/\",\"url\":\"https:\/\/www.mediaplateforme.com\/fr\/gardadi-et-el-bakkali-resultats-des-efforts-conjoints-des-athletes-avec-la-frma-pour-la-gloire\/\",\"name\":\"Gardadi et El Bakkali : R\u00e9sultats des Efforts Conjoints des athl\u00e8tes avec la FRMA pour la Gloire - MEDIA PLATEFORME | FR\",\"isPartOf\":{\"@id\":\"https:\/\/www.mediaplateforme.com\/fr\/#website\"},\"datePublished\":\"2023-08-26T16:05:13+00:00\",\"dateModified\":\"2023-08-26T16:59:05+00:00\",\"author\":{\"@id\":\"https:\/\/www.mediaplateforme.com\/fr\/#\/schema\/person\/89833db382b5db2c76b094bc902aa12a\"},\"description\":\"La F\u00e9d\u00e9ration Royale Marocaine d'Athl\u00e9tisme (FRMA) se distingue par son engagement in\u00e9branlable en faveur du d\u00e9veloppement sportif\",\"breadcrumb\":{\"@id\":\"https:\/\/www.mediaplateforme.com\/fr\/gardadi-et-el-bakkali-resultats-des-efforts-conjoints-des-athletes-avec-la-frma-pour-la-gloire\/#breadcrumb\"},\"inLanguage\":\"fr-FR\",\"potentialAction\":[{\"@type\":\"ReadAction\",\"target\":[\"https:\/\/www.mediaplateforme.com\/fr\/gardadi-et-el-bakkali-resultats-des-efforts-conjoints-des-athletes-avec-la-frma-pour-la-gloire\/\"]}]},{\"@type\":\"BreadcrumbList\",\"@id\":\"https:\/\/www.mediaplateforme.com\/fr\/gardadi-et-el-bakkali-resultats-des-efforts-conjoints-des-athletes-avec-la-frma-pour-la-gloire\/#breadcrumb\",\"itemListElement\":[{\"@type\":\"ListItem\",\"position\":1,\"name\":\"\u0627\u0644\u0631\u0626\u064a\u0633\u064a\u0629\",\"item\":\"https:\/\/www.mediaplateforme.com\/fr\/\"},{\"@type\":\"ListItem\",\"position\":2,\"name\":\"Gardadi et El Bakkali : R\u00e9sultats des Efforts Conjoints des athl\u00e8tes avec la FRMA pour la Gloire\"}]},{\"@type\":\"WebSite\",\"@id\":\"https:\/\/www.mediaplateforme.com\/fr\/#website\",\"url\":\"https:\/\/www.mediaplateforme.com\/fr\/\",\"name\":\"MEDIA PLATEFORME | FR\",\"description\":\"Mediaplateforme sp\u00e9cialis\u00e9 dans la communication institutions publiques et des entreprises\",\"potentialAction\":[{\"@type\":\"SearchAction\",\"target\":{\"@type\":\"EntryPoint\",\"urlTemplate\":\"https:\/\/www.mediaplateforme.com\/fr\/?s={search_term_string}\"},\"query-input\":\"required name=search_term_string\"}],\"inLanguage\":\"fr-FR\"},{\"@type\":\"Person\",\"@id\":\"https:\/\/www.mediaplateforme.com\/fr\/#\/schema\/person\/89833db382b5db2c76b094bc902aa12a\",\"name\":\"Mediaplateforme\",\"image\":{\"@type\":\"ImageObject\",\"inLanguage\":\"fr-FR\",\"@id\":\"https:\/\/www.mediaplateforme.com\/fr\/#\/schema\/person\/image\/\",\"url\":\"https:\/\/secure.gravatar.com\/avatar\/6c9c02e8928cc65d54bf75157f7b3a2d06d7ad0494ca0951f679552ff03b34c1?s=96&d=mm&r=g\",\"contentUrl\":\"https:\/\/secure.gravatar.com\/avatar\/6c9c02e8928cc65d54bf75157f7b3a2d06d7ad0494ca0951f679552ff03b34c1?s=96&d=mm&r=g\",\"caption\":\"Mediaplateforme\"},\"sameAs\":[\"https:\/\/www.mediaplateforme.com\"],\"url\":\"https:\/\/www.mediaplateforme.com\/fr\/author\/mohamedladib\/\"}]}<\/script>\n<!-- \/ Yoast SEO plugin. -->","yoast_head_json":{"title":"Gardadi et El Bakkali : R\u00e9sultats des Efforts Conjoints des athl\u00e8tes avec la FRMA pour la Gloire - MEDIA PLATEFORME | FR","description":"La F\u00e9d\u00e9ration Royale Marocaine d'Athl\u00e9tisme (FRMA) se distingue par son engagement in\u00e9branlable en faveur du d\u00e9veloppement sportif","robots":{"index":"index","follow":"follow","max-snippet":"max-snippet:-1","max-image-preview":"max-image-preview:large","max-video-preview":"max-video-preview:-1"},"canonical":"https:\/\/www.mediaplateforme.com\/fr\/gardadi-et-el-bakkali-resultats-des-efforts-conjoints-des-athletes-avec-la-frma-pour-la-gloire\/","og_locale":"fr_FR","og_type":"article","og_title":"Gardadi et El Bakkali : R\u00e9sultats des Efforts Conjoints des athl\u00e8tes avec la FRMA pour la Gloire - MEDIA PLATEFORME | FR","og_description":"La F\u00e9d\u00e9ration Royale Marocaine d'Athl\u00e9tisme (FRMA) se distingue par son engagement in\u00e9branlable en faveur du d\u00e9veloppement sportif","og_url":"https:\/\/www.mediaplateforme.com\/fr\/gardadi-et-el-bakkali-resultats-des-efforts-conjoints-des-athletes-avec-la-frma-pour-la-gloire\/","og_site_name":"MEDIA PLATEFORME | FR","article_published_time":"2023-08-26T16:05:13+00:00","article_modified_time":"2023-08-26T16:59:05+00:00","og_image":[{"width":600,"height":400,"url":"https:\/\/www.mediaplateforme.com\/fr\/wp-content\/uploads\/sites\/5\/2023\/08\/fatima-ezzahra.jpg","type":"image\/jpeg"}],"author":"Mediaplateforme","twitter_card":"summary_large_image","twitter_misc":{"\u00c9crit par":"Mediaplateforme","Dur\u00e9e de lecture estim\u00e9e":"3 minutes"},"schema":{"@context":"https:\/\/schema.org","@graph":[{"@type":"WebPage","@id":"https:\/\/www.mediaplateforme.com\/fr\/gardadi-et-el-bakkali-resultats-des-efforts-conjoints-des-athletes-avec-la-frma-pour-la-gloire\/","url":"https:\/\/www.mediaplateforme.com\/fr\/gardadi-et-el-bakkali-resultats-des-efforts-conjoints-des-athletes-avec-la-frma-pour-la-gloire\/","name":"Gardadi et El Bakkali : R\u00e9sultats des Efforts Conjoints des athl\u00e8tes avec la FRMA pour la Gloire - MEDIA PLATEFORME | FR","isPartOf":{"@id":"https:\/\/www.mediaplateforme.com\/fr\/#website"},"datePublished":"2023-08-26T16:05:13+00:00","dateModified":"2023-08-26T16:59:05+00:00","author":{"@id":"https:\/\/www.mediaplateforme.com\/fr\/#\/schema\/person\/89833db382b5db2c76b094bc902aa12a"},"description":"La F\u00e9d\u00e9ration Royale Marocaine d'Athl\u00e9tisme (FRMA) se distingue par son engagement in\u00e9branlable en faveur du d\u00e9veloppement sportif","breadcrumb":{"@id":"https:\/\/www.mediaplateforme.com\/fr\/gardadi-et-el-bakkali-resultats-des-efforts-conjoints-des-athletes-avec-la-frma-pour-la-gloire\/#breadcrumb"},"inLanguage":"fr-FR","potentialAction":[{"@type":"ReadAction","target":["https:\/\/www.mediaplateforme.com\/fr\/gardadi-et-el-bakkali-resultats-des-efforts-conjoints-des-athletes-avec-la-frma-pour-la-gloire\/"]}]},{"@type":"BreadcrumbList","@id":"https:\/\/www.mediaplateforme.com\/fr\/gardadi-et-el-bakkali-resultats-des-efforts-conjoints-des-athletes-avec-la-frma-pour-la-gloire\/#breadcrumb","itemListElement":[{"@type":"ListItem","position":1,"name":"\u0627\u0644\u0631\u0626\u064a\u0633\u064a\u0629","item":"https:\/\/www.mediaplateforme.com\/fr\/"},{"@type":"ListItem","position":2,"name":"Gardadi et El Bakkali : R\u00e9sultats des Efforts Conjoints des athl\u00e8tes avec la FRMA pour la Gloire"}]},{"@type":"WebSite","@id":"https:\/\/www.mediaplateforme.com\/fr\/#website","url":"https:\/\/www.mediaplateforme.com\/fr\/","name":"MEDIA PLATEFORME | FR","description":"Mediaplateforme sp\u00e9cialis\u00e9 dans la communication institutions publiques et des entreprises","potentialAction":[{"@type":"SearchAction","target":{"@type":"EntryPoint","urlTemplate":"https:\/\/www.mediaplateforme.com\/fr\/?s={search_term_string}"},"query-input":"required name=search_term_string"}],"inLanguage":"fr-FR"},{"@type":"Person","@id":"https:\/\/www.mediaplateforme.com\/fr\/#\/schema\/person\/89833db382b5db2c76b094bc902aa12a","name":"Mediaplateforme","image":{"@type":"ImageObject","inLanguage":"fr-FR","@id":"https:\/\/www.mediaplateforme.com\/fr\/#\/schema\/person\/image\/","url":"https:\/\/secure.gravatar.com\/avatar\/6c9c02e8928cc65d54bf75157f7b3a2d06d7ad0494ca0951f679552ff03b34c1?s=96&d=mm&r=g","contentUrl":"https:\/\/secure.gravatar.com\/avatar\/6c9c02e8928cc65d54bf75157f7b3a2d06d7ad0494ca0951f679552ff03b34c1?s=96&d=mm&r=g","caption":"Mediaplateforme"},"sameAs":["https:\/\/www.mediaplateforme.com"],"url":"https:\/\/www.mediaplateforme.com\/fr\/author\/mohamedladib\/"}]}},"_links":{"self":[{"href":"https:\/\/www.mediaplateforme.com\/fr\/wp-json\/wp\/v2\/posts\/3926","targetHints":{"allow":["GET"]}}],"collection":[{"href":"https:\/\/www.mediaplateforme.com\/fr\/wp-json\/wp\/v2\/posts"}],"about":[{"href":"https:\/\/www.mediaplateforme.com\/fr\/wp-json\/wp\/v2\/types\/post"}],"author":[{"embeddable":true,"href":"https:\/\/www.mediaplateforme.com\/fr\/wp-json\/wp\/v2\/users\/1"}],"replies":[{"embeddable":true,"href":"https:\/\/www.mediaplateforme.com\/fr\/wp-json\/wp\/v2\/comments?post=3926"}],"version-history":[{"count":2,"href":"https:\/\/www.mediaplateforme.com\/fr\/wp-json\/wp\/v2\/posts\/3926\/revisions"}],"predecessor-version":[{"id":3930,"href":"https:\/\/www.mediaplateforme.com\/fr\/wp-json\/wp\/v2\/posts\/3926\/revisions\/3930"}],"wp:featuredmedia":[{"embeddable":true,"href":"https:\/\/www.mediaplateforme.com\/fr\/wp-json\/wp\/v2\/media\/3927"}],"wp:attachment":[{"href":"https:\/\/www.mediaplateforme.com\/fr\/wp-json\/wp\/v2\/media?parent=3926"}],"wp:term":[{"taxonomy":"category","embeddable":true,"href":"https:\/\/www.mediaplateforme.com\/fr\/wp-json\/wp\/v2\/categories?post=3926"},{"taxonomy":"post_tag","embeddable":true,"href":"https:\/\/www.mediaplateforme.com\/fr\/wp-json\/wp\/v2\/tags?post=3926"}],"curies":[{"name":"wp","href":"https:\/\/api.w.org\/{rel}","templated":true}]}}