{"id":3916,"date":"2023-08-25T20:21:22","date_gmt":"2023-08-25T19:21:22","guid":{"rendered":"https:\/\/www.mediaplateforme.com\/fr\/?p=3916"},"modified":"2023-08-25T20:21:22","modified_gmt":"2023-08-25T19:21:22","slug":"le-consulat-general-des-etats-unis-a-casablanca-accueille-sa-nouvelle-consule-generale-marissa-d-scott","status":"publish","type":"post","link":"https:\/\/www.mediaplateforme.com\/fr\/le-consulat-general-des-etats-unis-a-casablanca-accueille-sa-nouvelle-consule-generale-marissa-d-scott\/","title":{"rendered":"Le Consulat G\u00e9n\u00e9ral des \u00c9tats-Unis \u00e0 Casablanca accueille sa nouvelle Consule g\u00e9n\u00e9rale, Marissa D. Scott"},"content":{"rendered":"<p class=\"m_6743520802317871633xxxmsonormal\"><span class=\"m_6743520802317871633xxxcontentpasted0\"><span lang=\"FR\">Le Consulat G\u00e9n\u00e9ral des \u00c9tats-Unis \u00e0 Casablanca a le plaisir d&rsquo;annoncer l&rsquo;arriv\u00e9e de sa nouvelle Consule G\u00e9n\u00e9rale, Marissa D. Scott, qui a pris la direction du consulat \u00e0 Casablanca le 10 ao\u00fbt 2023. La Consule g\u00e9n\u00e9rale Scott succ\u00e8de \u00e0 M. Lawrence M. Randolph, qui a achev\u00e9 sa mission diplomatique au Maroc le 2 juillet 2023.\u00a0<\/span><\/span><u><\/u><u><\/u><\/p>\n<p class=\"m_6743520802317871633xxxmsonormal\"><span class=\"m_6743520802317871633xxxcontentpasted0\"><span lang=\"FR\">Mme Scott est une diplomate de carri\u00e8re et a pass\u00e9 la majeure partie de son parcours professionnel \u00e0 travailler en Afrique dans le domaine de la diplomatie publique et des relations de presse. Ses pr\u00e9c\u00e9dentes affectations \u00e9taient Djibouti, la R\u00e9publique dominicaine, l&rsquo;Alg\u00e9rie, le Niger, le Cap-Vert et l&rsquo;Afrique du Sud. R\u00e9cemment, la Consule g\u00e9n\u00e9rale Scott a occup\u00e9 le poste de Conseill\u00e8re principale en mati\u00e8re de diversit\u00e9, d&rsquo;\u00e9quit\u00e9, d&rsquo;inclusion et d&rsquo;accessibilit\u00e9 au Bureau des affaires de l&rsquo;h\u00e9misph\u00e8re occidental du D\u00e9partement d&rsquo;\u00c9tat.\u00a0<\/span><\/span><u><\/u><u><\/u><\/p>\n<p class=\"m_6743520802317871633xxxmsonormal\"><span class=\"m_6743520802317871633xxxcontentpasted0\"><span lang=\"FR\">\u00ab\u00a0Je suis honor\u00e9e d&rsquo;assumer le r\u00f4le de Consule G\u00e9n\u00e9rale \u00e0 Casablanca\u00a0\u00bb, a d\u00e9clar\u00e9 la Consule g\u00e9n\u00e9rale Scott. \u00ab\u00a0Le Consulat fait partie int\u00e9grante de la Mission des \u00c9tats-Unis au Maroc, et j&rsquo;ai h\u00e2te de soutenir notre relation bilat\u00e9rale \u00e0 travers la vaste gamme de services consulaires, de programmes \u00e9ducatifs et culturels, ainsi que de ressources commerciales que nous offrons \u00e0 Casablanca.\u00a0\u00bb\u00a0<\/span><\/span><u><\/u><u><\/u><\/p>\n<p class=\"m_6743520802317871633xxxmsonormal\"><span class=\"m_6743520802317871633xxxcontentpasted0\"><span lang=\"FR\">La Consule g\u00e9n\u00e9rale Scott est titulaire d&rsquo;une licence en langues anglaise et espagnole ainsi que d&rsquo;une ma\u00eetrise en relations internationales de la Maxwell School de l&rsquo;Universit\u00e9 de Syracuse. Elle d\u00e9tient \u00e9galement un certificat avanc\u00e9 en r\u00e9solution de conflits de Syracuse ainsi qu&rsquo;un certificat en communication strat\u00e9gique et relations publiques de l&rsquo;Universit\u00e9 d&rsquo;\u00c9tat de Portland.\u00a0<\/span><\/span><u><\/u><u><\/u><\/p>\n<p class=\"m_6743520802317871633xxxmsonormal\"><span class=\"m_6743520802317871633xxxcontentpasted0\"><span lang=\"FR\">La Consule G\u00e9n\u00e9rale Scott est mari\u00e9e et a trois enfants.\u00a0<\/span><\/span><\/p>\n","protected":false},"excerpt":{"rendered":"<p>Le Consulat G\u00e9n\u00e9ral des \u00c9tats-Unis \u00e0 Casablanca a le plaisir d&rsquo;annoncer l&rsquo;arriv\u00e9e de sa nouvelle<\/p>\n","protected":false},"author":1,"featured_media":3917,"comment_status":"open","ping_status":"open","sticky":false,"template":"","format":"standard","meta":{"_acf_changed":false,"footnotes":""},"categories":[2,3],"tags":[1237,1238],"class_list":["post-3916","post","type-post","status-publish","format-standard","has-post-thumbnail","hentry","category-nouvelles","category-nouvelles-selectionnees","tag-consulat-general-des-etats-unis-a-casablanca","tag-marissa-d-scott"],"acf":[],"yoast_head":"<!-- This site is optimized with the Yoast SEO plugin v22.0 - https:\/\/yoast.com\/wordpress\/plugins\/seo\/ -->\n<title>Le Consulat G\u00e9n\u00e9ral des \u00c9tats-Unis \u00e0 Casablanca accueille sa nouvelle Consule g\u00e9n\u00e9rale, Marissa D. Scott - MEDIA PLATEFORME | FR<\/title>\n<meta name=\"description\" content=\"Consulat G\u00e9n\u00e9ral des \u00c9tats-Unis \u00e0 Casablanca a le plaisir d&#039;annoncer l&#039;arriv\u00e9e de sa nouvelle Consule G\u00e9n\u00e9rale, Marissa D. Scott,\" \/>\n<meta name=\"robots\" content=\"index, follow, max-snippet:-1, max-image-preview:large, max-video-preview:-1\" \/>\n<link rel=\"canonical\" href=\"https:\/\/www.mediaplateforme.com\/fr\/le-consulat-general-des-etats-unis-a-casablanca-accueille-sa-nouvelle-consule-generale-marissa-d-scott\/\" \/>\n<meta property=\"og:locale\" content=\"fr_FR\" \/>\n<meta property=\"og:type\" content=\"article\" \/>\n<meta property=\"og:title\" content=\"Le Consulat G\u00e9n\u00e9ral des \u00c9tats-Unis \u00e0 Casablanca accueille sa nouvelle Consule g\u00e9n\u00e9rale, Marissa D. Scott - MEDIA PLATEFORME | FR\" \/>\n<meta property=\"og:description\" content=\"Consulat G\u00e9n\u00e9ral des \u00c9tats-Unis \u00e0 Casablanca a le plaisir d&#039;annoncer l&#039;arriv\u00e9e de sa nouvelle Consule G\u00e9n\u00e9rale, Marissa D. Scott,\" \/>\n<meta property=\"og:url\" content=\"https:\/\/www.mediaplateforme.com\/fr\/le-consulat-general-des-etats-unis-a-casablanca-accueille-sa-nouvelle-consule-generale-marissa-d-scott\/\" \/>\n<meta property=\"og:site_name\" content=\"MEDIA PLATEFORME | FR\" \/>\n<meta property=\"article:published_time\" content=\"2023-08-25T19:21:22+00:00\" \/>\n<meta property=\"og:image\" content=\"https:\/\/www.mediaplateforme.com\/fr\/wp-content\/uploads\/sites\/5\/2023\/08\/Marissa-D.-Scott.jpg\" \/>\n\t<meta property=\"og:image:width\" content=\"1216\" \/>\n\t<meta property=\"og:image:height\" content=\"684\" \/>\n\t<meta property=\"og:image:type\" content=\"image\/jpeg\" \/>\n<meta name=\"author\" content=\"Mediaplateforme\" \/>\n<meta name=\"twitter:card\" content=\"summary_large_image\" \/>\n<meta name=\"twitter:label1\" content=\"\u00c9crit par\" \/>\n\t<meta name=\"twitter:data1\" content=\"Mediaplateforme\" \/>\n\t<meta name=\"twitter:label2\" content=\"Dur\u00e9e de lecture estim\u00e9e\" \/>\n\t<meta name=\"twitter:data2\" content=\"2 minutes\" \/>\n<script type=\"application\/ld+json\" class=\"yoast-schema-graph\">{\"@context\":\"https:\/\/schema.org\",\"@graph\":[{\"@type\":\"WebPage\",\"@id\":\"https:\/\/www.mediaplateforme.com\/fr\/le-consulat-general-des-etats-unis-a-casablanca-accueille-sa-nouvelle-consule-generale-marissa-d-scott\/\",\"url\":\"https:\/\/www.mediaplateforme.com\/fr\/le-consulat-general-des-etats-unis-a-casablanca-accueille-sa-nouvelle-consule-generale-marissa-d-scott\/\",\"name\":\"Le Consulat G\u00e9n\u00e9ral des \u00c9tats-Unis \u00e0 Casablanca accueille sa nouvelle Consule g\u00e9n\u00e9rale, Marissa D. Scott - MEDIA PLATEFORME | FR\",\"isPartOf\":{\"@id\":\"https:\/\/www.mediaplateforme.com\/fr\/#website\"},\"datePublished\":\"2023-08-25T19:21:22+00:00\",\"dateModified\":\"2023-08-25T19:21:22+00:00\",\"author\":{\"@id\":\"https:\/\/www.mediaplateforme.com\/fr\/#\/schema\/person\/89833db382b5db2c76b094bc902aa12a\"},\"description\":\"Consulat G\u00e9n\u00e9ral des \u00c9tats-Unis \u00e0 Casablanca a le plaisir d'annoncer l'arriv\u00e9e de sa nouvelle Consule G\u00e9n\u00e9rale, Marissa D. Scott,\",\"breadcrumb\":{\"@id\":\"https:\/\/www.mediaplateforme.com\/fr\/le-consulat-general-des-etats-unis-a-casablanca-accueille-sa-nouvelle-consule-generale-marissa-d-scott\/#breadcrumb\"},\"inLanguage\":\"fr-FR\",\"potentialAction\":[{\"@type\":\"ReadAction\",\"target\":[\"https:\/\/www.mediaplateforme.com\/fr\/le-consulat-general-des-etats-unis-a-casablanca-accueille-sa-nouvelle-consule-generale-marissa-d-scott\/\"]}]},{\"@type\":\"BreadcrumbList\",\"@id\":\"https:\/\/www.mediaplateforme.com\/fr\/le-consulat-general-des-etats-unis-a-casablanca-accueille-sa-nouvelle-consule-generale-marissa-d-scott\/#breadcrumb\",\"itemListElement\":[{\"@type\":\"ListItem\",\"position\":1,\"name\":\"\u0627\u0644\u0631\u0626\u064a\u0633\u064a\u0629\",\"item\":\"https:\/\/www.mediaplateforme.com\/fr\/\"},{\"@type\":\"ListItem\",\"position\":2,\"name\":\"Le Consulat G\u00e9n\u00e9ral des \u00c9tats-Unis \u00e0 Casablanca accueille sa nouvelle Consule g\u00e9n\u00e9rale, Marissa D. Scott\"}]},{\"@type\":\"WebSite\",\"@id\":\"https:\/\/www.mediaplateforme.com\/fr\/#website\",\"url\":\"https:\/\/www.mediaplateforme.com\/fr\/\",\"name\":\"MEDIA PLATEFORME | FR\",\"description\":\"Mediaplateforme sp\u00e9cialis\u00e9 dans la communication institutions publiques et des entreprises\",\"potentialAction\":[{\"@type\":\"SearchAction\",\"target\":{\"@type\":\"EntryPoint\",\"urlTemplate\":\"https:\/\/www.mediaplateforme.com\/fr\/?s={search_term_string}\"},\"query-input\":\"required name=search_term_string\"}],\"inLanguage\":\"fr-FR\"},{\"@type\":\"Person\",\"@id\":\"https:\/\/www.mediaplateforme.com\/fr\/#\/schema\/person\/89833db382b5db2c76b094bc902aa12a\",\"name\":\"Mediaplateforme\",\"image\":{\"@type\":\"ImageObject\",\"inLanguage\":\"fr-FR\",\"@id\":\"https:\/\/www.mediaplateforme.com\/fr\/#\/schema\/person\/image\/\",\"url\":\"https:\/\/secure.gravatar.com\/avatar\/6c9c02e8928cc65d54bf75157f7b3a2d06d7ad0494ca0951f679552ff03b34c1?s=96&d=mm&r=g\",\"contentUrl\":\"https:\/\/secure.gravatar.com\/avatar\/6c9c02e8928cc65d54bf75157f7b3a2d06d7ad0494ca0951f679552ff03b34c1?s=96&d=mm&r=g\",\"caption\":\"Mediaplateforme\"},\"sameAs\":[\"https:\/\/www.mediaplateforme.com\"],\"url\":\"https:\/\/www.mediaplateforme.com\/fr\/author\/mohamedladib\/\"}]}<\/script>\n<!-- \/ Yoast SEO plugin. -->","yoast_head_json":{"title":"Le Consulat G\u00e9n\u00e9ral des \u00c9tats-Unis \u00e0 Casablanca accueille sa nouvelle Consule g\u00e9n\u00e9rale, Marissa D. Scott - MEDIA PLATEFORME | FR","description":"Consulat G\u00e9n\u00e9ral des \u00c9tats-Unis \u00e0 Casablanca a le plaisir d'annoncer l'arriv\u00e9e de sa nouvelle Consule G\u00e9n\u00e9rale, Marissa D. Scott,","robots":{"index":"index","follow":"follow","max-snippet":"max-snippet:-1","max-image-preview":"max-image-preview:large","max-video-preview":"max-video-preview:-1"},"canonical":"https:\/\/www.mediaplateforme.com\/fr\/le-consulat-general-des-etats-unis-a-casablanca-accueille-sa-nouvelle-consule-generale-marissa-d-scott\/","og_locale":"fr_FR","og_type":"article","og_title":"Le Consulat G\u00e9n\u00e9ral des \u00c9tats-Unis \u00e0 Casablanca accueille sa nouvelle Consule g\u00e9n\u00e9rale, Marissa D. Scott - MEDIA PLATEFORME | FR","og_description":"Consulat G\u00e9n\u00e9ral des \u00c9tats-Unis \u00e0 Casablanca a le plaisir d'annoncer l'arriv\u00e9e de sa nouvelle Consule G\u00e9n\u00e9rale, Marissa D. Scott,","og_url":"https:\/\/www.mediaplateforme.com\/fr\/le-consulat-general-des-etats-unis-a-casablanca-accueille-sa-nouvelle-consule-generale-marissa-d-scott\/","og_site_name":"MEDIA PLATEFORME | FR","article_published_time":"2023-08-25T19:21:22+00:00","og_image":[{"width":1216,"height":684,"url":"https:\/\/www.mediaplateforme.com\/fr\/wp-content\/uploads\/sites\/5\/2023\/08\/Marissa-D.-Scott.jpg","type":"image\/jpeg"}],"author":"Mediaplateforme","twitter_card":"summary_large_image","twitter_misc":{"\u00c9crit par":"Mediaplateforme","Dur\u00e9e de lecture estim\u00e9e":"2 minutes"},"schema":{"@context":"https:\/\/schema.org","@graph":[{"@type":"WebPage","@id":"https:\/\/www.mediaplateforme.com\/fr\/le-consulat-general-des-etats-unis-a-casablanca-accueille-sa-nouvelle-consule-generale-marissa-d-scott\/","url":"https:\/\/www.mediaplateforme.com\/fr\/le-consulat-general-des-etats-unis-a-casablanca-accueille-sa-nouvelle-consule-generale-marissa-d-scott\/","name":"Le Consulat G\u00e9n\u00e9ral des \u00c9tats-Unis \u00e0 Casablanca accueille sa nouvelle Consule g\u00e9n\u00e9rale, Marissa D. Scott - MEDIA PLATEFORME | FR","isPartOf":{"@id":"https:\/\/www.mediaplateforme.com\/fr\/#website"},"datePublished":"2023-08-25T19:21:22+00:00","dateModified":"2023-08-25T19:21:22+00:00","author":{"@id":"https:\/\/www.mediaplateforme.com\/fr\/#\/schema\/person\/89833db382b5db2c76b094bc902aa12a"},"description":"Consulat G\u00e9n\u00e9ral des \u00c9tats-Unis \u00e0 Casablanca a le plaisir d'annoncer l'arriv\u00e9e de sa nouvelle Consule G\u00e9n\u00e9rale, Marissa D. Scott,","breadcrumb":{"@id":"https:\/\/www.mediaplateforme.com\/fr\/le-consulat-general-des-etats-unis-a-casablanca-accueille-sa-nouvelle-consule-generale-marissa-d-scott\/#breadcrumb"},"inLanguage":"fr-FR","potentialAction":[{"@type":"ReadAction","target":["https:\/\/www.mediaplateforme.com\/fr\/le-consulat-general-des-etats-unis-a-casablanca-accueille-sa-nouvelle-consule-generale-marissa-d-scott\/"]}]},{"@type":"BreadcrumbList","@id":"https:\/\/www.mediaplateforme.com\/fr\/le-consulat-general-des-etats-unis-a-casablanca-accueille-sa-nouvelle-consule-generale-marissa-d-scott\/#breadcrumb","itemListElement":[{"@type":"ListItem","position":1,"name":"\u0627\u0644\u0631\u0626\u064a\u0633\u064a\u0629","item":"https:\/\/www.mediaplateforme.com\/fr\/"},{"@type":"ListItem","position":2,"name":"Le Consulat G\u00e9n\u00e9ral des \u00c9tats-Unis \u00e0 Casablanca accueille sa nouvelle Consule g\u00e9n\u00e9rale, Marissa D. Scott"}]},{"@type":"WebSite","@id":"https:\/\/www.mediaplateforme.com\/fr\/#website","url":"https:\/\/www.mediaplateforme.com\/fr\/","name":"MEDIA PLATEFORME | FR","description":"Mediaplateforme sp\u00e9cialis\u00e9 dans la communication institutions publiques et des entreprises","potentialAction":[{"@type":"SearchAction","target":{"@type":"EntryPoint","urlTemplate":"https:\/\/www.mediaplateforme.com\/fr\/?s={search_term_string}"},"query-input":"required name=search_term_string"}],"inLanguage":"fr-FR"},{"@type":"Person","@id":"https:\/\/www.mediaplateforme.com\/fr\/#\/schema\/person\/89833db382b5db2c76b094bc902aa12a","name":"Mediaplateforme","image":{"@type":"ImageObject","inLanguage":"fr-FR","@id":"https:\/\/www.mediaplateforme.com\/fr\/#\/schema\/person\/image\/","url":"https:\/\/secure.gravatar.com\/avatar\/6c9c02e8928cc65d54bf75157f7b3a2d06d7ad0494ca0951f679552ff03b34c1?s=96&d=mm&r=g","contentUrl":"https:\/\/secure.gravatar.com\/avatar\/6c9c02e8928cc65d54bf75157f7b3a2d06d7ad0494ca0951f679552ff03b34c1?s=96&d=mm&r=g","caption":"Mediaplateforme"},"sameAs":["https:\/\/www.mediaplateforme.com"],"url":"https:\/\/www.mediaplateforme.com\/fr\/author\/mohamedladib\/"}]}},"_links":{"self":[{"href":"https:\/\/www.mediaplateforme.com\/fr\/wp-json\/wp\/v2\/posts\/3916","targetHints":{"allow":["GET"]}}],"collection":[{"href":"https:\/\/www.mediaplateforme.com\/fr\/wp-json\/wp\/v2\/posts"}],"about":[{"href":"https:\/\/www.mediaplateforme.com\/fr\/wp-json\/wp\/v2\/types\/post"}],"author":[{"embeddable":true,"href":"https:\/\/www.mediaplateforme.com\/fr\/wp-json\/wp\/v2\/users\/1"}],"replies":[{"embeddable":true,"href":"https:\/\/www.mediaplateforme.com\/fr\/wp-json\/wp\/v2\/comments?post=3916"}],"version-history":[{"count":1,"href":"https:\/\/www.mediaplateforme.com\/fr\/wp-json\/wp\/v2\/posts\/3916\/revisions"}],"predecessor-version":[{"id":3918,"href":"https:\/\/www.mediaplateforme.com\/fr\/wp-json\/wp\/v2\/posts\/3916\/revisions\/3918"}],"wp:featuredmedia":[{"embeddable":true,"href":"https:\/\/www.mediaplateforme.com\/fr\/wp-json\/wp\/v2\/media\/3917"}],"wp:attachment":[{"href":"https:\/\/www.mediaplateforme.com\/fr\/wp-json\/wp\/v2\/media?parent=3916"}],"wp:term":[{"taxonomy":"category","embeddable":true,"href":"https:\/\/www.mediaplateforme.com\/fr\/wp-json\/wp\/v2\/categories?post=3916"},{"taxonomy":"post_tag","embeddable":true,"href":"https:\/\/www.mediaplateforme.com\/fr\/wp-json\/wp\/v2\/tags?post=3916"}],"curies":[{"name":"wp","href":"https:\/\/api.w.org\/{rel}","templated":true}]}}