{"id":3906,"date":"2023-08-24T22:43:42","date_gmt":"2023-08-24T21:43:42","guid":{"rendered":"https:\/\/www.mediaplateforme.com\/fr\/?p=3906"},"modified":"2023-08-24T22:43:42","modified_gmt":"2023-08-24T21:43:42","slug":"alpha-55-poursuit-son-expansion-avec-un-point-de-vente-phare-a-laeria-mall-de-casablanca","status":"publish","type":"post","link":"https:\/\/www.mediaplateforme.com\/fr\/alpha-55-poursuit-son-expansion-avec-un-point-de-vente-phare-a-laeria-mall-de-casablanca\/","title":{"rendered":"Alpha 55 poursuit son expansion avec un point de vente phare a\u0300 l\u2019Aeria Mall de Casablanca"},"content":{"rendered":"<p>La soci\u00e9t\u00e9\u0301 Alpha 55 a proc\u00e9d\u00e9\u0301, le 24 aout 2023, en pr\u00e9sence de M. Ryad Mezzour, Ministre de l\u2019Industrie et du Commerce, a\u0300 l\u2019inauguration de son 4<sup>\u00e8me<\/sup> magasin au sein du centre commercial Aeria Mall a\u0300 Casablanca.<\/p>\n<p>En choisissant Aeria Mall pour cette nouvelle \u00e9tape, Alpha 55 renforce sa position de leader incontournable du retail au Maroc depuis pr\u00e8s d\u2019un demi-si\u00e8cle. Cette implantation est le fruit d&rsquo;une strat\u00e9gie r\u00e9fl\u00e9chie, visant \u00e0 renforcer la proximit\u00e9 avec la client\u00e8le tout en \u00e9tendant la pr\u00e9sence de la marque dans des zones strat\u00e9giques.<\/p>\n<p>&nbsp;<\/p>\n<p>Le choix d&rsquo;Aeria Mall pour cette nouvelle implantation n&rsquo;est pas fortuit. Situ\u00e9 au c\u0153ur de Casa Anfa, ce centre d\u2019achat est bien plus qu&rsquo;un simple espace commercial. Il incarne l&rsquo;alliance parfaite entre histoire et modernit\u00e9, s&rsquo;\u00e9tendant sur un domaine de 25 000 m\u00b2 au site historique de l\u2019ancien a\u00e9rodrome de Casablanca. Avec une architecture soign\u00e9e et un emplacement strat\u00e9gique, il est rapidement devenu le carrefour de choix pour le commerce et le tourisme \u00e0 Casablanca.<\/p>\n<p>&nbsp;<\/p>\n<p>Le magasin d&rsquo;Alpha 55 \u00e0 Aeria Mall couvre une superficie de 2000 m\u00b2 et pr\u00e9sente un vaste \u00e9ventail d&rsquo;univers, de la maison \u00e0 la c\u00e9l\u00e9bration d&rsquo;\u00e9v\u00e9nements festifs. Par ailleurs, et dans le cadre du renforcement de la coop\u00e9ration entre la marque et l&rsquo;\u00c9tat marocain, un accord a \u00e9t\u00e9 conclu aujourd&rsquo;hui avec le minist\u00e8re de l&rsquo;Industrie et du Commerce. Cet accord, officialis\u00e9 au sein m\u00eame du centre commercial Aeria Mall, t\u00e9moigne d&rsquo;une ambition partag\u00e9e de maintenir des normes \u00e9lev\u00e9es et de valoriser le <em>Made in Morocco<\/em>. En vertu de cet accord, Alpha 55 prend l&rsquo;initiative de privil\u00e9gier une gamme plus \u00e9tendue de produits con\u00e7us et fabriqu\u00e9s au Maroc.<\/p>\n<p>A cette occasion, M. Ryad Mezzour a soulign\u00e9 : \u00ab <em>L\u2019expansion de la marque Alpha 55, notamment avec ce nouveau magasin \u00e0 l&rsquo;Aeria Mall, contribuera, sans aucun doute, a\u0300 l\u2019essor de la distribution moderne au Maroc, un secteur auquel nous pr\u00eatons toute l\u2019attention qu\u2019il m\u00e9rite eu \u00e9gard au potentiel de d\u00e9veloppement majeur qu\u2019il rec\u00e8le et au r\u00f4le de locomotive qu\u2019il joue pour le d\u00e9veloppement de l\u2019\u00e9conomie nationale, en tant que catalyseur du renforcement du sourcing local, de la diversification et la mont\u00e9e en comp\u00e9titivit\u00e9\u0301 de l\u2019offre <\/em>Made in Morocco\u00a0\u00bb. Et d\u2019ajouter : \u00ab <em>c\u2019est pourquoi nous signons aujourd\u2019hui avec la soci\u00e9t\u00e9\u0301 alpha 55 une convention pour le d\u00e9veloppement du sourcing local, visant a\u0300 augmenter la part des produits fabriqu\u00e9s au Maroc de 20% notamment pour les produits non alimentaires. Nous nous conformons ainsi aux Hautes Orientations de Sa Majest\u00e9\u0301 le Roi, que Dieu l\u2019Assiste, pour relancer les secteurs productifs et renforcer la souverainete\u0301 industrielle et commerciale de notre pays <\/em>\u00bb.<\/p>\n<h4><em><u>A propos de Alpha 55\u00a0:<\/u><\/em><\/h4>\n<p><em>Depuis sa cr\u00e9ation il y a plus de 44 ans, Alpha 55 a trac\u00e9\u0301 la voie en tant que premier Department Store au Maroc, \u00e9tablissant des normes \u00e9lev\u00e9es en mati\u00e8re de choix, de qualit\u00e9\u0301 et de service. Pendant longtemps, Alpha 55 a e\u0301te\u0301 une adresse, celle du magasin de l\u2019avenue Mers Sultan. Depuis 2019 Alpha 55 est devenue une marque avec une ouverture a\u0300 Anfa Place puis aux Myriades de Bouskoura en 2022. <\/em><\/p>\n","protected":false},"excerpt":{"rendered":"<p>La soci\u00e9t\u00e9\u0301 Alpha 55 a proc\u00e9d\u00e9\u0301, le 24 aout 2023, en pr\u00e9sence de M. Ryad<\/p>\n","protected":false},"author":1,"featured_media":3907,"comment_status":"open","ping_status":"open","sticky":false,"template":"","format":"standard","meta":{"_acf_changed":false,"footnotes":""},"categories":[2,3],"tags":[1233,1232,59],"class_list":["post-3906","post","type-post","status-publish","format-standard","has-post-thumbnail","hentry","category-nouvelles","category-nouvelles-selectionnees","tag-aeria-mall","tag-alpha-55","tag-ryad-mezzour"],"acf":[],"yoast_head":"<!-- This site is optimized with the Yoast SEO plugin v22.0 - https:\/\/yoast.com\/wordpress\/plugins\/seo\/ -->\n<title>Alpha 55 poursuit son expansion avec un point de vente phare a\u0300 l\u2019Aeria Mall de Casablanca - MEDIA PLATEFORME | FR<\/title>\n<meta name=\"description\" content=\"La soci\u00e9t\u00e9\u0301 Alpha 55 , en pr\u00e9sence de M. Ryad Mezzour, Ministre de l\u2019Industrie et du Commerce, au commercial Aeria Mall a\u0300 Casablanca.\" \/>\n<meta name=\"robots\" content=\"index, follow, max-snippet:-1, max-image-preview:large, max-video-preview:-1\" \/>\n<link rel=\"canonical\" href=\"https:\/\/www.mediaplateforme.com\/fr\/alpha-55-poursuit-son-expansion-avec-un-point-de-vente-phare-a-laeria-mall-de-casablanca\/\" \/>\n<meta property=\"og:locale\" content=\"fr_FR\" \/>\n<meta property=\"og:type\" content=\"article\" \/>\n<meta property=\"og:title\" content=\"Alpha 55 poursuit son expansion avec un point de vente phare a\u0300 l\u2019Aeria Mall de Casablanca - MEDIA PLATEFORME | FR\" \/>\n<meta property=\"og:description\" content=\"La soci\u00e9t\u00e9\u0301 Alpha 55 , en pr\u00e9sence de M. Ryad Mezzour, Ministre de l\u2019Industrie et du Commerce, au commercial Aeria Mall a\u0300 Casablanca.\" \/>\n<meta property=\"og:url\" content=\"https:\/\/www.mediaplateforme.com\/fr\/alpha-55-poursuit-son-expansion-avec-un-point-de-vente-phare-a-laeria-mall-de-casablanca\/\" \/>\n<meta property=\"og:site_name\" content=\"MEDIA PLATEFORME | FR\" \/>\n<meta property=\"article:published_time\" content=\"2023-08-24T21:43:42+00:00\" \/>\n<meta property=\"og:image\" content=\"https:\/\/www.mediaplateforme.com\/fr\/wp-content\/uploads\/sites\/5\/2023\/08\/Alpha-55-MIC-6-24082023-2.jpg\" \/>\n\t<meta property=\"og:image:width\" content=\"1600\" \/>\n\t<meta property=\"og:image:height\" content=\"1066\" \/>\n\t<meta property=\"og:image:type\" content=\"image\/jpeg\" \/>\n<meta name=\"author\" content=\"Mediaplateforme\" \/>\n<meta name=\"twitter:card\" content=\"summary_large_image\" \/>\n<meta name=\"twitter:label1\" content=\"\u00c9crit par\" \/>\n\t<meta name=\"twitter:data1\" content=\"Mediaplateforme\" \/>\n\t<meta name=\"twitter:label2\" content=\"Dur\u00e9e de lecture estim\u00e9e\" \/>\n\t<meta name=\"twitter:data2\" content=\"3 minutes\" \/>\n<script type=\"application\/ld+json\" class=\"yoast-schema-graph\">{\"@context\":\"https:\/\/schema.org\",\"@graph\":[{\"@type\":\"WebPage\",\"@id\":\"https:\/\/www.mediaplateforme.com\/fr\/alpha-55-poursuit-son-expansion-avec-un-point-de-vente-phare-a-laeria-mall-de-casablanca\/\",\"url\":\"https:\/\/www.mediaplateforme.com\/fr\/alpha-55-poursuit-son-expansion-avec-un-point-de-vente-phare-a-laeria-mall-de-casablanca\/\",\"name\":\"Alpha 55 poursuit son expansion avec un point de vente phare a\u0300 l\u2019Aeria Mall de Casablanca - MEDIA PLATEFORME | FR\",\"isPartOf\":{\"@id\":\"https:\/\/www.mediaplateforme.com\/fr\/#website\"},\"datePublished\":\"2023-08-24T21:43:42+00:00\",\"dateModified\":\"2023-08-24T21:43:42+00:00\",\"author\":{\"@id\":\"https:\/\/www.mediaplateforme.com\/fr\/#\/schema\/person\/89833db382b5db2c76b094bc902aa12a\"},\"description\":\"La soci\u00e9t\u00e9\u0301 Alpha 55 , en pr\u00e9sence de M. Ryad Mezzour, Ministre de l\u2019Industrie et du Commerce, au commercial Aeria Mall a\u0300 Casablanca.\",\"breadcrumb\":{\"@id\":\"https:\/\/www.mediaplateforme.com\/fr\/alpha-55-poursuit-son-expansion-avec-un-point-de-vente-phare-a-laeria-mall-de-casablanca\/#breadcrumb\"},\"inLanguage\":\"fr-FR\",\"potentialAction\":[{\"@type\":\"ReadAction\",\"target\":[\"https:\/\/www.mediaplateforme.com\/fr\/alpha-55-poursuit-son-expansion-avec-un-point-de-vente-phare-a-laeria-mall-de-casablanca\/\"]}]},{\"@type\":\"BreadcrumbList\",\"@id\":\"https:\/\/www.mediaplateforme.com\/fr\/alpha-55-poursuit-son-expansion-avec-un-point-de-vente-phare-a-laeria-mall-de-casablanca\/#breadcrumb\",\"itemListElement\":[{\"@type\":\"ListItem\",\"position\":1,\"name\":\"\u0627\u0644\u0631\u0626\u064a\u0633\u064a\u0629\",\"item\":\"https:\/\/www.mediaplateforme.com\/fr\/\"},{\"@type\":\"ListItem\",\"position\":2,\"name\":\"Alpha 55 poursuit son expansion avec un point de vente phare a\u0300 l\u2019Aeria Mall de Casablanca\"}]},{\"@type\":\"WebSite\",\"@id\":\"https:\/\/www.mediaplateforme.com\/fr\/#website\",\"url\":\"https:\/\/www.mediaplateforme.com\/fr\/\",\"name\":\"MEDIA PLATEFORME | FR\",\"description\":\"Mediaplateforme sp\u00e9cialis\u00e9 dans la communication institutions publiques et des entreprises\",\"potentialAction\":[{\"@type\":\"SearchAction\",\"target\":{\"@type\":\"EntryPoint\",\"urlTemplate\":\"https:\/\/www.mediaplateforme.com\/fr\/?s={search_term_string}\"},\"query-input\":\"required name=search_term_string\"}],\"inLanguage\":\"fr-FR\"},{\"@type\":\"Person\",\"@id\":\"https:\/\/www.mediaplateforme.com\/fr\/#\/schema\/person\/89833db382b5db2c76b094bc902aa12a\",\"name\":\"Mediaplateforme\",\"image\":{\"@type\":\"ImageObject\",\"inLanguage\":\"fr-FR\",\"@id\":\"https:\/\/www.mediaplateforme.com\/fr\/#\/schema\/person\/image\/\",\"url\":\"https:\/\/secure.gravatar.com\/avatar\/6c9c02e8928cc65d54bf75157f7b3a2d06d7ad0494ca0951f679552ff03b34c1?s=96&d=mm&r=g\",\"contentUrl\":\"https:\/\/secure.gravatar.com\/avatar\/6c9c02e8928cc65d54bf75157f7b3a2d06d7ad0494ca0951f679552ff03b34c1?s=96&d=mm&r=g\",\"caption\":\"Mediaplateforme\"},\"sameAs\":[\"https:\/\/www.mediaplateforme.com\"],\"url\":\"https:\/\/www.mediaplateforme.com\/fr\/author\/mohamedladib\/\"}]}<\/script>\n<!-- \/ Yoast SEO plugin. -->","yoast_head_json":{"title":"Alpha 55 poursuit son expansion avec un point de vente phare a\u0300 l\u2019Aeria Mall de Casablanca - MEDIA PLATEFORME | FR","description":"La soci\u00e9t\u00e9\u0301 Alpha 55 , en pr\u00e9sence de M. Ryad Mezzour, Ministre de l\u2019Industrie et du Commerce, au commercial Aeria Mall a\u0300 Casablanca.","robots":{"index":"index","follow":"follow","max-snippet":"max-snippet:-1","max-image-preview":"max-image-preview:large","max-video-preview":"max-video-preview:-1"},"canonical":"https:\/\/www.mediaplateforme.com\/fr\/alpha-55-poursuit-son-expansion-avec-un-point-de-vente-phare-a-laeria-mall-de-casablanca\/","og_locale":"fr_FR","og_type":"article","og_title":"Alpha 55 poursuit son expansion avec un point de vente phare a\u0300 l\u2019Aeria Mall de Casablanca - MEDIA PLATEFORME | FR","og_description":"La soci\u00e9t\u00e9\u0301 Alpha 55 , en pr\u00e9sence de M. Ryad Mezzour, Ministre de l\u2019Industrie et du Commerce, au commercial Aeria Mall a\u0300 Casablanca.","og_url":"https:\/\/www.mediaplateforme.com\/fr\/alpha-55-poursuit-son-expansion-avec-un-point-de-vente-phare-a-laeria-mall-de-casablanca\/","og_site_name":"MEDIA PLATEFORME | FR","article_published_time":"2023-08-24T21:43:42+00:00","og_image":[{"width":1600,"height":1066,"url":"https:\/\/www.mediaplateforme.com\/fr\/wp-content\/uploads\/sites\/5\/2023\/08\/Alpha-55-MIC-6-24082023-2.jpg","type":"image\/jpeg"}],"author":"Mediaplateforme","twitter_card":"summary_large_image","twitter_misc":{"\u00c9crit par":"Mediaplateforme","Dur\u00e9e de lecture estim\u00e9e":"3 minutes"},"schema":{"@context":"https:\/\/schema.org","@graph":[{"@type":"WebPage","@id":"https:\/\/www.mediaplateforme.com\/fr\/alpha-55-poursuit-son-expansion-avec-un-point-de-vente-phare-a-laeria-mall-de-casablanca\/","url":"https:\/\/www.mediaplateforme.com\/fr\/alpha-55-poursuit-son-expansion-avec-un-point-de-vente-phare-a-laeria-mall-de-casablanca\/","name":"Alpha 55 poursuit son expansion avec un point de vente phare a\u0300 l\u2019Aeria Mall de Casablanca - MEDIA PLATEFORME | FR","isPartOf":{"@id":"https:\/\/www.mediaplateforme.com\/fr\/#website"},"datePublished":"2023-08-24T21:43:42+00:00","dateModified":"2023-08-24T21:43:42+00:00","author":{"@id":"https:\/\/www.mediaplateforme.com\/fr\/#\/schema\/person\/89833db382b5db2c76b094bc902aa12a"},"description":"La soci\u00e9t\u00e9\u0301 Alpha 55 , en pr\u00e9sence de M. Ryad Mezzour, Ministre de l\u2019Industrie et du Commerce, au commercial Aeria Mall a\u0300 Casablanca.","breadcrumb":{"@id":"https:\/\/www.mediaplateforme.com\/fr\/alpha-55-poursuit-son-expansion-avec-un-point-de-vente-phare-a-laeria-mall-de-casablanca\/#breadcrumb"},"inLanguage":"fr-FR","potentialAction":[{"@type":"ReadAction","target":["https:\/\/www.mediaplateforme.com\/fr\/alpha-55-poursuit-son-expansion-avec-un-point-de-vente-phare-a-laeria-mall-de-casablanca\/"]}]},{"@type":"BreadcrumbList","@id":"https:\/\/www.mediaplateforme.com\/fr\/alpha-55-poursuit-son-expansion-avec-un-point-de-vente-phare-a-laeria-mall-de-casablanca\/#breadcrumb","itemListElement":[{"@type":"ListItem","position":1,"name":"\u0627\u0644\u0631\u0626\u064a\u0633\u064a\u0629","item":"https:\/\/www.mediaplateforme.com\/fr\/"},{"@type":"ListItem","position":2,"name":"Alpha 55 poursuit son expansion avec un point de vente phare a\u0300 l\u2019Aeria Mall de Casablanca"}]},{"@type":"WebSite","@id":"https:\/\/www.mediaplateforme.com\/fr\/#website","url":"https:\/\/www.mediaplateforme.com\/fr\/","name":"MEDIA PLATEFORME | FR","description":"Mediaplateforme sp\u00e9cialis\u00e9 dans la communication institutions publiques et des entreprises","potentialAction":[{"@type":"SearchAction","target":{"@type":"EntryPoint","urlTemplate":"https:\/\/www.mediaplateforme.com\/fr\/?s={search_term_string}"},"query-input":"required name=search_term_string"}],"inLanguage":"fr-FR"},{"@type":"Person","@id":"https:\/\/www.mediaplateforme.com\/fr\/#\/schema\/person\/89833db382b5db2c76b094bc902aa12a","name":"Mediaplateforme","image":{"@type":"ImageObject","inLanguage":"fr-FR","@id":"https:\/\/www.mediaplateforme.com\/fr\/#\/schema\/person\/image\/","url":"https:\/\/secure.gravatar.com\/avatar\/6c9c02e8928cc65d54bf75157f7b3a2d06d7ad0494ca0951f679552ff03b34c1?s=96&d=mm&r=g","contentUrl":"https:\/\/secure.gravatar.com\/avatar\/6c9c02e8928cc65d54bf75157f7b3a2d06d7ad0494ca0951f679552ff03b34c1?s=96&d=mm&r=g","caption":"Mediaplateforme"},"sameAs":["https:\/\/www.mediaplateforme.com"],"url":"https:\/\/www.mediaplateforme.com\/fr\/author\/mohamedladib\/"}]}},"_links":{"self":[{"href":"https:\/\/www.mediaplateforme.com\/fr\/wp-json\/wp\/v2\/posts\/3906","targetHints":{"allow":["GET"]}}],"collection":[{"href":"https:\/\/www.mediaplateforme.com\/fr\/wp-json\/wp\/v2\/posts"}],"about":[{"href":"https:\/\/www.mediaplateforme.com\/fr\/wp-json\/wp\/v2\/types\/post"}],"author":[{"embeddable":true,"href":"https:\/\/www.mediaplateforme.com\/fr\/wp-json\/wp\/v2\/users\/1"}],"replies":[{"embeddable":true,"href":"https:\/\/www.mediaplateforme.com\/fr\/wp-json\/wp\/v2\/comments?post=3906"}],"version-history":[{"count":1,"href":"https:\/\/www.mediaplateforme.com\/fr\/wp-json\/wp\/v2\/posts\/3906\/revisions"}],"predecessor-version":[{"id":3908,"href":"https:\/\/www.mediaplateforme.com\/fr\/wp-json\/wp\/v2\/posts\/3906\/revisions\/3908"}],"wp:featuredmedia":[{"embeddable":true,"href":"https:\/\/www.mediaplateforme.com\/fr\/wp-json\/wp\/v2\/media\/3907"}],"wp:attachment":[{"href":"https:\/\/www.mediaplateforme.com\/fr\/wp-json\/wp\/v2\/media?parent=3906"}],"wp:term":[{"taxonomy":"category","embeddable":true,"href":"https:\/\/www.mediaplateforme.com\/fr\/wp-json\/wp\/v2\/categories?post=3906"},{"taxonomy":"post_tag","embeddable":true,"href":"https:\/\/www.mediaplateforme.com\/fr\/wp-json\/wp\/v2\/tags?post=3906"}],"curies":[{"name":"wp","href":"https:\/\/api.w.org\/{rel}","templated":true}]}}