{"id":385,"date":"2022-07-05T11:40:25","date_gmt":"2022-07-05T10:40:25","guid":{"rendered":"https:\/\/www.mediaplateforme.com\/fr\/?p=385"},"modified":"2022-07-05T11:40:25","modified_gmt":"2022-07-05T10:40:25","slug":"comme-chaque-annee-nous-sommes-mobilises-pour-un-aid-al-adha-propre","status":"publish","type":"post","link":"https:\/\/www.mediaplateforme.com\/fr\/comme-chaque-annee-nous-sommes-mobilises-pour-un-aid-al-adha-propre\/","title":{"rendered":"Comme chaque ann\u00e9e, nous sommes mobilis\u00e9s pour un A\u00efd Al Adha propre"},"content":{"rendered":"<p>Le secteur de propret\u00e9 de la ville de Casablanca, \u00e0 l\u2019approche de l\u2019A\u00efd Al Adha, \u00e0 l\u2019instar des ann\u00e9es pr\u00e9c\u00e9dentes, se mobilise pour accompagner cet \u00e9v\u00e8nement religieux, avec tous les d\u00e9fis associes \u00e0 son d\u00e9roulement. Cette f\u00eate, qui est c\u00e9l\u00e9br\u00e9e par les citoyens casablancais comme un \u00e9v\u00e9nement sacr\u00e9 \u00e0 dimensions religieuse, spirituelle, sociale et culturelle, entraine une augmentation consid\u00e9rable du volume des d\u00e9chets qui a d\u00e9pass\u00e9 l\u2019ann\u00e9e pr\u00e9c\u00e9dente 27000 tonnes pendant les 3 jours de l\u2019Aid.<\/p>\n<p>&nbsp;<\/p>\n<p>Conscients de leurs r\u00f4les respectifs dans la pr\u00e9servation du cadre de vie des citoyens casablancais, la commune de Casablanca, la soci\u00e9t\u00e9 de d\u00e9veloppement local Casa Baia, les autorit\u00e9s locales et publique et les deux soci\u00e9t\u00e9s d\u00e9l\u00e9gataires AVERDA et ARMA, ambitionnent d\u2019assurer\u00a0 la propret\u00e9 de la ville pendant l\u2019Aid Al Adha et de garantir la mobilisation de tous les moyens humains et logistiques n\u00e9cessaires avant, pendant et apr\u00e8s le jour de l\u2019AID, afin d\u2019assurer une\u00a0 gestion optimale du volume important des d\u00e9chets issus des c\u00e9l\u00e9brations de cette f\u00eate religieuse et une remise en l\u2019\u00e9tat de la propret\u00e9 de la ville dans un d\u00e9lai maximal de 24h. Pour atteindre cet objectif, la soci\u00e9t\u00e9 \u00ab Casa Baia \u00bb sous couvert de la commune de Casablanca a mis en place, un plan d\u2019action global et ambitieux qui s\u2019articule autour des axes suivants :<\/p>\n<p>&nbsp;<\/p>\n<ol>\n<li>La mobilisation des moyens humains et logistiques n\u00e9cessaires, en coordination avec les soci\u00e9t\u00e9s d\u00e9l\u00e9gataires. Plus de 5400 Agents et environ 880 Engins toutes prestations confondues seront mobilis\u00e9s et d\u00e9ploy\u00e9s sur le terrain et 120 tonnes de sacs plastiques d\u00e9gradables seront distribu\u00e9s.<\/li>\n<li>Le lancement des travaux pr\u00e9paratifs au niveau de la d\u00e9charge publique pour faire face au flux important des engins de collecte suppl\u00e9mentaires d\u00e9di\u00e9s \u00e0 cette op\u00e9ration et des d\u00e9chets durant le jour du sacrifice et les jours d\u2019apr\u00e8s l\u2019A\u00efd.<\/li>\n<li>La mise en place d\u2019un programme d\u2019intervention renforc\u00e9e pour les brigades charg\u00e9es des actions de salubrit\u00e9 et d\u2019hygi\u00e8ne, qui proc\u00e9deront \u00e0 la d\u00e9sinfection et la d\u00e9sinsectisation des sites de pri\u00e8re (Mssala), des points de vente de b\u00e9tail et des points de regroupement des d\u00e9chets. Ces brigades mobiliseront tous les moyens humains et logistiques n\u00e9cessaires pour combattre les insectes et les mauvaises odeurs.<\/li>\n<li>Le lancement sur une semaine avant l\u2019A\u00efd Al Adha, d\u2019une campagne de communication et de sensibilisation qui sera articul\u00e9e autour des actions suivantes :<\/li>\n<li>L\u2019organisation au niveau des 16 arrondissements de la ville d\u2019une caravane sonore qui va parcourir les art\u00e8res et les rues de la ville et proc\u00e9der \u00e0 la distribution aux citoyens, des sacs de plastiques destin\u00e9s aux d\u00e9chets de l\u2019A\u00efd.<\/li>\n<li>L\u2019am\u00e9nagement des espaces au niveau des grandes surfaces pour la sensibilisation des citoyens et la distribution des sacs de plastiques.<\/li>\n<li>La mise en place d\u2019un plan de communication digital sur les sites \u00e9lectroniques les plus visit\u00e9s.<\/li>\n<li>La production de diverses capsules de sensibilisation et sa diffusion sur les r\u00e9seaux sociaux.<\/li>\n<li>La collaboration \u00e0 ce sujet avec des influenceurs sur les r\u00e9seaux sociaux.<\/li>\n<li>L\u2019exploitation des panneaux d\u2019affichage et des \u00e9crans de publicit\u00e9 sur les grandes art\u00e8res et l\u2019accrochage de banderoles dans les quartiers de la ville pour sensibiliser les casablancaises et les casablancais sur la n\u00e9cessit\u00e9 de leur contribution pour pr\u00e9server l\u2019environnement et la propret\u00e9 urbaine durant cette p\u00e9riode festive.<\/li>\n<li>La collaboration avec les partenaires de la soci\u00e9t\u00e9 civile actives dans le domaine de l\u2019environnement, pour la distribution des sacs de plastiques d\u00e9gradables. La propret\u00e9 de la ville de Casablanca pendant les jours de AID ALADHA est un projet commun. Citoyens, \u00e9lus et autorit\u00e9 administrative \u0153uvrent pour un d\u00e9veloppement harmonieux de la m\u00e9tropole.<\/li>\n<\/ol>\n","protected":false},"excerpt":{"rendered":"<p>Le secteur de propret\u00e9 de la ville de Casablanca, \u00e0 l\u2019approche de l\u2019A\u00efd Al Adha,<\/p>\n","protected":false},"author":1,"featured_media":386,"comment_status":"open","ping_status":"open","sticky":false,"template":"","format":"standard","meta":{"_acf_changed":false,"footnotes":""},"categories":[7,3],"tags":[175,176,173,174],"class_list":["post-385","post","type-post","status-publish","format-standard","has-post-thumbnail","hentry","category-articles","category-nouvelles-selectionnees","tag-arma","tag-averda","tag-casablanca","tag-proprete"],"acf":[],"yoast_head":"<!-- This site is optimized with the Yoast SEO plugin v22.0 - https:\/\/yoast.com\/wordpress\/plugins\/seo\/ -->\n<title>Comme chaque ann\u00e9e, nous sommes mobilis\u00e9s pour un A\u00efd Al Adha propre - MEDIA PLATEFORME | FR<\/title>\n<meta name=\"description\" content=\"Le secteur de propret\u00e9 de la ville de Casablanca, \u00e0 l\u2019approche de l\u2019A\u00efd Al Adha, \u00e0 l\u2019instar des ann\u00e9es pr\u00e9c\u00e9dentes,\" \/>\n<meta name=\"robots\" content=\"index, follow, max-snippet:-1, max-image-preview:large, max-video-preview:-1\" \/>\n<link rel=\"canonical\" href=\"https:\/\/www.mediaplateforme.com\/fr\/comme-chaque-annee-nous-sommes-mobilises-pour-un-aid-al-adha-propre\/\" \/>\n<meta property=\"og:locale\" content=\"fr_FR\" \/>\n<meta property=\"og:type\" content=\"article\" \/>\n<meta property=\"og:title\" content=\"Comme chaque ann\u00e9e, nous sommes mobilis\u00e9s pour un A\u00efd Al Adha propre - MEDIA PLATEFORME | FR\" \/>\n<meta property=\"og:description\" content=\"Le secteur de propret\u00e9 de la ville de Casablanca, \u00e0 l\u2019approche de l\u2019A\u00efd Al Adha, \u00e0 l\u2019instar des ann\u00e9es pr\u00e9c\u00e9dentes,\" \/>\n<meta property=\"og:url\" content=\"https:\/\/www.mediaplateforme.com\/fr\/comme-chaque-annee-nous-sommes-mobilises-pour-un-aid-al-adha-propre\/\" \/>\n<meta property=\"og:site_name\" content=\"MEDIA PLATEFORME | FR\" \/>\n<meta property=\"article:published_time\" content=\"2022-07-05T10:40:25+00:00\" \/>\n<meta property=\"og:image\" content=\"https:\/\/www.mediaplateforme.com\/fr\/wp-content\/uploads\/sites\/5\/2022\/07\/IMG-20220704-WA0003.jpg\" \/>\n\t<meta property=\"og:image:width\" content=\"1024\" \/>\n\t<meta property=\"og:image:height\" content=\"767\" \/>\n\t<meta property=\"og:image:type\" content=\"image\/jpeg\" \/>\n<meta name=\"author\" content=\"Mediaplateforme\" \/>\n<meta name=\"twitter:card\" content=\"summary_large_image\" \/>\n<meta name=\"twitter:label1\" content=\"\u00c9crit par\" \/>\n\t<meta name=\"twitter:data1\" content=\"Mediaplateforme\" \/>\n\t<meta name=\"twitter:label2\" content=\"Dur\u00e9e de lecture estim\u00e9e\" \/>\n\t<meta name=\"twitter:data2\" content=\"3 minutes\" \/>\n<script type=\"application\/ld+json\" class=\"yoast-schema-graph\">{\"@context\":\"https:\/\/schema.org\",\"@graph\":[{\"@type\":\"WebPage\",\"@id\":\"https:\/\/www.mediaplateforme.com\/fr\/comme-chaque-annee-nous-sommes-mobilises-pour-un-aid-al-adha-propre\/\",\"url\":\"https:\/\/www.mediaplateforme.com\/fr\/comme-chaque-annee-nous-sommes-mobilises-pour-un-aid-al-adha-propre\/\",\"name\":\"Comme chaque ann\u00e9e, nous sommes mobilis\u00e9s pour un A\u00efd Al Adha propre - MEDIA PLATEFORME | FR\",\"isPartOf\":{\"@id\":\"https:\/\/www.mediaplateforme.com\/fr\/#website\"},\"datePublished\":\"2022-07-05T10:40:25+00:00\",\"dateModified\":\"2022-07-05T10:40:25+00:00\",\"author\":{\"@id\":\"https:\/\/www.mediaplateforme.com\/fr\/#\/schema\/person\/89833db382b5db2c76b094bc902aa12a\"},\"description\":\"Le secteur de propret\u00e9 de la ville de Casablanca, \u00e0 l\u2019approche de l\u2019A\u00efd Al Adha, \u00e0 l\u2019instar des ann\u00e9es pr\u00e9c\u00e9dentes,\",\"breadcrumb\":{\"@id\":\"https:\/\/www.mediaplateforme.com\/fr\/comme-chaque-annee-nous-sommes-mobilises-pour-un-aid-al-adha-propre\/#breadcrumb\"},\"inLanguage\":\"fr-FR\",\"potentialAction\":[{\"@type\":\"ReadAction\",\"target\":[\"https:\/\/www.mediaplateforme.com\/fr\/comme-chaque-annee-nous-sommes-mobilises-pour-un-aid-al-adha-propre\/\"]}]},{\"@type\":\"BreadcrumbList\",\"@id\":\"https:\/\/www.mediaplateforme.com\/fr\/comme-chaque-annee-nous-sommes-mobilises-pour-un-aid-al-adha-propre\/#breadcrumb\",\"itemListElement\":[{\"@type\":\"ListItem\",\"position\":1,\"name\":\"\u0627\u0644\u0631\u0626\u064a\u0633\u064a\u0629\",\"item\":\"https:\/\/www.mediaplateforme.com\/fr\/\"},{\"@type\":\"ListItem\",\"position\":2,\"name\":\"Comme chaque ann\u00e9e, nous sommes mobilis\u00e9s pour un A\u00efd Al Adha propre\"}]},{\"@type\":\"WebSite\",\"@id\":\"https:\/\/www.mediaplateforme.com\/fr\/#website\",\"url\":\"https:\/\/www.mediaplateforme.com\/fr\/\",\"name\":\"MEDIA PLATEFORME | FR\",\"description\":\"Mediaplateforme sp\u00e9cialis\u00e9 dans la communication institutions publiques et des entreprises\",\"potentialAction\":[{\"@type\":\"SearchAction\",\"target\":{\"@type\":\"EntryPoint\",\"urlTemplate\":\"https:\/\/www.mediaplateforme.com\/fr\/?s={search_term_string}\"},\"query-input\":\"required name=search_term_string\"}],\"inLanguage\":\"fr-FR\"},{\"@type\":\"Person\",\"@id\":\"https:\/\/www.mediaplateforme.com\/fr\/#\/schema\/person\/89833db382b5db2c76b094bc902aa12a\",\"name\":\"Mediaplateforme\",\"image\":{\"@type\":\"ImageObject\",\"inLanguage\":\"fr-FR\",\"@id\":\"https:\/\/www.mediaplateforme.com\/fr\/#\/schema\/person\/image\/\",\"url\":\"https:\/\/secure.gravatar.com\/avatar\/6c9c02e8928cc65d54bf75157f7b3a2d06d7ad0494ca0951f679552ff03b34c1?s=96&d=mm&r=g\",\"contentUrl\":\"https:\/\/secure.gravatar.com\/avatar\/6c9c02e8928cc65d54bf75157f7b3a2d06d7ad0494ca0951f679552ff03b34c1?s=96&d=mm&r=g\",\"caption\":\"Mediaplateforme\"},\"sameAs\":[\"https:\/\/www.mediaplateforme.com\"],\"url\":\"https:\/\/www.mediaplateforme.com\/fr\/author\/mohamedladib\/\"}]}<\/script>\n<!-- \/ Yoast SEO plugin. -->","yoast_head_json":{"title":"Comme chaque ann\u00e9e, nous sommes mobilis\u00e9s pour un A\u00efd Al Adha propre - MEDIA PLATEFORME | FR","description":"Le secteur de propret\u00e9 de la ville de Casablanca, \u00e0 l\u2019approche de l\u2019A\u00efd Al Adha, \u00e0 l\u2019instar des ann\u00e9es pr\u00e9c\u00e9dentes,","robots":{"index":"index","follow":"follow","max-snippet":"max-snippet:-1","max-image-preview":"max-image-preview:large","max-video-preview":"max-video-preview:-1"},"canonical":"https:\/\/www.mediaplateforme.com\/fr\/comme-chaque-annee-nous-sommes-mobilises-pour-un-aid-al-adha-propre\/","og_locale":"fr_FR","og_type":"article","og_title":"Comme chaque ann\u00e9e, nous sommes mobilis\u00e9s pour un A\u00efd Al Adha propre - MEDIA PLATEFORME | FR","og_description":"Le secteur de propret\u00e9 de la ville de Casablanca, \u00e0 l\u2019approche de l\u2019A\u00efd Al Adha, \u00e0 l\u2019instar des ann\u00e9es pr\u00e9c\u00e9dentes,","og_url":"https:\/\/www.mediaplateforme.com\/fr\/comme-chaque-annee-nous-sommes-mobilises-pour-un-aid-al-adha-propre\/","og_site_name":"MEDIA PLATEFORME | FR","article_published_time":"2022-07-05T10:40:25+00:00","og_image":[{"width":1024,"height":767,"url":"https:\/\/www.mediaplateforme.com\/fr\/wp-content\/uploads\/sites\/5\/2022\/07\/IMG-20220704-WA0003.jpg","type":"image\/jpeg"}],"author":"Mediaplateforme","twitter_card":"summary_large_image","twitter_misc":{"\u00c9crit par":"Mediaplateforme","Dur\u00e9e de lecture estim\u00e9e":"3 minutes"},"schema":{"@context":"https:\/\/schema.org","@graph":[{"@type":"WebPage","@id":"https:\/\/www.mediaplateforme.com\/fr\/comme-chaque-annee-nous-sommes-mobilises-pour-un-aid-al-adha-propre\/","url":"https:\/\/www.mediaplateforme.com\/fr\/comme-chaque-annee-nous-sommes-mobilises-pour-un-aid-al-adha-propre\/","name":"Comme chaque ann\u00e9e, nous sommes mobilis\u00e9s pour un A\u00efd Al Adha propre - MEDIA PLATEFORME | FR","isPartOf":{"@id":"https:\/\/www.mediaplateforme.com\/fr\/#website"},"datePublished":"2022-07-05T10:40:25+00:00","dateModified":"2022-07-05T10:40:25+00:00","author":{"@id":"https:\/\/www.mediaplateforme.com\/fr\/#\/schema\/person\/89833db382b5db2c76b094bc902aa12a"},"description":"Le secteur de propret\u00e9 de la ville de Casablanca, \u00e0 l\u2019approche de l\u2019A\u00efd Al Adha, \u00e0 l\u2019instar des ann\u00e9es pr\u00e9c\u00e9dentes,","breadcrumb":{"@id":"https:\/\/www.mediaplateforme.com\/fr\/comme-chaque-annee-nous-sommes-mobilises-pour-un-aid-al-adha-propre\/#breadcrumb"},"inLanguage":"fr-FR","potentialAction":[{"@type":"ReadAction","target":["https:\/\/www.mediaplateforme.com\/fr\/comme-chaque-annee-nous-sommes-mobilises-pour-un-aid-al-adha-propre\/"]}]},{"@type":"BreadcrumbList","@id":"https:\/\/www.mediaplateforme.com\/fr\/comme-chaque-annee-nous-sommes-mobilises-pour-un-aid-al-adha-propre\/#breadcrumb","itemListElement":[{"@type":"ListItem","position":1,"name":"\u0627\u0644\u0631\u0626\u064a\u0633\u064a\u0629","item":"https:\/\/www.mediaplateforme.com\/fr\/"},{"@type":"ListItem","position":2,"name":"Comme chaque ann\u00e9e, nous sommes mobilis\u00e9s pour un A\u00efd Al Adha propre"}]},{"@type":"WebSite","@id":"https:\/\/www.mediaplateforme.com\/fr\/#website","url":"https:\/\/www.mediaplateforme.com\/fr\/","name":"MEDIA PLATEFORME | FR","description":"Mediaplateforme sp\u00e9cialis\u00e9 dans la communication institutions publiques et des entreprises","potentialAction":[{"@type":"SearchAction","target":{"@type":"EntryPoint","urlTemplate":"https:\/\/www.mediaplateforme.com\/fr\/?s={search_term_string}"},"query-input":"required name=search_term_string"}],"inLanguage":"fr-FR"},{"@type":"Person","@id":"https:\/\/www.mediaplateforme.com\/fr\/#\/schema\/person\/89833db382b5db2c76b094bc902aa12a","name":"Mediaplateforme","image":{"@type":"ImageObject","inLanguage":"fr-FR","@id":"https:\/\/www.mediaplateforme.com\/fr\/#\/schema\/person\/image\/","url":"https:\/\/secure.gravatar.com\/avatar\/6c9c02e8928cc65d54bf75157f7b3a2d06d7ad0494ca0951f679552ff03b34c1?s=96&d=mm&r=g","contentUrl":"https:\/\/secure.gravatar.com\/avatar\/6c9c02e8928cc65d54bf75157f7b3a2d06d7ad0494ca0951f679552ff03b34c1?s=96&d=mm&r=g","caption":"Mediaplateforme"},"sameAs":["https:\/\/www.mediaplateforme.com"],"url":"https:\/\/www.mediaplateforme.com\/fr\/author\/mohamedladib\/"}]}},"_links":{"self":[{"href":"https:\/\/www.mediaplateforme.com\/fr\/wp-json\/wp\/v2\/posts\/385","targetHints":{"allow":["GET"]}}],"collection":[{"href":"https:\/\/www.mediaplateforme.com\/fr\/wp-json\/wp\/v2\/posts"}],"about":[{"href":"https:\/\/www.mediaplateforme.com\/fr\/wp-json\/wp\/v2\/types\/post"}],"author":[{"embeddable":true,"href":"https:\/\/www.mediaplateforme.com\/fr\/wp-json\/wp\/v2\/users\/1"}],"replies":[{"embeddable":true,"href":"https:\/\/www.mediaplateforme.com\/fr\/wp-json\/wp\/v2\/comments?post=385"}],"version-history":[{"count":0,"href":"https:\/\/www.mediaplateforme.com\/fr\/wp-json\/wp\/v2\/posts\/385\/revisions"}],"wp:featuredmedia":[{"embeddable":true,"href":"https:\/\/www.mediaplateforme.com\/fr\/wp-json\/wp\/v2\/media\/386"}],"wp:attachment":[{"href":"https:\/\/www.mediaplateforme.com\/fr\/wp-json\/wp\/v2\/media?parent=385"}],"wp:term":[{"taxonomy":"category","embeddable":true,"href":"https:\/\/www.mediaplateforme.com\/fr\/wp-json\/wp\/v2\/categories?post=385"},{"taxonomy":"post_tag","embeddable":true,"href":"https:\/\/www.mediaplateforme.com\/fr\/wp-json\/wp\/v2\/tags?post=385"}],"curies":[{"name":"wp","href":"https:\/\/api.w.org\/{rel}","templated":true}]}}