{"id":381,"date":"2022-07-05T11:29:21","date_gmt":"2022-07-05T10:29:21","guid":{"rendered":"https:\/\/www.mediaplateforme.com\/fr\/?p=381"},"modified":"2022-07-05T11:29:21","modified_gmt":"2022-07-05T10:29:21","slug":"les-regionales-de-linvestissement-la-banque-populaire-repart-a-la-rencontre-des-investisseurs-dans-loriental","status":"publish","type":"post","link":"https:\/\/www.mediaplateforme.com\/fr\/les-regionales-de-linvestissement-la-banque-populaire-repart-a-la-rencontre-des-investisseurs-dans-loriental\/","title":{"rendered":"LES R\u00c9GIONALES DE L\u2019INVESTISSEMENT : LA BANQUE POPULAIRE REPART A LA RENCONTRE DES INVESTISSEURS DANS L\u2019ORIENTAL"},"content":{"rendered":"<p>Apr\u00e8s un lancement r\u00e9ussi \u00e0 Rabat et Agadir, la deuxi\u00e8me \u00e9dition de la tourn\u00e9e Les R\u00e9gionales de l\u2019Investissement , organis\u00e9e par la <a href=\"https:\/\/www.mediaplateforme.com\/fr\/la-banque-populaire-met-les-bouchees-doubles-pour-accueillir-les-marocains-du-monde\/\">Banque Populaire<\/a>, s\u2019est poursuivie dans <a href=\"https:\/\/conseilregionoriental.ma\/fr\">la r\u00e9gion de l\u2019Oriental<\/a>, avec deux nouvelles escales tenues les 21 et 22 juin respectivement \u00e0 Oujda et Nador.<\/p>\n<p>Celles-ci ont \u00e9t\u00e9 marqu\u00e9es par la participation de Mme Leila Benali, Ministre de la Transition Energ\u00e9tique et du D\u00e9veloppement durable et de M. Mouaad Jamai, Wali de la R\u00e9gion de l\u2019Oriental.<\/p>\n<p>Les escales d\u2019Oujda et de Nador ont suscit\u00e9 un fort engouement de la part des op\u00e9rateurs de la r\u00e9gion venus nombreux pour s\u2019informer sur les opportunit\u00e9s offertes en mati\u00e8re d\u2019investissement et b\u00e9n\u00e9ficier de l\u2019accompagnement n\u00e9cessaire pour la r\u00e9alisation de leurs projets.<\/p>\n<h3><strong>L\u2019INDUSTRIE \u00c9LECTRIQUE, L\u2019\u00c9LECTRONIQUE ET L\u2019OFFSHORING A L\u2019HONNEUR A OUJDA<\/strong><\/h3>\n<p>En ouverture de la rencontre d\u2019Oujda, M. le Wali a insist\u00e9 sur le r\u00f4le de locomotive nationale que la r\u00e9gion de l\u2019Oriental est amen\u00e9e \u00e0 jouer pour l\u2019\u00e9conomie nationale durant la prochaine d\u00e9cennie, avec le concours du nouveau port de NADOR WEST MED. Il a \u00e9galement soulign\u00e9 les importantes potentiatlit\u00e9s qu\u2019offre cette r\u00e9gion dans des secteurs aussi divers que l\u2019agriculture, les mines, l\u2019offshoring, le tourisme, les \u00e9nergies renouvelables et l\u2019\u00e9conomie sociale &amp; solidaire. Et dans ce registre, l\u2019ambition affich\u00e9e est de cr\u00e9er 10.000 postes et de former 500 jeunes par an dans les m\u00e9tiers de l\u2019offshoring sur une p\u00e9riode de 5 ans.<\/p>\n<p>De son c\u00f4t\u00e9, M. Jalil Sebti a dress\u00e9 un bilan de la pr\u00e9c\u00e9dente \u00e9dition des R\u00e9gionales de l\u2019Investissement , en faisant un focus sur la r\u00e9gion de l\u2019Oriental, avec 162 millions de DH de financements concr\u00e9tis\u00e9s \u00e0 ce jour, dont plus de 50% sont allou\u00e9s \u00e0 des projets industriels.<\/p>\n<p>Pour sa part, M. Ahmed Mahrous, Pr\u00e9sident du Directoire de la Banque Populaire d\u2019Oujda a insist\u00e9 sur l\u2019ambition d\u2019inscrire l\u2019\u00e9dition 2022 de la tourn\u00e9e des R\u00e9gionales de l\u2019Investissement? dans la continuit\u00e9 du succ\u00e8s de la pr\u00e9c\u00e9dente. Pour ce faire la Banque pourra s\u2019appuyer sur son statut de leader dans son p\u00e9rim\u00e8tre d\u2019exploitation, avec plus de 450.000 clients, 50% de parts de march\u00e9 en termes de financement et 45% en termes de mobilisation de l\u2019\u00e9pargne.<\/p>\n<p>Le premier panel, consacr\u00e9 aux secteurs de l\u2019industrie \u00e9lectrique, de l\u2019\u00e9lectronique et \u00e0 celui de l\u2019offshoring, a connu la participation des principaux organismes agissant dans ce domaine : la CGEM de l\u2019Oriental, le Minist\u00e8re de l\u2019Industrie et du Commerce, la FENELEC et l\u2019APEBI. Ceux-ci ont point\u00e9 l\u2019importance de ces secteurs exportateurs par excellence. Ils ont \u00e9galement mis en exergue les grandes opportunit\u00e9s identifi\u00e9es \u00e0 l\u2019export dans ces 3 domaines compl\u00e9mentaires, afin d\u2019accompagner l\u2019\u00e9volution des usages \u00e0 travers le Monde (Mobilit\u00e9, \u00e9lectronique embarqu\u00e9e, internet des objets, d\u00e9mat\u00e9rialisation\u2026). Pour cela, le Maroc peut compter sur son savoir-faire historique dans l\u2019industrie \u00e9lectrique et \u00e9lectronique pour se repositionner dans les nouvelles cha\u00eenes mondiales d\u2019approvisionnement. Le pays dispose \u00e9galement de tous les ingr\u00e9dients pour r\u00e9ussir \u00e0 tirer le maximum du potentiel offert par les nouveaux d\u00e9veloppements du secteur de l\u2019offshoring, que ce soit en termes de Comp\u00e9tences, de Life Skills, d\u2019Innovation ou de partenariats.<\/p>\n<h3><strong>NADOR PLAC\u00c9E SOUS LE SIGNE DE LA TRANSITION \u00c9NERG\u00c9TIQUE<\/strong><\/h3>\n<p>Lors de l\u2019escale de Nador, Mme la Ministre Leila Benali a insist\u00e9 sur l\u2019importance d\u2019op\u00e9rer une transition \u00e9nerg\u00e9tique afin de faire face \u00e0 la volatilit\u00e9 grandissante des march\u00e9s, tout en soulignant les atouts dont dispose le Maroc dans ce domaine. \u00ab Riche de son potentiel en mati\u00e8re d\u2019\u00e9nergies renouvelables, d\u2019efficacit\u00e9 \u00e9nerg\u00e9tique, de ressources mini\u00e8res et d\u2019infrastructures logistiques, la r\u00e9gion de l\u2019Oriental peut \u00eatre un mod\u00e8le dans la r\u00e9alisation des objectifs de transition \u00e9nerg\u00e9tique et de d\u00e9veloppement de la r\u00e9silience de nos PME et de notre \u00e9conomie sociale &amp; solidaire face \u00e0 la volatilit\u00e9 qui marque dor\u00e9navant l\u2019\u00e9conomie mondiale \u00bb, a-t-elle ainsi d\u00e9clar\u00e9.<\/p>\n<p>Pour sa part, M. Jalil Sebti a mis en exergue, lors de sa pr\u00e9sentation du bilan de la pr\u00e9c\u00e9dente \u00e9dition de la tourn\u00e9e, les gains de productivit\u00e9 cons\u00e9quents g\u00e9n\u00e9r\u00e9s par les \u00e9conomies d\u2019\u00e9nergie r\u00e9alis\u00e9es par les entreprises accompagn\u00e9es dans le cadre des financements verts.<\/p>\n<p>A son tour, M. Mohamed Affane, Pr\u00e9sident de la BP Nador-Al Hoceima, a rappel\u00e9 le r\u00f4le important que la Banque joue dans cette r\u00e9gion, \u00e0 travers sa position de leader, dans le domaine du financement et de l\u2019accompagnement des TPME et, partant, dans la structuration du tissu informel en collaboration avec les partenaires institutionnels r\u00e9gionaux.<\/p>\n<p>Ces d\u00e9clarations ont trouv\u00e9 un \u00e9cho favorable aupr\u00e8s des participants au premier panel (CCIS de l\u2019Oriental, Minist\u00e8re de l\u2019Industrie et du Commerce, AMEE et SIE), qui n\u2019ont pas manqu\u00e9 de relever que la conjoncture actuelle \u00e9tait propice \u00e0 la mise en place des m\u00e9canismes d\u2019une \u00e9conomie verte et durable. Ceux-ci ont \u00e9galement insist\u00e9 sur la n\u00e9cessit\u00e9 d\u2019une mobilisation g\u00e9n\u00e9rale de l\u2019ensemble des acteurs, publics et priv\u00e9s, pour la r\u00e9ussite de la transition \u00e9nerg\u00e9tique.<\/p>\n<h3><strong>Les R\u00e9gionales de l\u2019Investissement ET LES LEVIERS DE D\u00c9VELOPPEMENT ET LES DISPOSITIFS D\u2019ACCOMPAGNEMENT <\/strong><\/h3>\n<p>Lors des deux escales, le panel 2 a \u00e9t\u00e9 consacr\u00e9 aux leviers de d\u00e9veloppement des investissements et des exportations dans la r\u00e9gion de l\u2019Oriental, avec la participation du CRI de l\u2019Oriental, du Minist\u00e8re de l\u2019Industrie et du Commerce, de l\u2019AMDIE et de l\u2019ASMEX.<\/p>\n<p>&nbsp;<\/p>\n<p>Lors de ce panel, un bilan de la banque de projets \u00ab Souverainet\u00e9 industrielle \u00bb a \u00e9t\u00e9 dress\u00e9. Au niveau de la r\u00e9gion, ce sont 87 projets qui ont \u00e9t\u00e9 identifi\u00e9s, ce qui repr\u00e9sente un investissement global de 2,9 MMDH, 10 900 emplois directs et un chiffre d\u2019affaires pr\u00e9visionnel de 7,4 MMDH.<\/p>\n<p>&nbsp;<\/p>\n<p>L\u2019accent a \u00e9galement \u00e9t\u00e9 mis sur le potentiel \u00e0 l\u2019export identifi\u00e9 par la Task Force Export mise en place par le Minist\u00e8re de l\u2019Industrie et du Commerce. Les intervenants ont pr\u00e9sent\u00e9 les dispositifs de promotion des exportations et d\u2019accompagnements vers les march\u00e9s cibles.<\/p>\n<p>De son c\u00f4t\u00e9, le repr\u00e9sentant de l\u2019AMDIE a point\u00e9 le r\u00f4le important que joue la marque MOROCCO NOW dans le rayonnement du Maroc en tant que plateforme industrielle exportatrice d\u00e9carbonn\u00e9e et comp\u00e9titive de premier rang, ce qui est de nature \u00e0 attirer les investissements \u00e9trangers. Et pour cela, il est n\u00e9cessaire, selon l\u2019ASMEX, d\u2019opter pour une diversification des march\u00e9s tout en innovant dans les m\u00e9thodes de prospection, notamment en int\u00e9grant les aspects interculturels.<\/p>\n<p>Le panel 3 a, quant \u00e0 lui, \u00e9t\u00e9 consacr\u00e9 aux dispositifs de financement, avec la participation de repr\u00e9sentants de Tamwilcom, de Maroc PME, du Fonds d\u2019Investissement de la R\u00e9gion de l\u2019Oriental (FIRO), du Conseil de la R\u00e9gion de l\u2019Oriental, ainsi que du groupe BCP. Tamwilcom a expos\u00e9 \u00e0 Oujda son offre destin\u00e9e aux start-ups innovantes (Innov Invest), et \u00e0 Nador l\u2019offre d\u00e9di\u00e9e au soutien des projets de l\u2019\u00e9conomie verte que ce soit en mati\u00e8re de co-financement \u00e0 travers Green Invest ou de garantie via le rel\u00e8vement de la quotit\u00e9 et des plafonds de garantie.<\/p>\n<p>&nbsp;<\/p>\n<p>Le FIRO a \u00e9galement pr\u00e9sent\u00e9 son dispositif d\u2019accompagnement en faveur des investisseurs dans la r\u00e9gion, notamment \u00e0 travers des prises de participation \u00e0 hauteur d\u2019un million de DH sans contrepartie, que ce soit en termes de dividendes ou de plus-value \u00e0 la sortie. Le plan strat\u00e9gique du fonds pr\u00e9voit \u00e9galement de lancer de nouvelles lignes d\u2019investissement d\u00e9di\u00e9es aux projets d\u2019investissement situ\u00e9s entre 5 et 10 MDH.<\/p>\n<p>Pour sa part, M. Mohamed Amimi, Directeur Ex\u00e9cutif en charge de la Banque de la PME a pr\u00e9sent\u00e9 l\u2019offre d\u2019accompagnement et de financement int\u00e9grant celles des diff\u00e9rents partenaires, notamment en mati\u00e8re de financement de l\u2019innovation \u00e0 travers l\u2019offre BP Startup, de financements verts via BP GREEN INVEST, et de financement de l\u2019investissement de la diaspora par le biais de l\u2019offre MDM Invest. Il a \u00e9galement mis en avant le dispositif d\u2019accompagnement des entreprises exportatrices et de s\u00e9curisation des op\u00e9rations financi\u00e8res \u00e0 l\u2019international. Et dans ce volet, M. Amimi a soulign\u00e9 la double distinction obtenue cette ann\u00e9e par la BCP dans le domaine du Trade Finance.<\/p>\n<p>Rendez-vous d\u00e9sormais incontournables durant Les r\u00e9gionales de l\u2019Investissement, les workshops organis\u00e9s en marge de ces deux rencontres ont permis aux investisseurs de b\u00e9n\u00e9ficier d\u2019un conseil et d\u2019un accompagnement personnalis\u00e9s de la part d\u2019experts de la Banque, de ses filiales et de ses principaux partenaires, lors de rencontres individuelles.<\/p>\n","protected":false},"excerpt":{"rendered":"<p>Apr\u00e8s un lancement r\u00e9ussi \u00e0 Rabat et Agadir, la deuxi\u00e8me \u00e9dition de la tourn\u00e9e Les<\/p>\n","protected":false},"author":1,"featured_media":382,"comment_status":"open","ping_status":"open","sticky":false,"template":"","format":"standard","meta":{"_acf_changed":false,"footnotes":""},"categories":[4,3],"tags":[100,172],"class_list":["post-381","post","type-post","status-publish","format-standard","has-post-thumbnail","hentry","category-economie","category-nouvelles-selectionnees","tag-banque-populaire","tag-les-regionales-de-linvestissement"],"acf":[],"yoast_head":"<!-- This site is optimized with the Yoast SEO plugin v22.0 - https:\/\/yoast.com\/wordpress\/plugins\/seo\/ -->\n<title>LES R\u00c9GIONALES DE L\u2019INVESTISSEMENT : LA BANQUE POPULAIRE REPART A LA RENCONTRE DES INVESTISSEURS DANS L\u2019ORIENTAL - MEDIA PLATEFORME | FR<\/title>\n<meta name=\"description\" content=\"Apr\u00e8s un lancement \u00e0 Rabat et Agadir, la 2\u00e8me \u00e9dition de la tourn\u00e9e Les R\u00e9gionales de l\u2019Investissement, organis\u00e9e par la Banque Populaire\" \/>\n<meta name=\"robots\" content=\"index, follow, max-snippet:-1, max-image-preview:large, max-video-preview:-1\" \/>\n<link rel=\"canonical\" href=\"https:\/\/www.mediaplateforme.com\/fr\/?p=381\" \/>\n<meta property=\"og:locale\" content=\"fr_FR\" \/>\n<meta property=\"og:type\" content=\"article\" \/>\n<meta property=\"og:title\" content=\"LES R\u00c9GIONALES DE L\u2019INVESTISSEMENT : LA BANQUE POPULAIRE REPART A LA RENCONTRE DES INVESTISSEURS DANS L\u2019ORIENTAL - MEDIA PLATEFORME | FR\" \/>\n<meta property=\"og:description\" content=\"Apr\u00e8s un lancement \u00e0 Rabat et Agadir, la 2\u00e8me \u00e9dition de la tourn\u00e9e Les R\u00e9gionales de l\u2019Investissement, organis\u00e9e par la Banque Populaire\" \/>\n<meta property=\"og:url\" content=\"https:\/\/www.mediaplateforme.com\/fr\/?p=381\" \/>\n<meta property=\"og:site_name\" content=\"MEDIA PLATEFORME | FR\" \/>\n<meta property=\"article:published_time\" content=\"2022-07-05T10:29:21+00:00\" \/>\n<meta name=\"author\" content=\"Mediaplateforme\" \/>\n<meta name=\"twitter:card\" content=\"summary_large_image\" \/>\n<meta name=\"twitter:label1\" content=\"\u00c9crit par\" \/>\n\t<meta name=\"twitter:data1\" content=\"Mediaplateforme\" \/>\n\t<meta name=\"twitter:label2\" content=\"Dur\u00e9e de lecture estim\u00e9e\" \/>\n\t<meta name=\"twitter:data2\" content=\"8 minutes\" \/>\n<script type=\"application\/ld+json\" class=\"yoast-schema-graph\">{\"@context\":\"https:\/\/schema.org\",\"@graph\":[{\"@type\":\"WebPage\",\"@id\":\"https:\/\/www.mediaplateforme.com\/fr\/?p=381\",\"url\":\"https:\/\/www.mediaplateforme.com\/fr\/?p=381\",\"name\":\"LES R\u00c9GIONALES DE L\u2019INVESTISSEMENT : LA BANQUE POPULAIRE REPART A LA RENCONTRE DES INVESTISSEURS DANS L\u2019ORIENTAL - MEDIA PLATEFORME | FR\",\"isPartOf\":{\"@id\":\"https:\/\/www.mediaplateforme.com\/fr\/#website\"},\"datePublished\":\"2022-07-05T10:29:21+00:00\",\"dateModified\":\"2022-07-05T10:29:21+00:00\",\"author\":{\"@id\":\"https:\/\/www.mediaplateforme.com\/fr\/#\/schema\/person\/89833db382b5db2c76b094bc902aa12a\"},\"description\":\"Apr\u00e8s un lancement \u00e0 Rabat et Agadir, la 2\u00e8me \u00e9dition de la tourn\u00e9e Les R\u00e9gionales de l\u2019Investissement, organis\u00e9e par la Banque Populaire\",\"breadcrumb\":{\"@id\":\"https:\/\/www.mediaplateforme.com\/fr\/?p=381#breadcrumb\"},\"inLanguage\":\"fr-FR\",\"potentialAction\":[{\"@type\":\"ReadAction\",\"target\":[\"https:\/\/www.mediaplateforme.com\/fr\/?p=381\"]}]},{\"@type\":\"BreadcrumbList\",\"@id\":\"https:\/\/www.mediaplateforme.com\/fr\/?p=381#breadcrumb\",\"itemListElement\":[{\"@type\":\"ListItem\",\"position\":1,\"name\":\"\u0627\u0644\u0631\u0626\u064a\u0633\u064a\u0629\",\"item\":\"https:\/\/www.mediaplateforme.com\/fr\/\"},{\"@type\":\"ListItem\",\"position\":2,\"name\":\"LES R\u00c9GIONALES DE L\u2019INVESTISSEMENT : LA BANQUE POPULAIRE REPART A LA RENCONTRE DES INVESTISSEURS DANS L\u2019ORIENTAL\"}]},{\"@type\":\"WebSite\",\"@id\":\"https:\/\/www.mediaplateforme.com\/fr\/#website\",\"url\":\"https:\/\/www.mediaplateforme.com\/fr\/\",\"name\":\"MEDIA PLATEFORME | FR\",\"description\":\"Mediaplateforme sp\u00e9cialis\u00e9 dans la communication institutions publiques et des entreprises\",\"potentialAction\":[{\"@type\":\"SearchAction\",\"target\":{\"@type\":\"EntryPoint\",\"urlTemplate\":\"https:\/\/www.mediaplateforme.com\/fr\/?s={search_term_string}\"},\"query-input\":\"required name=search_term_string\"}],\"inLanguage\":\"fr-FR\"},{\"@type\":\"Person\",\"@id\":\"https:\/\/www.mediaplateforme.com\/fr\/#\/schema\/person\/89833db382b5db2c76b094bc902aa12a\",\"name\":\"Mediaplateforme\",\"image\":{\"@type\":\"ImageObject\",\"inLanguage\":\"fr-FR\",\"@id\":\"https:\/\/www.mediaplateforme.com\/fr\/#\/schema\/person\/image\/\",\"url\":\"https:\/\/secure.gravatar.com\/avatar\/6c9c02e8928cc65d54bf75157f7b3a2d06d7ad0494ca0951f679552ff03b34c1?s=96&d=mm&r=g\",\"contentUrl\":\"https:\/\/secure.gravatar.com\/avatar\/6c9c02e8928cc65d54bf75157f7b3a2d06d7ad0494ca0951f679552ff03b34c1?s=96&d=mm&r=g\",\"caption\":\"Mediaplateforme\"},\"sameAs\":[\"https:\/\/www.mediaplateforme.com\"],\"url\":\"https:\/\/www.mediaplateforme.com\/fr\/author\/mohamedladib\/\"}]}<\/script>\n<!-- \/ Yoast SEO plugin. -->","yoast_head_json":{"title":"LES R\u00c9GIONALES DE L\u2019INVESTISSEMENT : LA BANQUE POPULAIRE REPART A LA RENCONTRE DES INVESTISSEURS DANS L\u2019ORIENTAL - MEDIA PLATEFORME | FR","description":"Apr\u00e8s un lancement \u00e0 Rabat et Agadir, la 2\u00e8me \u00e9dition de la tourn\u00e9e Les R\u00e9gionales de l\u2019Investissement, organis\u00e9e par la Banque Populaire","robots":{"index":"index","follow":"follow","max-snippet":"max-snippet:-1","max-image-preview":"max-image-preview:large","max-video-preview":"max-video-preview:-1"},"canonical":"https:\/\/www.mediaplateforme.com\/fr\/?p=381","og_locale":"fr_FR","og_type":"article","og_title":"LES R\u00c9GIONALES DE L\u2019INVESTISSEMENT : LA BANQUE POPULAIRE REPART A LA RENCONTRE DES INVESTISSEURS DANS L\u2019ORIENTAL - MEDIA PLATEFORME | FR","og_description":"Apr\u00e8s un lancement \u00e0 Rabat et Agadir, la 2\u00e8me \u00e9dition de la tourn\u00e9e Les R\u00e9gionales de l\u2019Investissement, organis\u00e9e par la Banque Populaire","og_url":"https:\/\/www.mediaplateforme.com\/fr\/?p=381","og_site_name":"MEDIA PLATEFORME | FR","article_published_time":"2022-07-05T10:29:21+00:00","author":"Mediaplateforme","twitter_card":"summary_large_image","twitter_misc":{"\u00c9crit par":"Mediaplateforme","Dur\u00e9e de lecture estim\u00e9e":"8 minutes"},"schema":{"@context":"https:\/\/schema.org","@graph":[{"@type":"WebPage","@id":"https:\/\/www.mediaplateforme.com\/fr\/?p=381","url":"https:\/\/www.mediaplateforme.com\/fr\/?p=381","name":"LES R\u00c9GIONALES DE L\u2019INVESTISSEMENT : LA BANQUE POPULAIRE REPART A LA RENCONTRE DES INVESTISSEURS DANS L\u2019ORIENTAL - MEDIA PLATEFORME | FR","isPartOf":{"@id":"https:\/\/www.mediaplateforme.com\/fr\/#website"},"datePublished":"2022-07-05T10:29:21+00:00","dateModified":"2022-07-05T10:29:21+00:00","author":{"@id":"https:\/\/www.mediaplateforme.com\/fr\/#\/schema\/person\/89833db382b5db2c76b094bc902aa12a"},"description":"Apr\u00e8s un lancement \u00e0 Rabat et Agadir, la 2\u00e8me \u00e9dition de la tourn\u00e9e Les R\u00e9gionales de l\u2019Investissement, organis\u00e9e par la Banque Populaire","breadcrumb":{"@id":"https:\/\/www.mediaplateforme.com\/fr\/?p=381#breadcrumb"},"inLanguage":"fr-FR","potentialAction":[{"@type":"ReadAction","target":["https:\/\/www.mediaplateforme.com\/fr\/?p=381"]}]},{"@type":"BreadcrumbList","@id":"https:\/\/www.mediaplateforme.com\/fr\/?p=381#breadcrumb","itemListElement":[{"@type":"ListItem","position":1,"name":"\u0627\u0644\u0631\u0626\u064a\u0633\u064a\u0629","item":"https:\/\/www.mediaplateforme.com\/fr\/"},{"@type":"ListItem","position":2,"name":"LES R\u00c9GIONALES DE L\u2019INVESTISSEMENT : LA BANQUE POPULAIRE REPART A LA RENCONTRE DES INVESTISSEURS DANS L\u2019ORIENTAL"}]},{"@type":"WebSite","@id":"https:\/\/www.mediaplateforme.com\/fr\/#website","url":"https:\/\/www.mediaplateforme.com\/fr\/","name":"MEDIA PLATEFORME | FR","description":"Mediaplateforme sp\u00e9cialis\u00e9 dans la communication institutions publiques et des entreprises","potentialAction":[{"@type":"SearchAction","target":{"@type":"EntryPoint","urlTemplate":"https:\/\/www.mediaplateforme.com\/fr\/?s={search_term_string}"},"query-input":"required name=search_term_string"}],"inLanguage":"fr-FR"},{"@type":"Person","@id":"https:\/\/www.mediaplateforme.com\/fr\/#\/schema\/person\/89833db382b5db2c76b094bc902aa12a","name":"Mediaplateforme","image":{"@type":"ImageObject","inLanguage":"fr-FR","@id":"https:\/\/www.mediaplateforme.com\/fr\/#\/schema\/person\/image\/","url":"https:\/\/secure.gravatar.com\/avatar\/6c9c02e8928cc65d54bf75157f7b3a2d06d7ad0494ca0951f679552ff03b34c1?s=96&d=mm&r=g","contentUrl":"https:\/\/secure.gravatar.com\/avatar\/6c9c02e8928cc65d54bf75157f7b3a2d06d7ad0494ca0951f679552ff03b34c1?s=96&d=mm&r=g","caption":"Mediaplateforme"},"sameAs":["https:\/\/www.mediaplateforme.com"],"url":"https:\/\/www.mediaplateforme.com\/fr\/author\/mohamedladib\/"}]}},"_links":{"self":[{"href":"https:\/\/www.mediaplateforme.com\/fr\/wp-json\/wp\/v2\/posts\/381","targetHints":{"allow":["GET"]}}],"collection":[{"href":"https:\/\/www.mediaplateforme.com\/fr\/wp-json\/wp\/v2\/posts"}],"about":[{"href":"https:\/\/www.mediaplateforme.com\/fr\/wp-json\/wp\/v2\/types\/post"}],"author":[{"embeddable":true,"href":"https:\/\/www.mediaplateforme.com\/fr\/wp-json\/wp\/v2\/users\/1"}],"replies":[{"embeddable":true,"href":"https:\/\/www.mediaplateforme.com\/fr\/wp-json\/wp\/v2\/comments?post=381"}],"version-history":[{"count":0,"href":"https:\/\/www.mediaplateforme.com\/fr\/wp-json\/wp\/v2\/posts\/381\/revisions"}],"wp:featuredmedia":[{"embeddable":true,"href":"https:\/\/www.mediaplateforme.com\/fr\/wp-json\/wp\/v2\/media\/382"}],"wp:attachment":[{"href":"https:\/\/www.mediaplateforme.com\/fr\/wp-json\/wp\/v2\/media?parent=381"}],"wp:term":[{"taxonomy":"category","embeddable":true,"href":"https:\/\/www.mediaplateforme.com\/fr\/wp-json\/wp\/v2\/categories?post=381"},{"taxonomy":"post_tag","embeddable":true,"href":"https:\/\/www.mediaplateforme.com\/fr\/wp-json\/wp\/v2\/tags?post=381"}],"curies":[{"name":"wp","href":"https:\/\/api.w.org\/{rel}","templated":true}]}}