{"id":3764,"date":"2023-07-31T19:53:40","date_gmt":"2023-07-31T18:53:40","guid":{"rendered":"https:\/\/www.mediaplateforme.com\/fr\/?p=3764"},"modified":"2023-07-31T19:53:40","modified_gmt":"2023-07-31T18:53:40","slug":"taylan-suer-directeur-general-de-pmi-maghreb-livre-ses-perspectives-pour-la-region","status":"publish","type":"post","link":"https:\/\/www.mediaplateforme.com\/fr\/taylan-suer-directeur-general-de-pmi-maghreb-livre-ses-perspectives-pour-la-region\/","title":{"rendered":"Taylan S\u00fcer, Directeur G\u00e9n\u00e9ral de PMI Maghreb livre ses perspectives pour la r\u00e9gion"},"content":{"rendered":"<p style=\"font-weight: 400;\">En prenant en charge la destin\u00e9e de la filiale de Philip Morris International dans la r\u00e9gion du Maghreb, en tant que Directeur G\u00e9n\u00e9ral, M. S\u00fcer s\u2019est engag\u00e9 \u00e0 acc\u00e9l\u00e9rer la transformation de PMI pour concr\u00e9tiser le plus rapidement possible \u00abla vision d\u2019un avenir sans fum\u00e9e \u00bb au Maroc, Alg\u00e9rie, Tunisie et Libye.<\/p>\n<p style=\"font-weight: 400;\">Les premiers mois de son mandat se sont traduits par le positionnement du Maghreb en tant que l\u2019un des hubs les plus influents dans la zone Afrique et Moyen Orient.<\/p>\n<p style=\"font-weight: 400;\">L\u2019objectif est de consolider une partie importante des activit\u00e9s de la r\u00e9gion au niveau de la filiale Marocaine, afin d\u2019acc\u00e9l\u00e9rer la commercialisation responsable d\u2019alternatives sans combustion sans fum\u00e9e et moins nocives, dans le but de remplacer les cigarettes d\u00e8s que possible.<\/p>\n<p style=\"font-weight: 400;\">Dans ce sens, M. Taylan S\u00fcer a d\u00e9clar\u00e9 que \u00ab\u00a0<em>le Maghreb est l&rsquo;une des r\u00e9gions prioritaires et parmi les plus importantes pour la transformation de Philip Morris International vers un avenir sans fum\u00e9e.<\/em><\/p>\n<p style=\"font-weight: 400;\"><em>Mon objectif pour les ann\u00e9es \u00e0 venir, est d\u2019acc\u00e9l\u00e9rer l\u2019impl\u00e9mentation de notre vision au Maghreb et offrir aux fumeurs adultes qui autrement continueraient \u00e0 fumer, des alternatives \u00e0 risque r\u00e9duit en comparaison \u00e0 la cigarette \u00bb.<\/em><\/p>\n<p style=\"font-weight: 400;\">Fort d&rsquo;une exp\u00e9rience de pr\u00e8s de 20 ans au sein de PMI, M. S\u00fcer a occup\u00e9 plusieurs postes cl\u00e9s tels que Directeur G\u00e9n\u00e9ral au Liban, Directeur G\u00e9n\u00e9ral Duty Free pour le Moyen-Orient et l\u2019Afrique, et Directeur G\u00e9n\u00e9ral en Bosnie Herz\u00e9govine.<\/p>\n<p style=\"font-weight: 400;\">\n<p style=\"font-weight: 400;\">Concernant son parcours acad\u00e9mique, M. S\u00fcer est titulaire d\u2019un dipl\u00f4me en \u00e9conomie de l&rsquo;Universit\u00e9 Sabanci en Turquie, d\u2019un Executive MBA de l&rsquo;Universit\u00e9 Ko\u00e7 et d\u2019un dipl\u00f4me ex\u00e9cutif de l&rsquo;Universit\u00e9 de Stanford.<\/p>\n<p style=\"font-weight: 400;\">\n<p style=\"font-weight: 400;\">\n<h4 style=\"font-weight: 400;\"><strong>Philip Morris International\u00a0: Construire un avenir sans fum\u00e9e<\/strong><\/h4>\n<p style=\"font-weight: 400;\">\n<p style=\"font-weight: 400;\">Philip Morris International (PMI) est une soci\u00e9t\u00e9 internationale de tabac de premier plan qui \u0153uvre pour un avenir sans fum\u00e9e et qui fait \u00e9voluer son portefeuille \u00e0 long terme pour y inclure des produits en dehors du secteur du tabac et de la nicotine.<\/p>\n<p style=\"font-weight: 400;\">Le portefeuille actuel de produits de l&rsquo;entreprise se compose principalement de cigarettes et de produits sans fum\u00e9e, y compris des produits de tabac chauff\u00e9, de vapotage et des produits \u00e0 base de nicotine orale.<\/p>\n<p style=\"font-weight: 400;\">Depuis 2008, PMI a investi plus de 10,5 milliards USD pour d\u00e9velopper, \u00e9tayer scientifiquement et commercialiser des produits sans fum\u00e9e innovants, pour les adultes qui autrement continueraient \u00e0 fumer, dans le but de mettre fin \u00e0 la vente de cigarettes.<\/p>\n<p style=\"font-weight: 400;\">Cela comprend la mise en place de capacit\u00e9s scientifiques de niveau mondiale, notamment dans les domaines de la toxicologie, des syst\u00e8mes pr\u00e9cliniques, de la recherche clinique et comportementale, ainsi que des \u00e9tudes post-commercialisation.<\/p>\n<p style=\"font-weight: 400;\">En novembre 2022, PMI a acquis Swedish Match &#8211; un leader dans le domaine de l&rsquo;administration de nicotine par voie orale &#8211; cr\u00e9ant ainsi un champion mondial des produits sans-fum\u00e9e, men\u00e9 par les marques IQOS et ZYN des deux entreprises. La Food and Drug Administration (FDA) des \u00c9tats-Unis a autoris\u00e9 la commercialisation des versions des dispositifs et consommables IQOS Platform 1 de PMI et le snus General de Swedish Match en tant que produits du tabac \u00e0 risque modifi\u00e9 (Modified Risk Tobacco Products &#8211; MRTP).<\/p>\n<p style=\"font-weight: 400;\">Au 31 Mars 2023, les produits sans fum\u00e9e de PMI \u00e9taient disponibles \u00e0 la vente sur 80 march\u00e9s, et PMI estime qu&rsquo;environ 25,8 millions d&rsquo;adultes dans le monde sont d\u00e9j\u00e0 pass\u00e9s \u00e0 IQOS. Les produits ont repr\u00e9sent\u00e9 environ 35% du chiffre d&rsquo;affaires net total de PMI.<\/p>\n<p style=\"font-weight: 400;\">Forte d&rsquo;une base solide et d&rsquo;une grande expertise dans les sciences de la vie, PMI a annonc\u00e9 en f\u00e9vrier 2021 son ambition de se d\u00e9velopper dans les domaines du bien-\u00eatre et des soins de sant\u00e9 et par le biais de sa filiale Vectura Fertin Pharma, vise \u00e0 am\u00e9liorer la vie en offrant des exp\u00e9riences de sant\u00e9 harmonieuses.<\/p>\n","protected":false},"excerpt":{"rendered":"<p>En prenant en charge la destin\u00e9e de la filiale de Philip Morris International dans la<\/p>\n","protected":false},"author":1,"featured_media":3765,"comment_status":"open","ping_status":"open","sticky":false,"template":"","format":"standard","meta":{"_acf_changed":false,"footnotes":""},"categories":[2,3],"tags":[1202,1201],"class_list":["post-3764","post","type-post","status-publish","format-standard","has-post-thumbnail","hentry","category-nouvelles","category-nouvelles-selectionnees","tag-philip-morris-international","tag-suer"],"acf":[],"yoast_head":"<!-- This site is optimized with the Yoast SEO plugin v22.0 - https:\/\/yoast.com\/wordpress\/plugins\/seo\/ -->\n<title>Taylan S\u00fcer, Directeur G\u00e9n\u00e9ral de PMI Maghreb livre ses perspectives pour la r\u00e9gion - MEDIA PLATEFORME | FR<\/title>\n<meta name=\"description\" content=\"En prenant en charge la destin\u00e9e de la filiale de Philip Morris International dans la r\u00e9gion du Maghreb, Directeur G\u00e9n\u00e9ral, M. S\u00fcer s\u2019est\" \/>\n<meta name=\"robots\" content=\"index, follow, max-snippet:-1, max-image-preview:large, max-video-preview:-1\" \/>\n<link rel=\"canonical\" href=\"https:\/\/www.mediaplateforme.com\/fr\/taylan-suer-directeur-general-de-pmi-maghreb-livre-ses-perspectives-pour-la-region\/\" \/>\n<meta property=\"og:locale\" content=\"fr_FR\" \/>\n<meta property=\"og:type\" content=\"article\" \/>\n<meta property=\"og:title\" content=\"Taylan S\u00fcer, Directeur G\u00e9n\u00e9ral de PMI Maghreb livre ses perspectives pour la r\u00e9gion - MEDIA PLATEFORME | FR\" \/>\n<meta property=\"og:description\" content=\"En prenant en charge la destin\u00e9e de la filiale de Philip Morris International dans la r\u00e9gion du Maghreb, Directeur G\u00e9n\u00e9ral, M. S\u00fcer s\u2019est\" \/>\n<meta property=\"og:url\" content=\"https:\/\/www.mediaplateforme.com\/fr\/taylan-suer-directeur-general-de-pmi-maghreb-livre-ses-perspectives-pour-la-region\/\" \/>\n<meta property=\"og:site_name\" content=\"MEDIA PLATEFORME | FR\" \/>\n<meta property=\"article:published_time\" content=\"2023-07-31T18:53:40+00:00\" \/>\n<meta property=\"og:image\" content=\"https:\/\/www.mediaplateforme.com\/fr\/wp-content\/uploads\/sites\/5\/2023\/07\/Photo-1-Taylan-Su\u0308er-Directeur-Ge\u0301ne\u0301ral-de-PMI-Maghreb.jpg\" \/>\n\t<meta property=\"og:image:width\" content=\"2449\" \/>\n\t<meta property=\"og:image:height\" content=\"1633\" \/>\n\t<meta property=\"og:image:type\" content=\"image\/jpeg\" \/>\n<meta name=\"author\" content=\"Mediaplateforme\" \/>\n<meta name=\"twitter:card\" content=\"summary_large_image\" \/>\n<meta name=\"twitter:label1\" content=\"\u00c9crit par\" \/>\n\t<meta name=\"twitter:data1\" content=\"Mediaplateforme\" \/>\n\t<meta name=\"twitter:label2\" content=\"Dur\u00e9e de lecture estim\u00e9e\" \/>\n\t<meta name=\"twitter:data2\" content=\"4 minutes\" \/>\n<script type=\"application\/ld+json\" class=\"yoast-schema-graph\">{\"@context\":\"https:\/\/schema.org\",\"@graph\":[{\"@type\":\"WebPage\",\"@id\":\"https:\/\/www.mediaplateforme.com\/fr\/taylan-suer-directeur-general-de-pmi-maghreb-livre-ses-perspectives-pour-la-region\/\",\"url\":\"https:\/\/www.mediaplateforme.com\/fr\/taylan-suer-directeur-general-de-pmi-maghreb-livre-ses-perspectives-pour-la-region\/\",\"name\":\"Taylan S\u00fcer, Directeur G\u00e9n\u00e9ral de PMI Maghreb livre ses perspectives pour la r\u00e9gion - MEDIA PLATEFORME | FR\",\"isPartOf\":{\"@id\":\"https:\/\/www.mediaplateforme.com\/fr\/#website\"},\"datePublished\":\"2023-07-31T18:53:40+00:00\",\"dateModified\":\"2023-07-31T18:53:40+00:00\",\"author\":{\"@id\":\"https:\/\/www.mediaplateforme.com\/fr\/#\/schema\/person\/89833db382b5db2c76b094bc902aa12a\"},\"description\":\"En prenant en charge la destin\u00e9e de la filiale de Philip Morris International dans la r\u00e9gion du Maghreb, Directeur G\u00e9n\u00e9ral, M. S\u00fcer s\u2019est\",\"breadcrumb\":{\"@id\":\"https:\/\/www.mediaplateforme.com\/fr\/taylan-suer-directeur-general-de-pmi-maghreb-livre-ses-perspectives-pour-la-region\/#breadcrumb\"},\"inLanguage\":\"fr-FR\",\"potentialAction\":[{\"@type\":\"ReadAction\",\"target\":[\"https:\/\/www.mediaplateforme.com\/fr\/taylan-suer-directeur-general-de-pmi-maghreb-livre-ses-perspectives-pour-la-region\/\"]}]},{\"@type\":\"BreadcrumbList\",\"@id\":\"https:\/\/www.mediaplateforme.com\/fr\/taylan-suer-directeur-general-de-pmi-maghreb-livre-ses-perspectives-pour-la-region\/#breadcrumb\",\"itemListElement\":[{\"@type\":\"ListItem\",\"position\":1,\"name\":\"\u0627\u0644\u0631\u0626\u064a\u0633\u064a\u0629\",\"item\":\"https:\/\/www.mediaplateforme.com\/fr\/\"},{\"@type\":\"ListItem\",\"position\":2,\"name\":\"Taylan S\u00fcer, Directeur G\u00e9n\u00e9ral de PMI Maghreb livre ses perspectives pour la r\u00e9gion\"}]},{\"@type\":\"WebSite\",\"@id\":\"https:\/\/www.mediaplateforme.com\/fr\/#website\",\"url\":\"https:\/\/www.mediaplateforme.com\/fr\/\",\"name\":\"MEDIA PLATEFORME | FR\",\"description\":\"Mediaplateforme sp\u00e9cialis\u00e9 dans la communication institutions publiques et des entreprises\",\"potentialAction\":[{\"@type\":\"SearchAction\",\"target\":{\"@type\":\"EntryPoint\",\"urlTemplate\":\"https:\/\/www.mediaplateforme.com\/fr\/?s={search_term_string}\"},\"query-input\":\"required name=search_term_string\"}],\"inLanguage\":\"fr-FR\"},{\"@type\":\"Person\",\"@id\":\"https:\/\/www.mediaplateforme.com\/fr\/#\/schema\/person\/89833db382b5db2c76b094bc902aa12a\",\"name\":\"Mediaplateforme\",\"image\":{\"@type\":\"ImageObject\",\"inLanguage\":\"fr-FR\",\"@id\":\"https:\/\/www.mediaplateforme.com\/fr\/#\/schema\/person\/image\/\",\"url\":\"https:\/\/secure.gravatar.com\/avatar\/6c9c02e8928cc65d54bf75157f7b3a2d06d7ad0494ca0951f679552ff03b34c1?s=96&d=mm&r=g\",\"contentUrl\":\"https:\/\/secure.gravatar.com\/avatar\/6c9c02e8928cc65d54bf75157f7b3a2d06d7ad0494ca0951f679552ff03b34c1?s=96&d=mm&r=g\",\"caption\":\"Mediaplateforme\"},\"sameAs\":[\"https:\/\/www.mediaplateforme.com\"],\"url\":\"https:\/\/www.mediaplateforme.com\/fr\/author\/mohamedladib\/\"}]}<\/script>\n<!-- \/ Yoast SEO plugin. -->","yoast_head_json":{"title":"Taylan S\u00fcer, Directeur G\u00e9n\u00e9ral de PMI Maghreb livre ses perspectives pour la r\u00e9gion - MEDIA PLATEFORME | FR","description":"En prenant en charge la destin\u00e9e de la filiale de Philip Morris International dans la r\u00e9gion du Maghreb, Directeur G\u00e9n\u00e9ral, M. S\u00fcer s\u2019est","robots":{"index":"index","follow":"follow","max-snippet":"max-snippet:-1","max-image-preview":"max-image-preview:large","max-video-preview":"max-video-preview:-1"},"canonical":"https:\/\/www.mediaplateforme.com\/fr\/taylan-suer-directeur-general-de-pmi-maghreb-livre-ses-perspectives-pour-la-region\/","og_locale":"fr_FR","og_type":"article","og_title":"Taylan S\u00fcer, Directeur G\u00e9n\u00e9ral de PMI Maghreb livre ses perspectives pour la r\u00e9gion - MEDIA PLATEFORME | FR","og_description":"En prenant en charge la destin\u00e9e de la filiale de Philip Morris International dans la r\u00e9gion du Maghreb, Directeur G\u00e9n\u00e9ral, M. S\u00fcer s\u2019est","og_url":"https:\/\/www.mediaplateforme.com\/fr\/taylan-suer-directeur-general-de-pmi-maghreb-livre-ses-perspectives-pour-la-region\/","og_site_name":"MEDIA PLATEFORME | FR","article_published_time":"2023-07-31T18:53:40+00:00","og_image":[{"width":2449,"height":1633,"url":"https:\/\/www.mediaplateforme.com\/fr\/wp-content\/uploads\/sites\/5\/2023\/07\/Photo-1-Taylan-Su\u0308er-Directeur-Ge\u0301ne\u0301ral-de-PMI-Maghreb.jpg","type":"image\/jpeg"}],"author":"Mediaplateforme","twitter_card":"summary_large_image","twitter_misc":{"\u00c9crit par":"Mediaplateforme","Dur\u00e9e de lecture estim\u00e9e":"4 minutes"},"schema":{"@context":"https:\/\/schema.org","@graph":[{"@type":"WebPage","@id":"https:\/\/www.mediaplateforme.com\/fr\/taylan-suer-directeur-general-de-pmi-maghreb-livre-ses-perspectives-pour-la-region\/","url":"https:\/\/www.mediaplateforme.com\/fr\/taylan-suer-directeur-general-de-pmi-maghreb-livre-ses-perspectives-pour-la-region\/","name":"Taylan S\u00fcer, Directeur G\u00e9n\u00e9ral de PMI Maghreb livre ses perspectives pour la r\u00e9gion - MEDIA PLATEFORME | FR","isPartOf":{"@id":"https:\/\/www.mediaplateforme.com\/fr\/#website"},"datePublished":"2023-07-31T18:53:40+00:00","dateModified":"2023-07-31T18:53:40+00:00","author":{"@id":"https:\/\/www.mediaplateforme.com\/fr\/#\/schema\/person\/89833db382b5db2c76b094bc902aa12a"},"description":"En prenant en charge la destin\u00e9e de la filiale de Philip Morris International dans la r\u00e9gion du Maghreb, Directeur G\u00e9n\u00e9ral, M. S\u00fcer s\u2019est","breadcrumb":{"@id":"https:\/\/www.mediaplateforme.com\/fr\/taylan-suer-directeur-general-de-pmi-maghreb-livre-ses-perspectives-pour-la-region\/#breadcrumb"},"inLanguage":"fr-FR","potentialAction":[{"@type":"ReadAction","target":["https:\/\/www.mediaplateforme.com\/fr\/taylan-suer-directeur-general-de-pmi-maghreb-livre-ses-perspectives-pour-la-region\/"]}]},{"@type":"BreadcrumbList","@id":"https:\/\/www.mediaplateforme.com\/fr\/taylan-suer-directeur-general-de-pmi-maghreb-livre-ses-perspectives-pour-la-region\/#breadcrumb","itemListElement":[{"@type":"ListItem","position":1,"name":"\u0627\u0644\u0631\u0626\u064a\u0633\u064a\u0629","item":"https:\/\/www.mediaplateforme.com\/fr\/"},{"@type":"ListItem","position":2,"name":"Taylan S\u00fcer, Directeur G\u00e9n\u00e9ral de PMI Maghreb livre ses perspectives pour la r\u00e9gion"}]},{"@type":"WebSite","@id":"https:\/\/www.mediaplateforme.com\/fr\/#website","url":"https:\/\/www.mediaplateforme.com\/fr\/","name":"MEDIA PLATEFORME | FR","description":"Mediaplateforme sp\u00e9cialis\u00e9 dans la communication institutions publiques et des entreprises","potentialAction":[{"@type":"SearchAction","target":{"@type":"EntryPoint","urlTemplate":"https:\/\/www.mediaplateforme.com\/fr\/?s={search_term_string}"},"query-input":"required name=search_term_string"}],"inLanguage":"fr-FR"},{"@type":"Person","@id":"https:\/\/www.mediaplateforme.com\/fr\/#\/schema\/person\/89833db382b5db2c76b094bc902aa12a","name":"Mediaplateforme","image":{"@type":"ImageObject","inLanguage":"fr-FR","@id":"https:\/\/www.mediaplateforme.com\/fr\/#\/schema\/person\/image\/","url":"https:\/\/secure.gravatar.com\/avatar\/6c9c02e8928cc65d54bf75157f7b3a2d06d7ad0494ca0951f679552ff03b34c1?s=96&d=mm&r=g","contentUrl":"https:\/\/secure.gravatar.com\/avatar\/6c9c02e8928cc65d54bf75157f7b3a2d06d7ad0494ca0951f679552ff03b34c1?s=96&d=mm&r=g","caption":"Mediaplateforme"},"sameAs":["https:\/\/www.mediaplateforme.com"],"url":"https:\/\/www.mediaplateforme.com\/fr\/author\/mohamedladib\/"}]}},"_links":{"self":[{"href":"https:\/\/www.mediaplateforme.com\/fr\/wp-json\/wp\/v2\/posts\/3764","targetHints":{"allow":["GET"]}}],"collection":[{"href":"https:\/\/www.mediaplateforme.com\/fr\/wp-json\/wp\/v2\/posts"}],"about":[{"href":"https:\/\/www.mediaplateforme.com\/fr\/wp-json\/wp\/v2\/types\/post"}],"author":[{"embeddable":true,"href":"https:\/\/www.mediaplateforme.com\/fr\/wp-json\/wp\/v2\/users\/1"}],"replies":[{"embeddable":true,"href":"https:\/\/www.mediaplateforme.com\/fr\/wp-json\/wp\/v2\/comments?post=3764"}],"version-history":[{"count":1,"href":"https:\/\/www.mediaplateforme.com\/fr\/wp-json\/wp\/v2\/posts\/3764\/revisions"}],"predecessor-version":[{"id":3766,"href":"https:\/\/www.mediaplateforme.com\/fr\/wp-json\/wp\/v2\/posts\/3764\/revisions\/3766"}],"wp:featuredmedia":[{"embeddable":true,"href":"https:\/\/www.mediaplateforme.com\/fr\/wp-json\/wp\/v2\/media\/3765"}],"wp:attachment":[{"href":"https:\/\/www.mediaplateforme.com\/fr\/wp-json\/wp\/v2\/media?parent=3764"}],"wp:term":[{"taxonomy":"category","embeddable":true,"href":"https:\/\/www.mediaplateforme.com\/fr\/wp-json\/wp\/v2\/categories?post=3764"},{"taxonomy":"post_tag","embeddable":true,"href":"https:\/\/www.mediaplateforme.com\/fr\/wp-json\/wp\/v2\/tags?post=3764"}],"curies":[{"name":"wp","href":"https:\/\/api.w.org\/{rel}","templated":true}]}}